{"id":2317,"date":"2014-12-05T21:37:23","date_gmt":"2014-12-05T20:37:23","guid":{"rendered":"https:\/\/bruxelles-pantheres.be\/?p=2317"},"modified":"2014-12-05T21:38:54","modified_gmt":"2014-12-05T20:38:54","slug":"together-for-dignity","status":"publish","type":"post","link":"https:\/\/bruxelles-pantheres.be\/?p=2317","title":{"rendered":"# TOGETHER FOR DIGNITY"},"content":{"rendered":"<p>Nous sommes la valeur ajout\u00e9e. C\u2019est sous ce slogan que le collectif \u00ab\u00a0Together for Dignity\u00a0\u00bb m\u00e8ne une action le 18 d\u00e9cembre.<\/p>\n<p style=\"text-align: center;\"><a href=\"https:\/\/bruxelles-pantheres.be\/wp-content\/uploads\/2014\/12\/10170838_780884071984770_3351999827651187302_n.jpg\"><img decoding=\"async\" class=\"alignnone wp-image-2318 size-medium\" src=\"https:\/\/bruxelles-pantheres.be\/wp-content\/uploads\/2014\/12\/10170838_780884071984770_3351999827651187302_n-320x453.jpg\" alt=\"10170838_780884071984770_3351999827651187302_n\" width=\"211\" height=\"300\" \/><\/a><\/p>\n<p>Le Collectif Together for Dignity est n\u00e9 suite \u00e0 l\u2019appel de Pat Potoma, H\u00e9l\u00e8ne Madinda et Beatrice L\u00e9onard Lomami qui ont exprim\u00e9s leur indignation suite aux propos insultants du secr\u00e9taire d\u2019\u00e9tat Theo Francken lors d&rsquo;une conf\u00e9rence de presse le 29 septembre.<\/p>\n<p>Le 18 d\u00e9cembre nous organisons un sit-in sur la place Poelaert \u00e0 Bruxelles et appelons les commer\u00e7ants \u00e0 baisser les volets entre 12 en 14u.<\/p>\n<p>Nous exigeons que le gouvernement prenne des mesures ad\u00e9quates pour lutter efficacement contre le racisme et multiplier les tests de situation et actions positives.<\/p>\n<p>Nous apellons toutes les organisations et individus indign\u00e9es par la stigmatisation des personnes d&rsquo;origine \u00e9trang\u00e8re et par la discrimination de ceux-si dans l&rsquo;enseignement, sur le march\u00e9 de l&#8217;emploi et du logement, \u00e0 se joindre \u00e0 nous en signant notre appelle et en mobilisant leur r\u00e9seau pour l&rsquo;action du 18 d\u00e9cembre.<\/p>\n<p>Chaleureusement,<\/p>\n<p>Le collectif Together For Dignity<\/p>\n<p>Lien event Facebook<\/p>\n<p><a href=\"https:\/\/www.facebook.com\/events\/1520221624884771\/1525440784362855\/?notif_t=like\">https:\/\/www.facebook.com\/events\/1520221624884771\/1525440784362855\/?notif_t=like<\/a><\/p>\n<p style=\"text-align: center;\"><a href=\"https:\/\/bruxelles-pantheres.be\/wp-content\/uploads\/2014\/12\/10170838_780884071984770_3351999827651187302_n.jpg\"><img decoding=\"async\" class=\"alignnone wp-image-2318 size-medium\" src=\"https:\/\/bruxelles-pantheres.be\/wp-content\/uploads\/2014\/12\/10170838_780884071984770_3351999827651187302_n-320x453.jpg\" alt=\"\" width=\"211\" height=\"300\" \/><\/a><\/p>\n<p><strong>NOUS SOMMES LA VALEUR AJOUT\u00c9E<\/strong><\/p>\n<p><strong># TOGETHER FOR DIGNITY<\/strong><\/p>\n<p>Les immigr\u00e9s d\u2019origine congolaise et marocaine ont largement contribu\u00e9 \u00e0 la construction de la Belgique, une reconnaissance qui fait encore aujourd\u2019hui d\u00e9faut chez certains politiciens. Ainsi, Theo Francken, secr\u00e9taire d\u2019\u00e9tat \u00e0 l\u2019Asile et la Migration \u00e9crivait en 2011 sur sa page Facebook \u201cJe peux me figurer la valeur ajout\u00e9e des diasporas juive, chinoise et indienne mais moins celle des diasporas marocaine, congolaise ou alg\u00e9rienne. Ou alors est-ce trop br\u00fblant?\u201d<\/p>\n<p>Il est tout simplement intol\u00e9rable que ce genre de propos soit prof\u00e9r\u00e9s avec autant d\u2019aisance. Nous sommes pr\u00e9occup\u00e9s par la fa\u00e7on dont il va remplir son poste de ministre. Par ailleurs, Theo Francken, dans un extrait de correspondance, n\u2019a pas h\u00e9sit\u00e9 \u00e0 parler de \u201cpetits cons de Marocains\u201d et qualifier la colonisation et le pillage du Congo comme \u201cune entreprise rentable\u201d et diffamant ainsi la m\u00e9moire des millions de victimes de cette p\u00e9riode douloureuse.<\/p>\n<p>Nous invitons toutes les personnes indign\u00e9es par ces propos \u00e0 nous rejoindre pour un sit-in le 18 d\u00e9cembre 2014 lors de la Journ\u00e9e Internationale pour les Migrants. Le Collectif Together for Dignity souhaite montrer \u00e0 travers cette action que la diversit\u00e9 fait partie int\u00e9grante de notre pays. Nous refusons de voir les habitants class\u00e9s en \u201c\u00e9conomiquement rentables\u201d et \u201c\u00e9conomiquement non rentables\u201d!<\/p>\n<p>Notre pays se doit d\u2019investir \u00e9quitablement dans chaque individu afin de lui permettre de d\u00e9velopper ses talents. Toute personne a sa valeur ajout\u00e9e. Un Etat qui n\u2019atteint pas cet objectif hypoth\u00e8que son avenir.<\/p>\n<p>Le Collectif Together for Dignity est n\u00e9 suite \u00e0 l\u2019appel de Pat Potoma, H\u00e9l\u00e8ne Madinda et Beatrice L\u00e9onard Lomami.<\/p>\n<p>Nos exigences :<\/p>\n<p>Nous exigeons que le Premier ministre, Charles Michel prenne clairement position par rapport aux propos prof\u00e9r\u00e9s par Theo Francken. Le gouvernement doit prendre des mesures ad\u00e9quates pour la lutte efficace contre le racisme et multiplier les tests de situation et actions positives.<\/p>\n<p>Rendez-vous donc le 18 d\u00e9cembre, rassembl\u00e9s en une seule communaut\u00e9, refusons les notions qui nous s\u00e9parent en \u201cbons\u201d et \u201cmauvais\u201d migrants, agissons ensemble pour notre valeur et dignit\u00e9 humaine, Together For Dignity!<\/p>\n<p>Votre action pour Together for Dignity le 18 d\u00e9cembre :<\/p>\n<p>\u2022 ne faites pas des achats et\/ou baissez votre volet si vous \u00eates commercant entre 12h et 14h<br \/>\n\u2022 Participez au sit-in sur la place Poelaert de 12h00 \u00e0 14h00.<br \/>\n\u2022 Suspendez un linge blanc \u00e0 votre fen\u00eatre.<br \/>\n\u2022 Devenez signataire du Collectif.<br \/>\n\u2022 Partagez l\u2019\u00e9v\u00e8nement sur Facebook.<br \/>\nMarquez votre votre solidarit\u00e9 sur twitter #togetherfordignity<\/p>\n<p style=\"text-align: center;\"><a href=\"https:\/\/bruxelles-pantheres.be\/wp-content\/uploads\/2014\/12\/10170838_780884071984770_3351999827651187302_n.jpg\"><img decoding=\"async\" class=\"alignnone wp-image-2318 size-medium\" src=\"https:\/\/bruxelles-pantheres.be\/wp-content\/uploads\/2014\/12\/10170838_780884071984770_3351999827651187302_n-320x453.jpg\" alt=\"10170838_780884071984770_3351999827651187302_n\" width=\"211\" height=\"300\" \/><\/a><\/p>\n<p><strong>WIJ ZIJN DE MEERWAARDE<\/strong><\/p>\n<p><strong># TOGETHER FOR DIGNITY<\/strong><\/p>\n<p>Mensen van Congolese en Marokkaanse origine hebben een belangrijke rol gespeeld in de opbouw van Belgi\u00eb. Maar die erkenning is ver te zoeken bij sommige politici. Volgens de nieuwe staatssecretaris van Asiel en Migratie bestaan er &lsquo;nuttige&rsquo; en &lsquo;onnuttige&rsquo; migranten.<br \/>\nIn 2011 schreef Theo Francken op Facebook: \u00ab\u00a0Ik kan me wel iets voorstellen bij de economische meerwaarde van de Joodse, Chinese en Indiaanse diaspora, maar minder bij de Marokkaanse, Congolese of Algerijnse. Of is dat te aangebrand?\u00a0\u00bb<\/p>\n<p>Wij zijn verbolgen over het gemak waarmee zo&rsquo;n uitspraken gedaan kunnen worden. Wij zijn bezorgd welke invulling hij zal geven aan de bevoegdheid asiel en migratie. Theo Francken heeft het in zijn persoonlijke correspondentie over &lsquo;kutmarokkaantjes&rsquo; en noemt de grootschalige kolonisatie en plundering van Congo een &lsquo;winstgevende&rsquo; onderneming, zonder enig oog te hebben voor de miljoenen slachtoffers die daarmee gepaard gingen.<\/p>\n<p>Als u ook verbolgen bent, dan nodigen wij u uit om deel te nemen aan een sit-in op 18 december 2014 op het Poelaertplein in Brussel. 18 december is de Dag van de Migrant, en op die dag willen wij als Collectief Together for Dignity tonen dat wij deel uit maken van dit land in al haar facetten. Wij weigeren de inwoners van dit land te laten opdelen in &lsquo;economisch nuttige&rsquo; en &lsquo;economisch onnuttige&rsquo; mensen.<\/p>\n<p>Wij verwachten van de overheid dat die alle burgers als gelijkwaardig behandelt en dat er ge\u00efnvesteerd wordt in elk individu. Alleen zo kunnen al die talenten zich ontwikkelen. Ieder van ons is een meerwaarde. Een overheid die dat niet inziet, zet de toekomst van dit land op het spel.<\/p>\n<p>Eis aan eerste minister<\/p>\n<p>Wij eisen dat premier Charles Michel een duidelijk standpunt inneemt tegen de uitlatingen van Theo Francken. De regering moet eindelijk de nodige maatregelen treffen om racisme te bestrijden zoals de invoering van praktijktesten en positieve actie.<\/p>\n<p>Laten we dus talrijk zijn op 18 december zodat we kunnen tonen dat we werkelijk \u00e9\u00e9n gemeenschap zijn, en dat we allemaal begrippen als &lsquo;goede&rsquo; en &lsquo;slechte&rsquo; migranten verwerpen. Laten we samenkomen voor onze waardigheid als mensen, Together For Dignity!<\/p>\n<p>Het Collectief Together for Dignity ontstond na de oproep van Pat Potoma, H\u00e9l\u00e8ne Madinda en Beatrice L\u00e9onard Lomami.<\/p>\n<p>Steun Together for Dignity door op 18 december:<\/p>\n<p>\u2022 niet te consumeren of\/en uw zaak te sluiten tussen 12u en 14u<br \/>\n\u2022 mee te doen aan de sit-in op het Poelaertplein<br \/>\n\u2022 een wit stuk stof aan uw raam te hangen<br \/>\n\u2022 de oproep van het Collectief te ondertekenen<br \/>\n\u2022 dit evenement te delen op Facebook<br \/>\n\u2022 uw solidariteit te tonen op Twitter via de hashtag #togetherfordignity<\/p>\n<p>Contact:<br \/>\nB\u00e9atrice Leonard<br \/>\nH\u00e9l\u00e8ne Madinda<br \/>\nTed Bwatu<br \/>\nRachida Aziz<\/p>\n<p style=\"text-align: center;\"><a href=\"https:\/\/bruxelles-pantheres.be\/wp-content\/uploads\/2014\/12\/10170838_780884071984770_3351999827651187302_n.jpg\"><img decoding=\"async\" class=\"alignnone size-full wp-image-2318\" src=\"https:\/\/bruxelles-pantheres.be\/wp-content\/uploads\/2014\/12\/10170838_780884071984770_3351999827651187302_n.jpg\" alt=\"10170838_780884071984770_3351999827651187302_n\" width=\"678\" height=\"960\" srcset=\"https:\/\/bruxelles-pantheres.be\/wp-content\/uploads\/2014\/12\/10170838_780884071984770_3351999827651187302_n.jpg 678w, https:\/\/bruxelles-pantheres.be\/wp-content\/uploads\/2014\/12\/10170838_780884071984770_3351999827651187302_n-212x300.jpg 212w, https:\/\/bruxelles-pantheres.be\/wp-content\/uploads\/2014\/12\/10170838_780884071984770_3351999827651187302_n-540x764.jpg 540w\" sizes=\"(max-width: 678px) 100vw, 678px\" \/><\/a><\/p>\n","protected":false},"excerpt":{"rendered":"<p>Nous sommes la valeur ajout\u00e9e. C\u2019est sous ce slogan que le collectif \u00ab\u00a0Together for Dignity\u00a0\u00bb m\u00e8ne une action le 18 d\u00e9cembre. Le Collectif Together for Dignity est n\u00e9 suite \u00e0 l\u2019appel de Pat Potoma, H\u00e9l\u00e8ne Madinda et Beatrice L\u00e9onard Lomami qui ont exprim\u00e9s leur indignation suite aux propos insultants du secr\u00e9taire d\u2019\u00e9tat Theo Francken lors &#8230; <a title=\"# TOGETHER FOR DIGNITY\" class=\"read-more\" href=\"https:\/\/bruxelles-pantheres.be\/?p=2317\" aria-label=\"En savoir plus sur # TOGETHER FOR DIGNITY\">Lire la suite<\/a><\/p>\n","protected":false},"author":1,"featured_media":2318,"comment_status":"open","ping_status":"open","sticky":false,"template":"","format":"standard","meta":{"footnotes":""},"categories":[18,28],"tags":[14],"class_list":["post-2317","post","type-post","status-publish","format-standard","has-post-thumbnail","hentry","category-resistance-bruxelles","category-racismes","tag-bruxelles"],"_links":{"self":[{"href":"https:\/\/bruxelles-pantheres.be\/index.php?rest_route=\/wp\/v2\/posts\/2317","targetHints":{"allow":["GET"]}}],"collection":[{"href":"https:\/\/bruxelles-pantheres.be\/index.php?rest_route=\/wp\/v2\/posts"}],"about":[{"href":"https:\/\/bruxelles-pantheres.be\/index.php?rest_route=\/wp\/v2\/types\/post"}],"author":[{"embeddable":true,"href":"https:\/\/bruxelles-pantheres.be\/index.php?rest_route=\/wp\/v2\/users\/1"}],"replies":[{"embeddable":true,"href":"https:\/\/bruxelles-pantheres.be\/index.php?rest_route=%2Fwp%2Fv2%2Fcomments&post=2317"}],"version-history":[{"count":2,"href":"https:\/\/bruxelles-pantheres.be\/index.php?rest_route=\/wp\/v2\/posts\/2317\/revisions"}],"predecessor-version":[{"id":2320,"href":"https:\/\/bruxelles-pantheres.be\/index.php?rest_route=\/wp\/v2\/posts\/2317\/revisions\/2320"}],"wp:featuredmedia":[{"embeddable":true,"href":"https:\/\/bruxelles-pantheres.be\/index.php?rest_route=\/wp\/v2\/media\/2318"}],"wp:attachment":[{"href":"https:\/\/bruxelles-pantheres.be\/index.php?rest_route=%2Fwp%2Fv2%2Fmedia&parent=2317"}],"wp:term":[{"taxonomy":"category","embeddable":true,"href":"https:\/\/bruxelles-pantheres.be\/index.php?rest_route=%2Fwp%2Fv2%2Fcategories&post=2317"},{"taxonomy":"post_tag","embeddable":true,"href":"https:\/\/bruxelles-pantheres.be\/index.php?rest_route=%2Fwp%2Fv2%2Ftags&post=2317"}],"curies":[{"name":"wp","href":"https:\/\/api.w.org\/{rel}","templated":true}]}}