{"id":2321,"date":"2014-12-05T23:46:08","date_gmt":"2014-12-05T22:46:08","guid":{"rendered":"https:\/\/bruxelles-pantheres.be\/?p=2321"},"modified":"2014-12-05T23:48:07","modified_gmt":"2014-12-05T22:48:07","slug":"lislamophobie-comment-sen-proteger","status":"publish","type":"post","link":"https:\/\/bruxelles-pantheres.be\/?p=2321","title":{"rendered":"L&rsquo;islamophobie. Comment s&rsquo;en prot\u00e9ger?"},"content":{"rendered":"<p><span class=\"userContent\" data-ft=\"{&quot;tn&quot;:&quot;K&quot;}\">2014 plac\u00e9e sous le signe de l&rsquo;islamophobie. Comment s&rsquo;en prot\u00e9ger?<\/span><\/p>\n<p><strong>Discussion anim\u00e9e par Bruxelles Panth\u00e8res<\/strong> et Muslim Rights et en pr\u00e9sence d&rsquo;une partie de la famille de Soula\u00efmane, l&rsquo;enfant qui est mort \u00e0 la station Osseghem en f\u00e9vrier suite \u00e0 un contr\u00f4le de papier.<\/p>\n<p>Cette discussion aura lieu le vendredi 12\/12 \u00e0 19h \u00e0 l&rsquo;Usine \u00e0 Vapeur, la veille de la journ\u00e9e internationale sur<span class=\"text_exposed_show\"> l&rsquo;islamophobie.<\/span><\/p>\n<p>Organis\u00e9e par L&rsquo;Usine \u00e0 Vapeur : 81 rue Ransfort \u00e0 1080 Molenbeek-Saint-Jean<\/p>\n<p style=\"text-align: center;\"><a href=\"https:\/\/bruxelles-pantheres.be\/wp-content\/uploads\/2014\/12\/12-12-14_islmphb1.png\"><img decoding=\"async\" class=\"alignnone size-full wp-image-2322\" src=\"https:\/\/bruxelles-pantheres.be\/wp-content\/uploads\/2014\/12\/12-12-14_islmphb1.png\" alt=\"12-12-14_islmphb(1)\" width=\"674\" height=\"948\" srcset=\"https:\/\/bruxelles-pantheres.be\/wp-content\/uploads\/2014\/12\/12-12-14_islmphb1.png 674w, https:\/\/bruxelles-pantheres.be\/wp-content\/uploads\/2014\/12\/12-12-14_islmphb1-213x300.png 213w, https:\/\/bruxelles-pantheres.be\/wp-content\/uploads\/2014\/12\/12-12-14_islmphb1-540x759.png 540w\" sizes=\"(max-width: 674px) 100vw, 674px\" \/><\/a><\/p>\n","protected":false},"excerpt":{"rendered":"<p>2014 plac\u00e9e sous le signe de l&rsquo;islamophobie. Comment s&rsquo;en prot\u00e9ger? Discussion anim\u00e9e par Bruxelles Panth\u00e8res et Muslim Rights et en pr\u00e9sence d&rsquo;une partie de la famille de Soula\u00efmane, l&rsquo;enfant qui est mort \u00e0 la station Osseghem en f\u00e9vrier suite \u00e0 un contr\u00f4le de papier. Cette discussion aura lieu le vendredi 12\/12 \u00e0 19h \u00e0 l&rsquo;Usine &#8230; <a title=\"L&rsquo;islamophobie. Comment s&rsquo;en prot\u00e9ger?\" class=\"read-more\" href=\"https:\/\/bruxelles-pantheres.be\/?p=2321\" aria-label=\"En savoir plus sur L&rsquo;islamophobie. Comment s&rsquo;en prot\u00e9ger?\">Lire la suite<\/a><\/p>\n","protected":false},"author":1,"featured_media":2322,"comment_status":"open","ping_status":"open","sticky":false,"template":"","format":"standard","meta":{"footnotes":""},"categories":[4,18],"tags":[10,14,23,75,13,54,15,9],"class_list":["post-2321","post","type-post","status-publish","format-standard","has-post-thumbnail","hentry","category-islamophobie","category-resistance-bruxelles","tag-ecole","tag-bruxelles","tag-discrimination","tag-femmes","tag-nordine-saidi","tag-police","tag-resistance","tag-voile"],"_links":{"self":[{"href":"https:\/\/bruxelles-pantheres.be\/index.php?rest_route=\/wp\/v2\/posts\/2321","targetHints":{"allow":["GET"]}}],"collection":[{"href":"https:\/\/bruxelles-pantheres.be\/index.php?rest_route=\/wp\/v2\/posts"}],"about":[{"href":"https:\/\/bruxelles-pantheres.be\/index.php?rest_route=\/wp\/v2\/types\/post"}],"author":[{"embeddable":true,"href":"https:\/\/bruxelles-pantheres.be\/index.php?rest_route=\/wp\/v2\/users\/1"}],"replies":[{"embeddable":true,"href":"https:\/\/bruxelles-pantheres.be\/index.php?rest_route=%2Fwp%2Fv2%2Fcomments&post=2321"}],"version-history":[{"count":3,"href":"https:\/\/bruxelles-pantheres.be\/index.php?rest_route=\/wp\/v2\/posts\/2321\/revisions"}],"predecessor-version":[{"id":2326,"href":"https:\/\/bruxelles-pantheres.be\/index.php?rest_route=\/wp\/v2\/posts\/2321\/revisions\/2326"}],"wp:featuredmedia":[{"embeddable":true,"href":"https:\/\/bruxelles-pantheres.be\/index.php?rest_route=\/wp\/v2\/media\/2322"}],"wp:attachment":[{"href":"https:\/\/bruxelles-pantheres.be\/index.php?rest_route=%2Fwp%2Fv2%2Fmedia&parent=2321"}],"wp:term":[{"taxonomy":"category","embeddable":true,"href":"https:\/\/bruxelles-pantheres.be\/index.php?rest_route=%2Fwp%2Fv2%2Fcategories&post=2321"},{"taxonomy":"post_tag","embeddable":true,"href":"https:\/\/bruxelles-pantheres.be\/index.php?rest_route=%2Fwp%2Fv2%2Ftags&post=2321"}],"curies":[{"name":"wp","href":"https:\/\/api.w.org\/{rel}","templated":true}]}}