{"id":2327,"date":"2014-12-06T00:01:09","date_gmt":"2014-12-05T23:01:09","guid":{"rendered":"https:\/\/bruxelles-pantheres.be\/?p=2327"},"modified":"2014-12-06T00:01:09","modified_gmt":"2014-12-05T23:01:09","slug":"quels-combats-contre-le-racisme-avec-said-bouamama","status":"publish","type":"post","link":"https:\/\/bruxelles-pantheres.be\/?p=2327","title":{"rendered":"\u00ab\u00a0Quels combats contre le racisme ?\u00a0\u00bb avec Sa\u00efd Bouamama"},"content":{"rendered":"<p><span class=\"fsl\">Alternative Libertaire Bruxelles organise ce samedi 6 d\u00e9cembre \u00e0 16h, une conf\u00e9rence sur le th\u00e8me \u00ab Quels combats contre le racisme ? \u00bb \u00e0 l\u2019Universit\u00e9 Libre de Bruxelles.<\/p>\n<p>AUDITOIRE H2215<\/p>\n<p>Intervenants :<br \/>\n<strong>Sa\u00efd Bouamama :<\/strong> Sociologue, militant, coauteur du livre \u00ab Nique la France \u2013 Devoir d\u2019insolence \u00bb avec Sa\u00efddou Z.E.P.<\/p>\n<p><strong>Nicolas Pasadena<\/strong> : Membre de la Commission antiracisme d\u2019Alternative Libertaire France, auteur de \u00ab pas d\u2019islamophobie au nom des id\u00e9es libertaires \u00bb.<\/p>\n<p>Ces derni\u00e8res ann\u00e9es, en Belgique comme partout Occident, les exemples du racisme institutionnel ne manquent pas. Violences polici\u00e8res, islamophobie, discriminations, ou criminalisation des sans-papiers. Autant de faits dont la gauche majoritai<span class=\"text_exposed_show\">rement blanche, n\u2019a pu prendre la mesure et combattre.<\/p>\n<p>Celle-ci se limitant le plus souvent \u00e0 un antiracisme moral condamnant les actes individuels mais refusant de voir la domination de race pr\u00e9sente dans nos soci\u00e9t\u00e9s, reproduisant elle-m\u00eame sch\u00e8mes de pens\u00e9e raciste h\u00e9rit\u00e9s de la colonisation comme l\u2019a montr\u00e9 le d\u00e9bat sur l\u2019interdiction du voile en France ou adoptant une position paternaliste refusant aux populations racis\u00e9es de mener leur combat l\u00e9gitime en toute autonomie.<\/p>\n<p>Pourtant les luttes autonomes des racis\u00e9s pour l\u2019\u00e9galit\u00e9 et la justice ne manquent pas. Des Blacks Panthers \u00e0 la marche pour l\u2019\u00e9galit\u00e9 et contre le racisme, autant d\u2019exemple de moments marquant du combat contre le racisme syst\u00e9mique.<\/p>\n<p>A l\u2019heure ou des ministres NV-A affirment publiquement \u00ab que l\u2019immigration marocaine, congolaise ou alg\u00e9rienne ne constitue pas une valeur ajout\u00e9e pour la Belgique \u00bb, que l\u2019islamophobie s\u2019affiche dans les journaux \u00e0 l\u2019image de l\u2019histoire d\u2019Assim Abassi ou que la police assassine des afro-am\u00e9ricains en toute impunit\u00e9 aux Etats-Unis, il est temps pour la gauche de prendre la mesure du racisme institutionnel.<\/p>\n<p>Cette prise de conscience commence par le refus des sch\u00e8mes racistes et colonialistes dans ses propres rangs et les postures universalistes. Celle-ci commence \u00e9galement par soutenir les luttes des racis\u00e9.e.s sans se substituer \u00e0 celles-ci. Cet antiracisme doit \u00e9galement \u00eatre un anticolonialisme parce que le syst\u00e8me international se base toujours sur les in\u00e9galit\u00e9s \u00e9tablies par la colonisation et qui assoit la domination de l\u2019occident tout en niant l\u2019autod\u00e9termination des peuples colonis\u00e9s.<\/p>\n<p>Pour comprendre le racisme, il s\u2019agit de l\u2019appr\u00e9hender de mani\u00e8re globale. En effet, il existe des situations de double ou de triple oppression (de race, de classe et de genre) qui s\u2019entrecroisent afin de justifier les in\u00e9galit\u00e9s sociales. C\u2019est \u00e0 l\u2019intersection de ces dominations que certains se positionnent afin de comprendre cette r\u00e9alit\u00e9 multiple et les combattre.<br \/>\nAlors que les in\u00e9galit\u00e9s de classe s\u2019accroissent de par les politiques capitalistes et n\u00e9o-lib\u00e9rales en Belgique, le racisme sert de justificatif \u00e0 l\u2019exploitation toujours plus grande des racis\u00e9.e.s.<\/p>\n<p>Comme l\u2019affirme Said Bouamama, \u00ab toutes les analyses qui occultent les discriminations racistes ne peuvent que devenir aveugles \u00e0 la r\u00e9alit\u00e9 des quartiers populaires. Quand par peur de prononcer le mot \u00ab race \u00bb ou que par coquetterie intellectuelle on se contorsionne pour mentionner une telle in\u00e9galit\u00e9 sans la nommer et\/ou sans vouloir la mesurer, on contribue objectivement \u00e0 la reproduire. De m\u00eame, toutes les analyses qui confondent les r\u00e9actions \u00e0 la violence syst\u00e9mique subie (pouvant bien s\u00fbr se tromper de cibles) et le racisme syst\u00e9mique et la violence massive qui en d\u00e9coulent, en amalgamant les deux sous le vocable de racisme, alimentent volontairement ou non (le r\u00e9sultat est le m\u00eame) le racisme syst\u00e9mique. Qu\u2019on le veuille ou non, la classe se vit aussi de mani\u00e8re racis\u00e9e dans le capitalisme mondialis\u00e9 contemporain. Reconna\u00eetre la r\u00e9alit\u00e9 pour ce qu\u2019elle est, est la premi\u00e8re \u00e9tape pour pouvoir la transformer. \u00bb<\/p>\n<p>C\u2019est de cette r\u00e9alit\u00e9 que nous entendons appr\u00e9hender l\u2019antiracisme contemporain et ainsi transformer la soci\u00e9t\u00e9\u2026<\/p>\n<p>Avec le soutien : des Etudiants de Gauche Actifs (EGA) de l&rsquo;ULB<br \/>\ndu Collectif des Marocains Progressifs<\/span><\/span><!--more--><!--more--><!--more--><\/p>\n<p style=\"text-align: center;\"><a href=\"https:\/\/bruxelles-pantheres.be\/wp-content\/uploads\/2014\/12\/10633266_713614032057767_2195399925197800598_o.jpg\"><img decoding=\"async\" class=\"alignnone size-large wp-image-2328\" src=\"https:\/\/bruxelles-pantheres.be\/wp-content\/uploads\/2014\/12\/10633266_713614032057767_2195399925197800598_o-1024x563.jpg\" alt=\"10633266_713614032057767_2195399925197800598_o\" width=\"680\" height=\"373\" srcset=\"https:\/\/bruxelles-pantheres.be\/wp-content\/uploads\/2014\/12\/10633266_713614032057767_2195399925197800598_o-1024x563.jpg 1024w, https:\/\/bruxelles-pantheres.be\/wp-content\/uploads\/2014\/12\/10633266_713614032057767_2195399925197800598_o-300x165.jpg 300w, https:\/\/bruxelles-pantheres.be\/wp-content\/uploads\/2014\/12\/10633266_713614032057767_2195399925197800598_o-768x422.jpg 768w, https:\/\/bruxelles-pantheres.be\/wp-content\/uploads\/2014\/12\/10633266_713614032057767_2195399925197800598_o-1536x845.jpg 1536w, https:\/\/bruxelles-pantheres.be\/wp-content\/uploads\/2014\/12\/10633266_713614032057767_2195399925197800598_o-1320x726.jpg 1320w, https:\/\/bruxelles-pantheres.be\/wp-content\/uploads\/2014\/12\/10633266_713614032057767_2195399925197800598_o-540x296.jpg 540w, https:\/\/bruxelles-pantheres.be\/wp-content\/uploads\/2014\/12\/10633266_713614032057767_2195399925197800598_o.jpg 2048w\" sizes=\"(max-width: 680px) 100vw, 680px\" \/><\/a><\/p>\n","protected":false},"excerpt":{"rendered":"<p>Alternative Libertaire Bruxelles organise ce samedi 6 d\u00e9cembre \u00e0 16h, une conf\u00e9rence sur le th\u00e8me \u00ab Quels combats contre le racisme ? \u00bb \u00e0 l\u2019Universit\u00e9 Libre de Bruxelles. AUDITOIRE H2215 Intervenants : Sa\u00efd Bouamama : Sociologue, militant, coauteur du livre \u00ab Nique la France \u2013 Devoir d\u2019insolence \u00bb avec Sa\u00efddou Z.E.P. Nicolas Pasadena : Membre &#8230; <a title=\"\u00ab\u00a0Quels combats contre le racisme ?\u00a0\u00bb avec Sa\u00efd Bouamama\" class=\"read-more\" href=\"https:\/\/bruxelles-pantheres.be\/?p=2327\" aria-label=\"En savoir plus sur \u00ab\u00a0Quels combats contre le racisme ?\u00a0\u00bb avec Sa\u00efd Bouamama\">Lire la suite<\/a><\/p>\n","protected":false},"author":1,"featured_media":2328,"comment_status":"open","ping_status":"open","sticky":false,"template":"","format":"standard","meta":{"footnotes":""},"categories":[36,4,18,28],"tags":[],"class_list":["post-2327","post","type-post","status-publish","format-standard","has-post-thumbnail","hentry","category-europe","category-islamophobie","category-resistance-bruxelles","category-racismes"],"_links":{"self":[{"href":"https:\/\/bruxelles-pantheres.be\/index.php?rest_route=\/wp\/v2\/posts\/2327","targetHints":{"allow":["GET"]}}],"collection":[{"href":"https:\/\/bruxelles-pantheres.be\/index.php?rest_route=\/wp\/v2\/posts"}],"about":[{"href":"https:\/\/bruxelles-pantheres.be\/index.php?rest_route=\/wp\/v2\/types\/post"}],"author":[{"embeddable":true,"href":"https:\/\/bruxelles-pantheres.be\/index.php?rest_route=\/wp\/v2\/users\/1"}],"replies":[{"embeddable":true,"href":"https:\/\/bruxelles-pantheres.be\/index.php?rest_route=%2Fwp%2Fv2%2Fcomments&post=2327"}],"version-history":[{"count":1,"href":"https:\/\/bruxelles-pantheres.be\/index.php?rest_route=\/wp\/v2\/posts\/2327\/revisions"}],"predecessor-version":[{"id":2329,"href":"https:\/\/bruxelles-pantheres.be\/index.php?rest_route=\/wp\/v2\/posts\/2327\/revisions\/2329"}],"wp:featuredmedia":[{"embeddable":true,"href":"https:\/\/bruxelles-pantheres.be\/index.php?rest_route=\/wp\/v2\/media\/2328"}],"wp:attachment":[{"href":"https:\/\/bruxelles-pantheres.be\/index.php?rest_route=%2Fwp%2Fv2%2Fmedia&parent=2327"}],"wp:term":[{"taxonomy":"category","embeddable":true,"href":"https:\/\/bruxelles-pantheres.be\/index.php?rest_route=%2Fwp%2Fv2%2Fcategories&post=2327"},{"taxonomy":"post_tag","embeddable":true,"href":"https:\/\/bruxelles-pantheres.be\/index.php?rest_route=%2Fwp%2Fv2%2Ftags&post=2327"}],"curies":[{"name":"wp","href":"https:\/\/api.w.org\/{rel}","templated":true}]}}