{"id":2334,"date":"2014-12-20T16:30:53","date_gmt":"2014-12-20T15:30:53","guid":{"rendered":"https:\/\/bruxelles-pantheres.be\/?p=2334"},"modified":"2014-12-20T16:30:53","modified_gmt":"2014-12-20T15:30:53","slug":"signez-lappel-reprenons-linitiative-contre-les-politiques-de-racialisation","status":"publish","type":"post","link":"https:\/\/bruxelles-pantheres.be\/?p=2334","title":{"rendered":"Signez l&rsquo;appel \u00ab\u00a0Reprenons l&rsquo;initiative, contre les politiques de racialisation"},"content":{"rendered":"<header class=\"entry-header\">\n<h5 class=\"entry-title\">L\u2019appel !<\/h5>\n<\/header>\n<div class=\"entry-content\">\n<h5>Reprenons l\u2019initiative !<\/h5>\n<h5>APPEL CONTRE LES POLITIQUES DE RACIALISATION<a href=\"http:\/\/reprenons.info\/wp-content\/uploads\/2014\/11\/racialisation.jpg\"><img decoding=\"async\" class=\"aligncenter size-full wp-image-68\" src=\"http:\/\/reprenons.info\/wp-content\/uploads\/2014\/11\/racialisation.jpg\" alt=\"racialisation\" width=\"850\" height=\"216\" \/><\/a><\/h5>\n<p>Nous assistons actuellement \u00e0 une r\u00e9gression id\u00e9ologique : l\u2019antiracisme se r\u00e9duit trop souvent \u00e0 un combat contre le racisme individuel \u00e0 l\u2019occasion de \u00ab d\u00e9rapages \u00bb qui se multiplient effectivement. C\u2019est minimiser la r\u00e9alit\u00e9 du racisme syst\u00e9mique, c\u2019est-\u00e0-dire, au-del\u00e0 des id\u00e9ologies racistes, des discriminations au quotidien, mais c\u2019est aussi occulter le r\u00f4le du racisme institutionnel : le traitement \u00e9tatique et municipal des populations rroms venues de Roumanie ou de Bulgarie, pays membres de l\u2019Union europ\u00e9enne, en est l\u2019illustration la plus brutale.<\/p>\n<p>En France, depuis dix ans, des familles rroms ont subi une quinzaine d\u2019expulsions qui les rejettent toujours davantage dans la mis\u00e8re la plus extr\u00eame. Les d\u00e9mant\u00e8lements \u00e0 r\u00e9p\u00e9tition de bidonvilles continuent sous Fran\u00e7ois Hollande comme sous Nicolas Sarkozy, \u00e0 la demande de municipalit\u00e9s de la majorit\u00e9 gouvernementale d\u2019hier comme de celle d\u2019aujourd\u2019hui. Ce n\u2019est que la partie la plus visible de pratiques non seulement scandaleuses, mais aussi ill\u00e9gales, qui se banalisent : refus de domiciliation au CCAS ici, entraves \u00e0 la scolarisation des enfants l\u00e0, non-ramassage des ordures m\u00e9nag\u00e8res ici et l\u00e0, etc. Il s\u2019agit d\u2019un processus massif de marginalisation, d\u2019exclusion et de stigmatisation d\u2019une population.<\/p>\n<p>Pour justifier ces actes inhumains, \u00e0 l\u2019instar de Manuel Valls, les responsables pr\u00e9tendent tant\u00f4t qu\u2019ils agissent pour le bien des Rroms en d\u00e9truisant un habitat insalubre, tant\u00f4t que ceux-ci \u00ab ne souhaitent pas s\u2019int\u00e9grer dans notre pays pour des raisons culturelles \u00bb. En r\u00e9alit\u00e9, comme on l\u2019a vu pendant les \u00e9lections municipales, les politiques n\u2019h\u00e9sitent pas \u00e0 faire campagne en promettant une v\u00e9ritable chasse aux Rroms.<\/p>\n<p>Nous sommes bien en pr\u00e9sence d\u2019une \u00ab politique de la race \u00bb : on assigne les Rroms \u00e0 une diff\u00e9rence suppos\u00e9ment culturelle pour justifier en retour de les traiter de mani\u00e8re discriminatoire. Cette pers\u00e9cution se d\u00e9roule dans l\u2019indiff\u00e9rence g\u00e9n\u00e9rale, voire avec une approbation presque consensuelle : en effet, les majorit\u00e9s successives semblent avoir r\u00e9ussi \u00e0 d\u00e9politiser la \u00ab question rom \u00bb, en donnant l\u2019impression que les \u00e9lus, tant locaux que nationaux, ne font que g\u00e9rer un probl\u00e8me \u2013 et non mener une politique \u00e0 laquelle on pourrait opposer une autre politique.<\/p>\n<p>Si le traitement des Rroms est un exemple extr\u00eame, les politiques de racialisation concernent pareillement d\u2019autres cat\u00e9gories de la population. C\u2019est le cas depuis longtemps avec l\u2019injonction d\u2019int\u00e9gration adress\u00e9e, non seulement aux immigr\u00e9s, mais aussi \u00e0 leurs enfants, voire \u00e0 leurs petits-enfants, comme si certains Fran\u00e7ais devaient \u00e9ternellement faire la preuve de leur \u00ab identit\u00e9 nationale \u00bb. C\u2019est aussi le cas avec le d\u00e9cha\u00eenement d\u2019islamophobie qui s\u2019autorise de la la\u00efcit\u00e9 pour jeter une suspicion a priori sur les musulmans dans leur ensemble, tout en r\u00e9cusant le terme m\u00eame d\u2019islamophobie. Et alors que les discriminations raciales en m\u00eame temps que les id\u00e9ologies racistes ont pour effet sinon pour vis\u00e9e de produire une opposition entre \u00ab eux \u00bb et \u00ab nous \u00bb, le d\u00e9ni va parfois jusqu\u2019\u00e0 reprendre les attaques de l\u2019extr\u00eame droite contre un suppos\u00e9 \u00ab racisme anti-blanc \u00bb au nom d\u2019une rh\u00e9torique universaliste qui invisibilise les rapports de domination raciale.<\/p>\n<p>Nous affirmons que la politique de la race qui vise les Rroms est un r\u00e9v\u00e9lateur des politiques de racialisation qui touchent de larges pans de la soci\u00e9t\u00e9 fran\u00e7aise : elle amplifie la logique qui se d\u00e9ploie pour l\u2019ensemble des populations issues de l\u2019immigration postcoloniale \u2013 et qui fait \u00e9cho \u00e0 une histoire marqu\u00e9e par l\u2019esclavage, le colonialisme et le nazisme. Mais ce pass\u00e9 rencontre l\u2019actualit\u00e9 d\u2019une France et d\u2019une Europe n\u00e9olib\u00e9rales o\u00f9 s\u2019accroissent les in\u00e9galit\u00e9s declasses ces politiques de stigmatisation servent ainsi \u00e0 en distraire .<\/p>\n<p>Il ne suffit plus de d\u00e9noncer les racistes, ni m\u00eame les partis racistes. Il faut s\u2019en prendre aux politiques de racialisation. Nous refusons d\u2019accepter l\u2019inacceptable, et d\u2019\u00eatre les complices ou m\u00eame les t\u00e9moins de l\u2019organisation politique de la concurrence g\u00e9n\u00e9ralis\u00e9e entre les victimes d\u2019un m\u00eame syst\u00e8me in\u00e9galitaire. Les signataires appellent \u00e0 une reprise collective de l\u2019initiative, dans le respect de la diversit\u00e9 des opinions et analyses politiques au sein des mouvements antiracistes \u2013 \u00e0 condition de se retrouver dans le constat que nous faisons ici.<\/p>\n<p>Nous allons mener une campagne nationale (affiches, vid\u00e9os, d\u00e9bats, initiatives publiques, actions de mobilisation, etc.) contre la banalisation des pratiques discriminatoires touchant les Rroms comme les populations h\u00e9riti\u00e8res de l\u2019immigration postcoloniale ou de religion musulmane. Nous organiserons au printemps 2015 un vaste forum d\u2019\u00e9changes et d\u2019analyses politiques afin de contribuer au renouvellement d\u2019un antiracisme politique. Enfin, nous nous engageons \u00e0 soutenir les initiatives d\u2019auto-organisation de celles et ceux que visent ces politiques de racialisation, pr\u00e9cis\u00e9ment parce que ces politiques rendent plus difficiles de telles initiatives.<\/p>\n<p>Il est encore temps, mais il est d\u00e9j\u00e0 grand temps.<\/p>\n<p><a title=\"Ont d\u00e9j\u00e0 sign\u00e9s\" href=\"http:\/\/reprenons.info\/ont-deja-signes\/\">Pour voir les signatures<\/a><\/p>\n<p><a title=\"Je signe ici\" href=\"http:\/\/reprenons.info\/je-signe-ici\/\"><img decoding=\"async\" class=\"aligncenter size-full wp-image-66\" src=\"http:\/\/reprenons.info\/wp-content\/uploads\/2014\/11\/jesigne.jpg\" alt=\"jesigne\" width=\"298\" height=\"133\" \/><\/a><\/p>\n<\/div>\n","protected":false},"excerpt":{"rendered":"<p>L\u2019appel ! Reprenons l\u2019initiative ! APPEL CONTRE LES POLITIQUES DE RACIALISATION Nous assistons actuellement \u00e0 une r\u00e9gression id\u00e9ologique : l\u2019antiracisme se r\u00e9duit trop souvent \u00e0 un combat contre le racisme individuel \u00e0 l\u2019occasion de \u00ab d\u00e9rapages \u00bb qui se multiplient effectivement. C\u2019est minimiser la r\u00e9alit\u00e9 du racisme syst\u00e9mique, c\u2019est-\u00e0-dire, au-del\u00e0 des id\u00e9ologies racistes, des discriminations &#8230; <a title=\"Signez l&rsquo;appel \u00ab\u00a0Reprenons l&rsquo;initiative, contre les politiques de racialisation\" class=\"read-more\" href=\"https:\/\/bruxelles-pantheres.be\/?p=2334\" aria-label=\"En savoir plus sur Signez l&rsquo;appel \u00ab\u00a0Reprenons l&rsquo;initiative, contre les politiques de racialisation\">Lire la suite<\/a><\/p>\n","protected":false},"author":1,"featured_media":1318,"comment_status":"open","ping_status":"open","sticky":false,"template":"","format":"standard","meta":{"footnotes":""},"categories":[36,4,20,7,18,28,37,39,5],"tags":[84,14,23,19,54,15],"class_list":["post-2334","post","type-post","status-publish","format-standard","has-post-thumbnail","hentry","category-europe","category-islamophobie","category-logement","category-negrophobie","category-resistance-bruxelles","category-racismes","category-romophobie","category-sans-papier","category-violence-policiere","tag-black-power","tag-bruxelles","tag-discrimination","tag-pauvrete","tag-police","tag-resistance"],"_links":{"self":[{"href":"https:\/\/bruxelles-pantheres.be\/index.php?rest_route=\/wp\/v2\/posts\/2334","targetHints":{"allow":["GET"]}}],"collection":[{"href":"https:\/\/bruxelles-pantheres.be\/index.php?rest_route=\/wp\/v2\/posts"}],"about":[{"href":"https:\/\/bruxelles-pantheres.be\/index.php?rest_route=\/wp\/v2\/types\/post"}],"author":[{"embeddable":true,"href":"https:\/\/bruxelles-pantheres.be\/index.php?rest_route=\/wp\/v2\/users\/1"}],"replies":[{"embeddable":true,"href":"https:\/\/bruxelles-pantheres.be\/index.php?rest_route=%2Fwp%2Fv2%2Fcomments&post=2334"}],"version-history":[{"count":1,"href":"https:\/\/bruxelles-pantheres.be\/index.php?rest_route=\/wp\/v2\/posts\/2334\/revisions"}],"predecessor-version":[{"id":2335,"href":"https:\/\/bruxelles-pantheres.be\/index.php?rest_route=\/wp\/v2\/posts\/2334\/revisions\/2335"}],"wp:featuredmedia":[{"embeddable":true,"href":"https:\/\/bruxelles-pantheres.be\/index.php?rest_route=\/wp\/v2\/media\/1318"}],"wp:attachment":[{"href":"https:\/\/bruxelles-pantheres.be\/index.php?rest_route=%2Fwp%2Fv2%2Fmedia&parent=2334"}],"wp:term":[{"taxonomy":"category","embeddable":true,"href":"https:\/\/bruxelles-pantheres.be\/index.php?rest_route=%2Fwp%2Fv2%2Fcategories&post=2334"},{"taxonomy":"post_tag","embeddable":true,"href":"https:\/\/bruxelles-pantheres.be\/index.php?rest_route=%2Fwp%2Fv2%2Ftags&post=2334"}],"curies":[{"name":"wp","href":"https:\/\/api.w.org\/{rel}","templated":true}]}}