{"id":2336,"date":"2014-12-20T17:04:52","date_gmt":"2014-12-20T16:04:52","guid":{"rendered":"https:\/\/bruxelles-pantheres.be\/?p=2336"},"modified":"2014-12-20T17:05:39","modified_gmt":"2014-12-20T16:05:39","slug":"pas-davions-de-chasse","status":"publish","type":"post","link":"https:\/\/bruxelles-pantheres.be\/?p=2336","title":{"rendered":"Pas d&rsquo;avions de chasse"},"content":{"rendered":"<h6><big><\/big><big><span style=\"color: #cc0000;\"><b>Le 20 d\u00e9cembre: 6 milliards au feu<\/b><\/span><\/big><\/h6>\n<p><b>6 milliards d\u2019euro vont-ils partir en fum\u00e9e ? Ce samedi 20 d\u00e9cembre, montrons ce que cela signifie!<\/b><\/p>\n<p>Nous vous proposons de participer \u00e0 cette action avec votre organisation. Nous vous demandons \u00e9galement de bien vouloir diffuser l\u2019appel ci-dessous dans votre r\u00e9seau, vers vos membres et sympathisants ; ainsi que de placer l\u2019appel sur votre site internet.<\/p>\n<p>Mat\u00e9riel de promotion et mat\u00e9riel n\u00e9cessaire \u00e0 l\u2019action :<\/p>\n<ul>\n<li>\n<h6>Page facebook bilingue de l\u2019\u00e9v\u00e9nement : <a href=\"https:\/\/www.facebook.com\/events\/610125289109971\" target=\"_blank\">https:\/\/www.facebook.com\/<wbr><\/wbr>events\/610125289109971<\/a><\/h6>\n<\/li>\n<\/ul>\n<ul>\n<li>\n<h6>Clip vid\u00e9o : <a href=\"http:\/\/www.cnapd.be\/Campagne-6milliardsaufeu1060.html\" target=\"_blank\">http:\/\/www.cnapd.be\/Campagne-<wbr><\/wbr>6milliardsaufeu1060.html<\/a><\/h6>\n<\/li>\n<\/ul>\n<ul>\n<li>\n<h6>Billets \u00e0 imprimer : <a href=\"http:\/\/www.vredesactie.be\/sites\/default\/files\/biljetten_druk.pdf\" target=\"_blank\">http:\/\/www.vredesactie.be\/<wbr><\/wbr>sites\/default\/files\/biljetten_<wbr><\/wbr>druk.pdf<\/a><\/h6>\n<\/li>\n<\/ul>\n<p><a href=\"https:\/\/bruxelles-pantheres.be\/wp-content\/uploads\/2014\/12\/gvbanner.png\"><img decoding=\"async\" class=\"alignnone size-full wp-image-2337\" src=\"https:\/\/bruxelles-pantheres.be\/wp-content\/uploads\/2014\/12\/gvbanner.png\" alt=\"gvbanner\" width=\"960\" height=\"325\" srcset=\"https:\/\/bruxelles-pantheres.be\/wp-content\/uploads\/2014\/12\/gvbanner.png 960w, https:\/\/bruxelles-pantheres.be\/wp-content\/uploads\/2014\/12\/gvbanner-300x102.png 300w, https:\/\/bruxelles-pantheres.be\/wp-content\/uploads\/2014\/12\/gvbanner-768x260.png 768w, https:\/\/bruxelles-pantheres.be\/wp-content\/uploads\/2014\/12\/gvbanner-540x183.png 540w\" sizes=\"(max-width: 960px) 100vw, 960px\" \/><\/a><\/p>\n<p><strong>Les belges ne veulent pas de nouveaux avions de chasse<\/strong><br \/>\nIl n\u2019y a aucun soutien de la soci\u00e9t\u00e9 belge pour l\u2019investissement de milliards d\u2019euros dans l\u2019achat de nouveaux avions de chasse. D\u2019apr\u00e8s une enqu\u00eate de l\u2019Universit\u00e9 d\u2019Anvers, seulement 25% des belges y sont favorables. C\u2019est un message clair en direction du futur gouvernement. Le mouvement de la paix vous demande, comme organisation de la soci\u00e9t\u00e9 civile, de venir renforcer ce message par votre soutien.<\/p>\n<p><strong>L\u2019\u00c9tat belge n\u2019a pas de milliards d\u2019euros \u00e0 d\u00e9penser<\/strong><br \/>\nL\u2019achat de nouveaux chasseurs-bombardiers co\u00fbtera facilement 6 milliards d\u2019euros. Un montant non disponible ! La crise \u00e9conomique et financi\u00e8re oblige chacun d\u2019entre nous \u00e0 mod\u00e9rer ses d\u00e9penses. L\u2019\u00c9tat belge \u00e9galement, qui a d\u00e9j\u00e0 annonc\u00e9 de nouvelles politiques d\u2019aust\u00e9rit\u00e9 (la banque nationale demande 14 Milliards d\u2019\u00e9conomie d\u2019ici \u00e0 2017). La priorit\u00e9 du prochain gouvernement sera de travailler \u00e0 une politique durable en mati\u00e8re \u00e9conomique, climatique, environnementale, de soins de sant\u00e9 et de s\u00e9curit\u00e9 sociale.<\/p>\n<p><strong>Les missions militaires n\u2019am\u00e8nent ni la paix, ni la stabilit\u00e9<\/strong><br \/>\nLes interventions militaires dans les diff\u00e9rentes parties du monde n\u2019ont pas entra\u00een\u00e9es davantage de paix ou de stabilisation. Au contraire. Les situations en Afghanistan ou en Libye en sont des exemples alarmants. Il est urgent d\u2019apporter un autre regard sur les politiques de gestion des conflits et de maintien de la paix\u00a0; parce que la recette militaire ne marche pas. Si l\u2019objectif de cet achat est r\u00e9ellement de contribuer \u00e0 la paix et \u00e0 la stabilit\u00e9, de nouveaux avions de chasse seraient le plus mauvais investissement possible.<\/p>\n<p><strong>Un d\u00e9bat public et d\u00e9mocratique<\/strong><br \/>\nLa question de l\u2019achat de nouveaux avions de chasse commande l\u2019organisation d\u2019un d\u00e9bat ouvert et d\u00e9mocratique portant tant sur le r\u00f4le et l\u2019avenir de l\u2019arm\u00e9e belge, que sur l\u2019identification des investissements prioritaires en vue d\u2019apporter notre contribution \u00e0 un monde durablement en paix et plus s\u00fbr.<\/p>\n<p>Encore des questions? Plus d&rsquo;info dans <a href=\"http:\/\/www.vredesactie.be\/sites\/default\/files\/FAQrenouvellementF-16.pdf\" target=\"_blank\">ce PDF<\/a>.<\/p>\n<p>&nbsp;<\/p>\n","protected":false},"excerpt":{"rendered":"<p>Le 20 d\u00e9cembre: 6 milliards au feu 6 milliards d\u2019euro vont-ils partir en fum\u00e9e ? Ce samedi 20 d\u00e9cembre, montrons ce que cela signifie! Nous vous proposons de participer \u00e0 cette action avec votre organisation. Nous vous demandons \u00e9galement de bien vouloir diffuser l\u2019appel ci-dessous dans votre r\u00e9seau, vers vos membres et sympathisants ; ainsi &#8230; <a title=\"Pas d&rsquo;avions de chasse\" class=\"read-more\" href=\"https:\/\/bruxelles-pantheres.be\/?p=2336\" aria-label=\"En savoir plus sur Pas d&rsquo;avions de chasse\">Lire la suite<\/a><\/p>\n","protected":false},"author":1,"featured_media":2337,"comment_status":"open","ping_status":"open","sticky":false,"template":"","format":"standard","meta":{"footnotes":""},"categories":[21,18],"tags":[31,38,15],"class_list":["post-2336","post","type-post","status-publish","format-standard","has-post-thumbnail","hentry","category-anti-imperialisme","category-resistance-bruxelles","tag-belgique","tag-guerre","tag-resistance"],"_links":{"self":[{"href":"https:\/\/bruxelles-pantheres.be\/index.php?rest_route=\/wp\/v2\/posts\/2336","targetHints":{"allow":["GET"]}}],"collection":[{"href":"https:\/\/bruxelles-pantheres.be\/index.php?rest_route=\/wp\/v2\/posts"}],"about":[{"href":"https:\/\/bruxelles-pantheres.be\/index.php?rest_route=\/wp\/v2\/types\/post"}],"author":[{"embeddable":true,"href":"https:\/\/bruxelles-pantheres.be\/index.php?rest_route=\/wp\/v2\/users\/1"}],"replies":[{"embeddable":true,"href":"https:\/\/bruxelles-pantheres.be\/index.php?rest_route=%2Fwp%2Fv2%2Fcomments&post=2336"}],"version-history":[{"count":2,"href":"https:\/\/bruxelles-pantheres.be\/index.php?rest_route=\/wp\/v2\/posts\/2336\/revisions"}],"predecessor-version":[{"id":2339,"href":"https:\/\/bruxelles-pantheres.be\/index.php?rest_route=\/wp\/v2\/posts\/2336\/revisions\/2339"}],"wp:featuredmedia":[{"embeddable":true,"href":"https:\/\/bruxelles-pantheres.be\/index.php?rest_route=\/wp\/v2\/media\/2337"}],"wp:attachment":[{"href":"https:\/\/bruxelles-pantheres.be\/index.php?rest_route=%2Fwp%2Fv2%2Fmedia&parent=2336"}],"wp:term":[{"taxonomy":"category","embeddable":true,"href":"https:\/\/bruxelles-pantheres.be\/index.php?rest_route=%2Fwp%2Fv2%2Fcategories&post=2336"},{"taxonomy":"post_tag","embeddable":true,"href":"https:\/\/bruxelles-pantheres.be\/index.php?rest_route=%2Fwp%2Fv2%2Ftags&post=2336"}],"curies":[{"name":"wp","href":"https:\/\/api.w.org\/{rel}","templated":true}]}}