{"id":2340,"date":"2014-12-20T17:15:45","date_gmt":"2014-12-20T16:15:45","guid":{"rendered":"https:\/\/bruxelles-pantheres.be\/?p=2340"},"modified":"2014-12-20T17:15:45","modified_gmt":"2014-12-20T16:15:45","slug":"lue-cauchemar-de-ses-citoyens","status":"publish","type":"post","link":"https:\/\/bruxelles-pantheres.be\/?p=2340","title":{"rendered":"L\u2019UE ?\u2026 cauchemar de ses citoyens !"},"content":{"rendered":"<div class=\"postThumbnail\"><a href=\"https:\/\/bruxelles-pantheres.be\/wp-content\/uploads\/2014\/12\/3325606150-1728x800_c.jpg\"><img decoding=\"async\" class=\"alignnone size-large wp-image-2341\" src=\"https:\/\/bruxelles-pantheres.be\/wp-content\/uploads\/2014\/12\/3325606150-1728x800_c-1024x474.jpg\" alt=\"3325606150-1728x800_c\" width=\"680\" height=\"315\" srcset=\"https:\/\/bruxelles-pantheres.be\/wp-content\/uploads\/2014\/12\/3325606150-1728x800_c-1024x474.jpg 1024w, https:\/\/bruxelles-pantheres.be\/wp-content\/uploads\/2014\/12\/3325606150-1728x800_c-300x139.jpg 300w, https:\/\/bruxelles-pantheres.be\/wp-content\/uploads\/2014\/12\/3325606150-1728x800_c-768x356.jpg 768w, https:\/\/bruxelles-pantheres.be\/wp-content\/uploads\/2014\/12\/3325606150-1728x800_c-1536x711.jpg 1536w, https:\/\/bruxelles-pantheres.be\/wp-content\/uploads\/2014\/12\/3325606150-1728x800_c-1320x611.jpg 1320w, https:\/\/bruxelles-pantheres.be\/wp-content\/uploads\/2014\/12\/3325606150-1728x800_c-540x250.jpg 540w, https:\/\/bruxelles-pantheres.be\/wp-content\/uploads\/2014\/12\/3325606150-1728x800_c.jpg 1728w\" sizes=\"(max-width: 680px) 100vw, 680px\" \/><\/a><\/div>\n<p>Comment en est-on arriv\u00e9 \u00e0 la situation de d\u00e9samour de plus en plus \u00e9vident entre l\u2019UE et ses citoyens\u00a0?<\/p>\n<p>Face \u00e0 l\u2019ampleur croissante du rejet, n\u2019importe quel responsable avis\u00e9 de quelque entreprise que ce soit se poserait la question. Mais, les fonctionnaires autistes et surpay\u00e9s de cette incompr\u00e9hensible et ennuyeuse machine qu\u2019est devenue l\u2019UE, vivent dans leur bulle, sans m\u00eame voir que celle-ci menace de plus en plus de leur \u00e9clater au visage et d\u2019y entra\u00eener les peuples qu\u2019ils pr\u00e9tendent mener.<\/p>\n<p>La faute \u00e0 qui\u00a0? Certainement pas aux populations qui ont <em>\u00ab\u00a0subi\u00a0\u00bb<\/em> cette Europe mise en place par une pl\u00e9thore de technocrates plus soucieux de leurs pr\u00e9rogatives et de leurs privil\u00e8ges que d\u2019accomplir ce qui \u00e9tait l\u2019objectif initial d\u2019un rapprochement des nations et des peuples europ\u00e9ens entre eux. Salaires injustifi\u00e9s, imp\u00f4ts minimes ou inexistants, avantages multiples, les fonctionnaires europ\u00e9ens n\u2019ont eu de cesse de s\u2019octroyer quantit\u00e9 d\u2019avantages incompr\u00e9hensibles et infond\u00e9s pour la plupart des habitants de l\u2019Union.<\/p>\n<p>Et n\u2019allez pas croire que vu la taille des h\u00e9micycles et le nombre de fourmis qui y si\u00e8gent l\u2019on s\u2019acharne \u00e0 la besogne. Non\u00a0! Il s\u2019agit plut\u00f4t d\u2019une ambiance de cigale o\u00f9 chacun vient selon son humeur, se distraire, s\u2019ennuyer et se diluer dans la masse anonyme de tous ces fonctionnaires improductifs, vivant largement sur le dos des populations europ\u00e9ennes qui elles, ont de plus en plus de mal \u00e0 nouer les deux bouts\u00a0! Pour exemple\u00a0: le gaspillage \u00e9hont\u00e9 qu\u2019entra\u00eene chaque mois depuis des dizaines d\u2019ann\u00e9es (!) la valse de ces technocrates contraints de se taper Strasbourg avec la noria de camions charg\u00e9s de leurs dossiers pour quelques jours de cession\u2026 parce que la France en est encore \u00e0 des pr\u00e9tentions d\u2019un autre \u00e2ge\u00a0! <em>\u00ab\u00a0Restrictions budg\u00e9taires\u00a0\u00bb,<\/em> <em>\u00ab\u00a0\u00e9conomies\u00a0\u00bb,<\/em> <em>\u00ab\u00a0restructurations\u00a0\u00bb,<\/em> <em>\u00ab\u00a0\u00e9cologie\u00a0\u00bb,<\/em> r\u00e9p\u00e8tent-ils\u00a0\u00e0 l\u2019envi ?\u2026 oui, pour les autres, comme toujours\u00a0!<\/p>\n<p>Les dossiers de discorde entre les populations et cette technocratie omnipotente sont nombreux\u00a0: privatisation des services\u00a0; dumping social\u00a0par une concurrence fauss\u00e9e de la part de pays \u00e0 bas salaires\u00a0; marchandisation des individus\u00a0; ouverture aveugle des fronti\u00e8res \u00e0 des pays o\u00f9 s\u00e9vissent des pratiques mafieuses\u00a0; politique ext\u00e9rieure erron\u00e9e dans nombre de cas (Palestine, Libye, Syrie, Ukraine,\u2026) et frapp\u00e9e d\u2019injustices \u00e9videntes\u00a0; politique fiscale in\u00e9quitable\u00a0; politique \u00e9nerg\u00e9tique disparate\u00a0et illisible ; politique migratoire d\u00e9sastreuse\u00a0; choix \u00e9cologiques timides face aux d\u00e9fis majeurs qui menacent les \u00e9quilibres de la plan\u00e8te\u00a0; financiarisation de l\u2019\u00e9conomie, \u2026 et j\u2019en passe\u00a0! Sans parler de la malencontreuse d\u00e9cision d\u2019\u00e9tablir une monnaie unique dans des pays qui n\u2019\u00e9taient manifestement pas pr\u00eats \u00e0 y participer. Voil\u00e0 le sinistre tableau qui fait qu\u2019aujourd\u2019hui des citoyens de plus en plus nombreux de pays voisins se dressent les uns contre les autres. Une partie des peuples de Gr\u00e8ce, d\u2019Espagne, du Portugal, d\u2019Italie et d\u2019autres\u2026 en veut \u00e0 l\u2019Allemagne pour son intransigeance \u00e0 imposer <em>\u00ab\u00a0les crit\u00e8res de convergence\u00a0\u00bb<\/em> jug\u00e9s trop s\u00e9v\u00e8res, achevant ainsi les plus pr\u00e9caires qui \u00e9taient d\u00e9j\u00e0 \u00e0 genoux\u2026 Loin d\u2019un sentiment de solidarit\u00e9, l\u2019on assiste \u00e0 un repli sur soi et \u00e0 la tentation de s\u2019isoler des autres\u2026 Belle r\u00e9ussite\u00a0!<\/p>\n<p>Et que dire des nababs qui pr\u00e9sident \u00e0 la BCE (Banque centrale europ\u00e9enne) o\u00f9 l\u2019on a d\u2019abord aper\u00e7u l\u2019hirsute n\u00e9erlandais W. Duisenberg et son autisme profond ; auquel a succ\u00e9d\u00e9 le p\u00e9dant fran\u00e7ais J-Cl. Trichet champion des d\u00e9cisions ineptes face aux march\u00e9s\u00a0; pour se farcir aujourd\u2019hui l\u2019ind\u00e9cis M. Draghi qui en-dehors d\u2019avertissements r\u00e9p\u00e9t\u00e9s ne parvient pas \u00e0 prendre les mesures que la situation \u00e9conomique catastrophique de l\u2019UE exige pourtant\u2026 En est-il un parmi eux qui est somm\u00e9 de s\u2019expliquer ou rendre des comptes de ses erreurs\u00a0!? Nullement\u2026 Pareil pour les Solana, Ashton, Van Rompuy, Barroso and c\u00b0\u2026 champions de la figuration, des poign\u00e9es de mains, du parler pour ne rien dire\u00a0! Dernier parvenu dans cette tragi-com\u00e9die europ\u00e9enne qui d\u00e9cid\u00e9ment rate ses virages \u00e0 chaque coup, J-Cl. Juncker, nouveau pr\u00e9sident de la Commission, bel exemple de probit\u00e9 d\u2019un 1<sup>er<\/sup> Ministre luxembourgeois dont le pays a pratiqu\u00e9 pendant des d\u00e9cennies l\u2019\u00e9vasion fiscale \u00e0 grande \u00e9chelle et d\u00e9fenseur farouche du secret bancaire\u2026 Ceux-l\u00e0, non \u00e9lus par la population, ne sont donc pas tenus pour responsables de leurs actes qui influent pourtant sur le quotidien de plus de centaines de millions d\u2019individus. \u00ab\u00a0<em>D\u00e9mocratie\u00a0\u00bb<\/em>, disiez-vous\u00a0!? Cherchez l\u2019erreur\u00a0!\u2026<\/p>\n<p>Malgr\u00e9 ce pi\u00e8tre constat, quand il est demand\u00e9 de se prononcer sur leur d\u00e9sir d\u2019Europe, une majorit\u00e9 de citoyens continue \u00e0 en vouloir l\u2019av\u00e8nement. Comprenant\u00a0 que dans la marche globalis\u00e9e du monde, il est sans doute plus utile de s\u2019unir que de se diviser. De cr\u00e9er des ponts plut\u00f4t que des murs. Mais en revanche, pas dans le cadre de ce qui leur est propos\u00e9 par les autorit\u00e9s en place. Et c\u2019est l\u00e0 que le b\u00e2t blesse\u00a0: les fonctionnaires europ\u00e9ens sont archi mal per\u00e7us \u2013 avec raison \u2013 par la population. Les d\u00e9cisions prises, les d\u00e9crets arr\u00eat\u00e9s, les directives ent\u00e9rin\u00e9es, les trait\u00e9s ordonn\u00e9s contre l\u2019avis des citoyens \u2013 quand ce n\u2019est pas dans leur dos\u00a0! \u2013 ne\u00a0 font qu\u2019\u00e9loigner ces derniers lentement mais s\u00fbrement des autorit\u00e9s qui les leur imposent. Et au lieu de s\u2019interroger sur les raisons de cet \u00e9cart pr\u00e9judiciable \u00e0 l\u2019avenir m\u00eame de l\u2019Europe, celles-ci s\u2019ent\u00eatent et poursuivent obstin\u00e9ment dans leur mani\u00e8re d\u2019agir en lieu et place de se remettre en question. Et ainsi, ann\u00e9e apr\u00e8s ann\u00e9e, ce qui devait tendre \u00e0 r\u00e9unir les peuples finit par les diviser.<\/p>\n<p>A vrai dire, et comme toujours d\u00e8s qu\u2019il s\u2019agit de responsabilit\u00e9s politiques, il y a une \u00e9norme carence p\u00e9dagogique de la part des cadres des institutions europ\u00e9ennes \u00e0 l\u2019\u00e9gard des populations. Apr\u00e8s des d\u00e9cennies de March\u00e9 commun, puis de CEE (Communaut\u00e9\u00a0 \u00e9conomique europ\u00e9enne) et maintenant d\u2019UE (Union Europ\u00e9enne), faites donc l\u2019exp\u00e9rience d\u2019un micro-trottoir\u00a0\u00e0 propos des institutions europ\u00e9ennes et \u00e9coutez ce que les citoyens en disent. Vous verrez rapidement que seule une infime minorit\u00e9 peut en expliquer les rouages sommaires. M\u00eame \u00e0 Bruxelles o\u00f9 l\u2019Europe a \u00e9tabli ses quartiers, la population dans son \u00e9crasante majorit\u00e9, ne comprend rien \u00e0 rien \u00e0 ces institutions complexes pour ne pas dire confuses. Avec pour r\u00e9sultat que l\u2019UE se construit sans son principal acteur, \u00e0 savoir, la population europ\u00e9enne elle-m\u00eame ! Ou en d\u2019autres mots, l\u2019on a mis en place une gigantesque machine technocratique, en oubliant d\u2019y insuffler le minimum d\u2019\u00e2me indispensable \u00e0 la rendre humaine, accessible et appr\u00e9ciable par ses concitoyens, principaux concern\u00e9s par cet \u00e9norme projet\u2026<\/p>\n<p>D\u00e8s lors, comment ne pas penser que sauf changement radical, l\u2019avenir de cette titanesque et invraisemblable machinerie est compromis\u00a0? Et que s\u2019il survenait quelques p\u00e9pins suppl\u00e9mentaires dans son actuelle \u00e9laboration, un effondrement de cet ensemble fragilis\u00e9 par ceux-l\u00e0 m\u00eames qui en ont la charge n\u2019est plus du domaine d\u2019un mauvais r\u00eave, mais au contraire, semble s\u00e9duire de plus en plus de citoyens europ\u00e9ens, lass\u00e9s par tant de gabegies et d\u2019incomp\u00e9tences\u2026 Jusqu\u2019au sein des institutions elles-m\u00eames o\u00f9 croissent les <em>\u00ab euro-sceptiques\u00a0\u00bb<\/em> le plus souvent de droite pour ne pas dire d\u2019extr\u00eame-droite\u2026 Ce qui augure de lendemains bien \u00e9loign\u00e9s des chants promis, mais plus proches de cauchemars que l\u2019on pensait sans doute de mani\u00e8re na\u00efve, appartenir d\u00e9finitivement au pass\u00e9\u2026<\/p>\n<p><strong>Daniel Vanhove<\/strong><\/p>\n<p>08.12.14<\/p>\n<p><em><strong>Daniel Vanhove<\/strong> : \u00a0Observateur civil et auteur<\/em><\/p>\n<p><em>\u00ab\u00a0Si vous d\u00e9truisez nos maisons, vous ne d\u00e9truirez pas nos \u00e2mes\u00a0\u00bb<\/em> \u2013 2005 \u2013 Ed. M. Pietteur<\/p>\n<p><em>\u00ab\u00a0La D\u00e9mocratie Mensonge\u00a0\u00bb<\/em> \u2013 2008 \u2013 Ed. M. Pietteur<\/p>\n","protected":false},"excerpt":{"rendered":"<p>Comment en est-on arriv\u00e9 \u00e0 la situation de d\u00e9samour de plus en plus \u00e9vident entre l\u2019UE et ses citoyens\u00a0? Face \u00e0 l\u2019ampleur croissante du rejet, n\u2019importe quel responsable avis\u00e9 de quelque entreprise que ce soit se poserait la question. Mais, les fonctionnaires autistes et surpay\u00e9s de cette incompr\u00e9hensible et ennuyeuse machine qu\u2019est devenue l\u2019UE, vivent &#8230; <a title=\"L\u2019UE ?\u2026 cauchemar de ses citoyens !\" class=\"read-more\" href=\"https:\/\/bruxelles-pantheres.be\/?p=2340\" aria-label=\"En savoir plus sur L\u2019UE ?\u2026 cauchemar de ses citoyens !\">Lire la suite<\/a><\/p>\n","protected":false},"author":1,"featured_media":1230,"comment_status":"open","ping_status":"open","sticky":false,"template":"","format":"standard","meta":{"footnotes":""},"categories":[36],"tags":[125,94],"class_list":["post-2340","post","type-post","status-publish","format-standard","has-post-thumbnail","hentry","category-europe","tag-crise-economique","tag-daniel-vanhove"],"_links":{"self":[{"href":"https:\/\/bruxelles-pantheres.be\/index.php?rest_route=\/wp\/v2\/posts\/2340","targetHints":{"allow":["GET"]}}],"collection":[{"href":"https:\/\/bruxelles-pantheres.be\/index.php?rest_route=\/wp\/v2\/posts"}],"about":[{"href":"https:\/\/bruxelles-pantheres.be\/index.php?rest_route=\/wp\/v2\/types\/post"}],"author":[{"embeddable":true,"href":"https:\/\/bruxelles-pantheres.be\/index.php?rest_route=\/wp\/v2\/users\/1"}],"replies":[{"embeddable":true,"href":"https:\/\/bruxelles-pantheres.be\/index.php?rest_route=%2Fwp%2Fv2%2Fcomments&post=2340"}],"version-history":[{"count":1,"href":"https:\/\/bruxelles-pantheres.be\/index.php?rest_route=\/wp\/v2\/posts\/2340\/revisions"}],"predecessor-version":[{"id":2342,"href":"https:\/\/bruxelles-pantheres.be\/index.php?rest_route=\/wp\/v2\/posts\/2340\/revisions\/2342"}],"wp:featuredmedia":[{"embeddable":true,"href":"https:\/\/bruxelles-pantheres.be\/index.php?rest_route=\/wp\/v2\/media\/1230"}],"wp:attachment":[{"href":"https:\/\/bruxelles-pantheres.be\/index.php?rest_route=%2Fwp%2Fv2%2Fmedia&parent=2340"}],"wp:term":[{"taxonomy":"category","embeddable":true,"href":"https:\/\/bruxelles-pantheres.be\/index.php?rest_route=%2Fwp%2Fv2%2Fcategories&post=2340"},{"taxonomy":"post_tag","embeddable":true,"href":"https:\/\/bruxelles-pantheres.be\/index.php?rest_route=%2Fwp%2Fv2%2Ftags&post=2340"}],"curies":[{"name":"wp","href":"https:\/\/api.w.org\/{rel}","templated":true}]}}