{"id":2349,"date":"2014-12-25T12:22:13","date_gmt":"2014-12-25T11:22:13","guid":{"rendered":"https:\/\/bruxelles-pantheres.be\/?p=2349"},"modified":"2014-12-20T18:25:48","modified_gmt":"2014-12-20T17:25:48","slug":"les-prisonniers-politique-indigenes-en-occident","status":"publish","type":"post","link":"https:\/\/bruxelles-pantheres.be\/?p=2349","title":{"rendered":"Les prisonniers politique \u00ab indig\u00e8nes \u00bb en Occident"},"content":{"rendered":"<p>Il sont cinq. Cinq comme les cinq doigts d\u2019une main qui se referme en un poing de col\u00e8re et de r\u00e9sistance.<\/p>\n<p style=\"text-align: left;\">Le premier, un journaliste \u00e9crivain afro-am\u00e9ricain, militant des Black Panthers condamn\u00e9 \u00e0 mort dans un premier temps, est d\u00e9tenu \u00e0 perp\u00e9tuit\u00e9 depuis1982. Le second, incarc\u00e9r\u00e9 depuis 1976, condamn\u00e9 \u00e0 deux fois la perp\u00e9tuit\u00e9, est un militant de l\u2019Am\u00e9rican Indian Movement. La troisi\u00e8me a \u00e9t\u00e9 contrainte \u00e0 l\u2019exil pour \u00e9chapper \u00e0 la d\u00e9tention \u00e0 perp\u00e9tuit\u00e9 aux \u00c9tats-Unis. R\u00e9fugi\u00e9e \u00e0 Cuba depuis son \u00e9vasion en 1979 elle est, depuis 2005, consid\u00e9r\u00e9e comme une \u00ab terroriste int\u00e9rieure \u00bb. Le quatri\u00e8me est le leader palestinien que l\u2019on sait. Enferm\u00e9 dans une ge\u00f4le isra\u00e9lienne depuis 2002, il a \u00e9t\u00e9 condamn\u00e9 \u00e0 cinq fois la prison \u00e0 vie. Le cinqui\u00e8me, militant communiste r\u00e9volutionnaire pro-palestinien, membre des FARL, est d\u00e9tenu en France depuis pr\u00e8s de 31 ans.<\/p>\n<p style=\"text-align: center;\">\n<iframe src=\"\/\/www.youtube.com\/embed\/cTk4zhO0szQ\" width=\"420\" height=\"315\" frameborder=\"0\" allowfullscreen=\"allowfullscreen\"><\/iframe><\/p>\n<p>Sylvain Duez-Alessandrini \u00e0 propos de\u00a0Leonard PELTIER (00:05:53)<\/p>\n<p>Orea Ramite \u00a0\u00e0 propos de\u00a0Mumia Abu JAMAL\u00a0(00:35:46)<\/p>\n<p>Me Jean-Louis Chalanset \u00e0 propos de\u00a0Georges Ibrahim ABDALLAH (01:07:00 )<\/p>\n<p>Bertin Doudy et Ilunga Kalala, Pr\u00e9sentation UHURU (01:34:00)<\/p>\n<p>Youssef Boussoumah \u00e0 propos de\u00a0Assata SHAKUR\/Marwan BARGHOUTI (01:53:15)<\/p>\n<p>Conclusion de Youssef Boussoumah (02:07:26)<\/p>\n<p style=\"text-align: right;\"><a href=\"http:\/\/indigenes-republique.fr\/les-prisonniers-politique-indigenes-en-occident\/\">Source<\/a><\/p>\n","protected":false},"excerpt":{"rendered":"<p>Il sont cinq. Cinq comme les cinq doigts d\u2019une main qui se referme en un poing de col\u00e8re et de r\u00e9sistance. Le premier, un journaliste \u00e9crivain afro-am\u00e9ricain, militant des Black Panthers condamn\u00e9 \u00e0 mort dans un premier temps, est d\u00e9tenu \u00e0 perp\u00e9tuit\u00e9 depuis1982. Le second, incarc\u00e9r\u00e9 depuis 1976, condamn\u00e9 \u00e0 deux fois la perp\u00e9tuit\u00e9, est &#8230; <a title=\"Les prisonniers politique \u00ab indig\u00e8nes \u00bb en Occident\" class=\"read-more\" href=\"https:\/\/bruxelles-pantheres.be\/?p=2349\" aria-label=\"En savoir plus sur Les prisonniers politique \u00ab indig\u00e8nes \u00bb en Occident\">Lire la suite<\/a><\/p>\n","protected":false},"author":1,"featured_media":1755,"comment_status":"open","ping_status":"open","sticky":false,"template":"","format":"standard","meta":{"footnotes":""},"categories":[21,8,28,17],"tags":[84,23,12,54,15,49],"class_list":["post-2349","post","type-post","status-publish","format-standard","has-post-thumbnail","hentry","category-anti-imperialisme","category-prisons","category-racismes","category-video","tag-black-power","tag-discrimination","tag-gaza","tag-police","tag-resistance","tag-usa"],"_links":{"self":[{"href":"https:\/\/bruxelles-pantheres.be\/index.php?rest_route=\/wp\/v2\/posts\/2349","targetHints":{"allow":["GET"]}}],"collection":[{"href":"https:\/\/bruxelles-pantheres.be\/index.php?rest_route=\/wp\/v2\/posts"}],"about":[{"href":"https:\/\/bruxelles-pantheres.be\/index.php?rest_route=\/wp\/v2\/types\/post"}],"author":[{"embeddable":true,"href":"https:\/\/bruxelles-pantheres.be\/index.php?rest_route=\/wp\/v2\/users\/1"}],"replies":[{"embeddable":true,"href":"https:\/\/bruxelles-pantheres.be\/index.php?rest_route=%2Fwp%2Fv2%2Fcomments&post=2349"}],"version-history":[{"count":1,"href":"https:\/\/bruxelles-pantheres.be\/index.php?rest_route=\/wp\/v2\/posts\/2349\/revisions"}],"predecessor-version":[{"id":2350,"href":"https:\/\/bruxelles-pantheres.be\/index.php?rest_route=\/wp\/v2\/posts\/2349\/revisions\/2350"}],"wp:featuredmedia":[{"embeddable":true,"href":"https:\/\/bruxelles-pantheres.be\/index.php?rest_route=\/wp\/v2\/media\/1755"}],"wp:attachment":[{"href":"https:\/\/bruxelles-pantheres.be\/index.php?rest_route=%2Fwp%2Fv2%2Fmedia&parent=2349"}],"wp:term":[{"taxonomy":"category","embeddable":true,"href":"https:\/\/bruxelles-pantheres.be\/index.php?rest_route=%2Fwp%2Fv2%2Fcategories&post=2349"},{"taxonomy":"post_tag","embeddable":true,"href":"https:\/\/bruxelles-pantheres.be\/index.php?rest_route=%2Fwp%2Fv2%2Ftags&post=2349"}],"curies":[{"name":"wp","href":"https:\/\/api.w.org\/{rel}","templated":true}]}}