{"id":2357,"date":"2014-12-29T18:49:15","date_gmt":"2014-12-29T17:49:15","guid":{"rendered":"https:\/\/bruxelles-pantheres.be\/?p=2357"},"modified":"2014-12-29T18:49:15","modified_gmt":"2014-12-29T17:49:15","slug":"journee-internationale-contre-lislamophobie","status":"publish","type":"post","link":"https:\/\/bruxelles-pantheres.be\/?p=2357","title":{"rendered":"JOURN\u00c9E INTERNATIONALE CONTRE L\u2019ISLAMOPHOBIE \u2013"},"content":{"rendered":"<p style=\"text-align: center;\"><a href=\"https:\/\/bruxelles-pantheres.be\/wp-content\/uploads\/2014\/12\/10626251_749475071787572_6604658307617673028_o.jpg\"><img decoding=\"async\" class=\"alignnone size-large wp-image-2358\" src=\"https:\/\/bruxelles-pantheres.be\/wp-content\/uploads\/2014\/12\/10626251_749475071787572_6604658307617673028_o-1024x703.jpg\" alt=\"10626251_749475071787572_6604658307617673028_o\" width=\"680\" height=\"467\" srcset=\"https:\/\/bruxelles-pantheres.be\/wp-content\/uploads\/2014\/12\/10626251_749475071787572_6604658307617673028_o-1024x703.jpg 1024w, https:\/\/bruxelles-pantheres.be\/wp-content\/uploads\/2014\/12\/10626251_749475071787572_6604658307617673028_o-300x206.jpg 300w, https:\/\/bruxelles-pantheres.be\/wp-content\/uploads\/2014\/12\/10626251_749475071787572_6604658307617673028_o-768x527.jpg 768w, https:\/\/bruxelles-pantheres.be\/wp-content\/uploads\/2014\/12\/10626251_749475071787572_6604658307617673028_o-1536x1054.jpg 1536w, https:\/\/bruxelles-pantheres.be\/wp-content\/uploads\/2014\/12\/10626251_749475071787572_6604658307617673028_o-1320x906.jpg 1320w, https:\/\/bruxelles-pantheres.be\/wp-content\/uploads\/2014\/12\/10626251_749475071787572_6604658307617673028_o-540x370.jpg 540w, https:\/\/bruxelles-pantheres.be\/wp-content\/uploads\/2014\/12\/10626251_749475071787572_6604658307617673028_o.jpg 2048w\" sizes=\"(max-width: 680px) 100vw, 680px\" \/><\/a><\/p>\n<p><em><strong>JOURN\u00c9E INTERNATIONALE CONTRE L\u2019ISLAMOPHOBIE \u2013 <\/strong><\/em><br \/>\n<em><strong>14 d\u00e9cembre 2014 \u00e0 Bruxelles.<\/strong><\/em><\/p>\n<p>Vid\u00e9o : Panel international anim\u00e9 par Nadia Fadil (1*) et compos\u00e9 de Myriam Aouragh (2) pour les Pays-Bas et l&rsquo;Angleterre, Houria Bouteldja (3) pour la France, Julie Pascoet (4) pour la Belgique et de Thomas Deltombe (5) pour la France. (*voir notes en bas de page)<\/p>\n<p>Les interventions des conf\u00e9renci\u00e8res se sont articul\u00e9es autour de trois principaux axes :<\/p>\n<ol>\n<li>\u00a0&#8211; La d\u00e9finition de l&rsquo;islamophobie et l&rsquo;identification des acteurs politiques de l&rsquo;islamophobie, notamment au sein des partis de gauche.<\/li>\n<li>\u00a0&#8211; Strat\u00e9gies, organisation, actions, convergences des luttes et intersectionalit\u00e9.<\/li>\n<li>\u00a0&#8211; L&rsquo;importance de construire des solidarit\u00e9s internationales.<br \/>\nLa conf\u00e9rence se termine par les questions et interventions du public et les r\u00e9ponses donn\u00e9es par les conf\u00e9rencier.e.s.<br \/>\nR\u00e9sumer l&rsquo;ensemble des interventions, toutes plus int\u00e9ressantes et enrichissantes les unes que les autres dans leur globalit\u00e9, ne nous semble pas judicieux. Nous vous invitons \u00e0 toutes les \u00e9couter attentivement pour bien comprendre les similarit\u00e9s du fait islamophobe en Europe, mais aussi prendre connaissance des sp\u00e9cificit\u00e9s politiques locales\/nationales.<\/li>\n<\/ol>\n<ul>\n<li>(1) <a href=\"http:\/\/soc.kuleuven.be\/web\/memberitem\/6\/29\/eng\/92\">Nadia Fadil <\/a>: Professeure \u00e0 la facult\u00e9 des sciences sociales de l&rsquo;Universit\u00e9 Catholique de Louvain &#8211; KY Leuven. Centre de recherche sur l&rsquo;interculturalisme, les migrations et les minorit\u00e9s.<\/li>\n<li>(2) <a href=\"http:\/\/www.oii.ox.ac.uk\/people\/?id=151\">Myriam Aouragh<\/a> : Anthropologue, ses travaux se concentrent sur les races et les racismes, \u00e9galement sur les mouvement politiques Palestiniens. Sp\u00e9cialis\u00e9e dans l&rsquo;\u00e9tude des mouvement activistes utilisant l&rsquo;internet comme moyen de lutte et de r\u00e9sistance.<\/li>\n<li>(3) Houria Bouteldja : Membre fondatrice et porte-parole du <a href=\"http:\/\/indigenes-republique.fr\">Parti des Indig\u00e8nes de la R\u00e9publique (PIR)<\/a>. Elle a publi\u00e9 de nombreux articles et particip\u00e9 \u00e0 de nombreuses conf\u00e9rences internationales, en particulier sur les questions d\u2019islamophobie, de race et les questions f\u00e9ministes.<\/li>\n<li>(4) Julie Pasco\u00ebt : Responsable politique aupr\u00e8s d&rsquo;<a href=\"http:\/\/enar-eu.org\/\">ENAR, le R\u00e9seau europ\u00e9en contre le racisme<\/a>.<\/li>\n<li>(5) Thomas Deltombe : Journaliste et essayiste fran\u00e7ais, collaborateur notamment au Monde diplomatique. Il est dipl\u00f4m\u00e9 de Sciences Po et titulaire d&rsquo;un DEA d&rsquo;histoire contemporaine. Ses r\u00e9centes interventions et articles portent sur les m\u00e9dias et l&rsquo;islam, l&rsquo;Afrique, l&rsquo;histoire coloniale. Il est l&rsquo;auteur du livre paru aux <a href=\"http:\/\/www.editionsladecouverte.fr\/catalogue\/index-L_Islam_imaginaire-9782707163189.html\">\u00c9ditions la D\u00e9couverte : L&rsquo;Islam imaginaire &#8211; La construction m\u00e9diatique de l&rsquo;islamophobie en France, 1975-2005<\/a>.<\/li>\n<\/ul>\n<p><iframe src=\"\/\/www.youtube.com\/embed\/uoID2BRe_Z8\" width=\"560\" height=\"315\" frameborder=\"0\" allowfullscreen=\"allowfullscreen\"><\/iframe><\/p>\n<div id=\"content-wrapper\">\n<div id=\"content\">\n<section id=\"main-content\">\n<article id=\"post-2305\" class=\"post-2305 post type-post status-publish format-standard has-post-thumbnail hentry category-emploi category-enseignement category-islamophobie category-racismes category-resistance-bruxelles tag-belgique tag-bruxelles tag-nordine-saidi tag-resistance\">\n<header>\n<h5><a href=\"https:\/\/bruxelles-pantheres.be\/?p=2305\">Journ\u00e9e internationale contre l\u2019islamophobie #Bruxelles<\/a><\/h5>\n<p>&nbsp;<\/p>\n<\/header>\n<\/article>\n<\/section>\n<\/div>\n<\/div>\n","protected":false},"excerpt":{"rendered":"<p>JOURN\u00c9E INTERNATIONALE CONTRE L\u2019ISLAMOPHOBIE \u2013 14 d\u00e9cembre 2014 \u00e0 Bruxelles. Vid\u00e9o : Panel international anim\u00e9 par Nadia Fadil (1*) et compos\u00e9 de Myriam Aouragh (2) pour les Pays-Bas et l&rsquo;Angleterre, Houria Bouteldja (3) pour la France, Julie Pascoet (4) pour la Belgique et de Thomas Deltombe (5) pour la France. (*voir notes en bas de &#8230; <a title=\"JOURN\u00c9E INTERNATIONALE CONTRE L\u2019ISLAMOPHOBIE \u2013\" class=\"read-more\" href=\"https:\/\/bruxelles-pantheres.be\/?p=2357\" aria-label=\"En savoir plus sur JOURN\u00c9E INTERNATIONALE CONTRE L\u2019ISLAMOPHOBIE \u2013\">Lire la suite<\/a><\/p>\n","protected":false},"author":1,"featured_media":2358,"comment_status":"open","ping_status":"open","sticky":false,"template":"","format":"standard","meta":{"footnotes":""},"categories":[22,25,36,4,18,28,17],"tags":[31,14,23,15,9],"class_list":["post-2357","post","type-post","status-publish","format-standard","has-post-thumbnail","hentry","category-emploi","category-enseignement","category-europe","category-islamophobie","category-resistance-bruxelles","category-racismes","category-video","tag-belgique","tag-bruxelles","tag-discrimination","tag-resistance","tag-voile"],"_links":{"self":[{"href":"https:\/\/bruxelles-pantheres.be\/index.php?rest_route=\/wp\/v2\/posts\/2357","targetHints":{"allow":["GET"]}}],"collection":[{"href":"https:\/\/bruxelles-pantheres.be\/index.php?rest_route=\/wp\/v2\/posts"}],"about":[{"href":"https:\/\/bruxelles-pantheres.be\/index.php?rest_route=\/wp\/v2\/types\/post"}],"author":[{"embeddable":true,"href":"https:\/\/bruxelles-pantheres.be\/index.php?rest_route=\/wp\/v2\/users\/1"}],"replies":[{"embeddable":true,"href":"https:\/\/bruxelles-pantheres.be\/index.php?rest_route=%2Fwp%2Fv2%2Fcomments&post=2357"}],"version-history":[{"count":1,"href":"https:\/\/bruxelles-pantheres.be\/index.php?rest_route=\/wp\/v2\/posts\/2357\/revisions"}],"predecessor-version":[{"id":2359,"href":"https:\/\/bruxelles-pantheres.be\/index.php?rest_route=\/wp\/v2\/posts\/2357\/revisions\/2359"}],"wp:featuredmedia":[{"embeddable":true,"href":"https:\/\/bruxelles-pantheres.be\/index.php?rest_route=\/wp\/v2\/media\/2358"}],"wp:attachment":[{"href":"https:\/\/bruxelles-pantheres.be\/index.php?rest_route=%2Fwp%2Fv2%2Fmedia&parent=2357"}],"wp:term":[{"taxonomy":"category","embeddable":true,"href":"https:\/\/bruxelles-pantheres.be\/index.php?rest_route=%2Fwp%2Fv2%2Fcategories&post=2357"},{"taxonomy":"post_tag","embeddable":true,"href":"https:\/\/bruxelles-pantheres.be\/index.php?rest_route=%2Fwp%2Fv2%2Ftags&post=2357"}],"curies":[{"name":"wp","href":"https:\/\/api.w.org\/{rel}","templated":true}]}}