{"id":2374,"date":"2015-01-09T14:02:34","date_gmt":"2015-01-09T13:02:34","guid":{"rendered":"https:\/\/bruxelles-pantheres.be\/?p=2374"},"modified":"2015-01-09T16:24:19","modified_gmt":"2015-01-09T15:24:19","slug":"bruxelles-pantheres-adresse-tout-son-soutien-aux-freres-et-soeurs-du-parti-des-indigenes-de-la-republique","status":"publish","type":"post","link":"https:\/\/bruxelles-pantheres.be\/?p=2374","title":{"rendered":"Bruxelles Panth\u00e8res adresse tout son soutien aux fr\u00e8res et s\u0153urs du Parti des indig\u00e8nes de la r\u00e9publique"},"content":{"rendered":"<p style=\"text-align: center;\"><a href=\"https:\/\/bruxelles-pantheres.be\/wp-content\/uploads\/2013\/11\/arton1668-170x300.jpg\"><img decoding=\"async\" class=\"alignnone size-full wp-image-1039\" src=\"https:\/\/bruxelles-pantheres.be\/wp-content\/uploads\/2013\/11\/arton1668-170x300.jpg\" alt=\"arton1668-170x300\" width=\"170\" height=\"300\" \/><\/a><\/p>\n<p>Bruxelles Panth\u00e8res apprend avec stup\u00e9faction et indignation les propos scandaleux de Jeanette Boughrab, ancienne secr\u00e9taire d&rsquo;\u00c9tat sous Sarkozy, qui tient pour responsables nos fr\u00e8res et s\u0153urs du Parti des indig\u00e8nes de la r\u00e9publique (PIR) de l\u2019assassinat des journalistes de Charlie Hebdo.<\/p>\n<p>L&rsquo;attaque contre Charlie Hebdo \u00e9tait une attaque terroriste. Le PIR, quant \u00e0 lui, est une force d\u00e9mocratique et progressiste qui r\u00e9siste et lutte contre le racisme et l\u2019islamophobie.<\/p>\n<p>Les attaques dont est victime aujourd\u2019hui le PIR sont non seulement scandaleuses mais loin d&rsquo;\u00eatre isol\u00e9es, c\u2019est pourquoi nous devons condamner les propos tenus par Jeanette Boughrab car elle contribue \u00e0 un climat de criminalisation de la lutte contre le racisme et l&rsquo;islamophobie.<\/p>\n<p>Bien que le PIR et les organisateurs\/trices des Yabon-Awards\u00a0 ne sont pas les seul.e.s ayant d\u00e9nonc\u00e9, \u00e0 raison, le caract\u00e8re raciste, syst\u00e9matique et r\u00e9curent des publications de Charlie Hebdo, nous constatons que seules les organisations Noires, Arabes et Musulmanes sont cibl\u00e9es par Jeanette Boughrab, organisations qu&rsquo;elle rend responsables d&rsquo;un crime odieux.<\/p>\n<p>Cible de l\u2019extr\u00eame-droite depuis de nombreuses ann\u00e9es, le Parti des Indig\u00e8nes de la R\u00e9publique a \u00e9galement fait l\u2019objet d\u2019une proc\u00e9dure de justice inqui\u00e9tante visant \u00e0 faire taire les luttes radicalement antiracistes, anticolonialistes et antisionistes qu\u2019elle d\u00e9fend.<\/p>\n<p><span class=\"im\">Bruxelles Panth\u00e8res adresse tout son soutien aux fr\u00e8res et s\u0153urs du Parti des indig\u00e8nes de la r\u00e9publique et appelle tous et chacun \u00e0 d\u00e9clarer sa solidarit\u00e9 avec le PIR.<\/span><\/p>\n<p>&nbsp;<\/p>\n","protected":false},"excerpt":{"rendered":"<p>Bruxelles Panth\u00e8res apprend avec stup\u00e9faction et indignation les propos scandaleux de Jeanette Boughrab, ancienne secr\u00e9taire d&rsquo;\u00c9tat sous Sarkozy, qui tient pour responsables nos fr\u00e8res et s\u0153urs du Parti des indig\u00e8nes de la r\u00e9publique (PIR) de l\u2019assassinat des journalistes de Charlie Hebdo. L&rsquo;attaque contre Charlie Hebdo \u00e9tait une attaque terroriste. Le PIR, quant \u00e0 lui, est &#8230; <a title=\"Bruxelles Panth\u00e8res adresse tout son soutien aux fr\u00e8res et s\u0153urs du Parti des indig\u00e8nes de la r\u00e9publique\" class=\"read-more\" href=\"https:\/\/bruxelles-pantheres.be\/?p=2374\" aria-label=\"En savoir plus sur Bruxelles Panth\u00e8res adresse tout son soutien aux fr\u00e8res et s\u0153urs du Parti des indig\u00e8nes de la r\u00e9publique\">Lire la suite<\/a><\/p>\n","protected":false},"author":1,"featured_media":2187,"comment_status":"open","ping_status":"open","sticky":false,"template":"","format":"standard","meta":{"footnotes":""},"categories":[36,4],"tags":[130],"class_list":["post-2374","post","type-post","status-publish","format-standard","has-post-thumbnail","hentry","category-europe","category-islamophobie","tag-parti-des-indigenes-de-la-republique"],"_links":{"self":[{"href":"https:\/\/bruxelles-pantheres.be\/index.php?rest_route=\/wp\/v2\/posts\/2374","targetHints":{"allow":["GET"]}}],"collection":[{"href":"https:\/\/bruxelles-pantheres.be\/index.php?rest_route=\/wp\/v2\/posts"}],"about":[{"href":"https:\/\/bruxelles-pantheres.be\/index.php?rest_route=\/wp\/v2\/types\/post"}],"author":[{"embeddable":true,"href":"https:\/\/bruxelles-pantheres.be\/index.php?rest_route=\/wp\/v2\/users\/1"}],"replies":[{"embeddable":true,"href":"https:\/\/bruxelles-pantheres.be\/index.php?rest_route=%2Fwp%2Fv2%2Fcomments&post=2374"}],"version-history":[{"count":3,"href":"https:\/\/bruxelles-pantheres.be\/index.php?rest_route=\/wp\/v2\/posts\/2374\/revisions"}],"predecessor-version":[{"id":2377,"href":"https:\/\/bruxelles-pantheres.be\/index.php?rest_route=\/wp\/v2\/posts\/2374\/revisions\/2377"}],"wp:featuredmedia":[{"embeddable":true,"href":"https:\/\/bruxelles-pantheres.be\/index.php?rest_route=\/wp\/v2\/media\/2187"}],"wp:attachment":[{"href":"https:\/\/bruxelles-pantheres.be\/index.php?rest_route=%2Fwp%2Fv2%2Fmedia&parent=2374"}],"wp:term":[{"taxonomy":"category","embeddable":true,"href":"https:\/\/bruxelles-pantheres.be\/index.php?rest_route=%2Fwp%2Fv2%2Fcategories&post=2374"},{"taxonomy":"post_tag","embeddable":true,"href":"https:\/\/bruxelles-pantheres.be\/index.php?rest_route=%2Fwp%2Fv2%2Ftags&post=2374"}],"curies":[{"name":"wp","href":"https:\/\/api.w.org\/{rel}","templated":true}]}}