{"id":238,"date":"2013-07-04T00:35:05","date_gmt":"2013-07-03T23:35:05","guid":{"rendered":"https:\/\/bruxelles-pantheres.be\/?p=238"},"modified":"2013-11-10T00:37:39","modified_gmt":"2013-11-09T23:37:39","slug":"lettre-ouverte-a-fadila-laanan-ministre-de-la-culture-de-laudiovisuel-de-la-sante-et-de-legalite-des-chances-de-la-communaute-francaise-de-belgique","status":"publish","type":"post","link":"https:\/\/bruxelles-pantheres.be\/?p=238","title":{"rendered":"Lettre ouverte \u00e0 Fadila Laanan. Ministre de la Culture, de l\u2019Audiovisuel, de la Sant\u00e9 et de l\u2019\u00c9galit\u00e9 des Chances de la Communaut\u00e9 fran\u00e7aise de Belgique."},"content":{"rendered":"<div>\n<div><\/div>\n<div>\n<p><a href=\"http:\/\/www.rtbf.be\/tv\/article\/detail_appel-a-candidatures-je-veux-ce-joooooob?id=8025549\">Appel \u00e0 candidatures: Je veux ce Joooooob!\u00a9<img decoding=\"async\" class=\"attachment-post-thumbnail wp-post-image alignright\" alt=\"banksy-graffiti-throw-away-tv\" src=\"http:\/\/www.egalite.be\/wp-content\/uploads\/2013\/07\/banksy-graffiti-throw-away-tv.jpg\" width=\"468\" height=\"351\" \/> <\/a><\/p>\n<\/div>\n<\/div>\n<p>A l\u2019initiative du Mouvement politique des objecteurs de croissance<\/p>\n<p>Occupy Namur<\/p>\n<p>Occupy Bruxelles<\/p>\n<p>Occupy Charleroi<\/p>\n<p>Egalit\u00e9<\/p>\n<p>RTBF89<\/p>\n<p>Les Amis de la Terre Belgique<\/p>\n<p>Coop\u00e9rative Vega<\/p>\n<p>Des citoyens indign\u00e9s<\/p>\n<p>&nbsp;<\/p>\n<p>Limelette, le 3 juillet 2013<\/p>\n<p>Madame la ministre,<\/p>\n<p>C\u2019est\u00a0\u00a0 avec\u00a0\u00a0 indignation que nous avons appris que la RTBF t\u00e9l\u00e9vision\u00a0 souhaitait r\u00e9aliser une \u00e9mission de t\u00e9l\u00e9-r\u00e9alit\u00e9 intitul\u00e9e\u00a0\u00a0 \u00ab Je veux ce joooob \u00bb\u00a0\u00a0 et\u00a0\u00a0 mettant en sc\u00e8ne des ch\u00f4meuses et des ch\u00f4meurs pr\u00eats \u00e0\u00a0 tout\u00a0\u00a0 pour trouver de l\u2019emploi.<!--more--><\/p>\n<p>\u00ab Envoyer un CV n\u2019est d\u00e9sormais plus suffisant pour trouver un emploi, et se d\u00e9marquer. Alors \u00e0 circonstance exceptionnelle, moyen exceptionnel.Le\u00a0\u00a0 candidat aura donc trois jours, et pas un de plus, pour r\u00e9aliser un d\u00e9fi hors du commun afin d\u2019impressionner, \u00e0 son insu, son futur patron. Dans cette course contre la montre, il n\u2019aura d\u2019autre choix que de faire appel \u00e0 la solidarit\u00e9 de ses proches et de sa famille.<\/p>\n<p>S\u00e9duction, persuasion, n\u00e9gociation seront n\u00e9cessaires pour relever ce d\u00e9fi de taille et m\u00e9riter le job de ses r\u00eaves. Pour aider le candidat \u00e0 accomplir sa t\u00e2che,\u00a0\u00a0 le pr\u00e9sentateur et les coaches mettront \u00e0 disposition leur carnet d\u2019adresse mais aussi, leur motivation et leur \u00e9nergie. \u00bb<\/p>\n<p>&nbsp;<\/p>\n<p>Les signataires de ce texte s\u2019inscrivent en compl\u00e8te opposition avec les valeurs pr\u00e9sent\u00e9es par cette \u00e9mission.<\/p>\n<p>&nbsp;<\/p>\n<p>&#8211;\u00a0\u00a0 On ne se divertit pas du malheur des autres. Pour nous, se divertir sur le dos \u00a0de gens d\u00e9sesp\u00e9r\u00e9s et pr\u00eats \u00e0 tout pour s\u2019en sortir est malsain.<\/p>\n<p>&#8211;\u00a0\u00a0 On culpabilise le ch\u00f4meur de sa situation : s\u2019il n\u2019est pas \u00ab pr\u00eat \u00e0 tout \u00bb, c\u2019est qu\u2019il ne cherche pas vraiment de l\u2019emploi. Or, la pr\u00e9sentation de l\u2019\u00e9mission le \u00a0dit\u00a0\u00a0 tr\u00e8s\u00a0\u00a0 bien : les circonstances sont exceptionnelles.<\/p>\n<p>Pourquoi donc tout mettre sur le dos\u00a0 des ch\u00f4meurs ? Tant qu\u2019\u00e0 faire, pourquoi\u00a0\u00a0\u00a0 \u00a0pas des \u00a0confessions publiques du type \u00ab mea culpa, je co\u00fbte cher \u00e0 la soci\u00e9t\u00e9, je suis donc un sous-humain ? \u00bb Cette \u00e9mission est lourdement discriminatoire.<\/p>\n<p>&#8211;\u00a0\u00a0 Cette \u00e9mission \u00e9vite soigneusement de parler des causes de la crise : course \u00a0\u00e0 la\u00a0 croissance infinie pourtant impossible sur une plan\u00e8te limit\u00e9e, crise \u00e9cologique, crise \u00e9conomique, crise politique, crise de sens.<\/p>\n<p>&#8211;\u00a0\u00a0 Enfin, c\u2019est peut-\u00eatre le plus important, il est inconcevable d\u2019\u00eatre \u00ab pr\u00eat \u00e0 tout \u00bb pour obtenir un travail. Il y a plus important que cela : pr\u00e9server son int\u00e9grit\u00e9 physique et morale, pr\u00e9server sa dignit\u00e9 et rester\u00a0 en\u00a0 accord avec sa \u00a0conscience : comment en effet gagner sa vie en faisant quelque chose que sa \u00a0conscience r\u00e9prouve ? Il est\u00a0 tabou de parler de cela de nos jours, mais \u00a0l\u2019objection de conscience devrait \u00eatre une bonne raison pour refuser un emploi.<\/p>\n<p>Les signataires pensent que la RTBF ne respecte pas sa mission de service public<\/p>\n<p>en produisant une telle \u00e9mission.<\/p>\n<p>&nbsp;<\/p>\n<p>Nous avons appris que, suite aux\u00a0 commentaires indign\u00e9s, sa production a \u00e9t\u00e9 suspendue. Nous sommes rassur\u00e9s par le fait que des concitoyens veillent sur la t\u00e9l\u00e9vision qu\u2019ils contribuent \u00e0 financer, mais craignons que la RTBF profite de la pause des vacances pour reprendre ce projet douteux. Aussi nous vous demandons, Madame la Ministre,\u00a0\u00a0 de\u00a0\u00a0 bien\u00a0\u00a0 vouloir\u00a0\u00a0 vous\u00a0\u00a0 assurer\u00a0\u00a0 que\u00a0\u00a0 la RTBF respecte une \u00e9thique minimale en ne s\u2019amusant pas du malheur des autres, qu\u2019elle n\u2019exploite pas la d\u00e9tresse de certains de nos citoyen(ne)s face \u00e0 un march\u00e9 de l\u2019emploi insuffisant, mal\u00a0 r\u00e9parti\u00a0 et\u00a0 qu\u2019au final elle ne produise jamais ce type d\u2019\u00e9mission.<\/p>\n<p>&nbsp;<\/p>\n<p>Veuillez recevoir, Madame la Ministre, l\u2019expression de nos salutations distingu\u00e9es.<\/p>\n<p>&nbsp;<\/p>\n<p>Mouvement politique des objecteurs de croissance.<\/p>\n<p>Les mouvements Occupy Bruxelles, Namur et Charleroi<\/p>\n<p>Nordine Saidi, porte-parole d\u2019Egalit\u00e9<\/p>\n<p>Isabelle Marchal pour RTBF 89<\/p>\n<p>Ezio Gandin, pr\u00e9sident des Amis de la Terre<\/p>\n<p>Coop\u00e9rative Vega<\/p>\n<p>Des citoyens indign\u00e9s qui ont souhait\u00e9 personnellement se joindre \u00e0 cette initiative :<\/p>\n<p>Catherine Godart, Renelde Depr\u00e9, No\u00eblle Dauby, Mireille Bauchau, Jean-Christophe<\/p>\n<p>Godart, Jean-Pierre Wilmotte, Philippe De Pooter, Guillaume Jadot, Monique Tasse,<\/p>\n<p>Adriano Boremanse Leija, Christine Crabbe, Anne Theisen, Marie Gribomont, Jo\u00eblle<\/p>\n<p>Vanderstukken<\/p>\n<p><img decoding=\"async\" class=\"decoded alignright\" alt=\"http:\/\/www.besttechie.com\/wp-content\/uploads\/2013\/03\/zero-tv.jpg\" src=\"http:\/\/www.besttechie.com\/wp-content\/uploads\/2013\/03\/zero-tv.jpg\" width=\"611\" height=\"347\" \/><\/p>\n<p>Mouvement politique des Objecteurs de Croissance (mpOC) \u2013 www.objecteursdecroissance.be<\/p>\n<p>presse@objecteursdecroissance.be \u2013 rue du rondia, 8, 1348 LLN -\u2013 0486\/92.25.74 \u2013 010\/41.22.02<\/p>\n<div>\n<div>\n<div>Plainte \u00e0 Actiris : Casting : Je veux ce Joooooob !<\/div>\n<\/div>\n<\/div>\n<p>par <a href=\"https:\/\/www.facebook.com\/isabelle.marchal.336\" data-hovercard=\"\/ajax\/hovercard\/user.php?id=1416047068\">Isabelle Marchal<\/a><\/p>\n<p>Messieurs\/dames,<\/p>\n<p>Veuillez prendre note que, suite \u00e0 votre courrier intitul\u00e9 \u00ab\u00a0Casting : Je veux ce Joooooob !\u00a0\u00bb j\u2019introduis, par la pr\u00e9sente, une plainte aupr\u00e8s de vos services, plainte que j\u2019envoie \u00e9galement \u00e0 la Commission de protection de la vie priv\u00e9e.<\/p>\n<p>Dans un premier temps, j\u2019ai cru qu\u2019il ne s\u2019agissait \u00ab que \u00bb d\u2019un courrier que je n\u2019aurais jamais d\u00fb recevoir, puisqu\u2019il n\u2019\u00e9tait question ni d\u2019une offre d\u2019emploi, ni d\u2019une proposition de formation, ni d\u2019un stage quelconque. Juste un vulgaire spam.<br \/>\nL\u2019utilisation de mes coordonn\u00e9es afin de promouvoir une \u00e9mission de divertissement de la RTBF mettant en sc\u00e8ne \u00ab de vrais ch\u00f4meurs \u00bb (Oh, comme c\u2019est divertissant!) constituait d\u00e9j\u00e0, selon moi, un d\u00e9tournement de donn\u00e9es suffisant pour d\u00e9poser plainte.<\/p>\n<p>Un article paru dans la Derni\u00e8re Heure du mercredi 3 juillet m\u2019apprend que\u00a0 le fond de la question est bien pire.<\/p>\n<p>\u00ab <b>Actiris a jou\u00e9 les casteurs en mettant gracieusement ses fichiers \u00e0 disposition de la bo\u00eete de production Ebuco.<\/b> <i>\u00ab\u00a0C\u2019\u00e9tait l\u2019une des options pour trouver des candidats pouvant \u00eatre int\u00e9ress\u00e9s par l\u2019exp\u00e9rience. <b>Tous les demandeurs d\u2019emploi n\u2019ont pas \u00e9t\u00e9 sollicit\u00e9s. Nos services internes ont \u00e9tabli une s\u00e9lection sur la base de diff\u00e9rents crit\u00e8res<\/b>\u00ab\u00a0<\/i>, explique Vincent Dewez, directeur de la communication chez Actiris.<\/p>\n<ul>\n<li>Dans un pays qui pr\u00e9tend \u00e0 la d\u00e9mocratie, il ne saurait \u00eatre question qu\u2019un organisme public (Actiris) mette des donn\u00e9es personnelles \u00e0 disposition d\u2019une soci\u00e9t\u00e9 priv\u00e9e (EBUCO S.A.).<\/li>\n<\/ul>\n<p>Vos services internes ont proc\u00e9d\u00e9 \u00e0 une s\u00e9lection sur la base de <b>\u00ab diff\u00e9rents crit\u00e8res \u00bb.<\/b><\/p>\n<ul>\n<li>Merci de me faire conna\u00eetre ces <b>\u00ab diff\u00e9rents crit\u00e8res \u00bb<\/b>.<\/li>\n<li>Merci de m\u2019informer pr\u00e9cis\u00e9ment des donn\u00e9es qui ont \u00e9t\u00e9 transmises \u00e0 la soci\u00e9t\u00e9 EBUCO.<\/li>\n<\/ul>\n<p>Vous comprendrez qu\u2019un refus de votre part, au nom d\u2019un principe de confidentialit\u00e9 que vous avez \u00e9t\u00e9 les premiers \u00e0 bafouer, m\u2019obligerait \u00e0 chercher \u00e0 obtenir ces informations (qui me concernent directement) par d\u2019autres voies, l\u00e9gales, mises \u00e0 la disposition du citoyen.<\/p>\n<p>Outre le caract\u00e8re strictement personnel de cette plainte, j\u2019ose esp\u00e9rer que la lev\u00e9e de boucliers qui a fait suite au projet d\u2019\u00e9mission et au mode de casting de candidats potentiels\u00a0 incitera votre organisme \u00e0 une remise en question profonde de ses missions, de son r\u00f4le et de ses valeurs, plut\u00f4t que de conduire au limogeage de l\u2019un ou l\u2019autre lampiste, le pla\u00e7ant demain dans les conditions id\u00e9ales pour postuler \u00e0 l\u2019\u00e9mission Je veux ce Joooooob\u2026 si toutefois, elle devait jamais voir le jour.<\/p>\n<p>Soyez assur\u00e9s qu\u2019avec d\u2019autres citoyens attentifs, nous ferons tout pour que cet enterrement de premi\u00e8re classe du service public n\u2019ait jamais lieu.<\/p>\n<p>Sinc\u00e8res salutations,<\/p>\n<p>Isabelle Marchal<br \/>\nCoordonn\u00e9es : Demander \u00e0 EBUCO SA, ils doivent les avoir.<\/p>\n<p>Envoy\u00e9 \u00e0 <b>Plaintesklachten@actiris.be<\/b><\/p>\n<p><img decoding=\"async\" class=\"media-img-thumb alignright\" title=\"Appel \u00e0 candidatures: Je veux ce Joooooob!\" alt=\"Appel \u00e0 candidatures: Je veux ce Joooooob!\" src=\"http:\/\/ds3.ds.static.rtbf.be\/article\/medium_land\/c\/7\/8\/250_160_78a17da83257cc628244a3985fdd075f-1372079288.jpg\" \/><\/p>\n","protected":false},"excerpt":{"rendered":"<p>Appel \u00e0 candidatures: Je veux ce Joooooob!\u00a9 A l\u2019initiative du Mouvement politique des objecteurs de croissance Occupy Namur Occupy Bruxelles Occupy Charleroi Egalit\u00e9 RTBF89 Les Amis de la Terre Belgique Coop\u00e9rative Vega Des citoyens indign\u00e9s &nbsp; Limelette, le 3 juillet 2013 Madame la ministre, C\u2019est\u00a0\u00a0 avec\u00a0\u00a0 indignation que nous avons appris que la RTBF t\u00e9l\u00e9vision\u00a0 &#8230; <a title=\"Lettre ouverte \u00e0 Fadila Laanan. Ministre de la Culture, de l\u2019Audiovisuel, de la Sant\u00e9 et de l\u2019\u00c9galit\u00e9 des Chances de la Communaut\u00e9 fran\u00e7aise de Belgique.\" class=\"read-more\" href=\"https:\/\/bruxelles-pantheres.be\/?p=238\" aria-label=\"En savoir plus sur Lettre ouverte \u00e0 Fadila Laanan. Ministre de la Culture, de l\u2019Audiovisuel, de la Sant\u00e9 et de l\u2019\u00c9galit\u00e9 des Chances de la Communaut\u00e9 fran\u00e7aise de Belgique.\">Lire la suite<\/a><\/p>\n","protected":false},"author":1,"featured_media":0,"comment_status":"open","ping_status":"open","sticky":false,"template":"","format":"standard","meta":{"footnotes":""},"categories":[18],"tags":[32,13],"class_list":["post-238","post","type-post","status-publish","format-standard","hentry","category-resistance-bruxelles","tag-culture","tag-nordine-saidi"],"_links":{"self":[{"href":"https:\/\/bruxelles-pantheres.be\/index.php?rest_route=\/wp\/v2\/posts\/238","targetHints":{"allow":["GET"]}}],"collection":[{"href":"https:\/\/bruxelles-pantheres.be\/index.php?rest_route=\/wp\/v2\/posts"}],"about":[{"href":"https:\/\/bruxelles-pantheres.be\/index.php?rest_route=\/wp\/v2\/types\/post"}],"author":[{"embeddable":true,"href":"https:\/\/bruxelles-pantheres.be\/index.php?rest_route=\/wp\/v2\/users\/1"}],"replies":[{"embeddable":true,"href":"https:\/\/bruxelles-pantheres.be\/index.php?rest_route=%2Fwp%2Fv2%2Fcomments&post=238"}],"version-history":[{"count":1,"href":"https:\/\/bruxelles-pantheres.be\/index.php?rest_route=\/wp\/v2\/posts\/238\/revisions"}],"predecessor-version":[{"id":239,"href":"https:\/\/bruxelles-pantheres.be\/index.php?rest_route=\/wp\/v2\/posts\/238\/revisions\/239"}],"wp:attachment":[{"href":"https:\/\/bruxelles-pantheres.be\/index.php?rest_route=%2Fwp%2Fv2%2Fmedia&parent=238"}],"wp:term":[{"taxonomy":"category","embeddable":true,"href":"https:\/\/bruxelles-pantheres.be\/index.php?rest_route=%2Fwp%2Fv2%2Fcategories&post=238"},{"taxonomy":"post_tag","embeddable":true,"href":"https:\/\/bruxelles-pantheres.be\/index.php?rest_route=%2Fwp%2Fv2%2Ftags&post=238"}],"curies":[{"name":"wp","href":"https:\/\/api.w.org\/{rel}","templated":true}]}}