{"id":2384,"date":"2015-01-16T12:01:35","date_gmt":"2015-01-16T11:01:35","guid":{"rendered":"https:\/\/bruxelles-pantheres.be\/?p=2384"},"modified":"2015-01-16T12:05:49","modified_gmt":"2015-01-16T11:05:49","slug":"solidariteit-met-het-griekse-volk-solidarite-avec-le-peuple-grec","status":"publish","type":"post","link":"https:\/\/bruxelles-pantheres.be\/?p=2384","title":{"rendered":"Solidariteit met het Griekse volk \/ Solidarit\u00e9 avec le peuple grec:"},"content":{"rendered":"<table border=\"0\" width=\"100%\" cellspacing=\"0\" cellpadding=\"0\">\n<tbody>\n<tr>\n<td align=\"center\" valign=\"top\">\n<table border=\"0\" width=\"600\" cellspacing=\"0\" cellpadding=\"0\">\n<tbody>\n<tr>\n<td valign=\"top\">\n<table border=\"0\" width=\"100%\" cellspacing=\"0\" cellpadding=\"0\">\n<tbody>\n<tr>\n<td valign=\"top\">\n<table border=\"0\" width=\"100%\" cellspacing=\"0\" cellpadding=\"0\" align=\"left\">\n<tbody>\n<tr>\n<td valign=\"top\">\n<div class=\"a6S\" dir=\"ltr\">\n<div>\n<div>\n<p><a href=\"https:\/\/bruxelles-pantheres.be\/wp-content\/uploads\/2015\/01\/10898292_740648282721327_2595211675161983919_n.jpg\"><img decoding=\"async\" class=\"alignnone size-full wp-image-2387\" src=\"https:\/\/bruxelles-pantheres.be\/wp-content\/uploads\/2015\/01\/10898292_740648282721327_2595211675161983919_n.jpg\" alt=\"10898292_740648282721327_2595211675161983919_n\" width=\"648\" height=\"960\" srcset=\"https:\/\/bruxelles-pantheres.be\/wp-content\/uploads\/2015\/01\/10898292_740648282721327_2595211675161983919_n.jpg 648w, https:\/\/bruxelles-pantheres.be\/wp-content\/uploads\/2015\/01\/10898292_740648282721327_2595211675161983919_n-203x300.jpg 203w, https:\/\/bruxelles-pantheres.be\/wp-content\/uploads\/2015\/01\/10898292_740648282721327_2595211675161983919_n-540x800.jpg 540w\" sizes=\"(max-width: 648px) 100vw, 648px\" \/><\/a><\/p>\n<\/div>\n<\/div>\n<\/div>\n<\/td>\n<\/tr>\n<\/tbody>\n<\/table>\n<\/td>\n<\/tr>\n<\/tbody>\n<\/table>\n<\/td>\n<\/tr>\n<\/tbody>\n<\/table>\n<\/td>\n<\/tr>\n<tr>\n<td align=\"center\" valign=\"top\">\n<table border=\"0\" width=\"600\" cellspacing=\"0\" cellpadding=\"0\">\n<tbody>\n<tr>\n<td valign=\"top\"><\/td>\n<\/tr>\n<\/tbody>\n<\/table>\n<\/td>\n<\/tr>\n<tr>\n<td align=\"center\" valign=\"top\">\n<table border=\"0\" width=\"600\" cellspacing=\"0\" cellpadding=\"0\">\n<tbody>\n<tr>\n<td align=\"left\" valign=\"top\" width=\"50%\">\n<table border=\"0\" width=\"100%\" cellspacing=\"0\" cellpadding=\"0\">\n<tbody>\n<tr>\n<td valign=\"top\">\n<table border=\"0\" width=\"100%\" cellspacing=\"0\" cellpadding=\"0\">\n<tbody>\n<tr>\n<td valign=\"top\">\n<table border=\"0\" width=\"300\" cellspacing=\"0\" cellpadding=\"0\" align=\"left\">\n<tbody>\n<tr>\n<td valign=\"top\"><strong><\/strong><strong>Manifestatie voor steun aan het Griekse volk.<\/strong>Afspraak morgen, zaterdag 17\/1, om 14u in Brussel aan het Madouplein.<\/p>\n<p>Oproep:<\/p>\n<p>Juncker, Tusk, Michel, Samaras: wij verwerpen uw besparingsbeleid!<\/p>\n<p>In Belgi\u00eb zijn we volop gewikkeld in de strijd tegen de neoliberale regering Michel. Maar het laat ons ook niet onberoerd dat er chantage en terreur uitgeoefend wordt door de heersende politieke, economische en mediatieke krachten in Europa tegen het Griekse volk, en meer in het bijzonder tegen SYRIZA, de linkse partij die het opneemt tegen het soberheidsbeleid, en momenteel op kop staat in de peilingen voor de verkiezingen van 25 januari. De vijf voorbije jaren waren een werkelijke nachtmerrie voor de Grieken, en het is hun heilig recht om een sociale en politieke strijd te voeren om daaraan te ontsnappen.<\/p>\n<p>Daarom hebben wij, sociale bewegingen, jeugdgroeperingen, verenigingen en linkse organisaties beslist om samen te betogen op zaterdag 17 januari in de straten van Brussel, om te tonen dat er alternatieven zijn voor het uitzichtloze besparingsbeleid, alternatieven gesteund op solidariteit.<\/p>\n<p>\u00b7 Wij veroordelen de houding en de chantage van de EU en de regeringen die aan het Griekse volk het democratisch recht ontzeggen te beslissen over de sociale en economische politiek, binnen of buiten de eurozone.<\/p>\n<p>\u00b7 Wij laten het Griekse volk niet in de steek terwijl het ten prooi valt aan het soberheidsbeleid, de Trojka en de financi\u00eble markten.<\/p>\n<p>\u00b7 We zijn solidair met de strijd van het Griekse volk tegen het besparingsbeleid, met zijn streven naar een regering die gehoor geeft aan de eisen zoals de onmiddellijke stopzetting van de soberheidsprogramma&rsquo;s van de EU en het IMF, het lanceren van een sociaal noodplan, een audit van de schuld en de opheffing van de illegitieme schulden.<\/p>\n<p>\u00b7 Wij veroordelen de securitaire, racistische en xenofobe trekken in de Europese Unie, ook in Griekenland en Belgi\u00eb, waar een doelbewuste zondebokpolitiek wordt gevoerd met dramatische gevolgen voor miljoenen mensen die de meest elementaire rechten ontzegd worden.<\/p>\n<p>\u00b7 Wij verwerpen ook een andere vorm van racisme, een die ons moet doen geloven dat de miserie van de Grieken of de Spanjaarden het gevolg zou zijn van hun &lsquo;luie corrupte aard&rsquo;. Tegenover het beleid van Fort Europa dat immigranten opjaagt en gevangen zet, verdedigen wij een welkomstbeleid voor asielzoekers, met volle erkenning van hun rechten. Tegenover het Europa van het misprijzen en het &lsquo;elk voor zich&rsquo; komen wij op voor een solidair Europa.<\/p>\n<p>\u00b7 Wij roepen daarom op tot een grensoverschrijdende bundeling van het sociaal en politiek verzet, om het besparingsbeleid en het defaitisme te verwerpen, om extreem-rechts te verslaan en een ander Europa uit te bouwen, een democratisch Europa in dienst van de sociale noden van iedereen, met volle erkenning van de vereisten voor het leefmilieu.<\/p>\n<p>Onze oproep richt zich uitdrukkelijk tot de Europese Unie, die de belangen behartigt van de financi\u00eble wereld en niet van de volkeren, en tot de regering Michel, die alle sociale verworvenheden wil vernietigen, lonen, pensioenen en openbare diensten afbouwen. Vrouwen, jongeren, moslims en migranten zijn daar de eerste slachtoffers van, terwijl aan de rijksten niet geraakt wordt. Belgi\u00eb bezit ook een deel van de Griekse schuld ten bedrage van 9 miljard euro, een schuld die gebouwd werd op de miserie van een heel volk. Aan de Belgische regering zeggen wij: deze schuld moet onvoorwaardelijk kwijtgescholden worden.<br \/>\nWe zullen in Belgi\u00eb ook blijven verder strijden tot van het soberheidsbeleid nog maar een wrange herinnering overblijft.<br \/>\nOf het in Griekenland is of in Belgi\u00eb, we voeren dezelfde strijd tegen dezelfde vijanden. De Europese leiders wezen gewaarschuwd: het zal niet bij \u00e9\u00e9n overwinning blijven, de hele Unie zal ermee besmet worden!<\/p>\n<p>Hun nachtmerrie is onze zoetste droom!<\/p>\n<p>Om de oproep te ondertekenen mail naar <a href=\"mailto:anti.austerite@gmail.com\" target=\"_blank\">anti.austerite@gmail.com<\/a><\/p>\n<p>Eerste ondertekenaars :<\/p>\n<p>AnderEuropa, Initiative de Solidarit\u00e9 avec la Gr\u00e8ce qui r\u00e9siste, LCR-SAP, JOC, EGA-ALS, Mouvement politique des citoyens, PSL-LSP, Bruxelles Panth\u00e8res, MOC Bruxelles, Jeunes FGTB; Mouvement VEGA, PTB-PVDA, CADTM, Jeunes anticapitalistes (JAC), Parti Communiste, ROOD!, Parti Humaniste, Constituante.be, Vonk\/R\u00e9volution, ANTARSYA Belgique, PODEMOS Bruselas, SYRIZA Belgique, Comac, Comit\u00e9s Action Europe (CAE), Alliance D 19-20, Association culturelle Joseph Jacquemotte, Izquierda Unida B\u00e9lgica, LCT&#8230;<\/p>\n<p>Facebook-event: <a href=\"http:\/\/constituante.us3.list-manage2.com\/track\/click?u=d1568169a86e2477d5b5a5d39&amp;id=ebc5c07226&amp;e=4e8c0ac688\" target=\"_blank\">https:\/\/www.facebook.com\/<wbr><\/wbr>events\/1598666520364900\/<\/a><\/td>\n<\/tr>\n<\/tbody>\n<\/table>\n<\/td>\n<\/tr>\n<\/tbody>\n<\/table>\n<\/td>\n<\/tr>\n<\/tbody>\n<\/table>\n<\/td>\n<td align=\"left\" valign=\"top\" width=\"50%\">\n<table border=\"0\" width=\"100%\" cellspacing=\"0\" cellpadding=\"0\">\n<tbody>\n<tr>\n<td valign=\"top\">\n<table border=\"0\" width=\"100%\" cellspacing=\"0\" cellpadding=\"0\">\n<tbody>\n<tr>\n<td valign=\"top\">\n<div>\n<div>\n<p>&nbsp;<\/p>\n<\/div>\n<\/div>\n<\/td>\n<td valign=\"top\">\n<table border=\"0\" width=\"300\" cellspacing=\"0\" cellpadding=\"0\" align=\"left\">\n<tbody>\n<tr>\n<td valign=\"top\">\n<div>\n<div>\n<p><strong><\/strong><strong>Manif de solidarit\u00e9 avec le peuple grec.<\/strong>Demain, samedi 17\/01, 14h, place Madou, Bruxelles.<\/p>\n<p>Appel:<\/p>\n<p>Alors que la Belgique est en pleine bataille contre son gouvernement n\u00e9olib\u00e9ral dirig\u00e9 par Charles Michel, nous ne pouvons rester indiff\u00e9rent.e.s face \u00e0 la campagne d&rsquo;intimidation et de chantage organis\u00e9e par les forces politiques, \u00e9conomiques et m\u00e9diatiques dominantes en Europe contre le peuple grec et notamment contre SYRIZA, la formation de gauche anti-aust\u00e9rit\u00e9 actuellement en t\u00eate dans les sondages. Les cinq derni\u00e8res ann\u00e9es ont \u00e9t\u00e9 un v\u00e9ritable cauchemar pour les grec.que.s, et leur premier droit est celui de vouloir en sortir par la lutte sociale et politique.<\/p>\n<p>C&rsquo;est pourquoi, nous, mouvements sociaux, de la jeunesse et de l&rsquo;associatif, et organisations de gauche, d\u00e9cidons de manifester ensemble ce samedi 17 janvier dans les rues de Bruxelles, pour montrer que des alternatives \u00e0 l&rsquo;aust\u00e9rit\u00e9 sans fin, bas\u00e9es sur la solidarit\u00e9, peuvent \u00eatre mises en place.<\/p>\n<p>&#8211; Nous condamnons l&rsquo;attitude et le chantage de l&rsquo;UE et des gouvernements qui d\u00e9nient au peuple grec son droit d\u00e9mocratique de choisir sa politique sociale et \u00e9conomique, que ce soit \u00e0 l&rsquo;int\u00e9rieur ou \u00e0 l&rsquo;ext\u00e9rieur de l&rsquo;eurozone.<\/p>\n<p>&#8211; Nous ne laisserons pas le peuple grec isol\u00e9 face aux attaques d&rsquo;aust\u00e9rit\u00e9, \u00e0 la Troika et aux march\u00e9s financiers.<\/p>\n<p>&#8211; Nous sommes solidaires de la lutte du peuple grec contre les politiques d&rsquo;aust\u00e9rit\u00e9 ainsi que de son aspiration \u00e0 un gouvernement qui appliquera ses revendications, comme l&rsquo;annulation imm\u00e9diate des programmes d&rsquo;aust\u00e9rit\u00e9 de l&rsquo;UE et le FMI, un plan d&rsquo;urgence sociale, l&rsquo;audit de la dette et l&rsquo;annulation de la dette ill\u00e9gitime.<\/p>\n<p>&#8211; Nous condamnons l&rsquo;option s\u00e9curitaire, raciste, et x\u00e9nophobe dominante dans l&rsquo;Union europ\u00e9enne, y compris en Gr\u00e8ce et en Belgique : une politique d\u00e9lib\u00e9r\u00e9e du \u00ab\u00a0bouc \u00e9missaire\u00a0\u00bb aux cons\u00e9quences dramatiques pour des millions de personnes priv\u00e9es de leurs droits fondamentaux. Nous rejetons cet autre \u00ab\u00a0racisme\u00a0\u00bb qui veut nous convaincre que si les grec.que.s ou les espagnol.e.s doivent souffrir, c&rsquo;est \u00e0 cause de leur pr\u00e9tendue nature \u00ab\u00a0corrompue et paresseuse\u00a0\u00bb. Contre l&rsquo;Europe forteresse qui harc\u00e8le et emprisonne les immigr\u00e9.e.s, nous d\u00e9fendons une politique d&rsquo;asile accueillante et bas\u00e9e sur l&rsquo;\u00e9galit\u00e9 des droits. Contre l&rsquo;Europe du chacun pour soi et du m\u00e9pris, nous voulons une Europe solidaire.<\/p>\n<p>&#8211; Nous appelons dans ce sens \u00e0 une convergence des r\u00e9sistances sociales et politiques au-del\u00e0 des fronti\u00e8res, pour rejeter l&rsquo;aust\u00e9rit\u00e9 et le d\u00e9faitisme, pour triompher de la droite extr\u00eame et pour construire une autre Europe, une Europe d\u00e9mocratique au service des besoins sociaux de toutes et tous et des n\u00e9cessit\u00e9s environnementales.<\/p>\n<p>Notre message s&rsquo;adresse tr\u00e8s clairement \u00e0 l&rsquo;Union europ\u00e9enne construite pour la finance et non pour les peuples, ainsi qu&rsquo;au gouvernement Michel qui veut d\u00e9truire nos conqu\u00eates sociales et casser nos salaires, nos pensions, nos services publics. Et qui frappe durement les femmes, les jeunes, les musulman.e.s et les migrant.e.s, tout en pr\u00e9servant les plus riches. Nous rappelons aussi au gouvernement que la Belgique est engag\u00e9e pour 9 milliards d&rsquo;euros vis-\u00e0-vis de la dette grecque, sans compter l&rsquo;engagement des banques priv\u00e9es. Cela se fait via les pr\u00eats directs, le Fonds europ\u00e9en ad hoc et la Banque Nationale : cette dette produite sur la mis\u00e8re d&rsquo;un peuple entier, au seul b\u00e9n\u00e9fice des march\u00e9s financiers, doit \u00eatre effac\u00e9e sans conditions.<\/p>\n<p>Nous continuerons \u00e0 lutter en Belgique aussi, tant qu&rsquo;il le faudra, jusqu&rsquo;\u00e0 ce que les politiques d&rsquo;aust\u00e9rit\u00e9 ne soient plus qu&rsquo;un mauvais souvenir.<br \/>\nEn ce sens, nous savons que nous luttons en Gr\u00e8ce et en Belgique contre les m\u00eames ennemis, et que la peur des dirigeants europ\u00e9ens est celle d&rsquo;une contagion de victoires sociales et politiques dans toute l&rsquo;Union europ\u00e9enne.<\/p>\n<p>Leur peur, c&rsquo;est notre espoir.<br \/>\nIls ne passeront pas !<\/p>\n<p>Pour rejoindre l&rsquo;appel, envoyez un mail \u00e0 <a href=\"mailto:anti.austerite@gmail.com\" target=\"_blank\">anti.austerite@gmail.com<\/a><\/p>\n<p>Premiers signataires\/Eerste ondertekenaars :<\/p>\n<p>AnderEuropa, Initiative de Solidarit\u00e9 avec la Gr\u00e8ce qui r\u00e9siste, LCR-SAP, JOC, EGA-ALS, Mouvement politique des citoyens, PSL-LSP, Bruxelles Panth\u00e8res, MOC Bruxelles, Jeunes FGTB; Mouvement VEGA, PTB-PVDA, CADTM, Jeunes anticapitalistes (JAC), Parti Communiste, ROOD!, Parti Humaniste, Constituante.be, Vonk\/R\u00e9volution, ANTARSYA Belgique, PODEMOS Bruselas, SYRIZA Belgique, Comac, Comit\u00e9s Action Europe (CAE), Alliance D 19-20, Association culturelle Joseph Jacquemotte, Izquierda Unida B\u00e9lgica, LCT&#8230;<\/p>\n<p>Facebook-event: <a href=\"http:\/\/constituante.us3.list-manage2.com\/track\/click?u=d1568169a86e2477d5b5a5d39&amp;id=d5263eaccc&amp;e=4e8c0ac688\" target=\"_blank\">https:\/\/www.facebook.com\/<wbr><\/wbr>events\/1598666520364900\/<\/a><\/p>\n<\/div>\n<\/div>\n<\/td>\n<\/tr>\n<\/tbody>\n<\/table>\n<\/td>\n<\/tr>\n<\/tbody>\n<\/table>\n<\/td>\n<\/tr>\n<\/tbody>\n<\/table>\n<\/td>\n<\/tr>\n<\/tbody>\n<\/table>\n<\/td>\n<\/tr>\n<\/tbody>\n<\/table>\n","protected":false},"excerpt":{"rendered":"<p>Manifestatie voor steun aan het Griekse volk.Afspraak morgen, zaterdag 17\/1, om 14u in Brussel aan het Madouplein. Oproep: Juncker, Tusk, Michel, Samaras: wij verwerpen uw besparingsbeleid! In Belgi\u00eb zijn we volop gewikkeld in de strijd tegen de neoliberale regering Michel. Maar het laat ons ook niet onberoerd dat er chantage en terreur uitgeoefend wordt door &#8230; <a title=\"Solidariteit met het Griekse volk \/ Solidarit\u00e9 avec le peuple grec:\" class=\"read-more\" href=\"https:\/\/bruxelles-pantheres.be\/?p=2384\" aria-label=\"En savoir plus sur Solidariteit met het Griekse volk \/ Solidarit\u00e9 avec le peuple grec:\">Lire la suite<\/a><\/p>\n","protected":false},"author":1,"featured_media":1085,"comment_status":"open","ping_status":"open","sticky":false,"template":"","format":"standard","meta":{"footnotes":""},"categories":[21,22,25,36,4,20,7,8,18,28,37,39,5],"tags":[31,14,33,19,15],"class_list":["post-2384","post","type-post","status-publish","format-standard","has-post-thumbnail","hentry","category-anti-imperialisme","category-emploi","category-enseignement","category-europe","category-islamophobie","category-logement","category-negrophobie","category-prisons","category-resistance-bruxelles","category-racismes","category-romophobie","category-sans-papier","category-violence-policiere","tag-belgique","tag-bruxelles","tag-fmi","tag-pauvrete","tag-resistance"],"_links":{"self":[{"href":"https:\/\/bruxelles-pantheres.be\/index.php?rest_route=\/wp\/v2\/posts\/2384","targetHints":{"allow":["GET"]}}],"collection":[{"href":"https:\/\/bruxelles-pantheres.be\/index.php?rest_route=\/wp\/v2\/posts"}],"about":[{"href":"https:\/\/bruxelles-pantheres.be\/index.php?rest_route=\/wp\/v2\/types\/post"}],"author":[{"embeddable":true,"href":"https:\/\/bruxelles-pantheres.be\/index.php?rest_route=\/wp\/v2\/users\/1"}],"replies":[{"embeddable":true,"href":"https:\/\/bruxelles-pantheres.be\/index.php?rest_route=%2Fwp%2Fv2%2Fcomments&post=2384"}],"version-history":[{"count":3,"href":"https:\/\/bruxelles-pantheres.be\/index.php?rest_route=\/wp\/v2\/posts\/2384\/revisions"}],"predecessor-version":[{"id":2388,"href":"https:\/\/bruxelles-pantheres.be\/index.php?rest_route=\/wp\/v2\/posts\/2384\/revisions\/2388"}],"wp:featuredmedia":[{"embeddable":true,"href":"https:\/\/bruxelles-pantheres.be\/index.php?rest_route=\/wp\/v2\/media\/1085"}],"wp:attachment":[{"href":"https:\/\/bruxelles-pantheres.be\/index.php?rest_route=%2Fwp%2Fv2%2Fmedia&parent=2384"}],"wp:term":[{"taxonomy":"category","embeddable":true,"href":"https:\/\/bruxelles-pantheres.be\/index.php?rest_route=%2Fwp%2Fv2%2Fcategories&post=2384"},{"taxonomy":"post_tag","embeddable":true,"href":"https:\/\/bruxelles-pantheres.be\/index.php?rest_route=%2Fwp%2Fv2%2Ftags&post=2384"}],"curies":[{"name":"wp","href":"https:\/\/api.w.org\/{rel}","templated":true}]}}