{"id":2390,"date":"2015-01-17T13:36:40","date_gmt":"2015-01-17T12:36:40","guid":{"rendered":"https:\/\/bruxelles-pantheres.be\/?p=2390"},"modified":"2015-01-17T13:38:38","modified_gmt":"2015-01-17T12:38:38","slug":"patrice-lumumba-fascine-le-xxie-siecle","status":"publish","type":"post","link":"https:\/\/bruxelles-pantheres.be\/?p=2390","title":{"rendered":"Patrice Lumumba fascine le XXIe si\u00e8cle"},"content":{"rendered":"<p style=\"text-align: center;\"><a href=\"https:\/\/bruxelles-pantheres.be\/wp-content\/uploads\/2013\/11\/PatriceLumumbaMonument.jpg\"><img decoding=\"async\" class=\"alignnone size-full wp-image-1438\" src=\"https:\/\/bruxelles-pantheres.be\/wp-content\/uploads\/2013\/11\/PatriceLumumbaMonument.jpg\" alt=\"PatriceLumumbaMonument\" width=\"239\" height=\"360\" srcset=\"https:\/\/bruxelles-pantheres.be\/wp-content\/uploads\/2013\/11\/PatriceLumumbaMonument.jpg 239w, https:\/\/bruxelles-pantheres.be\/wp-content\/uploads\/2013\/11\/PatriceLumumbaMonument-199x300.jpg 199w\" sizes=\"(max-width: 239px) 100vw, 239px\" \/><\/a><\/p>\n<p>17 Janvier 2014. Voil\u00e0 donc 53 ans qu&rsquo;un jeune homme de 35 ans du nom de Patrice Lumumba fut sauvagement assassin\u00e9 au Congo Belge (actuel R\u00e9publique D\u00e9mocratique du Congo). Ce jeune, c&rsquo;est mon grand-p\u00e8re: <a href=\"http:\/\/fr.wikipedia.org\/wiki\/Patrice_Lumumba\" target=\"_hplink\">Patrice Emery Lumumba<\/a>. 1er Premier Ministre de l&rsquo;Histoire du Congo \u00ab\u00a0Libre\u00a0\u00bb et membre \u00e9minent du panth\u00e9on des personnalit\u00e9s historiques aux c\u00f4t\u00e9s du Sud-Africain Nelson Mandela ou du Ghan\u00e9en Kwam\u00e9 Nkrumah. Bien que le complot international soit av\u00e9r\u00e9 dans cette \u00e9poque de Guerre Froide, les circonstances de la conspiration demeurent encore troubles.<!--more--><\/p>\n<p>Quand je prononce mon nom, mon interlocuteur a l&rsquo;air songeur,\u00a0juste\u00a0une seconde. Peut-\u00eatre une impression lointaine, celle d&rsquo;avoir d\u00e9j\u00e0 entendu ce nom quelque part&#8230;\u00a0Peut-\u00eatre \u00e0 Montpellier dans cette\u00a0rue\u00a0inaugur\u00e9e\u00a0en 2005,\u00a0en pr\u00e9sence de ma grand-m\u00e8re,\u00a0ou\u00a0bien\u00a0lors d&rsquo;un s\u00e9jour r\u00e9cent \u00e0 Berlin en passant devant la statue Lumumba\u00a0inaugur\u00e9e\u00a0en octobre 2013,\u00a0avec mon p\u00e8re comme t\u00e9moin.<\/p>\n<p>Du Maroc au Mozambique, de la Tanzanie \u00e0 l&rsquo;Afrique du Sud, de la Russie \u00e0 la France, les r\u00e9f\u00e9rences \u00e0 Patrice Emery Lumumba, sont l\u00e9gions dans le monde. En Afrique, existe-t-il un seul pays n&rsquo;ayant pas de rues au nom du H\u00e9ros congolais des ind\u00e9pendances africaines\u00a0?<\/p>\n<p>C&rsquo;est \u00e0 l&rsquo;\u00e9cole primaire\u00a0que j&rsquo;ai\u00a0compris\u00a0l&rsquo;importance de ce\u00a0nom particulier.\u00a0Au coll\u00e8ge\u00a0j&rsquo;ai r\u00e9alis\u00e9\u00a0qu&rsquo;il s&rsquo;agissait\u00a0de quelqu&rsquo;un ayant d\u00e9fendu une cause juste.\u00a0Au lyc\u00e9e enfin, la maturit\u00e9 aidant, que cet homme \u00e9tait un g\u00e9ant\u00a0de l&rsquo;Histoire, mort pour avoir d\u00e9fendu des id\u00e9es essentielles pour l&rsquo;\u00e9volution de\u00a0l&rsquo;Afrique et pour l&rsquo;\u00e9volution du monde.<br \/>\nAujourd&rsquo;hui, j&rsquo;ai bient\u00f4t 30 ans.\u00a0Mon grand p\u00e8re, que je n&rsquo;ai malheureusement\u00a0pas\u00a0connu, repr\u00e9sente\u00a0une sorte de\u00a0potion magique personnelle dans laquelle je puise des valeurs de courage et de passions,\u00a0ainsi qu&rsquo;une in\u00e9branlable foi\u00a0envers la force du\u00a0continent africain.<br \/>\n53 ans plus tard, alors\u00a0que ce 17 Janvier est f\u00e9ri\u00e9 en R\u00e9publique D\u00e9mocratique du Congo, certains se posent la question : en quoi peut-il \u00eatre important de comm\u00e9morer cet \u00e9v\u00e9nement? 53 ans plus tard, pourquoi\u00a0est-ce essentiel de soutenir, et soutenir encore,\u00a0le processus juridique entam\u00e9 par la famille Lumumba en juin 2011\u00a0?<\/p>\n<ol>\n<li><strong>C&rsquo;est un acte\u00a0de m\u00e9moire et un acte d&rsquo;histoire<\/strong>.\u00a0Alors que le voyage dans le XXIe si\u00e8cle est d\u00e9j\u00e0 bien entam\u00e9, o\u00f9 irions-nous sans nos souvenirs de ces personnages marquants qui ont \u00ab\u00a0fait\u00a0\u00bb le si\u00e8cle dernier.\u00a0Quand Madiba, monument de la lutte anti-raciste en Afrique du Sud et dans le monde <a href=\"http:\/\/www.huffingtonpost.fr\/news\/nelson-mandela\" target=\"_hplink\">nous a quitt\u00e9 le 5 d\u00e9cembre 2013<\/a>, j&rsquo;ai eu ce sentiment \u00e9trange qu&rsquo;une tr\u00e8s grande \u00e9poque s&rsquo;achevait. En fait, j&rsquo;ai eu le sentiment que nous vivions la \u00ab\u00a0vraie\u00a0\u00bb fin du 20\u00e8 si\u00e8cle. Oublier n&rsquo;a aucun sens. Nous sommes tous dans la m\u00eame histoire. Sans \u00eatre historien, chaque individu doit s&rsquo;int\u00e9resser \u00e0 la conscience et \u00e0 la m\u00e9moire collective et ce, que l&rsquo;on soit Belge, Fran\u00e7ais ou Congolais. Une lecture commune de l&rsquo;histoire permet de l&rsquo;enrichir et de la transmettre aux nouvelles g\u00e9n\u00e9rations de la fa\u00e7on la plus honn\u00eate possible. Nous sommes tous dans la m\u00eame Histoire.<\/li>\n<li><strong>C&rsquo;est un acte de\u00a0justice<\/strong>.\u00a0Notre famille repr\u00e9sent\u00e9e par mon p\u00e8re, mes oncles et mes tantes, tous tr\u00e8s jeunes \u00e0 la mort de leur p\u00e8re, a d\u00e9pos\u00e9 une plainte officielle en juin 2011 accusant une douzaine de policiers, politiciens, fonctionnaires belges encore vivants d&rsquo;\u00eatre impliqu\u00e9 dans ce crime. Nous ne cherchons pas la vengeance, juste la justice. Une justice qui permettrait \u00e0 l&rsquo;Europe et aux Etats-Unis (dont la CIA a \u00e9t\u00e9 reconnu comme acteur du complot) de faire une tr\u00e8s grosse d\u00e9monstration de ce qu&rsquo;ils pr\u00f4nent dans les grandes instances\u00a0: l&rsquo;impunit\u00e9 n&rsquo;existe pas. Une justice qui permettrait \u00e9galement aux Congolais de voir ce qui leur est difficile de croire depuis longtemps\u00a0: l&rsquo;impunit\u00e9 n&rsquo;existe pas. Le 12 d\u00e9cembre 2012, apr\u00e8s une longue \u00e9tude des \u00e9l\u00e9ments apport\u00e9s par nos avocats, la justice belge a annonc\u00e9 qu&rsquo;elle allait lancer une enqu\u00eate sur l&rsquo;assassinat. C&rsquo;est un grand pas qui a \u00e9t\u00e9 franchit. La procedure suit son cours.<\/li>\n<li class=\"last\"><strong>La vision de Lumumba est une vision d&rsquo;actualit\u00e9, utile pour construire l&rsquo;avenir<\/strong>. Ne vous y m\u00e9prenez pas, mon approche est r\u00e9solument tourn\u00e9e vers le futur. Le discours de Patrice Lumumba est un discours avant gardiste pour son \u00e9poque et toujours d&rsquo;actualit\u00e9 pour la notre Africain ou non-Africain\u00a0: l&rsquo;ind\u00e9pendance des institutions politiques, \u00e9conomiques et judiciaires\u00a0; la justice sociale et l&rsquo;unit\u00e9 nationale avec des pilliers tr\u00e8s forts tels que \u00ab\u00a0l&rsquo;\u00e9ducation des masses\u00a0\u00bb. Ces id\u00e9es sont toujours port\u00e9es\u00a0: Mon p\u00e8re (Fran\u00e7ois) dirige toujours le parti fond\u00e9 \u00e0 la fin des ann\u00e9es 50, mon oncle (Rolland) g\u00e8re la fondation et ma tante Juliana a longtemps travaill\u00e9 sur la restructuration de la politique culturelle du pays.<\/li>\n<\/ol>\n<p>Patrice Lumumba est donc un personnage historique du 20\u00e8 si\u00e8cle qui fascine de plus en plus le 21\u00e8 si\u00e8cle.<\/p>\n<p>Souvent messagers avant l&rsquo;heure, les artistes contribuent \u00e9norm\u00e9ment \u00e0 faire vivre le discours de mon grand-p\u00e8re dans le monde moderne. Nomin\u00e9 pour l&rsquo; Oscar du meilleur acteur 2014 hier (jeudi 16 janvier 2014) \u00e0 Los Angeles, Chiwetel Ejiofor a, par exemple, jou\u00e9 \u00e0 Londres le\u00a0r\u00f4le\u00a0de Lumumba l&rsquo;\u00e9t\u00e9 dernier dans la pi\u00e8ce \u00ab\u00a0Une saison au Congo\u00a0\u00bb \u00e9crite par Aim\u00e9 C\u00e9saire et \u00e9galement mise en sc\u00e8ne en France en 2013.<\/p>\n<p>\u00ab\u00a0L&rsquo;Histoire dira un jour son mot\u00a0\u00bb disait mon grand p\u00e8re dans sa derni\u00e8re lettre.<br \/>\nCher grand-p\u00e8re, sache que nous l&rsquo;\u00e9crirons tous pour toi&#8230; et pour nous.<\/p>\n<p><b class=\"follow_twt_author\">Suivre Kahi Lumumba sur Twitter: <a href=\"http:\/\/www.twitter.com\/kahindula61\" target=\"_blank\">www.twitter.com\/kahindula61<\/a><\/b><\/p>\n","protected":false},"excerpt":{"rendered":"<p>17 Janvier 2014. Voil\u00e0 donc 53 ans qu&rsquo;un jeune homme de 35 ans du nom de Patrice Lumumba fut sauvagement assassin\u00e9 au Congo Belge (actuel R\u00e9publique D\u00e9mocratique du Congo). Ce jeune, c&rsquo;est mon grand-p\u00e8re: Patrice Emery Lumumba. 1er Premier Ministre de l&rsquo;Histoire du Congo \u00ab\u00a0Libre\u00a0\u00bb et membre \u00e9minent du panth\u00e9on des personnalit\u00e9s historiques aux c\u00f4t\u00e9s &#8230; <a title=\"Patrice Lumumba fascine le XXIe si\u00e8cle\" class=\"read-more\" href=\"https:\/\/bruxelles-pantheres.be\/?p=2390\" aria-label=\"En savoir plus sur Patrice Lumumba fascine le XXIe si\u00e8cle\">Lire la suite<\/a><\/p>\n","protected":false},"author":1,"featured_media":1441,"comment_status":"open","ping_status":"open","sticky":false,"template":"","format":"standard","meta":{"footnotes":""},"categories":[1],"tags":[31,84,14,38,45,72,15,49],"class_list":["post-2390","post","type-post","status-publish","format-standard","has-post-thumbnail","hentry","category-non-classe","tag-belgique","tag-black-power","tag-bruxelles","tag-guerre","tag-lumumba","tag-patrice-lumumba","tag-resistance","tag-usa"],"_links":{"self":[{"href":"https:\/\/bruxelles-pantheres.be\/index.php?rest_route=\/wp\/v2\/posts\/2390","targetHints":{"allow":["GET"]}}],"collection":[{"href":"https:\/\/bruxelles-pantheres.be\/index.php?rest_route=\/wp\/v2\/posts"}],"about":[{"href":"https:\/\/bruxelles-pantheres.be\/index.php?rest_route=\/wp\/v2\/types\/post"}],"author":[{"embeddable":true,"href":"https:\/\/bruxelles-pantheres.be\/index.php?rest_route=\/wp\/v2\/users\/1"}],"replies":[{"embeddable":true,"href":"https:\/\/bruxelles-pantheres.be\/index.php?rest_route=%2Fwp%2Fv2%2Fcomments&post=2390"}],"version-history":[{"count":1,"href":"https:\/\/bruxelles-pantheres.be\/index.php?rest_route=\/wp\/v2\/posts\/2390\/revisions"}],"predecessor-version":[{"id":2391,"href":"https:\/\/bruxelles-pantheres.be\/index.php?rest_route=\/wp\/v2\/posts\/2390\/revisions\/2391"}],"wp:featuredmedia":[{"embeddable":true,"href":"https:\/\/bruxelles-pantheres.be\/index.php?rest_route=\/wp\/v2\/media\/1441"}],"wp:attachment":[{"href":"https:\/\/bruxelles-pantheres.be\/index.php?rest_route=%2Fwp%2Fv2%2Fmedia&parent=2390"}],"wp:term":[{"taxonomy":"category","embeddable":true,"href":"https:\/\/bruxelles-pantheres.be\/index.php?rest_route=%2Fwp%2Fv2%2Fcategories&post=2390"},{"taxonomy":"post_tag","embeddable":true,"href":"https:\/\/bruxelles-pantheres.be\/index.php?rest_route=%2Fwp%2Fv2%2Ftags&post=2390"}],"curies":[{"name":"wp","href":"https:\/\/api.w.org\/{rel}","templated":true}]}}