{"id":2396,"date":"2015-01-20T23:39:37","date_gmt":"2015-01-20T22:39:37","guid":{"rendered":"https:\/\/bruxelles-pantheres.be\/?p=2396"},"modified":"2015-01-20T23:43:15","modified_gmt":"2015-01-20T22:43:15","slug":"le-monde-entier-est-un-theatre-disait-deja-shakespeare","status":"publish","type":"post","link":"https:\/\/bruxelles-pantheres.be\/?p=2396","title":{"rendered":"\u00ab Le monde entier est un th\u00e9\u00e2tre\u2026 \u00bb, disait d\u00e9j\u00e0 Shakespeare."},"content":{"rendered":"<p style=\"text-align: center;\"><a href=\"https:\/\/bruxelles-pantheres.be\/wp-content\/uploads\/2015\/01\/terrorisme.gif\"><img decoding=\"async\" class=\"alignnone size-full wp-image-2397\" src=\"https:\/\/bruxelles-pantheres.be\/wp-content\/uploads\/2015\/01\/terrorisme.gif\" alt=\"terrorisme\" width=\"300\" height=\"291\" \/><\/a><\/p>\n<p>Abasourdis\u2026 Glac\u00e9s\u2026 Qui le nierait, face aux sc\u00e8nes de violence mortelle de la semaine derni\u00e8re, auxquelles les cha\u00eenes-infos nous ont d\u00e9sormais habitu\u00e9s lors de tels \u00e9v\u00e8nements\u2026 A la suite de quoi, dans ce qui paraissait comme une communion nationale, europ\u00e9enne, voire plan\u00e9taire \u2013 \u00ab Paris est la capitale du monde \u00bb, d\u00e9clarait Fr. Hollande (rien que \u00e7a !) \u2013 la plupart des gens se sont sentis \u00ab Charlie \u00bb\u2026 n\u2019ayant pour beaucoup jamais ouvert la moindre page de ce canard parfois plus que douteux. A la limite du bon go\u00fbt. Cultivant la provoc sous pr\u00e9texte de \u00ab Libert\u00e9 d\u2019expression \u00bb\u2026<!--more--><br \/>\nDans ces moments o\u00f9 l\u2019\u00e9motion et la sensibilit\u00e9 sont exacerb\u00e9es, la raison est paralys\u00e9e. T\u00e9tanis\u00e9e. Claquemur\u00e9e. Et l\u2019Etat, flairant l\u2019affaire, a somm\u00e9 le peuple via ses \u00ab sp\u00e9cialistes \u00bb en communication et des m\u00e9dias contr\u00f4l\u00e9s, de descendre dans la rue pour afficher sa solidarit\u00e9 aussi peu probable qu\u2019\u00e9ph\u00e9m\u00e8re sans doute. Dans quelques temps, lorsque l\u2019\u00e9tau policier se sera resserr\u00e9 et qu\u2019il voudra s\u2019en d\u00e9faire, ce sera trop tard. Il ne pourra plus d\u00e9nouer la corde qui l\u2019asphyxie. Il l\u2019a demand\u00e9e, exig\u00e9e, pl\u00e9biscit\u00e9e\u2026 Cela s\u2019inscrit parfaitement dans ce que la journaliste Naomi Klein explique dans son livre \u00ab La strat\u00e9gie du choc \u00bb. Lors de \u00ab chocs \u00bb \u00e9motionnels importants \u2013 guerre, catastrophe naturelle, attentat,\u2026 \u2013 qui peuvent toucher une nation et cr\u00e9er un traumatisme collectif, les gouvernements ont une fen\u00eatre d\u2019ouverture pour l\u00e9gif\u00e9rer et prendre des mesures hors normes qu\u2019ils ne pourraient faire passer en temps ordinaire. Cet \u00ab \u00e9tat de gr\u00e2ce \u00bb ne dure pas. Il faut donc aller vite et donner par cela l\u2019impression que l\u2019Etat agit promptement pour r\u00e9pondre \u00e0 la demande expresse du peuple\u2026 Les m\u00e9dias, complices et parfaitement contr\u00f4l\u00e9s par le pouvoir, s\u2019en font d\u2019ailleurs les relais complaisants. Nous d\u00e9versant chaque soir, notre potion de ce feuilleton sordide. De quoi maintenir le pays dans cet \u00e9tat de \u00ab choc \u00bb \u00e9motionnel, le temps de prendre mesures et lois liberticides au service du capitalisme effr\u00e9n\u00e9 dont une minorit\u00e9 dans nos soci\u00e9t\u00e9s dites \u00ab civilis\u00e9es \u00bb juge utile \u00e0 ses int\u00e9r\u00eats jamais assouvis. Et avant que le souffl\u00e9 ne retombe\u2026<br \/>\n\u00ab Le monde entier est un th\u00e9\u00e2tre, et tous, hommes et femmes, n\u2019en sont que les acteurs. Et notre vie durant nous jouons plusieurs r\u00f4les \u00bb est la phrase compl\u00e8te de Shakespeare. Et tous, nous savons qu\u2019il y a de bonnes pi\u00e8ces et de mauvaises. De bons acteurs et de mauvais. Nous avons \u00e9t\u00e9 spectateurs de l\u2019horreur. Du sordide. De l\u2019abject. En direct\u2026 Et certains ont cru devenir acteurs en descendant dans la rue, convoqu\u00e9s par les tenants du pouvoir et leurs m\u00e9dias disciplin\u00e9s afin de dire non au \u00ab terrorisme islamiste \u00bb, ce nouvel ennemi invent\u00e9 par les EU apr\u00e8s les attentats du 11 septembre 2001\u2026 mais aliment\u00e9 par ceux-l\u00e0 m\u00eames qui d\u00e9clarent le combattre ! La plupart auront l\u2019impression d\u2019\u00eatre enfin acteur de leur vie. De la prendre r\u00e9ellement en mains. De forcer le destin. Sans voir qu\u2019ils n\u2019auront \u00e9t\u00e9 que des marionnettes manipul\u00e9es par des forces occultes et dont ils ignorent jusqu\u2019\u00e0 l\u2019existence. C\u2019est un leurre. Et dans quelques semaines ou quelques mois, beaucoup d\u00e9chanteront\u2026<br \/>\nEn attendant, le mal aura \u00e9t\u00e9 fait. Et malgr\u00e9 les mises en gardes officielles mais purement formelles, l\u2019Autre et dans ce cas pr\u00e9cis, la population arabo-musulmane aura \u00e9t\u00e9 une fois de plus stigmatis\u00e9e. Et le racisme rampant de nos Etats dominants qui gardent leurs r\u00e9flexes coloniaux \u00e0 l\u2019int\u00e9rieur comme \u00e0 l\u2019ext\u00e9rieur de leurs fronti\u00e8res, se perp\u00e9tuera sous des formes serviles et des plus sournoises.<br \/>\nSous la complaisante revendication de \u2018Libert\u00e9 d\u2019expression\u2019 rampe la d\u00e9magogie la plus perfide qui inocule son poison lentement mais s\u00fbrement. Les amalgames sont l\u00e9gion. Les coupables sont d\u00e9sign\u00e9s. De mani\u00e8re dissimul\u00e9e, mais suffisamment efficace pour qu\u2019il n\u2019y ait aucun doute sur les identit\u00e9s vis\u00e9es. Or, il n\u2019y a de r\u00e9elle \u2018Libert\u00e9 d\u2019expression\u2019 que pour celle qui n\u2019entame pas les int\u00e9r\u00eats du pouvoir. Quantit\u00e9 d\u2019opinions, d\u2019avis, de positions restent interdites, sanctionn\u00e9es sous des pr\u00e9textes tordus et opportunistes. Il y a une fois de plus, une \u2018Libert\u00e9 d\u2019expression\u2019 \u00e0 g\u00e9om\u00e9trie variable. Comme pour la Justice. Une \u2018Libert\u00e9 d\u2019expression\u2019 pour bobos de gauche de plus en plus \u00e0 droite, outrepassant toute limite. Une \u2018Libert\u00e9 d\u2019expression\u2019 de nouveaux riches, de parvenus. De ceux qui peuvent tout se permettre, et affichent cette suffisance d\u00e9complex\u00e9e les autorisant \u00e0 tout transgresser. Sans la moindre retenue. Cette \u2018Libert\u00e9 d\u2019expression\u2019 qui va toujours dans le m\u00eame sens. De celle des arrogants envers ceux qui ne peuvent ni r\u00e9pondre, ni se d\u00e9fendre. Ou que l\u2019on entend \u00e0 peine. De celle par exemple o\u00f9 l\u2019on nous fait croire par l\u2019angle de la prise de vue \u00e0 une foule dense et compacte mass\u00e9e dimanche dernier derri\u00e8re le rassemblement de chefs de gouvernements au rang desquels des terroristes d\u2019Etat av\u00e9r\u00e9s\u2026 alors que derri\u00e8re eux, il n\u2019y avait personne en-dehors des services de s\u00e9curit\u00e9 !? Ou de celle qui en quelques heures, a fait changer sa couverture \u00e0 Paris-Match d\u00e8s lors que le commentaire \u00e0 propos de N. Sarkozy se poussant aux premiers rangs de cette m\u00eame marche \u00e9quivoque, a d\u00fb d\u00e9plaire \u00e0 l\u2019int\u00e9ress\u00e9\u2026 Est-ce cette habituelle \u2018Libert\u00e9 d\u2019expression\u2019 grossi\u00e8re que d\u2019aucuns r\u00e9clament ?<\/p>\n<p>Pour ma part, et sans le moindre doute, je pr\u00e9f\u00e8re cette r\u00e9flexion de St. Exup\u00e9ry dans Citadelle : \u00ab Quand mon ami est estropi\u00e9, je ne lui demande pas de danser \u00bb\u2026 Cela me para\u00eet d\u2019un tout autre niveau que l\u2019humour de caniveau de certains humoristes \u00e9lev\u00e9s aujourd\u2019hui au rang de \u2018g\u00e9nies\u2019\u2026 ! Et \u00e0 ce propos, il me semble qu\u2019au minimum le d\u00e9bat m\u00e9riterait d\u2019\u00eatre ouvert en lieu et place de le cadenasser et d\u2019imposer un point de vue tel un diktat. Y aurait-il quelque d\u00e9shonneur pour nos pays la\u00efcs \u00e0 r\u00e9apprendre les notions de respect de l\u2019Autre ? De ce qui fait sa part sacr\u00e9e, m\u00eame si nous ne la partageons pas ? Nous abaisserions-nous, comme certains veulent nous en persuader, \u00e0 prendre en compte les sensibilit\u00e9s des plus h\u00e9sitants, des plus inquiets ? Faut-il, tels des m\u00e9prisants, \u00e9clabousser nos voisins de nos certitudes, \u00e0 tous les coups !? Leur en foutre plein la gueule ? Le souci de l\u2019Autre nous indiff\u00e8re-t-il \u00e0 ce point pour nous autoriser \u00e0 le violenter dans ses peurs, ses questions ou tout simplement ses traditions, sa culture ? Ne nous a-t-on pas appris que le bon berger est celui qui va au rythme du plus lent de ses agneaux ? Et sommes-nous \u00e0 ce point aveugl\u00e9s par notre suffisance que pour ne plus voir la violence que peuvent rev\u00eatir nos paroles et nos gestes aupr\u00e8s de l\u2019Autre ? Accepterions-nous que nos enfants, nos jeunes soient viol\u00e9s dans leur part sacr\u00e9e au nom de la \u2018Libert\u00e9 d\u2019expression\u2019 d\u2019autrui ? Ou en sommes-nous \u00e0 penser que d\u00e9finitivement, le \u2018sacr\u00e9\u2019 n\u2019existe plus !? Notre violence, m\u00eame verbale nous est-elle devenue incontr\u00f4lable, sous le pr\u00e9texte commode de la \u2018Libert\u00e9 d\u2019expression\u2019 !? Si c\u2019est le cas, nombreux sont ceux qui devraient consulter\u2026<br \/>\nL\u2019appareil d\u2019Etat veut nous manipuler. A l\u2019Assembl\u00e9e nationale, comme un seul homme, les \u00e9lus ont chant\u00e9 la Marseillaise. Du jamais vu depuis un si\u00e8cle, nous ont expliqu\u00e9 les m\u00e9dias ! Cet hymne guerrier o\u00f9 il est question de : \u2019Aux armes, citoyens\u2026 formez vos bataillons, \u2026\u2019 et \u2018Qu\u2019un sang impur abreuve nos sillons\u2019\u2026 Va-t-on tomber dans ce pi\u00e8ge grossier de croire que nous sommes en guerre !? Va-t-on suivre une fois encore cette injonction am\u00e9ricaine de l\u2019inf\u00e2me \u00e9quipe Bush d\u00e9clarant la \u2018guerre au terrorisme\u2019, et reprise par nombre de politiques, de commentateurs et d\u2019intervenants !? L\u2019Europe va-t-elle basculer dans cette spirale infernale qui ne profite qu\u2019aux marchands d\u2019armes et aux grands patrons, proches du pouvoir quand ils n\u2019y sont pas acoquin\u00e9s !? Il me semble que de tous temps, les guerres se font entre arm\u00e9es ennemies. Appartenant chacune \u00e0 un Etat. Quel Etat nous aurait-il envoy\u00e9 son arm\u00e9e pour nous combattre ? Le personnel politique doit se frotter les mains de voir ainsi le peuple pr\u00eat \u00e0 descendre aussi docilement dans la rue, tel un troupeau dispos\u00e9 \u00e0 en d\u00e9coudre contre cet ennemi fabriqu\u00e9, fantasm\u00e9\u2026 Ils seront donc nombreux les volontaires pr\u00eats pour aller se battre contre le prochain ennemi que nous d\u00e9signera l\u2019Etat\u2026<br \/>\nEt, dans cette morbide foul\u00e9e d\u2019une Marseillaise douteuse, de quel \u2018sang impur\u2019 s\u2019agit-il donc ?&#8230; Ceux qui jouent ainsi avec les mots pensent-ils aux d\u00e9g\u00e2ts qu\u2019un tel usage du vocabulaire peut entra\u00eener pour les demeur\u00e9s qui seront toujours pr\u00eats \u00e0 \u00e9triper tout ce qui ne leur ressemble pas ? En d\u00e9finitive, comme le dit tr\u00e8s justement Bernard Lavilliers : \u00ab Au moment o\u00f9 l\u2019on a le plus besoin de culture, on choisit de mettre des soldats dans la rue \u00bb ! Certains veulent profiter de cette dramatique situation et duper le peuple\u2026 et particuli\u00e8rement en ces temps de barbarie aliment\u00e9e par un personnel politique et m\u00e9diatique irresponsables qui le malm\u00e8ne !<br \/>\nPour terminer, je pense qu\u2019il est urgent de nous demander si nos standards de \u2018libert\u00e9\u2019 sont les seuls valables\u2026 et s\u2019ils ne devraient pas avant tout, s\u2019exercer\u2026 dans le respect de l\u2019Autre !<\/p>\n<p>Daniel Vanhove \u2013<br \/>\n18.01.15<br \/>\nObservateur civil<br \/>\nAuteur<br \/>\n\u00ab Si vous d\u00e9truisez nos maisons, vous ne d\u00e9truirez pas nos \u00e2mes \u00bb &#8211; 2005 \u2013 Ed. M. Pietteur<br \/>\n\u00ab La D\u00e9mocratie Mensonge \u00bb &#8211; 2008 \u2013 Ed. M. Pietteur<\/p>\n","protected":false},"excerpt":{"rendered":"<p>Abasourdis\u2026 Glac\u00e9s\u2026 Qui le nierait, face aux sc\u00e8nes de violence mortelle de la semaine derni\u00e8re, auxquelles les cha\u00eenes-infos nous ont d\u00e9sormais habitu\u00e9s lors de tels \u00e9v\u00e8nements\u2026 A la suite de quoi, dans ce qui paraissait comme une communion nationale, europ\u00e9enne, voire plan\u00e9taire \u2013 \u00ab Paris est la capitale du monde \u00bb, d\u00e9clarait Fr. Hollande (rien &#8230; <a title=\"\u00ab Le monde entier est un th\u00e9\u00e2tre\u2026 \u00bb, disait d\u00e9j\u00e0 Shakespeare.\" class=\"read-more\" href=\"https:\/\/bruxelles-pantheres.be\/?p=2396\" aria-label=\"En savoir plus sur \u00ab Le monde entier est un th\u00e9\u00e2tre\u2026 \u00bb, disait d\u00e9j\u00e0 Shakespeare.\">Lire la suite<\/a><\/p>\n","protected":false},"author":1,"featured_media":1651,"comment_status":"open","ping_status":"open","sticky":false,"template":"","format":"standard","meta":{"footnotes":""},"categories":[21,36,28],"tags":[31,94,38],"class_list":["post-2396","post","type-post","status-publish","format-standard","has-post-thumbnail","hentry","category-anti-imperialisme","category-europe","category-racismes","tag-belgique","tag-daniel-vanhove","tag-guerre"],"_links":{"self":[{"href":"https:\/\/bruxelles-pantheres.be\/index.php?rest_route=\/wp\/v2\/posts\/2396","targetHints":{"allow":["GET"]}}],"collection":[{"href":"https:\/\/bruxelles-pantheres.be\/index.php?rest_route=\/wp\/v2\/posts"}],"about":[{"href":"https:\/\/bruxelles-pantheres.be\/index.php?rest_route=\/wp\/v2\/types\/post"}],"author":[{"embeddable":true,"href":"https:\/\/bruxelles-pantheres.be\/index.php?rest_route=\/wp\/v2\/users\/1"}],"replies":[{"embeddable":true,"href":"https:\/\/bruxelles-pantheres.be\/index.php?rest_route=%2Fwp%2Fv2%2Fcomments&post=2396"}],"version-history":[{"count":2,"href":"https:\/\/bruxelles-pantheres.be\/index.php?rest_route=\/wp\/v2\/posts\/2396\/revisions"}],"predecessor-version":[{"id":2399,"href":"https:\/\/bruxelles-pantheres.be\/index.php?rest_route=\/wp\/v2\/posts\/2396\/revisions\/2399"}],"wp:featuredmedia":[{"embeddable":true,"href":"https:\/\/bruxelles-pantheres.be\/index.php?rest_route=\/wp\/v2\/media\/1651"}],"wp:attachment":[{"href":"https:\/\/bruxelles-pantheres.be\/index.php?rest_route=%2Fwp%2Fv2%2Fmedia&parent=2396"}],"wp:term":[{"taxonomy":"category","embeddable":true,"href":"https:\/\/bruxelles-pantheres.be\/index.php?rest_route=%2Fwp%2Fv2%2Fcategories&post=2396"},{"taxonomy":"post_tag","embeddable":true,"href":"https:\/\/bruxelles-pantheres.be\/index.php?rest_route=%2Fwp%2Fv2%2Ftags&post=2396"}],"curies":[{"name":"wp","href":"https:\/\/api.w.org\/{rel}","templated":true}]}}