{"id":2409,"date":"2015-01-26T23:49:11","date_gmt":"2015-01-26T22:49:11","guid":{"rendered":"https:\/\/bruxelles-pantheres.be\/?p=2409"},"modified":"2015-01-26T23:49:11","modified_gmt":"2015-01-26T22:49:11","slug":"il-parait-quun-bon-exemple-vaut-mieux-quun-long-discours","status":"publish","type":"post","link":"https:\/\/bruxelles-pantheres.be\/?p=2409","title":{"rendered":"Il para\u00eet qu\u2019un (bon) exemple vaut mieux qu\u2019un (long) discours\u2026"},"content":{"rendered":"<p style=\"text-align: center;\"><a href=\"https:\/\/bruxelles-pantheres.be\/wp-content\/uploads\/2015\/01\/bhl_syriens.jpg\"><img decoding=\"async\" class=\"alignnone size-full wp-image-2410\" src=\"https:\/\/bruxelles-pantheres.be\/wp-content\/uploads\/2015\/01\/bhl_syriens.jpg\" alt=\"bhl_syriens\" width=\"630\" height=\"360\" srcset=\"https:\/\/bruxelles-pantheres.be\/wp-content\/uploads\/2015\/01\/bhl_syriens.jpg 630w, https:\/\/bruxelles-pantheres.be\/wp-content\/uploads\/2015\/01\/bhl_syriens-300x171.jpg 300w, https:\/\/bruxelles-pantheres.be\/wp-content\/uploads\/2015\/01\/bhl_syriens-540x309.jpg 540w\" sizes=\"(max-width: 630px) 100vw, 630px\" \/><\/a><\/p>\n<p><em><strong>Il para\u00eet qu\u2019un (bon) exemple vaut mieux qu\u2019un (long) discours\u2026<\/strong><\/em><br \/>\nDe tous temps et en tous lieux, n\u2019apprend-on pas aux enfants que l\u2019exemple vient \u00ab d\u2019en haut \u00bb ? Pour ma part, c\u2019est bien \u00e0 cette \u00e9cole de la vie que j\u2019ai grandi. Et il me semble qu\u2019il en est toujours ainsi, m\u00eame si parfois, et \u00e0 juste titre, l\u2019autoritarisme aveugle d\u2019antan peut se trouver questionn\u00e9\u2026<br \/>\nLes ministres des Affaires \u00e9trang\u00e8res de l\u2019UE se sont retrouv\u00e9s \u00e0 Bruxelles ce 18 janvier pour tenter de mieux organiser leur coop\u00e9ration dans la lutte contre le \u00ab terrorisme \u00bb. Premi\u00e8re rencontre sur le sujet suite aux derniers attentats \u00e0 Paris, qui sera suivie par d\u2019autres dont la prochaine est pr\u00e9vue le 12 f\u00e9vrier prochain.<br \/>\nNul doute qu\u2019en termes de contr\u00f4le aux fronti\u00e8res de l\u2019UE il y ait des failles, d\u00e9nonc\u00e9es d\u00e8s sa mise en application. \u00ab Schengen \u00bb est un v\u0153u pieu que les Eurod\u00e9put\u00e9s, toujours aussi d\u00e9connect\u00e9s des r\u00e9alit\u00e9s des citoyens, ont mis en place de mani\u00e8re na\u00efve dans un monde de bisounours inexistant. Faut dire qu\u2019ils n\u2019en sont pas \u00e0 une aberration pr\u00e8s ! Le probl\u00e8me est que dans un monde globalis\u00e9 dont l\u2019objectif de la doctrine n\u00e9o-lib\u00e9rale soit que tout puisse circuler sans entrave pour le commerce \u2013 et les profits ! \u2013 les produits illicites circulent aussi, dont les armes.<br \/>\nChacun qui voyage un peu appr\u00e9cie se sentir libre de circuler\u2026 mais de pr\u00e9f\u00e9rence \u00e0 l\u2019abri de risques pour sa propre vie et celle de ses proches ! Les gouvernements nationaux et les fonctionnaires europ\u00e9ens devront donc plancher sur les mesures alliant ce double imp\u00e9ratif. Dans tous les cas, l\u2019on peut \u00eatre assur\u00e9 d\u2019une chose : les mesures qui s\u2019annoncent seront plus autoritaires et plus coercitives. Mais, n\u2019est-ce pas ce que le peuple demande, massivement d\u2019apr\u00e8s certains sondages ?&#8230;<br \/>\nAinsi, depuis le gouvernement dit de droite de N. Sarkozy, il est question de priver de leur nationalit\u00e9 certains citoyens qui auraient commis des agissements qualifi\u00e9s de \u00ab terroristes \u00bb, c\u2019est-\u00e0-dire, ayant par leurs comportements, particip\u00e9, attent\u00e9 voire priv\u00e9 la vie \u00e0 autrui. L\u2019actuel gouvernement dit de gauche de Fr. Hollande semble embo\u00eeter le pas \u00e0 son pr\u00e9d\u00e9cesseur et ressort cette mesure. Etrange, puisque cela sous-entend que certains citoyens n\u2019auraient pas une nationalit\u00e9 \u00e0 100% garantie. Mais alors, \u00e0 quelle hauteur et en quelle mesure sont-ils citoyens fran\u00e7ais ? Et qui l\u2019\u00e9valuera ? Complexe\u2026<br \/>\nAussi, puisqu\u2019il para\u00eet qu\u2019un bon exemple vaut mieux qu\u2019un long discours, pourquoi ne pas commencer par retirer leur nationalit\u00e9 en les renvoyant comme il est pr\u00e9vu de le faire dans leur pays d\u2019origine, ceux qui ont vivement encourag\u00e9 et se sont rendus sur place, participant activement au saccage et \u00e0 l\u2019effondrement dramatique de la Libye, y entra\u00eenant la mort de centaines de milliers de civils innocents, avant de revenir en France, je veux dire Mr. B-H L\u00e9vy en Alg\u00e9rie et Mr. N.Sarkozy en Hongrie ?<br \/>\nO\u00f9 le pouvoir montrerait enfin quelque coh\u00e9rence en nous rassurant que l\u2019exemple vient toujours bien d\u2019en haut ! Ben quoi !?&#8230; \u00ab libert\u00e9 d\u2019expression \u00bb, non !?&#8230;<br \/>\nDaniel Vanhove \u2013<br \/>\n23.01.15<br \/>\nObservateur civil<br \/>\nMembre du Mouvement Citoyen Palestine<br \/>\nAuteur<br \/>\n\u00ab Si vous d\u00e9truisez nos maisons, vous ne d\u00e9truirez pas nos \u00e2mes \u00bb &#8211; 2005 \u2013 Ed. M. Pietteur<br \/>\n\u00ab La D\u00e9mocratie Mensonge \u00bb &#8211; 2008 \u2013 Ed. M. Pietteur<\/p>\n","protected":false},"excerpt":{"rendered":"<p>Il para\u00eet qu\u2019un (bon) exemple vaut mieux qu\u2019un (long) discours\u2026 De tous temps et en tous lieux, n\u2019apprend-on pas aux enfants que l\u2019exemple vient \u00ab d\u2019en haut \u00bb ? Pour ma part, c\u2019est bien \u00e0 cette \u00e9cole de la vie que j\u2019ai grandi. Et il me semble qu\u2019il en est toujours ainsi, m\u00eame si parfois, &#8230; <a title=\"Il para\u00eet qu\u2019un (bon) exemple vaut mieux qu\u2019un (long) discours\u2026\" class=\"read-more\" href=\"https:\/\/bruxelles-pantheres.be\/?p=2409\" aria-label=\"En savoir plus sur Il para\u00eet qu\u2019un (bon) exemple vaut mieux qu\u2019un (long) discours\u2026\">Lire la suite<\/a><\/p>\n","protected":false},"author":1,"featured_media":2291,"comment_status":"open","ping_status":"open","sticky":false,"template":"","format":"standard","meta":{"footnotes":""},"categories":[36],"tags":[94],"class_list":["post-2409","post","type-post","status-publish","format-standard","has-post-thumbnail","hentry","category-europe","tag-daniel-vanhove"],"_links":{"self":[{"href":"https:\/\/bruxelles-pantheres.be\/index.php?rest_route=\/wp\/v2\/posts\/2409","targetHints":{"allow":["GET"]}}],"collection":[{"href":"https:\/\/bruxelles-pantheres.be\/index.php?rest_route=\/wp\/v2\/posts"}],"about":[{"href":"https:\/\/bruxelles-pantheres.be\/index.php?rest_route=\/wp\/v2\/types\/post"}],"author":[{"embeddable":true,"href":"https:\/\/bruxelles-pantheres.be\/index.php?rest_route=\/wp\/v2\/users\/1"}],"replies":[{"embeddable":true,"href":"https:\/\/bruxelles-pantheres.be\/index.php?rest_route=%2Fwp%2Fv2%2Fcomments&post=2409"}],"version-history":[{"count":1,"href":"https:\/\/bruxelles-pantheres.be\/index.php?rest_route=\/wp\/v2\/posts\/2409\/revisions"}],"predecessor-version":[{"id":2411,"href":"https:\/\/bruxelles-pantheres.be\/index.php?rest_route=\/wp\/v2\/posts\/2409\/revisions\/2411"}],"wp:featuredmedia":[{"embeddable":true,"href":"https:\/\/bruxelles-pantheres.be\/index.php?rest_route=\/wp\/v2\/media\/2291"}],"wp:attachment":[{"href":"https:\/\/bruxelles-pantheres.be\/index.php?rest_route=%2Fwp%2Fv2%2Fmedia&parent=2409"}],"wp:term":[{"taxonomy":"category","embeddable":true,"href":"https:\/\/bruxelles-pantheres.be\/index.php?rest_route=%2Fwp%2Fv2%2Fcategories&post=2409"},{"taxonomy":"post_tag","embeddable":true,"href":"https:\/\/bruxelles-pantheres.be\/index.php?rest_route=%2Fwp%2Fv2%2Ftags&post=2409"}],"curies":[{"name":"wp","href":"https:\/\/api.w.org\/{rel}","templated":true}]}}