{"id":2422,"date":"2015-02-09T00:55:29","date_gmt":"2015-02-08T23:55:29","guid":{"rendered":"https:\/\/bruxelles-pantheres.be\/?p=2422"},"modified":"2015-02-09T00:56:36","modified_gmt":"2015-02-08T23:56:36","slug":"violence-policiere-raciste-au-portugal","status":"publish","type":"post","link":"https:\/\/bruxelles-pantheres.be\/?p=2422","title":{"rendered":"Violence polici\u00e8re raciste au Portugal"},"content":{"rendered":"<div class=\"_5pbx userContent\" data-ft=\"{&quot;tn&quot;:&quot;K&quot;}\">\n<p style=\"text-align: center;\"><a href=\"https:\/\/bruxelles-pantheres.be\/wp-content\/uploads\/2015\/02\/15616_843009769071579_130701668725014513_n.jpg\"><img decoding=\"async\" class=\"alignnone size-full wp-image-2423\" src=\"https:\/\/bruxelles-pantheres.be\/wp-content\/uploads\/2015\/02\/15616_843009769071579_130701668725014513_n.jpg\" alt=\"15616_843009769071579_130701668725014513_n\" width=\"960\" height=\"783\" srcset=\"https:\/\/bruxelles-pantheres.be\/wp-content\/uploads\/2015\/02\/15616_843009769071579_130701668725014513_n.jpg 960w, https:\/\/bruxelles-pantheres.be\/wp-content\/uploads\/2015\/02\/15616_843009769071579_130701668725014513_n-300x245.jpg 300w, https:\/\/bruxelles-pantheres.be\/wp-content\/uploads\/2015\/02\/15616_843009769071579_130701668725014513_n-768x626.jpg 768w, https:\/\/bruxelles-pantheres.be\/wp-content\/uploads\/2015\/02\/15616_843009769071579_130701668725014513_n-540x440.jpg 540w\" sizes=\"(max-width: 960px) 100vw, 960px\" \/><\/a><\/p>\n<p>Violence polici\u00e8re raciste au Portugal \u2013 8 F\u00e9vrier 2015<br \/>\nLe 5 F\u00e9vrier 2015, en d\u00e9but d&rsquo;apr\u00e8s-midi \u2013 selon les informations relay\u00e9es par l&rsquo;observatoire du contr\u00f4le et de la r\u00e9pression(1) au Portugal, par le site internet <a href=\"http:\/\/l.facebook.com\/l.php?u=http%3A%2F%2Fesquerda.net%2F&amp;h=SAQGzo6tW&amp;enc=AZMVkOIr0d8_OaHWNejEjSetEMblzWCClT2sGtpNScGWIvDNAI1S2O2wtnWVl4gAAqy9suPUm602f-yOPu6ViLUYpdMposLVs1-cmSx5EfJFYSwkarsqpv9n07Y9YRbewdURjZrCEVh4UvAwBr0L5QfrpY3mTsBu6p7tL1z1MpvO5w&amp;s=1\" target=\"_blank\" rel=\"nofollow\">esquerda.net<\/a>(2) et par plusieurs reportages(3) \u2013 une patrouille sp\u00e9ciale (SIR \u2013 Servi\u00e7o de Interven\u00e7\u00e3o R\u00e1pida) de la police de Alfragide (PSP \u2013 Pol\u00edcia de Seguran\u00e7a P\u00fablica) fit une patrouille de routine dans le quartier de Cova da Moura \u00e0 Lisbonne, patrouille qui engendra l&rsquo;arrestation d&rsquo;une personne. Bien que la personne en question n&rsquo;ait pr\u00e9sent\u00e9 aucune r\u00e9sistance, celle-ci fut agress\u00e9e par la police alors qu&rsquo;elle \u00e9tait tenue au sol par les policiers. Un grand nombre de t\u00e9moins \u00e9taient pr\u00e9sents sur les lieux et protest\u00e8rent avec indignation contre le comportement des agents de police. Pourtant, la police continua \u00e0 menacer violemment les r\u00e9sidents et les passants et \u00e0 les pers\u00e9cuter avec leurs matraques et en tirant des balles en caoutchouc. Une femme accrochant son linge au balcon a \u00e9t\u00e9 touch\u00e9 par trois balles en caoutchouc et a due \u00eatre hospitalis\u00e9e, information confirm\u00e9e par Zulmira Coelho qui travaille dans une association locale. Suite \u00e0 ces \u00e9v\u00e9nements, plusieurs r\u00e9sidents du quartier (certains \u00e9tant impliqu\u00e9s dans l&rsquo;association de jeunesse \u00ab Moinho da Juventude \u00bb), se sentant concern\u00e9s par l&rsquo;intervention agressive des autorit\u00e9s et le non respect des droits de cette communaut\u00e9, all\u00e8rent se renseigner au poste de police d&rsquo;Alfragide quant \u00e0 la d\u00e9tention et tent\u00e8rent de porter plainte contre les agents de police pour leur comportement. Une fois au poste, cinq r\u00e9sidents du quartier furent arr\u00eat\u00e9s et battus par plusieurs agents. Parmi eux, Fl\u00e1vio Almada (plus connu sous son nom de sc\u00e8ne Lbc Soldjah), membre du r\u00e9seau europ\u00e9en Decoloniality Europe. \u00c9tant donn\u00e9 la brutalit\u00e9 de la police, les d\u00e9tenus furent transport\u00e9s, sous escorte polici\u00e8re, \u00e0 l\u2019h\u00f4pital Amadora-Sintra, afin d&rsquo;y recevoir une assistance m\u00e9dicale, comme l&rsquo;a confirm\u00e9 un porte parole de l&rsquo;Institut national des m\u00e9decins urgentistes (INEM \u2013 Instituto Nacional de EMERGENCIA M\u00e9dica) \u00e0 l&rsquo;agence de presse Lusa. Les d\u00e9tenus portaient clairement des s\u00e9quelles physiques dues \u00e0 l&rsquo;agression physique, l&rsquo;un d&rsquo;eux avait une grave blessure \u00e0 la jambe \u00e0 cause d&rsquo;une balle en caoutchouc tir\u00e9e par la police. Par la suite, ils furent replac\u00e9s en garde \u00e0 vue en attendant d&rsquo;\u00eatre pr\u00e9sent\u00e9s \u00e0 un juge. L&rsquo;audience \u00e9tait pr\u00e9vue pour le vendredi 6 F\u00e9vrier, au palais de justice d&rsquo;Amadora ; mais le procureur refusa de les entendre et l&rsquo;audience n&rsquo;eue lieu que le jour suivant, samedi, au palais de justice de Sintra. Le minist\u00e8re public r\u00e9clama que les cinq d\u00e9tenus restent gard\u00e9s \u00e0 vue, les accusant de r\u00e9sistance et de coercition sur un officier(4). Dans l&rsquo;apr\u00e8s-midi, les d\u00e9tenus furent lib\u00e9r\u00e9s et soumis \u00e0 des mesures de surveillance, \u00e0 savoir la d\u00e9claration d&rsquo;identit\u00e9 et de r\u00e9sidence (TIR \u2013 Termo de Identidade e Resid\u00eancia). Jusqu&rsquo;\u00e0 pr\u00e9sent, m\u00eame apr\u00e8s les demandes des m\u00e9dias, ni les repr\u00e9sentants des autorit\u00e9s de police, ni du minist\u00e8re de l&rsquo;Int\u00e9rieur (AMI \u2013 Minist\u00e9rio da Administra\u00e7\u00e3o Interna) n&rsquo;ont publi\u00e9 de d\u00e9claration officielle concernant les accusations de brutalit\u00e9s polici\u00e8res. Bien que les m\u00e9dias aient couvert ces \u00e9v\u00e9nements, certains articles de presse soutiennent clairement la version de la police. Ainsi, la situation fut d\u00e9crite comme une \u00ab tentative d&rsquo;invasion du poste de police \u00bb(5) \u2013 renfor\u00e7ant ainsi la criminalisation de la jeunesse noire \u2013 par le porte-parole de la police municipale de Lisbonne (CoMetLis \u2013 Policia Matropolitana de Lisboa), Hugo Abreu, passant sous silence le fait que les d\u00e9tenus aient \u00e9t\u00e9 agress\u00e9 physiquement par les agents de police et aient d\u00fb \u00eatre hospitalis\u00e9s(6). N\u00e9anmoins, il ne s&rsquo;agit pas simplement de contester et les faits et les \u00e9v\u00e9nements entourant ce cas particulier. Mais plut\u00f4t ce que l&rsquo;analyse des m\u00e9dias r\u00e9v\u00e8le, en pr\u00e9sentant sans cesse ces \u00e9v\u00e9nements comme \u00ab juste un \u00e9pisode de plus de jeunes marginaux violents \u00bb contre la police et\/ou les autorit\u00e9s. Ces \u00e9v\u00e9nements doivent donc \u00eatre analys\u00e9s \u00e0 la lumi\u00e8re du contexte de criminalisation et de surveillance dont est victime la jeunesse noire, issue des \u00ab quartiers difficiles \u00bb durant les derni\u00e8res d\u00e9cennies, de m\u00eame que le d\u00e9ni syst\u00e9matique du racisme institutionnel par les autorit\u00e9s de l&rsquo;\u00c9tat et des organismes publics au Portugal. Ce d\u00e9ni s&rsquo;est notamment illustr\u00e9 par le refus de l&rsquo;\u00c9tat portugais de publier des donn\u00e9es sur les discriminations ethno-raciales, ou de prendre des mesures en vue de mettre sur pieds un organe de contr\u00f4le ind\u00e9pendant sur l&rsquo;\u00e9galit\u00e9 raciale. Ce qui est une demande primordiale par les mouvements populaires et anti-racistes. Afin de contester les r\u00e9cits et les pratiques officielles, plusieurs initiatives pour d\u00e9noncer la brutalit\u00e9 polici\u00e8re contre les Noirs furent mises en place par des mouvement comme Plataforma Gueto (notamment concernant le cas des jeunes Kuku1, 14 ans, et Musso2, 15 ans, tous deux tu\u00e9s par la police) et par des association anti-raciste comme par exemple SOS Racismo (voir les articles de Mamadou Ba3). Le travail entrepris par ces militants politiques et intellectuels comportait \u00e9galement la cr\u00e9ation d&rsquo;une base de donn\u00e9e concernant les jeunes tu\u00e9s par des policiers, qui r\u00e9v\u00e9l\u00e8rent que, de 2000 \u00e0 2010, environ 40 jeunes personnes furent tu\u00e9es dans des circonstances similaires au Portugal, principalement dans la r\u00e9gion de Lisbonne ; dont plus d&rsquo;un tiers \u00e9taient noirs (un chiffre consid\u00e9rable si l&rsquo;on prend en compte la totalit\u00e9 de la population). Pourtant, il n&rsquo;y eu aucune condamnation de policiers pour l&rsquo;un de ces meurtres et une seule affaire a franchi le seuil d&rsquo;une cours de justice. On ne peut donc pas lire les \u00e9v\u00e9nements r\u00e9cents comme des cas isol\u00e9s dans le contexte europ\u00e9en. Ils sont plut\u00f4t r\u00e9v\u00e9lateurs du climat de criminalisation et de profilage racial de la jeunesse noire qui r\u00e8gne actuellement en Europe, comme des politiques de surveillance et de contr\u00f4le des fronti\u00e8res. Nous appelons donc tous les fr\u00e8res et s\u0153urs en Europe \u00e0 diffuser l&rsquo;information de cette attaque polici\u00e8re au Portugal et \u00e0 manifester leur solidarit\u00e9 envers les initiatives prises pour combattre le racisme institutionalis\u00e9.<\/p>\n<p>1- Voir : \u00ab Uma \u201cinvas\u00e3o a esquadra\u201d inventada \u2013 Relatos da Cova da Moura e de Alfragide \u00bb, <a href=\"https:\/\/www.facebook.com\/l.php?u=https%3A%2F%2Fobservatoriodocontroloerepressao.wordpress.com%2F2015%2F02%2F06%2Frelato-da-cova-da-moura-e-de-alfragide%2F&amp;h=6AQFe9DBb&amp;enc=AZNzUu8p0dSo05yzyyNybQXRms1H39IHRbAX8gKbr5R8QKuXcBTlKDyidQLHuF3LlYdDiONYOOtPXPAR_E1BdGFz9xRyuwDeMbu157Q8Sy2mpbSnke4IR-Tdxx-wjzW1ysJZDivPl7r8PA1S05aijjgUmgbefpEo5om8-uT4ISUdKQ&amp;s=1\" target=\"_blank\" rel=\"nofollow\">https:\/\/observatoriodocontroloerepressao.wordpress.com\/\u2026\/r\u2026\/<\/a><\/p>\n<p>2- Voir : \u00ab Moradores da Cova da Moura agredidos violentamente na esquadra da PSP de Alfragide \u00bb, <a href=\"http:\/\/l.facebook.com\/l.php?u=http%3A%2F%2Fwww.esquerda.net%2Fartigo%2Fmoradores-da-cova-da-moura-agredidos-violentamente-na-esquadra-da-psp-de-alfragide%2F35703&amp;h=aAQEZnsH-&amp;enc=AZM5l1sHKn11wEJ4HHNwg9vaUwUmWycEuYJByvNpvOKBszqmLQ25AES4dy8HBKaHIM-AfebcV-Gc89B7dYBepupt7dyCpzAujp8jCA3wMwrc8T7bTKUdRVEXvLI1jesFwNAc3rciocOLuGzbi_9ax1UAL74nUloSrFXqIWmcKdYxHQ&amp;s=1\" target=\"_blank\" rel=\"nofollow\">http:\/\/www.esquerda.net\/\u2026\/moradores-da-cova-da-moura-\u2026\/35703<\/a><\/p>\n<p>3- Voir : \u00ab Mulher atingida por disparos da PSP na Cova da Moura \u00bb, <a href=\"http:\/\/l.facebook.com\/l.php?u=http%3A%2F%2Fwww.publico.pt%2Flocal%2Fnoticia%2Fmulher-atingida-por-disparos-da-psp-na-cova-da-moura-1685165&amp;h=gAQHcmTLk&amp;enc=AZPZBemywgjp1K71cm8eOAnj6d08fev4Gtw5b8AUKdhU3xxI_uBIJNfBUIknvnMfNHrix3d5m-Y4XShbLEVpwmEzIHEfTd6sn1oAYi8YWx3Eh9pcyMKp3zwuK90-C3h9S3MLtlVG8anAw7xH3UlbjYgs1dd3Bob5r0nY_bKnqpPe1A&amp;s=1\" target=\"_blank\" rel=\"nofollow\">http:\/\/www.publico.pt\/\u2026\/mulher-atingida-por-disparos-da-psp\u2026<\/a> ainsi que : \u00ab Cinco dos acusados de invadirem esquadra da PSP receberam assist\u00eancia hospitalar \u00bb, <a href=\"http:\/\/l.facebook.com\/l.php?u=http%3A%2F%2Frr.sapo.pt%2Finformacao_detalhe.aspx%3Ffid%3D25%26did%3D177435&amp;h=yAQErgX7l&amp;enc=AZNaVV-bJL99cyuiAjxhy3eJeeAUiRNzcQOBWuWiyPy4p1850MCYHE1KOQ_KHr2zRmzYETvgdMmon5II2oQPzupQxZF7jruc5yOW5TAvZD-TPtXrz-6aBbkUNC3X-_aWmxypOIzevLj9hmwc2Gou7Jbc7V49_nY7UPXnHbv_pyDC9g&amp;s=1\" target=\"_blank\" rel=\"nofollow\">http:\/\/rr.sapo.pt\/informacao_detalhe.aspx?fid=25&amp;did=177435<\/a><\/p>\n<p>4- Voir : \u00ab Libertados os cinco jovens detidos ap\u00f3s incidentes na Cova da Moura \u00bb, <a href=\"http:\/\/l.facebook.com\/l.php?u=http%3A%2F%2Fwww.publico.pt%2Fsociedade%2Fnoticia%2Flibertados-os-cinco-jovens-detidos-apos-incidentes-na-cova-da-moura-1685421&amp;h=mAQEzb31h&amp;enc=AZNV38a_dfsQiDqOPt6kemzyWmytymIMkcnHNGRymYshab8auTtvaFBMe9GkYKrW4yQ0GJUnmButM6dOX-J0tIiBkzm_gZ0vbali3-S_hi-JscTV0otHXde5YBbKjGUAjQ3JT8jM06RFOOp7hbbo4Wl53afiabIFWKRbFeUMdVt2dA&amp;s=1\" target=\"_blank\" rel=\"nofollow\">http:\/\/www.publico.pt\/\u2026\/libertados-os-cinco-jovens-detidos-\u2026<\/a><\/p>\n<p>5- Voir : \u00ab Cinco dos acusados de invadirem esquadra da PSP receberam assist\u00eancia hospitalar \u00bb, <a href=\"http:\/\/l.facebook.com\/l.php?u=http%3A%2F%2Frr.sapo.pt%2Finformacao_detalhe.aspx%3Ffid%3D25%26did%3D177435&amp;h=sAQHmAMBd&amp;enc=AZO4Wc1LiW4CeAmluY60LT8jBsFbaFphVkL-V3pK12wtdF9hSgRL7WVzykHaYX_vepPOaV2-CprcbIDeRrX--q4uaxiESjiw1j96KhexbTs2WpNlV7GSv2TnWjlBJBpNETR-7wKHfA6TXopAFdnc7PPQGdr2L7v3tK3sEhU6W7mipA&amp;s=1\" target=\"_blank\" rel=\"nofollow\">http:\/\/rr.sapo.pt\/informacao_detalhe.aspx?fid=25&amp;did=177435<\/a><\/p>\n<p>6- Voir : \u00ab Moradores da Cova da Moura agredidos violentamente na esquadra da PSP de Alfragide \u00bb, <a href=\"http:\/\/l.facebook.com\/l.php?u=http%3A%2F%2Fwww.esquerda.net%2Fartigo%2Fmoradores-da-cova-da-moura-agredidos-violentamente-na-esquadra-da-psp-de-alfragide%2F35703&amp;h=4AQGZVw3U&amp;enc=AZPvkp3iZyI77hwydTR5SaALmJ0aCZBoi4bEwy6g2qls1DAOlb90rC52OxYFdtNY_5xbQpIkPm0LTdTN8e0dTvOgDKDIlyskkMSbNnFrV8F9-kxeYco6ml-lgW9n3Wqxq8ZyeB9KdrH0-L25altTIebogdGNY5m3yBazrsY9-qF6_g&amp;s=1\" target=\"_blank\" rel=\"nofollow\">http:\/\/www.esquerda.net\/\u2026\/moradores-da-cova-da-moura-\u2026\/35703<\/a><\/p>\n<p>7- Voir : <a href=\"http:\/\/brutalidadepolicial.blogspot.pt\/2009\/01\/plataforma-gueto.html\" target=\"_blank\" rel=\"nofollow\">http:\/\/brutalidadepolicial.blogspot.pt\/\u2026\/plataforma-gueto.h\u2026<\/a><\/p>\n<p>8- Voir : <a href=\"https:\/\/plataformagueto.wordpress.com\/2012\/11\/04\/violencia-policial-e-racismo-o-caso-do-kuku-trailer-do-doc\/\" target=\"_blank\" rel=\"nofollow\">https:\/\/plataformagueto.wordpress.com\/\u2026\/violencia-policial\u2026\/<\/a><\/p>\n<p>9- Voir : \u00ab Estigma social e racismo institucional cercam Bairro de Casal de Mira \u00bb, <a href=\"http:\/\/l.facebook.com\/l.php?u=http%3A%2F%2Fwww.esquerda.net%2Fopiniao%2Festigma-social-e-racismo-institucional-cercam-bairro-de-casal-de-mira%2F24174&amp;h=zAQFh86oJ&amp;enc=AZPlLW8ezZTwSMsuRwAz_iSDw2i42O_MeShEkn6vA4c_W34IYodsEdNOFm01qpTYdRNAb8pIyFv1u_FIW4s3C1CSqxDCqrlnkDPOc_yfDcnJE_VcCacTiTOOoutkAIhKOFpV-8Gse3EQ6RAVho_COxddbNh2mARcXjvBPy7Y2shbeA&amp;s=1\" target=\"_blank\" rel=\"nofollow\">http:\/\/www.esquerda.net\/\u2026\/estigma-social-e-racismo-in\u2026\/24174<\/a> et \u00ab Mais uma vez a PSP abusou da viol\u00eancia \u00bb, <a href=\"http:\/\/www.esquerda.net\/opiniao\/mais-uma-vez-psp-abusou-da-violencia\/35704\" target=\"_blank\" rel=\"nofollow\">http:\/\/www.esquerda.net\/\u2026\/mais-uma-vez-psp-abusou-da-\u2026\/35704<\/a><\/p>\n<p>Traduit par S\u00e9lim Nadi pour le PIR<\/p>\n<\/div>\n<p><iframe src=\"https:\/\/www.youtube.com\/embed\/0WwpuuurJto\" width=\"420\" height=\"315\" frameborder=\"0\" allowfullscreen=\"allowfullscreen\"><\/iframe><\/p>\n","protected":false},"excerpt":{"rendered":"<p>Violence polici\u00e8re raciste au Portugal \u2013 8 F\u00e9vrier 2015 Le 5 F\u00e9vrier 2015, en d\u00e9but d&rsquo;apr\u00e8s-midi \u2013 selon les informations relay\u00e9es par l&rsquo;observatoire du contr\u00f4le et de la r\u00e9pression(1) au Portugal, par le site internet esquerda.net(2) et par plusieurs reportages(3) \u2013 une patrouille sp\u00e9ciale (SIR \u2013 Servi\u00e7o de Interven\u00e7\u00e3o R\u00e1pida) de la police de Alfragide &#8230; <a title=\"Violence polici\u00e8re raciste au Portugal\" class=\"read-more\" href=\"https:\/\/bruxelles-pantheres.be\/?p=2422\" aria-label=\"En savoir plus sur Violence polici\u00e8re raciste au Portugal\">Lire la suite<\/a><\/p>\n","protected":false},"author":1,"featured_media":2423,"comment_status":"open","ping_status":"open","sticky":false,"template":"","format":"standard","meta":{"footnotes":""},"categories":[36,28,5],"tags":[84,23,46,19,138,54,15],"class_list":["post-2422","post","type-post","status-publish","format-standard","has-post-thumbnail","hentry","category-europe","category-racismes","category-violence-policiere","tag-black-power","tag-discrimination","tag-esclavage","tag-pauvrete","tag-plataforma-gueto","tag-police","tag-resistance"],"_links":{"self":[{"href":"https:\/\/bruxelles-pantheres.be\/index.php?rest_route=\/wp\/v2\/posts\/2422","targetHints":{"allow":["GET"]}}],"collection":[{"href":"https:\/\/bruxelles-pantheres.be\/index.php?rest_route=\/wp\/v2\/posts"}],"about":[{"href":"https:\/\/bruxelles-pantheres.be\/index.php?rest_route=\/wp\/v2\/types\/post"}],"author":[{"embeddable":true,"href":"https:\/\/bruxelles-pantheres.be\/index.php?rest_route=\/wp\/v2\/users\/1"}],"replies":[{"embeddable":true,"href":"https:\/\/bruxelles-pantheres.be\/index.php?rest_route=%2Fwp%2Fv2%2Fcomments&post=2422"}],"version-history":[{"count":2,"href":"https:\/\/bruxelles-pantheres.be\/index.php?rest_route=\/wp\/v2\/posts\/2422\/revisions"}],"predecessor-version":[{"id":2425,"href":"https:\/\/bruxelles-pantheres.be\/index.php?rest_route=\/wp\/v2\/posts\/2422\/revisions\/2425"}],"wp:featuredmedia":[{"embeddable":true,"href":"https:\/\/bruxelles-pantheres.be\/index.php?rest_route=\/wp\/v2\/media\/2423"}],"wp:attachment":[{"href":"https:\/\/bruxelles-pantheres.be\/index.php?rest_route=%2Fwp%2Fv2%2Fmedia&parent=2422"}],"wp:term":[{"taxonomy":"category","embeddable":true,"href":"https:\/\/bruxelles-pantheres.be\/index.php?rest_route=%2Fwp%2Fv2%2Fcategories&post=2422"},{"taxonomy":"post_tag","embeddable":true,"href":"https:\/\/bruxelles-pantheres.be\/index.php?rest_route=%2Fwp%2Fv2%2Ftags&post=2422"}],"curies":[{"name":"wp","href":"https:\/\/api.w.org\/{rel}","templated":true}]}}