{"id":2431,"date":"2015-02-13T15:50:35","date_gmt":"2015-02-13T14:50:35","guid":{"rendered":"https:\/\/bruxelles-pantheres.be\/?p=2431"},"modified":"2015-02-13T15:54:30","modified_gmt":"2015-02-13T14:54:30","slug":"%ef%bb%bf%ef%bb%bfla-france-grandeur-et-decadence-dune-nation","status":"publish","type":"post","link":"https:\/\/bruxelles-pantheres.be\/?p=2431","title":{"rendered":"\ufeff\ufeffLa France : grandeur et d\u00e9cadence d\u2019une Nation"},"content":{"rendered":"<p style=\"text-align: justify;\"><a href=\"https:\/\/bruxelles-pantheres.be\/wp-content\/uploads\/2015\/02\/images.jpg\"><img decoding=\"async\" class=\" size-full wp-image-2434 aligncenter\" src=\"https:\/\/bruxelles-pantheres.be\/wp-content\/uploads\/2015\/02\/images.jpg\" alt=\"images\" width=\"180\" height=\"160\" \/><\/a><\/p>\n<p style=\"text-align: justify;\">Les tueries du 11 janvier \u00e0 Paris auront r\u00e9v\u00e9l\u00e9 bien des choses. Et sans doute, n\u2019est-ce pas fini.<br \/>\nLe d\u00e9cryptage n\u2019est pas ais\u00e9, tant les m\u00e9dias traditionnels et proches du pouvoir \u2013 que ce soit dans la presse ou sur les ondes \u2013 brouillent les pistes, y allant chacun de ses invit\u00e9s et de ses commentaires, le plus souvent navrants, et avec parfois ses saltimbanques de service qui font aujourd\u2019hui l\u2019opinion, la pens\u00e9e commune \u00e0 laquelle chaque citoyen est pri\u00e9 de se conformer\u2026<br \/>\nNous sommes dans un monde o\u00f9 la violence est th\u00e9\u00e2tralis\u00e9e, mise en sc\u00e8ne, et chaque jour nous apporte son lot de tueries et d\u2019horreurs auxquelles nous semblons ne plus pouvoir \u00e9chapper et devoir nous habituer. Que ce soit au cin\u00e9ma, \u00e0 la t\u00e9l\u00e9vision ou \u00e0 travers des jeux vid\u00e9os o\u00f9 des ados mais aussi des enfants passent parfois le plus clair de leur temps libre. Penser que cela n\u2019a aucune incidence sur leurs comportements ult\u00e9rieurs rel\u00e8ve de l\u2019incomp\u00e9tence, voire de l\u2019irresponsabilit\u00e9 des parents, mais aussi des autorit\u00e9s \u00e9ducatives et publiques.<!--more--><br \/>\nLa violence s\u2019insinue \u00e0 pr\u00e9sent dans toutes les strates de la soci\u00e9t\u00e9, jusqu\u2019au priv\u00e9 o\u00f9 des affaires sordides \u00e9clatent chaque jour et nous sont \u00e9tal\u00e9es en long et en large avec parfois des situations inimaginables quand on repense \u00e0 ce qu\u2019\u00e9tait la vie plus r\u00e9serv\u00e9e d\u2019autrefois. Je ne suis pas nostalgique, j\u2019observe, et constate comme chacun peut le faire, les diff\u00e9rences.<br \/>\nApr\u00e8s les tueries en question, le gouvernement fran\u00e7ais d\u00e9cidait de revoir les moyens et les lois contre le \u2018terrorisme\u2019, cette appellation fourre-tout qui fait que m\u00eame un enfant de 8 ans est tra\u00een\u00e9 par son \u00e9quipe p\u00e9dagogique au commissariat, soutenue par la Ministre que l\u2019on a d\u00e9j\u00e0 vu mieux inspir\u00e9e\u2026 A se demander o\u00f9 ces enseignants ont obtenu leurs dipl\u00f4mes et s\u2019ils ne devraient pas d\u2019urgence changer de profession ou \u00eatre pris en charge par un encadrement m\u00e9dical.<br \/>\nPour tenter de rem\u00e9dier \u00e0 ces d\u00e9rives soci\u00e9tales, derni\u00e8re trouvaille politique en date, et qui semble faire l\u2019unanimit\u00e9 tant \u00e0 gauche qu\u2019\u00e0 droite \u2013 c\u2019est dire la parjure ! \u2013 le retour du service militaire revu et corrig\u00e9 au point d\u2019en d\u00e9couvrir des bienfaits qui seraient tout au long de ces ann\u00e9es, rest\u00e9s ignor\u00e9s par la plupart. D\u00e9sormais et plus encore qu\u2019avant, l\u2019on peut craindre les d\u00e9cisions politiques \u00e0 venir, et se demander o\u00f9 les \u00e9lus, d\u00e9sempar\u00e9s, d\u00e9pass\u00e9s par une soci\u00e9t\u00e9 dont ils sont d\u00e9connect\u00e9s iront piocher pour nous sortir n\u2019importe quelle id\u00e9e saugrenue cens\u00e9e nous pr\u00e9munir de violences futures. La r\u00e9introduction d\u2019un service militaire pr\u00e9sent\u00e9e comme mesure destin\u00e9e \u00e0 corriger en quelques mois, un manque de civisme suppos\u00e9 dont des individus auraient p\u00e2ti au cours de leur enfance et de leur jeunesse est un leurre. Autant aller \u00e0 Lourdes pour esp\u00e9rer les m\u00eames chances de r\u00e9ussite !<br \/>\nIl n\u2019y a, comme toujours, qu\u2019un seul gagnant dans une soci\u00e9t\u00e9 qui adopte de telles mesures : les marchands d\u2019armes et de syst\u00e8mes s\u00e9curitaires dont les titres en bourse caracolent ces derni\u00e8res ann\u00e9es, et qui se frottent les mains de voir que lentement mais s\u00fbrement, leur poison s\u2019infiltre dans le tissu d\u2019une soci\u00e9t\u00e9 malade, jusqu\u2019\u00e0 assister aujourd\u2019hui au retour du militaire comme \u2018solution ultime\u2019 aux d\u00e9rives de plus en plus graves d\u2019une Nation en perte de rep\u00e8res.<br \/>\nSous le fallacieux pr\u00e9texte d\u2019un \u2018vivre ensemble\u2019, les adeptes de cette mesure pr\u00e9f\u00e8rent donc la discipline aveugle, l\u2019entra\u00eenement \u00e0 l\u2019usage des armes et au combat plut\u00f4t que de privil\u00e9gier \u00e0 travers divers programmes \u00e9ducatifs, culturels ou sociaux, l\u2019apprentissage, l\u2019ouverture, la d\u00e9couverte, l\u2019entraide et la solidarit\u00e9\u2026 Chacun jugera, mais il est clair que loin d\u2019un progr\u00e8s, il s\u2019agit plut\u00f4t \u00e0 mes yeux d\u2019une r\u00e9gression majeure que je n\u2019osais m\u00eame pas imaginer dans les instants les plus sombres que peut traverser le pays, dont on pourra bient\u00f4t changer la devise \u2018Libert\u00e9, Egalit\u00e9, Fraternit\u00e9\u2019 en \u2018Autorit\u00e9, Iniquit\u00e9, Individualit\u00e9\u2019. Croire que quelques mois de discipline stricte, suffiront \u00e0 remplacer l\u2019apprentissage dans les moindres gestes du quotidien, des devoirs de chaque individu tient du mensonge. Ce que l\u2019on apprend \u00e0 l\u2019arm\u00e9e n\u2019est ni la formation utile pour vivre au quotidien, ni celle du recul critique et de la r\u00e9flexion. A l\u2019arm\u00e9e, on apprend \u00e0 ob\u00e9ir. Sans se poser de question. Et \u00e0 tuer, sans \u00e9tat d\u2019\u00e2me. A l\u2019arm\u00e9e, il est toujours question d\u2019un ennemi, m\u00eame virtuel. A l\u2019arm\u00e9e, on apprend des techniques de combats, comme s\u2019il fallait encore ajouter de la violence dans une soci\u00e9t\u00e9 qui en est d\u00e9j\u00e0 sursatur\u00e9e.<br \/>\nL\u2019uniforme n\u2019est pas la solution, que du contraire ! Il convient \u00e0 l\u2019inverse, d\u2019apprendre la diff\u00e9rence, l\u2019Autre et par l\u00e0, la tol\u00e9rance. Projet diam\u00e9tralement oppos\u00e9 \u00e0 l\u2019arm\u00e9e. L\u2019\u00e9ducation est la seule voie. Moins ostentatoire en termes de m\u00e9diatisation, bien s\u00fbr\u2026 Plus discr\u00e8te, comme le sont les mille-et-une choses du quotidien. Et dans la perspective du long terme et non de quelques mois faciles \u00e0 m\u00e9diatiser\u2026 Sans parler des statistiques d\u2019un ch\u00f4mage qui par un coup de baguette magique, se verraient diminu\u00e9es de plusieurs milliers de jeunes soustraits aux listes toujours plus longues des demandeurs d\u2019emplois. Sinistres calculs politiciens, comme toujours\u2026<br \/>\nD\u00e9cid\u00e9ment, la Nation vit des heures de plus en plus sombres, et aucun des t\u00e9nors politiques actuels ne semble \u00e0 m\u00eame d\u2019inverser la tendance\u2026 Ces arrogants ne sont m\u00eames pas foutus de reconna\u00eetre leurs \u00e9checs et d\u2019en tirer les le\u00e7ons, trop obs\u00e9d\u00e9s par leur carri\u00e8re et les avantages qu\u2019ils persistent \u00e0 en tirer. M\u00eame les embarras judiciaires de certains ne les emp\u00eachent pas de s\u2019y pousser encore ! Or, il n\u2019est qu\u2019\u00e0 les \u00e9couter attentivement pendant quelques minutes, pour se rendre compte avant une naus\u00e9e assur\u00e9e, \u00e0 quel point ces pr\u00e9tentieux dans un langage redondant et des formules faciles, restent sourds et aveugles aux r\u00e9els probl\u00e8mes de la population. Ils font semblant, c\u2019est tout ! Mais il y a longtemps qu\u2019ils ne sont plus cr\u00e9dibles, et le d\u00e9sint\u00e9r\u00eat pour la chose politique aupr\u00e8s des citoyens en atteste. Ce qui augure de sombres perspectives comme l\u2019illustrent les derniers votes partiels o\u00f9 les r\u00e9sultats sont de plus en plus serr\u00e9s entre les candidats traditionnels et ceux du FN\u2026<br \/>\nPas grave, aux yeux de certains. Aujourd\u2019hui, il s\u2019agit de penser, de parler, de se comporter de fa\u00e7on uniforme. Il s\u2019agit de souder la jeunesse dans le sens d\u2019un patriotisme qu\u2019elle n\u2019a plus, \u00e0 coups de \u2018Marseillaise\u2019 \u00e0 la moindre occasion. Demain, ils la feront d\u00e9filer \u2013 la v\u00f4tre, pas la leur ! \u2013 comme de bons petits soldats\u2026 Et apr\u00e8s-demain, amadou\u00e9s et dociles, ces jeunes d\u00e9c\u00e9r\u00e9br\u00e9s par l\u2019autorit\u00e9 militaire, mais encens\u00e9s par les relais du syst\u00e8me, seront pr\u00eats \u00e0 faire la guerre comme on le leur indiquera\u2026 Voyez plut\u00f4t :<\/p>\n<p><iframe src=\"https:\/\/www.youtube.com\/embed\/0YQmIi1kO7k\" width=\"420\" height=\"315\" frameborder=\"0\" allowfullscreen=\"allowfullscreen\"><\/iframe><\/p>\n<p>Daniel Vanhove \u2013<br \/>\n10.02.15<br \/>\nObservateur civil<br \/>\nAuteur<br \/>\n\u00ab Si vous d\u00e9truisez nos maisons, vous ne d\u00e9truirez pas nos \u00e2mes \u00bb &#8211; 2005 \u2013 Ed. M. Pietteur<br \/>\n\u00ab La D\u00e9mocratie Mensonge \u00bb &#8211; 2008 \u2013 Ed. M. Pietteur<\/p>\n","protected":false},"excerpt":{"rendered":"<p>Les tueries du 11 janvier \u00e0 Paris auront r\u00e9v\u00e9l\u00e9 bien des choses. Et sans doute, n\u2019est-ce pas fini. Le d\u00e9cryptage n\u2019est pas ais\u00e9, tant les m\u00e9dias traditionnels et proches du pouvoir \u2013 que ce soit dans la presse ou sur les ondes \u2013 brouillent les pistes, y allant chacun de ses invit\u00e9s et de ses &#8230; <a title=\"\ufeff\ufeffLa France : grandeur et d\u00e9cadence d\u2019une Nation\" class=\"read-more\" href=\"https:\/\/bruxelles-pantheres.be\/?p=2431\" aria-label=\"En savoir plus sur \ufeff\ufeffLa France : grandeur et d\u00e9cadence d\u2019une Nation\">Lire la suite<\/a><\/p>\n","protected":false},"author":1,"featured_media":2432,"comment_status":"open","ping_status":"open","sticky":false,"template":"","format":"standard","meta":{"footnotes":""},"categories":[36,28],"tags":[94,38],"class_list":["post-2431","post","type-post","status-publish","format-standard","has-post-thumbnail","hentry","category-europe","category-racismes","tag-daniel-vanhove","tag-guerre"],"_links":{"self":[{"href":"https:\/\/bruxelles-pantheres.be\/index.php?rest_route=\/wp\/v2\/posts\/2431","targetHints":{"allow":["GET"]}}],"collection":[{"href":"https:\/\/bruxelles-pantheres.be\/index.php?rest_route=\/wp\/v2\/posts"}],"about":[{"href":"https:\/\/bruxelles-pantheres.be\/index.php?rest_route=\/wp\/v2\/types\/post"}],"author":[{"embeddable":true,"href":"https:\/\/bruxelles-pantheres.be\/index.php?rest_route=\/wp\/v2\/users\/1"}],"replies":[{"embeddable":true,"href":"https:\/\/bruxelles-pantheres.be\/index.php?rest_route=%2Fwp%2Fv2%2Fcomments&post=2431"}],"version-history":[{"count":2,"href":"https:\/\/bruxelles-pantheres.be\/index.php?rest_route=\/wp\/v2\/posts\/2431\/revisions"}],"predecessor-version":[{"id":2435,"href":"https:\/\/bruxelles-pantheres.be\/index.php?rest_route=\/wp\/v2\/posts\/2431\/revisions\/2435"}],"wp:featuredmedia":[{"embeddable":true,"href":"https:\/\/bruxelles-pantheres.be\/index.php?rest_route=\/wp\/v2\/media\/2432"}],"wp:attachment":[{"href":"https:\/\/bruxelles-pantheres.be\/index.php?rest_route=%2Fwp%2Fv2%2Fmedia&parent=2431"}],"wp:term":[{"taxonomy":"category","embeddable":true,"href":"https:\/\/bruxelles-pantheres.be\/index.php?rest_route=%2Fwp%2Fv2%2Fcategories&post=2431"},{"taxonomy":"post_tag","embeddable":true,"href":"https:\/\/bruxelles-pantheres.be\/index.php?rest_route=%2Fwp%2Fv2%2Ftags&post=2431"}],"curies":[{"name":"wp","href":"https:\/\/api.w.org\/{rel}","templated":true}]}}