{"id":2437,"date":"2015-02-17T22:18:58","date_gmt":"2015-02-17T21:18:58","guid":{"rendered":"https:\/\/bruxelles-pantheres.be\/?p=2437"},"modified":"2015-02-17T22:33:58","modified_gmt":"2015-02-17T21:33:58","slug":"oui-je-suis-un-bledard-cerebral-qui-aime-la-politique-jassume-et-je-vous-emmerde","status":"publish","type":"post","link":"https:\/\/bruxelles-pantheres.be\/?p=2437","title":{"rendered":"\u00ab Oui, je suis un bledard c\u00e9r\u00e9bral qui aime la politique : j\u2019assume et je vous emmerde ! \u00bb"},"content":{"rendered":"<p>&nbsp;<\/p>\n<p><a href=\"http:\/\/soiressecalvin.files.wordpress.com\/2012\/06\/bled-1.jpg\"><img decoding=\"async\" class=\"alignleft size-full wp-image-340\" title=\"Bled 1\" src=\"https:\/\/soiressecalvin.files.wordpress.com\/2012\/06\/bled-1.jpg?w=640\" alt=\"\" \/><\/a>L\u2019envie d\u2019\u00e9crire cet article, je l\u2019ai dans l\u2019estomac depuis plusieurs mois, voire plusieurs ann\u00e9es, car comme de nombreuses personnes, j\u2019ai souvent besoin de beaucoup de recul pour prendre nettement position sur des sujets qui me touchent personnellement.<\/p>\n<p>Pendant longtemps, j\u2019ai h\u00e9sit\u00e9 \u00e0 l\u2019\u00e9crire car j\u2019avais entre-temps pens\u00e9 \u00e0 mieux : mat\u00e9rialiser cette envie dans un projet d\u2019\u00e9criture de livre, ce qui est en cours et qui je l\u2019esp\u00e8re portera un fruit litt\u00e9raire qui sera publi\u00e9 au plus tard dans les deux ann\u00e9es qui viennent.<\/p>\n<p>Toutefois, j\u2019ai quand m\u00eame d\u00e9cid\u00e9 d\u2019\u00e9crire l\u2019article que vous lisez suite \u00e0 des comportements que je trouve indignes et auxquels j\u2019ai encore assist\u00e9 dans certaines universit\u00e9s et dans certains milieux socioculturels r\u00e9cemment. J\u2019ai aussi d\u00e9cid\u00e9 de l\u2019\u00e9crire suite \u00e0 la r\u00e9surgence de d\u00e9bats sur ce qu\u2019on appelle ici en Europe \u00ab\u00a0le bledard\u00a0\u00bb, pour d\u00e9signer de fa\u00e7on caricaturale l\u2019Africain qui vient de d\u00e9barquer en Europe et que l\u2019on suppose moins \u00ab\u00a0civilis\u00e9\u00a0\u00bb et plus \u00ab\u00a0sauvage\u00a0\u00bb que soi-m\u00eame.<!--more--><\/p>\n<p>Je voudrais par cet article r\u00e9parer avec le peu de moyens que j\u2019ai \u2013 ma plume notamment -, l\u2019injustice qui est faite aux \u00e9tudiants africains qui d\u00e9barquent et sur lesquels p\u00e8sent des pr\u00e9jug\u00e9s lourds ; si lourds qu\u2019ils peuvent constituer un frein \u00e0 leur \u00e9panouissement socioculturel dans leur pays d\u2019accueil. Si la personne en question n\u2019a pas une volont\u00e9 de fer, la rage d\u2019apprendre et de s\u2019imposer par tous les moyens, la volont\u00e9 de prendre une revanche sur tous ces esprits simplets qui l\u2019ont sous-estim\u00e9s, elle craque, bless\u00e9e dans son amour propre. Et souvent, ces blessures viennent de la propre communaut\u00e9 d\u2019accueil de l\u2019\u00e9tudiant africain, la communaut\u00e9 africaine subsaharienne, o\u00f9 figurent des individus bourr\u00e9s de pr\u00e9jug\u00e9s et hautains. Ayant moi-m\u00eame suivi ce parcours qui peut psychologiquement vite devenir un parcours du combattant,\u00a0 je connais toutes les difficult\u00e9s que ce ph\u00e9nom\u00e8ne peut engendrer.<\/p>\n<p><strong><a href=\"http:\/\/soiressecalvin.files.wordpress.com\/2012\/06\/bled-4.jpg\"><img decoding=\"async\" class=\"alignleft size-full wp-image-341\" title=\"Bled 4\" src=\"https:\/\/soiressecalvin.files.wordpress.com\/2012\/06\/bled-4.jpg?w=640\" alt=\"\" \/><\/a>L\u2019accent<\/strong><\/p>\n<p>La premi\u00e8re caract\u00e9ristique par laquelle ceux qui se disent plus civilis\u00e9s reconnaissent celui qu\u2019ils appellent le bledard, c\u2019est\u00a0 son accent. Infest\u00e9s par un ethnocentrisme qui peut parfois avoir un caract\u00e8re d\u00e9goutant, ils se moquent de l\u2019accent du bledard qui est \u00e0 couper au couteau. Il n\u2019est pas rare d\u2019entendre des personnes qui sont n\u00e9es en Belgique, qui y ont grandi ou qui m\u00eame sont arriv\u00e9es r\u00e9cemment et qui ont perdu leur accent, glousser dans le dos du bledard apr\u00e8s qu\u2019il se soit exprim\u00e9. Dans ce cas-ci, Blancs et Noirs confondus ne se privent pas de rires qui ne sont pas \u00e0 ranger dans la cat\u00e9gorie de l\u2019humour bienveillant, mais plut\u00f4t dans la cat\u00e9gorie du m\u00e9pris pour ce que l\u2019accent du bledard repr\u00e9sente.<\/p>\n<p><strong>Le bledard serait moins \u00ab\u00a0civilis\u00e9\u00a0\u00bb<br \/>\n<\/strong><\/p>\n<p>L\u2019argument de la civilisation est celui qui me met le plus hors de moi en raison de l\u2019utilisation abusive du mot \u00ab\u00a0civilisation\u00a0\u00bb. Qu\u2019est ce qu\u2019un civilis\u00e9 ? Ceux qui r\u00e9pondent \u00e0 cette question en consid\u00e9rant le bledard comme \u00e9tant un individu moins raffin\u00e9 qu\u2019eux, expriment l\u00e0 un \u00e9tat d\u2019esprit raciste et ethnocentriste pu\u00e9ril. Beaucoup d\u2019individus de culture europ\u00e9enne, qu\u2019ils soient Noirs, Balncs, Jaunes ou Rouges, envisagent la normalit\u00e9 des choses \u00e0 partir de leur culture qu\u2019ils consid\u00e8rent comme \u00e9tant la plus civilis\u00e9e, donc la plus normale de toutes celles qui existent dans le monde. Remarquez, c\u2019est ce que les soci\u00e9t\u00e9s occidentales leur enseignent officiellement et officieusement, puisque les images que les m\u00e9dias v\u00e9hiculent sur les autres cultures sont le plus souvent marqu\u00e9es du sceau de la bizarrerie, de la mis\u00e8re ou encore de la sauvagerie. Le bledard mat\u00e9rialise par sa seule pr\u00e9sence ces clich\u00e9s v\u00e9hicul\u00e9s par les m\u00e9dias sur l\u2019Afrique notamment.<\/p>\n<p><strong><a href=\"http:\/\/soiressecalvin.files.wordpress.com\/2012\/06\/bled-5.jpg\"><img decoding=\"async\" class=\"alignleft size-full wp-image-342\" title=\"Bled 5\" src=\"https:\/\/soiressecalvin.files.wordpress.com\/2012\/06\/bled-5.jpg?w=640\" alt=\"\" \/><\/a>Le bledard serait moins intelligent<br \/>\n<\/strong><\/p>\n<p>Cette vision est la r\u00e9sultante de l\u2019argument pr\u00e9c\u00e9dent, celui de la civilisation. Comme autrefois le colon consid\u00e9rait que le colonis\u00e9 \u00e9tait\u00a0 moins dou\u00e9 que lui au niveau du cerveau, les personnes ayant baign\u00e9 dans la soci\u00e9t\u00e9 et dans la culture qu\u2019il a forg\u00e9es, pr\u00e9sument aussi que le descendant du colonis\u00e9\u00a0 qui a grandi en Afrique \u2013 le bledard -, est dot\u00e9 d\u2019une intelligence moins vive que la leur. Il serait intellectuellement lent \u00e0 l\u2019allumage. J\u2019ai eu l\u2019occasion d\u2019exp\u00e9rimenter personnellement ce pr\u00e9jug\u00e9 lorsque j\u2019\u00e9tais \u00e9tudiant aux Facult\u00e9s Universitaires Saint-Louis et que je m\u2019engageais dans des initiatives visant \u00e0 me donner des responsabilit\u00e9s, comme faire partie du Centre d\u2019Action Universitaire, l\u2019\u00e9quipe dirigeante des \u00e9tudiants. J\u2019ai ressenti nettement aupr\u00e8s de mes camarades avec lesquels je menais ce combat, que le fait de d\u00e9barquer tout fra\u00eechement d\u2019Afrique ne me donnait pas beaucoup de cr\u00e9dit au niveau de mes capacit\u00e9s intellectuelles.<\/p>\n<p><strong>Le bledard parlerait trop politique et trop fort<\/strong><\/p>\n<p>Pour cacher leurs tares, certaines personnes n\u00e9es, ayant grandi ou ayant v\u00e9cu longtemps en Europe, consid\u00e8rent que le bledard passerait son temps \u00e0 parler politique et trop fort. Oui le bledard parle politique car il est issu d\u2019une jeunesse qui n\u2019est pas n\u00e9e le cul dans le beurre, qui n\u2019a pas tous les avantages sociaux d\u2019ici. Il s\u2019est sans doute d\u00e9j\u00e0 lev\u00e9 \u00e0 4 heures du matin dans son pays d\u2019origine pour \u00eatre s\u00fbr de trouver une place de libre dans un auditoire ou dans un amphith\u00e9\u00e2tre \u00e0 l\u2019universit\u00e9. Il n\u2019est pas issu d\u2019une jeunesse qui n\u2019en a cure de la gestion de la chose publique, qui consacre beaucoup de temps aux futilit\u00e9s et qui pr\u00e9f\u00e8re ne pas parler politique pour masquer son ignorance criante en mati\u00e8re de culture g\u00e9n\u00e9rale.\u00a0 Le bledard est issu d\u2019un pays o\u00f9 les dirigeants corrompus soutenus souvent par l\u2019occident affament leurs peuples. C\u2019est normal qu\u2019il s\u2019int\u00e9resse un peu plus \u00e0 la gestion de la chose\u00a0 publique car rien ne lui est donn\u00e9. Il est plus attentif \u00e0 ce que font les politiques, contrairement \u00e0 d\u2019autres qui laisseraient le sort d\u2019un pays entier entre les mains d\u2019un petit clan de politiciens sans bouger le petit doigt.<\/p>\n<p>Le bledard parlerait trop fort quand il parle politique, et alors ? Il est tout simplement passionn\u00e9 par l\u2019envie de voir\u00a0 la chose publique bien g\u00e9r\u00e9e tant il est r\u00e9volt\u00e9 par ce qui se passe chez lui ! Vous avez d\u00e9j\u00e0 vu des filles parler dans les transports en commun de leurs aventures ?\u00a0 Et ces gens qui \u00e9talent \u00e0 longueur de journ\u00e9e leur vie priv\u00e9e dans les transports \u00e0 haute voix ? Ne crient-ils pas ? En les entendant, les oreilles sifflent et on a des fois envie de leur dire : \u00ab\u00a0Parlez moins fort ou fermez la ! On n\u2019a pas envie de conna\u00eetre votre vie priv\u00e9e !\u00a0\u00bb Et quand il s\u2019agit de vie publique qui concerne tout le monde, le bledard parlerait trop fort ?<\/p>\n<p><strong><br \/>\n<\/strong><a href=\"http:\/\/soiressecalvin.files.wordpress.com\/2012\/06\/bled-2.jpg\"><img decoding=\"async\" class=\"alignleft size-full wp-image-343\" title=\"Bled 2\" src=\"https:\/\/soiressecalvin.files.wordpress.com\/2012\/06\/bled-2.jpg?w=640\" alt=\"\" \/><\/a>Tous ces pr\u00e9jug\u00e9s que je viens de d\u00e9crire peuvent casser une personne dans son \u00e9panouissement social, culturel ou m\u00eame \u00e9conomique. Les \u00e9tudiants ou d\u2019autres venant de d\u00e9barquer, sont uniquement arm\u00e9s de leur courage pour se d\u00e9fendre face \u00e0 cette soci\u00e9t\u00e9 qui ne leur pardonne rien.\u00a0 Il suffit d\u2019une erreur et tout est n\u00e9gativement d\u00e9multipli\u00e9 contre eux. J\u2019ai connu cette situation en d\u00e9barquant en 2004 en Belgique dans\u00a0 les milieux que je fr\u00e9quentais. Rien ne m\u2019a \u00e9t\u00e9 \u00e9pargn\u00e9 au d\u00e9but. La consid\u00e9ration, je l\u2019ai acquise en me forgeant une carapace solide et en allant la chercher avec les dents, ne partant pas avec les m\u00eames chances que les autres. Nous vivons dans une soci\u00e9t\u00e9 soi-disant ouverte, mais elle est un peu moins ouverte pour le bledard.<\/p>\n<p>Certaines personnes ayant connu cette situation se reconna\u00eetront dans ce texte. En pensant fortement \u00e0 elles et \u00e0 ce qu\u2019elles ont subi ou subissent encore comme moqueries et remarques n\u00e9gatives, je crie fort : <strong>\u00a0\u00bb Oui, je suis un bledard qui s\u2019assume et je vous emmerde !\u00a0\u00bb<\/strong><\/p>\n<p><a href=\"https:\/\/soiressecalvin.wordpress.com\/2012\/06\/26\/oui-je-suis-un-bledard-cerebral-qui-aime-la-politique-jassume-et-je-vous-emmerde\/\">Sign\u00e9<\/a><\/p>\n<p><a href=\"http:\/\/soiressecalvin.files.wordpress.com\/2012\/06\/bled-32.jpg\"><img decoding=\"async\" class=\"alignleft size-medium wp-image-346\" title=\"bled 3\" src=\"https:\/\/soiressecalvin.files.wordpress.com\/2012\/06\/bled-32.jpg?w=300&amp;h=105\" alt=\"\" width=\"300\" height=\"105\" \/><\/a><\/p>\n<div id=\"jp-post-flair\" class=\"sharedaddy sd-rating-enabled sd-like-enabled\"><\/div>\n","protected":false},"excerpt":{"rendered":"<p>&nbsp; L\u2019envie d\u2019\u00e9crire cet article, je l\u2019ai dans l\u2019estomac depuis plusieurs mois, voire plusieurs ann\u00e9es, car comme de nombreuses personnes, j\u2019ai souvent besoin de beaucoup de recul pour prendre nettement position sur des sujets qui me touchent personnellement. Pendant longtemps, j\u2019ai h\u00e9sit\u00e9 \u00e0 l\u2019\u00e9crire car j\u2019avais entre-temps pens\u00e9 \u00e0 mieux : mat\u00e9rialiser cette envie dans &#8230; <a title=\"\u00ab Oui, je suis un bledard c\u00e9r\u00e9bral qui aime la politique : j\u2019assume et je vous emmerde ! \u00bb\" class=\"read-more\" href=\"https:\/\/bruxelles-pantheres.be\/?p=2437\" aria-label=\"En savoir plus sur \u00ab Oui, je suis un bledard c\u00e9r\u00e9bral qui aime la politique : j\u2019assume et je vous emmerde ! \u00bb\">Lire la suite<\/a><\/p>\n","protected":false},"author":1,"featured_media":1318,"comment_status":"open","ping_status":"open","sticky":false,"template":"","format":"standard","meta":{"footnotes":""},"categories":[24],"tags":[31,14],"class_list":["post-2437","post","type-post","status-publish","format-standard","has-post-thumbnail","hentry","category-belgique-maroc","tag-belgique","tag-bruxelles"],"_links":{"self":[{"href":"https:\/\/bruxelles-pantheres.be\/index.php?rest_route=\/wp\/v2\/posts\/2437","targetHints":{"allow":["GET"]}}],"collection":[{"href":"https:\/\/bruxelles-pantheres.be\/index.php?rest_route=\/wp\/v2\/posts"}],"about":[{"href":"https:\/\/bruxelles-pantheres.be\/index.php?rest_route=\/wp\/v2\/types\/post"}],"author":[{"embeddable":true,"href":"https:\/\/bruxelles-pantheres.be\/index.php?rest_route=\/wp\/v2\/users\/1"}],"replies":[{"embeddable":true,"href":"https:\/\/bruxelles-pantheres.be\/index.php?rest_route=%2Fwp%2Fv2%2Fcomments&post=2437"}],"version-history":[{"count":1,"href":"https:\/\/bruxelles-pantheres.be\/index.php?rest_route=\/wp\/v2\/posts\/2437\/revisions"}],"predecessor-version":[{"id":2438,"href":"https:\/\/bruxelles-pantheres.be\/index.php?rest_route=\/wp\/v2\/posts\/2437\/revisions\/2438"}],"wp:featuredmedia":[{"embeddable":true,"href":"https:\/\/bruxelles-pantheres.be\/index.php?rest_route=\/wp\/v2\/media\/1318"}],"wp:attachment":[{"href":"https:\/\/bruxelles-pantheres.be\/index.php?rest_route=%2Fwp%2Fv2%2Fmedia&parent=2437"}],"wp:term":[{"taxonomy":"category","embeddable":true,"href":"https:\/\/bruxelles-pantheres.be\/index.php?rest_route=%2Fwp%2Fv2%2Fcategories&post=2437"},{"taxonomy":"post_tag","embeddable":true,"href":"https:\/\/bruxelles-pantheres.be\/index.php?rest_route=%2Fwp%2Fv2%2Ftags&post=2437"}],"curies":[{"name":"wp","href":"https:\/\/api.w.org\/{rel}","templated":true}]}}