{"id":2439,"date":"2012-07-03T22:44:19","date_gmt":"2012-07-03T21:44:19","guid":{"rendered":"https:\/\/bruxelles-pantheres.be\/?p=2439"},"modified":"2015-02-17T22:48:28","modified_gmt":"2015-02-17T21:48:28","slug":"2439","status":"publish","type":"post","link":"https:\/\/bruxelles-pantheres.be\/?p=2439","title":{"rendered":"Sire, le racisme anti-noir prosp\u00e8re au Maroc, c\u2019est pourquoi j\u2019irai manifester le 10 juillet !"},"content":{"rendered":"<p>&nbsp;<\/p>\n<p><a href=\"http:\/\/soiressecalvin.files.wordpress.com\/2012\/07\/mohammed-vi.jpg\"><img decoding=\"async\" class=\"alignleft size-full wp-image-353\" title=\"Mohammed VI\" src=\"https:\/\/soiressecalvin.files.wordpress.com\/2012\/07\/mohammed-vi.jpg?w=640\" alt=\"\" \/><\/a>Sire Mohammed VI, dans la plupart de vos discours, vous ne d\u00e9rogez pas \u00e0 une tradition autrefois consacr\u00e9e par votre p\u00e8re : l\u2019\u00e9loge de l\u2019unit\u00e9 africaine dont il fut un partisan convaincu. Et ceci malgr\u00e9 le retrait du Maroc de l\u2019Union Africaine suite \u00e0 la reconnaissance du Sahara occidental.<\/p>\n<p>Eh bien Sire, permettez-moi de vous dire que votre propre soci\u00e9t\u00e9 est en d\u00e9calage complet avec cette grande tradition qui a permis pendant longtemps aux Africains du Maghreb et du sud du Sahara de s\u2019appeler \u00ab\u00a0fr\u00e8res\u00a0\u00bb malgr\u00e9 le pass\u00e9 esclavagiste douloureux. En effet, qu\u2019il est loin ce temps o\u00f9 nous combattions ensemble l\u2019envahisseur colonial, aussi bien dans l\u2019A\u00efr que dans le Hoggar, ou sous les tropiques o\u00f9 votre p\u00e8re soutenait Patrice Lumumba au Congo, l\u2019Union des Populations du Cameroun, etc. Votre soci\u00e9t\u00e9 et votre population accueillaient chaleureusement alors les exil\u00e9s politiques et leurs enfants qui fuyaient la cruaut\u00e9 du colon. Je n\u2019irai m\u00eame pas jusqu\u2019\u00e0 parler de la coexistence pacifique entre Arabes et Noirs lorsque le sultanat du Maroc \u00e9tait le vassal de l\u2019empire du Ghana dirig\u00e9 par des Noirs !<\/p>\n<p>Aujourd\u2019hui, cette parenth\u00e8se enchant\u00e9e o\u00f9 l\u2019union des progressistes Arabes et des Noirs s\u2019est faite dans un m\u00e9lange harmonieux, est bel et bien termin\u00e9e. Votre soci\u00e9t\u00e9 ressort des mots et des attitudes qui renvoient le Noir \u00e0 sa condition d\u2019esclave que les razzias arabes pourchassaient. Les mots \u00ab\u00a0Hartani\u00a0\u00bb -homme libre de second rang \u2013 ou \u00ab\u00a0a\u00e2zi\u00a0\u00bb \u2013 sale n\u00e8gre \u2013 ont repris de la vigueur. Les Noirs qu\u2019ils soient marocains ou pas, subissent cette stigmatisation inhumaine. Ceux qui en prennent plus pour leur grade, ce sont les migrants et les \u00e9tudiants subsahariens \u00e0 qui on jette des pierres. Ces derniers sont compl\u00e8tement isol\u00e9s \u00e0 la Cit\u00e9 Internationale Universitaire de Rabat. Selon la Conf\u00e9d\u00e9ration des Etudiants et Stagiaires Africains au Maroc (CESAM), ils ne partagent pas les m\u00eames locaux que les \u00e9tudiants \u00ab\u00a0blancs\u00a0\u00bb marocains. Les insultes sont r\u00e9guli\u00e8res, les crachats insupportables quotidiens. Les attaques physiques se multiplient entra\u00eenant parfois des morts.<\/p>\n<p>Sire, comment s\u2019\u00e9tonner de ces comportements sauvages lorsque votre si beau pays n\u2019a pas aboli officiellement l\u2019esclavage ? Comment s\u2019\u00e9tonner lorsque de g\u00e9n\u00e9ration en g\u00e9n\u00e9ration, se transmet ce sentiment de sup\u00e9riorit\u00e9 issu de l\u2019esclavage ?<\/p>\n<p>Sire, le racisme anti-noir prosp\u00e8re car le travail d\u2019\u00e9ducation et de lutte que m\u00e8ne les associations des droits de l\u2019homme n\u2019est pas assez soutenu. L\u2019Association Marocaine des Droits Humains a m\u00eame r\u00e9cemment mis en cause l\u2019Etat marocain pour sa stigmatisation des Noirs. Le 14 mai dernier, Amadou, jeune Malien a \u00e9t\u00e9 tu\u00e9, poignard\u00e9 de plusieurs coups de couteaux suite \u00e0 une altercation avec l\u2019un de vos sujets dans une \u00e9picerie. Le racisme anti-noir prosp\u00e8re parce que vos m\u00e9dias font tout pour le minimiser. Il y a peu, la cha\u00eene de t\u00e9l\u00e9 2M a organis\u00e9 enfin un d\u00e9bat sur la question, mais peine perdue. Des passages entiers ont \u00e9t\u00e9 censur\u00e9s, notamment ceux o\u00f9 il y a eu des plaintes.<\/p>\n<p>M\u00eame quand on est un Noir en transit \u00e0 Casablanca, on se rend compte du m\u00e9pris avec lequel les douaniers vous regardent, vous fouillent et vous suspectent juste en raison de votre couleur de peau et d\u2019une histoire douloureuse pour les Noirs, marqu\u00e9e par des razzias esclavagistes.<\/p>\n<p>L\u2019image du Maroc depuis plusieurs mois se d\u00e9grade en Afrique Noire et dans le monde car au lieu de prendre le probl\u00e8me \u00e0 bras le corps, il est compl\u00e8tement ni\u00e9 par les institutions socio-politiques de votre pays. Aujourd\u2019hui, on ne parle plus de crachats, d\u2019insultes ou de stigmatisation ; aujourd\u2019hui, on parle bien de morts.<\/p>\n<p><strong>C\u2019est pourquoi Sire, partisan du retour du Maroc dans l\u2019Union Africaine, je r\u00e9pondrai \u00e0 l\u2019appel de SOS Migrants en Belgique et j\u2019irai manifester le 10 juillet prochain \u00e0 Bruxelles \u00e0 18h devant votre ambassade \u2013\u00a029 boulevard St Michel (m\u00e9tro Montgomery) -, pour d\u00e9noncer l\u2019impuissance du pays sur lequel vous r\u00e9gnez \u00e0 consid\u00e9rer les Noirs comme des humains.<\/strong><\/p>\n<p><strong>Et j\u2019invite toutes les personnes \u00e9prises de libert\u00e9 et de respect pour les droits humains \u00e0 faire comme moi.<\/strong><\/p>\n<p><strong>TOUS CONTRE LE RACISME ANTI NOIR AU MAROC, MARDI 10 JUILLET A 18h DEVANT L\u2019AMBASSADE DU MAROC \u2013 29 BOULEVARD SAINT-MICHEL (METRO MONTGOMERY) !<br \/>\n<a href=\"https:\/\/soiressecalvin.wordpress.com\/2012\/07\/02\/sire-mohammed-vi-le-racisme-anti-noir-prospere-au-maroc-cest-pourquoi-jirai-manifester-le-10-juillet\/\">Source<\/a><br \/>\n<\/strong><\/p>\n","protected":false},"excerpt":{"rendered":"<p>&nbsp; Sire Mohammed VI, dans la plupart de vos discours, vous ne d\u00e9rogez pas \u00e0 une tradition autrefois consacr\u00e9e par votre p\u00e8re : l\u2019\u00e9loge de l\u2019unit\u00e9 africaine dont il fut un partisan convaincu. Et ceci malgr\u00e9 le retrait du Maroc de l\u2019Union Africaine suite \u00e0 la reconnaissance du Sahara occidental. Eh bien Sire, permettez-moi de &#8230; <a title=\"Sire, le racisme anti-noir prosp\u00e8re au Maroc, c\u2019est pourquoi j\u2019irai manifester le 10 juillet !\" class=\"read-more\" href=\"https:\/\/bruxelles-pantheres.be\/?p=2439\" aria-label=\"En savoir plus sur Sire, le racisme anti-noir prosp\u00e8re au Maroc, c\u2019est pourquoi j\u2019irai manifester le 10 juillet !\">Lire la suite<\/a><\/p>\n","protected":false},"author":1,"featured_media":881,"comment_status":"open","ping_status":"open","sticky":false,"template":"","format":"standard","meta":{"footnotes":""},"categories":[1,24,7,28],"tags":[23,30,15],"class_list":["post-2439","post","type-post","status-publish","format-standard","has-post-thumbnail","hentry","category-non-classe","category-belgique-maroc","category-negrophobie","category-racismes","tag-discrimination","tag-maroc","tag-resistance"],"_links":{"self":[{"href":"https:\/\/bruxelles-pantheres.be\/index.php?rest_route=\/wp\/v2\/posts\/2439","targetHints":{"allow":["GET"]}}],"collection":[{"href":"https:\/\/bruxelles-pantheres.be\/index.php?rest_route=\/wp\/v2\/posts"}],"about":[{"href":"https:\/\/bruxelles-pantheres.be\/index.php?rest_route=\/wp\/v2\/types\/post"}],"author":[{"embeddable":true,"href":"https:\/\/bruxelles-pantheres.be\/index.php?rest_route=\/wp\/v2\/users\/1"}],"replies":[{"embeddable":true,"href":"https:\/\/bruxelles-pantheres.be\/index.php?rest_route=%2Fwp%2Fv2%2Fcomments&post=2439"}],"version-history":[{"count":2,"href":"https:\/\/bruxelles-pantheres.be\/index.php?rest_route=\/wp\/v2\/posts\/2439\/revisions"}],"predecessor-version":[{"id":2441,"href":"https:\/\/bruxelles-pantheres.be\/index.php?rest_route=\/wp\/v2\/posts\/2439\/revisions\/2441"}],"wp:featuredmedia":[{"embeddable":true,"href":"https:\/\/bruxelles-pantheres.be\/index.php?rest_route=\/wp\/v2\/media\/881"}],"wp:attachment":[{"href":"https:\/\/bruxelles-pantheres.be\/index.php?rest_route=%2Fwp%2Fv2%2Fmedia&parent=2439"}],"wp:term":[{"taxonomy":"category","embeddable":true,"href":"https:\/\/bruxelles-pantheres.be\/index.php?rest_route=%2Fwp%2Fv2%2Fcategories&post=2439"},{"taxonomy":"post_tag","embeddable":true,"href":"https:\/\/bruxelles-pantheres.be\/index.php?rest_route=%2Fwp%2Fv2%2Ftags&post=2439"}],"curies":[{"name":"wp","href":"https:\/\/api.w.org\/{rel}","templated":true}]}}