{"id":2444,"date":"2015-02-18T22:32:08","date_gmt":"2015-02-18T21:32:08","guid":{"rendered":"https:\/\/bruxelles-pantheres.be\/?p=2444"},"modified":"2015-02-18T22:38:12","modified_gmt":"2015-02-18T21:38:12","slug":"2444","status":"publish","type":"post","link":"https:\/\/bruxelles-pantheres.be\/?p=2444","title":{"rendered":"Africa Unite ! Hommage \u00e0 Malcolm X"},"content":{"rendered":"<div style=\"width: 512px;\" class=\"wp-video\"><video class=\"wp-video-shortcode\" id=\"video-2444-1\" width=\"512\" height=\"288\" preload=\"metadata\" controls=\"controls\"><source type=\"video\/mp4\" src=\"https:\/\/bruxelles-pantheres.be\/wp-content\/uploads\/2015\/02\/Malcolm-X_-Par-tous-les-moyens-n\u00e9cessaires-_.mp4?_=1\" \/><a href=\"https:\/\/bruxelles-pantheres.be\/wp-content\/uploads\/2015\/02\/Malcolm-X_-Par-tous-les-moyens-n\u00e9cessaires-_.mp4\">https:\/\/bruxelles-pantheres.be\/wp-content\/uploads\/2015\/02\/Malcolm-X_-Par-tous-les-moyens-n\u00e9cessaires-_.mp4<\/a><\/video><\/div>\n<p>&nbsp;<\/p>\n<p>Il y a un mois, le 17 Janvier 2015, Bruxelles Panth\u00e8res organisait un hommage \u00e0 Patrice LUMUMBA, h\u00e9ros de l\u2019ind\u00e9pendance du Congo assassin\u00e9.<br \/>\nPatrice Lumumba est un h\u00e9ros de l\u2019ind\u00e9pendance nationale du pays et de l\u2019unit\u00e9 africaine.\u2028Le 30 juin 1960, lors de la c\u00e9r\u00e9monie d\u2019ind\u00e9pendance de la R\u00e9publique du Congo, il pronon\u00e7a un discours qui r\u00e9sonne encore aujourd\u2019hui dans toutes les m\u00e9moires africaines, et m\u00eame bien au-del\u00e0.<\/p>\n<p>En comm\u00e9moration du cinquanti\u00e8me anniversaire de la mort de Malcolm X, l\u2019une des figures les plus puissantes du mouvement Noir qui fut assassin\u00e9 aux Etats-Unis, Bruxelles Panth\u00e8res co-organise avec Change ASBL et de nombreuses autres organisations une journ\u00e9e sur le Panafricanisme, en mettant un accent particulier sur l&rsquo;hommage essentiel \u00e0 rendre \u00e0 Malcom X.<!--more--><\/p>\n<p>Il y a 50 ans, le 21 f\u00e9vrier 1965, notre fr\u00e8re Malcolm X &#8211; de son nom musulman El-Hajj Malik El-Shabazz -, est tu\u00e9 par balle. Il avait \u00e0 peine 39 ans, dont pr\u00e8s du tiers consacr\u00e9s \u00e0 se battre pour la dignit\u00e9 des Noirs et de tous les peuples opprim\u00e9s par le racisme colonial. Comme la plupart d\u2019entre-nous, c\u2019est un enfant des quartiers. Il a connu la pauvret\u00e9 et a subi le racisme. Pour tenter de s\u2019en sortir, il n&rsquo;a eu d&rsquo;autre choix que de se livrer \u00e0 une petite d\u00e9linquance de survie. Condamn\u00e9 \u00e0 10 ans de prison (il n\u2019en purgera que 7), il d\u00e9couvre l\u2019islam derri\u00e8re les barreaux et adh\u00e8re \u00e0 la Nation of islam (Black Muslims) dont, une fois lib\u00e9r\u00e9, il devient le principal orateur. En 1964, il s\u2019en \u00e9loigne, d\u00e9\u00e7u par ses dirigeants et par leur volont\u00e9 de rester en dehors de l\u2019action politique, alors que le monde Noir am\u00e9ricain est en \u00e9bullition. Malcolm cr\u00e9e alors son propre mouvement et r\u00e9vise l\u2019ensemble des positions politiques qu\u2019il avait d\u00e9fendues jusque-l\u00e0. Il d\u00e9veloppe une nouvelle strat\u00e9gie et s\u2019engage avec acharnement pour transformer les luttes revendicatives des Afro-am\u00e9ricains et les orienter vers un combat politique de lib\u00e9ration. Son assassinat a mis un terme \u00e0 ses efforts d\u2019organisation et de mobilisation ainsi qu\u2019\u00e0 ses tentatives de construction d\u2019une strat\u00e9gie efficace visant \u00e0 an\u00e9antir le syst\u00e8me racial. Son apport reste cependant immense et toujours d\u2019une actualit\u00e9 br\u00fblante.<\/p>\n<p>De nombreux mouvements militants s\u2019en r\u00e9clament en Belgique comme dans toute l&rsquo;Europe, plus comme un symbole qu\u2019en r\u00e9f\u00e9rence \u00e0 la politique antiraciste et en faveur des droits civiques \u00e9gaux qu\u2019il a men\u00e9e. Pour notre part, Bruxelles Panth\u00e8res, nous sommes convaincus que Malcom X peut nous apporter \u00e9norm\u00e9ment et nous amener \u00e0 r\u00e9fl\u00e9chir \u00e0 une strat\u00e9gie antiraciste et d\u00e9coloniale adapt\u00e9e aux conditions sp\u00e9cifiques de la Belgique.<\/p>\n<p>Redonner vie \u00e0 Malcolm X, tout comme \u00e0 Patrice Lumumba, ce n\u2019est pas simplement pleurer l\u2019injustice de leur mort, mais poursuivre leur combat et puiser dans leurs id\u00e9es de quoi nourrir nos luttes pour la justice sociale.<\/p>\n<p style=\"text-align: center;\"><a href=\"https:\/\/bruxelles-pantheres.be\/wp-content\/uploads\/2015\/02\/jpg\"><img decoding=\"async\" class=\"alignnone size-full wp-image-2445\" src=\"https:\/\/bruxelles-pantheres.be\/wp-content\/uploads\/2015\/02\/jpg\" alt=\"\" width=\"875\" height=\"621\" srcset=\"https:\/\/bruxelles-pantheres.be\/wp-content\/uploads\/2015\/02\/jpg 875w, https:\/\/bruxelles-pantheres.be\/wp-content\/uploads\/2015\/02\/jpg-300x213. 300w, https:\/\/bruxelles-pantheres.be\/wp-content\/uploads\/2015\/02\/jpg-768x545. 768w, https:\/\/bruxelles-pantheres.be\/wp-content\/uploads\/2015\/02\/jpg-540x383. 540w\" sizes=\"(max-width: 875px) 100vw, 875px\" \/><\/a><\/p>\n<p style=\"text-align: left;\"><a href=\"https:\/\/www.facebook.com\/events\/835042083227782\/?source=1\">Africa Unite ! Hommage \u00e0 Malcolm X<\/a><\/p>\n<p style=\"text-align: center;\"><em><strong>Avec la Participation de<\/strong><\/em> <a class=\"profileLink\" href=\"https:\/\/www.facebook.com\/demaone\" data-hovercard=\"\/ajax\/hovercard\/user.php?id=1080296440&amp;extragetparams=%7B%22directed_target_id%22%3A835042083227782%7D\">Dema On Sait Jamais<\/a> <a class=\"profileLink\" href=\"https:\/\/www.facebook.com\/lumumbacalvino\" data-hovercard=\"\/ajax\/hovercard\/user.php?id=524401334&amp;extragetparams=%7B%22directed_target_id%22%3A835042083227782%7D\">Soiresse Njall Kalvin<\/a> <a class=\"profileLink\" href=\"https:\/\/www.facebook.com\/amzat.boukari\" data-hovercard=\"\/ajax\/hovercard\/user.php?id=1619568818&amp;extragetparams=%7B%22directed_target_id%22%3A835042083227782%7D\">Amzat Boukari<\/a> <a class=\"profileLink\" href=\"https:\/\/www.facebook.com\/jeancharlescoovi.gomez\" data-hovercard=\"\/ajax\/hovercard\/user.php?id=100001196229220&amp;extragetparams=%7B%22directed_target_id%22%3A835042083227782%7D\">Jean-Charles Coovi Gomez<\/a> <a class=\"profileLink\" href=\"https:\/\/www.facebook.com\/manu.scordia\" data-hovercard=\"\/ajax\/hovercard\/user.php?id=100001438732194&amp;extragetparams=%7B%22directed_target_id%22%3A835042083227782%7D\">Manu Scordia<\/a> <a class=\"profileLink\" href=\"https:\/\/www.facebook.com\/fille.debarbarie\" data-hovercard=\"\/ajax\/hovercard\/user.php?id=100006539644719&amp;extragetparams=%7B%22directed_target_id%22%3A835042083227782%7D\">Fille De Barbarie<\/a> <a class=\"profileLink\" href=\"https:\/\/www.facebook.com\/aboumehdimusic\" data-hovercard=\"\/ajax\/hovercard\/page.php?id=34858654796&amp;extragetparams=%7B%22directed_target_id%22%3A835042083227782%7D\">Abou Mehdi<\/a> <a class=\"profileLink\" href=\"https:\/\/www.facebook.com\/pages\/Chuky-Officiel-Bboy\/1527459024155198\" data-hovercard=\"\/ajax\/hovercard\/page.php?id=1527459024155198&amp;extragetparams=%7B%22directed_target_id%22%3A835042083227782%7D\">Chuky Officiel Bboy<\/a> <a class=\"profileLink\" href=\"https:\/\/www.facebook.com\/julie.jaroszewski\" data-hovercard=\"\/ajax\/hovercard\/user.php?id=529261294&amp;extragetparams=%7B%22directed_target_id%22%3A835042083227782%7D\">Soledad Kalza<\/a> ( Julie JAROSZEWSKI ) <a class=\"profileLink\" href=\"https:\/\/www.facebook.com\/MANZAONE\" data-hovercard=\"\/ajax\/hovercard\/page.php?id=581254165265976&amp;extragetparams=%7B%22directed_target_id%22%3A835042083227782%7D\">MANZA<\/a><br \/>\n<a class=\"profileLink\" href=\"https:\/\/www.facebook.com\/Younessmernissislameteo\" data-hovercard=\"\/ajax\/hovercard\/page.php?id=725118917596325&amp;extragetparams=%7B%22directed_target_id%22%3A835042083227782%7D\">Youness Mernissi Slameteo<\/a> <a id=\"js_4y\" class=\"profileLink\" href=\"https:\/\/www.facebook.com\/aconitde.lamort\" data-hovercard=\"\/ajax\/hovercard\/user.php?id=100004587764585&amp;extragetparams=%7B%22directed_target_id%22%3A835042083227782%7D\">Aconit DE LA Mort<\/a>(AKKAD le gardien du monde perdu )<br \/>\n<strong><em>Et de nombreux autres a confirmer<\/em><\/strong><\/p>\n<div class=\"clearfix _2ko1\"><\/div>\n","protected":false},"excerpt":{"rendered":"<p>&nbsp; Il y a un mois, le 17 Janvier 2015, Bruxelles Panth\u00e8res organisait un hommage \u00e0 Patrice LUMUMBA, h\u00e9ros de l\u2019ind\u00e9pendance du Congo assassin\u00e9. Patrice Lumumba est un h\u00e9ros de l\u2019ind\u00e9pendance nationale du pays et de l\u2019unit\u00e9 africaine.\u2028Le 30 juin 1960, lors de la c\u00e9r\u00e9monie d\u2019ind\u00e9pendance de la R\u00e9publique du Congo, il pronon\u00e7a un discours &#8230; <a title=\"Africa Unite ! Hommage \u00e0 Malcolm X\" class=\"read-more\" href=\"https:\/\/bruxelles-pantheres.be\/?p=2444\" aria-label=\"En savoir plus sur Africa Unite ! Hommage \u00e0 Malcolm X\">Lire la suite<\/a><\/p>\n","protected":false},"author":1,"featured_media":2445,"comment_status":"open","ping_status":"open","sticky":false,"template":"","format":"standard","meta":{"footnotes":""},"categories":[1,21,36,4,7,18,28],"tags":[31,84,14,32,23,68,72,49],"class_list":["post-2444","post","type-post","status-publish","format-standard","has-post-thumbnail","hentry","category-non-classe","category-anti-imperialisme","category-europe","category-islamophobie","category-negrophobie","category-resistance-bruxelles","category-racismes","tag-belgique","tag-black-power","tag-bruxelles","tag-culture","tag-discrimination","tag-malcom-x","tag-patrice-lumumba","tag-usa"],"_links":{"self":[{"href":"https:\/\/bruxelles-pantheres.be\/index.php?rest_route=\/wp\/v2\/posts\/2444","targetHints":{"allow":["GET"]}}],"collection":[{"href":"https:\/\/bruxelles-pantheres.be\/index.php?rest_route=\/wp\/v2\/posts"}],"about":[{"href":"https:\/\/bruxelles-pantheres.be\/index.php?rest_route=\/wp\/v2\/types\/post"}],"author":[{"embeddable":true,"href":"https:\/\/bruxelles-pantheres.be\/index.php?rest_route=\/wp\/v2\/users\/1"}],"replies":[{"embeddable":true,"href":"https:\/\/bruxelles-pantheres.be\/index.php?rest_route=%2Fwp%2Fv2%2Fcomments&post=2444"}],"version-history":[{"count":6,"href":"https:\/\/bruxelles-pantheres.be\/index.php?rest_route=\/wp\/v2\/posts\/2444\/revisions"}],"predecessor-version":[{"id":2452,"href":"https:\/\/bruxelles-pantheres.be\/index.php?rest_route=\/wp\/v2\/posts\/2444\/revisions\/2452"}],"wp:featuredmedia":[{"embeddable":true,"href":"https:\/\/bruxelles-pantheres.be\/index.php?rest_route=\/wp\/v2\/media\/2445"}],"wp:attachment":[{"href":"https:\/\/bruxelles-pantheres.be\/index.php?rest_route=%2Fwp%2Fv2%2Fmedia&parent=2444"}],"wp:term":[{"taxonomy":"category","embeddable":true,"href":"https:\/\/bruxelles-pantheres.be\/index.php?rest_route=%2Fwp%2Fv2%2Fcategories&post=2444"},{"taxonomy":"post_tag","embeddable":true,"href":"https:\/\/bruxelles-pantheres.be\/index.php?rest_route=%2Fwp%2Fv2%2Ftags&post=2444"}],"curies":[{"name":"wp","href":"https:\/\/api.w.org\/{rel}","templated":true}]}}