{"id":2454,"date":"2015-02-23T23:28:14","date_gmt":"2015-02-23T22:28:14","guid":{"rendered":"https:\/\/bruxelles-pantheres.be\/?p=2454"},"modified":"2015-02-24T21:03:28","modified_gmt":"2015-02-24T20:03:28","slug":"africa-unite-hommage-a-malcolm-x-video","status":"publish","type":"post","link":"https:\/\/bruxelles-pantheres.be\/?p=2454","title":{"rendered":"Africa Unite ! Hommage \u00e0 Malcolm X ( Vid\u00e9o )"},"content":{"rendered":"<p>En comm\u00e9moration du cinquanti\u00e8me anniversaire de la mort de Malcolm X, l\u2019une des figures les plus puissantes du mouvement Noir qui fut assassin\u00e9 aux Etats-Unis, Bruxelles Panth\u00e8res co-organise avec Change ASBL et de nombreuses autres organisations une journ\u00e9e sur le Panafricanisme, en mettant un accent particulier sur l\u2019hommage essentiel \u00e0 rendre \u00e0 Malcom X.<!--more--><\/p>\n<p>&nbsp;<\/p>\n<p>Avec la Participation de :<br \/>\nSoiresse Njall Kalvin<br \/>\nAmzat Boukari<br \/>\nJean-Charles Coovi Gomez<br \/>\n<iframe src=\"https:\/\/www.youtube.com\/embed\/IWBRCGYpKVo\" width=\"560\" height=\"315\" frameborder=\"0\" allowfullscreen=\"allowfullscreen\"><\/iframe><\/p>\n<blockquote>\n<p class=\"yt watch-title-container\"><a href=\"https:\/\/www.youtube.com\/watch?v=ZF2jCUvYxbA\"><span id=\"eow-title\" class=\"watch-title long-title\" dir=\"ltr\" title=\"Tribute To Malcom from Brussels by HMIcnn Dema Makoto\"><strong>Tribute To Malcom from Brussels by HMIcnn Dema Makoto<\/strong> <\/span><\/a><\/p>\n<p class=\"yt watch-title-container\">Nobody can give you freedom. Nobody can give you equality or<br \/>\njustice or anything. If you&rsquo;re a man, you take it.<\/p>\n<p>Malcolm X<\/p>\n<p>with @Makoto @hmicnn199 #tribute to #MalcomX #Brussels<br \/>\n#calligraffiti #calligraphy #Demaone #Demacnn Bruxelles Panth\u00e8res<\/p><\/blockquote>\n<p><iframe src=\"https:\/\/www.youtube.com\/embed\/ZF2jCUvYxbA\" width=\"560\" height=\"315\" frameborder=\"0\" allowfullscreen=\"allowfullscreen\"><\/iframe><br \/>\nIl y a 50 ans, le 21 f\u00e9vrier 1965, notre fr\u00e8re Malcolm X \u2013 de son nom musulman El-Hajj Malik El-Shabazz -, est tu\u00e9 par balle. Il avait \u00e0 peine 39 ans, dont pr\u00e8s du tiers consacr\u00e9s \u00e0 se battre pour la dignit\u00e9 des Noirs et de tous les peuples opprim\u00e9s par le racisme colonial. Comme la plupart d\u2019entre-nous, c\u2019est un enfant des quartiers. Il a connu la pauvret\u00e9 et a subi le racisme. Pour tenter de s\u2019en sortir, il n\u2019a eu d\u2019autre choix que de se livrer \u00e0 une petite d\u00e9linquance de survie. Condamn\u00e9 \u00e0 10 ans de prison (il n\u2019en purgera que 7), il d\u00e9couvre l\u2019islam derri\u00e8re les barreaux et adh\u00e8re \u00e0 la Nation of islam (Black Muslims) dont, une fois lib\u00e9r\u00e9, il devient le principal orateur. En 1964, il s\u2019en \u00e9loigne, d\u00e9\u00e7u par ses dirigeants et par leur volont\u00e9 de rester en dehors de l\u2019action politique, alors que le monde Noir am\u00e9ricain est en \u00e9bullition. Malcolm cr\u00e9e alors son propre mouvement et r\u00e9vise l\u2019ensemble des positions politiques qu\u2019il avait d\u00e9fendues jusque-l\u00e0. Il d\u00e9veloppe une nouvelle strat\u00e9gie et s\u2019engage avec acharnement pour transformer les luttes revendicatives des Afro-am\u00e9ricains et les orienter vers un combat politique de lib\u00e9ration. Son assassinat a mis un terme \u00e0 ses efforts d\u2019organisation et de mobilisation ainsi qu\u2019\u00e0 ses tentatives de construction d\u2019une strat\u00e9gie efficace visant \u00e0 an\u00e9antir le syst\u00e8me racial. Son apport reste cependant immense et toujours d\u2019une actualit\u00e9 br\u00fblante.<\/p>\n<p>De nombreux mouvements militants s\u2019en r\u00e9clament en Belgique comme dans toute l\u2019Europe, plus comme un symbole qu\u2019en r\u00e9f\u00e9rence \u00e0 la politique antiraciste et en faveur des droits civiques \u00e9gaux qu\u2019il a men\u00e9e. Pour notre part, Bruxelles Panth\u00e8res, nous sommes convaincus que Malcom X peut nous apporter \u00e9norm\u00e9ment et nous amener \u00e0 r\u00e9fl\u00e9chir \u00e0 une strat\u00e9gie antiraciste et d\u00e9coloniale adapt\u00e9e aux conditions sp\u00e9cifiques de la Belgique.<\/p>\n<p>Redonner vie \u00e0 Malcolm X, tout comme \u00e0 Patrice Lumumba, ce n\u2019est pas simplement pleurer l\u2019injustice de leur mort, mais poursuivre leur combat et puiser dans leurs id\u00e9es de quoi nourrir nos luttes pour la justice sociale.<\/p>\n<p>&nbsp;<\/p>\n<p><a href=\"https:\/\/bruxelles-pantheres.be\/wp-content\/uploads\/2015\/02\/jpg\"><img decoding=\"async\" class=\"alignnone size-full wp-image-2445\" src=\"https:\/\/bruxelles-pantheres.be\/wp-content\/uploads\/2015\/02\/jpg\" alt=\"\" width=\"875\" height=\"621\" srcset=\"https:\/\/bruxelles-pantheres.be\/wp-content\/uploads\/2015\/02\/jpg 875w, https:\/\/bruxelles-pantheres.be\/wp-content\/uploads\/2015\/02\/jpg-300x213. 300w, https:\/\/bruxelles-pantheres.be\/wp-content\/uploads\/2015\/02\/jpg-768x545. 768w, https:\/\/bruxelles-pantheres.be\/wp-content\/uploads\/2015\/02\/jpg-540x383. 540w\" sizes=\"(max-width: 875px) 100vw, 875px\" \/><\/a><\/p>\n","protected":false},"excerpt":{"rendered":"<p>En comm\u00e9moration du cinquanti\u00e8me anniversaire de la mort de Malcolm X, l\u2019une des figures les plus puissantes du mouvement Noir qui fut assassin\u00e9 aux Etats-Unis, Bruxelles Panth\u00e8res co-organise avec Change ASBL et de nombreuses autres organisations une journ\u00e9e sur le Panafricanisme, en mettant un accent particulier sur l\u2019hommage essentiel \u00e0 rendre \u00e0 Malcom X.<\/p>\n","protected":false},"author":1,"featured_media":2455,"comment_status":"open","ping_status":"open","sticky":false,"template":"","format":"standard","meta":{"footnotes":""},"categories":[1,35,21,4,7,18,28,17,5],"tags":[31,84,14,80,23,46,45,68,92,72,15],"class_list":["post-2454","post","type-post","status-publish","format-standard","has-post-thumbnail","hentry","category-non-classe","category-amerique-du-sud","category-anti-imperialisme","category-islamophobie","category-negrophobie","category-resistance-bruxelles","category-racismes","category-video","category-violence-policiere","tag-belgique","tag-black-power","tag-bruxelles","tag-congo","tag-discrimination","tag-esclavage","tag-lumumba","tag-malcom-x","tag-panafricanisme","tag-patrice-lumumba","tag-resistance"],"_links":{"self":[{"href":"https:\/\/bruxelles-pantheres.be\/index.php?rest_route=\/wp\/v2\/posts\/2454","targetHints":{"allow":["GET"]}}],"collection":[{"href":"https:\/\/bruxelles-pantheres.be\/index.php?rest_route=\/wp\/v2\/posts"}],"about":[{"href":"https:\/\/bruxelles-pantheres.be\/index.php?rest_route=\/wp\/v2\/types\/post"}],"author":[{"embeddable":true,"href":"https:\/\/bruxelles-pantheres.be\/index.php?rest_route=\/wp\/v2\/users\/1"}],"replies":[{"embeddable":true,"href":"https:\/\/bruxelles-pantheres.be\/index.php?rest_route=%2Fwp%2Fv2%2Fcomments&post=2454"}],"version-history":[{"count":4,"href":"https:\/\/bruxelles-pantheres.be\/index.php?rest_route=\/wp\/v2\/posts\/2454\/revisions"}],"predecessor-version":[{"id":2460,"href":"https:\/\/bruxelles-pantheres.be\/index.php?rest_route=\/wp\/v2\/posts\/2454\/revisions\/2460"}],"wp:featuredmedia":[{"embeddable":true,"href":"https:\/\/bruxelles-pantheres.be\/index.php?rest_route=\/wp\/v2\/media\/2455"}],"wp:attachment":[{"href":"https:\/\/bruxelles-pantheres.be\/index.php?rest_route=%2Fwp%2Fv2%2Fmedia&parent=2454"}],"wp:term":[{"taxonomy":"category","embeddable":true,"href":"https:\/\/bruxelles-pantheres.be\/index.php?rest_route=%2Fwp%2Fv2%2Fcategories&post=2454"},{"taxonomy":"post_tag","embeddable":true,"href":"https:\/\/bruxelles-pantheres.be\/index.php?rest_route=%2Fwp%2Fv2%2Ftags&post=2454"}],"curies":[{"name":"wp","href":"https:\/\/api.w.org\/{rel}","templated":true}]}}