{"id":2468,"date":"2015-03-13T10:16:46","date_gmt":"2015-03-13T09:16:46","guid":{"rendered":"https:\/\/bruxelles-pantheres.be\/?p=2468"},"modified":"2015-03-13T10:42:23","modified_gmt":"2015-03-13T09:42:23","slug":"de-ferguson-a-athenes-de-mexico-a-bruxelles-mobilisons-nous-et-organisons-nous","status":"publish","type":"post","link":"https:\/\/bruxelles-pantheres.be\/?p=2468","title":{"rendered":"De Ferguson \u00e0 Ath\u00e8nes, de Mexico \u00e0 Bruxelles, mobilisons-nous et organisons-nous !"},"content":{"rendered":"<p style=\"text-align: center;\"><a href=\"https:\/\/bruxelles-pantheres.be\/wp-content\/uploads\/2015\/01\/charlie-police.jpg\"><img decoding=\"async\" class=\"alignnone size-full wp-image-2394\" src=\"https:\/\/bruxelles-pantheres.be\/wp-content\/uploads\/2015\/01\/charlie-police.jpg\" alt=\"charlie police\" width=\"423\" height=\"658\" srcset=\"https:\/\/bruxelles-pantheres.be\/wp-content\/uploads\/2015\/01\/charlie-police.jpg 423w, https:\/\/bruxelles-pantheres.be\/wp-content\/uploads\/2015\/01\/charlie-police-193x300.jpg 193w\" sizes=\"(max-width: 423px) 100vw, 423px\" \/><\/a><\/p>\n<p><em><strong>De Ferguson \u00e0 Ath\u00e8nes, de Mexico \u00e0 Bruxelles, mobilisons-nous et organisons-nous !<\/strong><\/em><\/p>\n<p>Injures, racisme, contr\u00f4les au faci\u00e8s, harc\u00e8lement, violences et abus de pouvoir : les exactions commises par la police sont toujours une r\u00e9alit\u00e9 et particuli\u00e8rement pour les immigr\u00e9s, leurs enfants, les jeunes et les pauvres. Les plaintes des citoyens aupr\u00e8s du Comit\u00e9 P se multiplient. La Belgique est point\u00e9e du doigt depuis plusieurs ann\u00e9es par la Ligue des Droits de l\u2019Homme, la F\u00e9d\u00e9ration Internationale des Droits de l\u2019Homme ou des agences de l&rsquo;ONU pour la situation des violences et abus policiers. Pourtant rien ne change et, au vu du programme s\u00e9curitaire du gouvernement Michel, on peut m\u00eame craindre que cela empire !<\/p>\n<div>Rendez vous lors de la 4i\u00e8me manifestation du 15 mars, \u00e0 l&rsquo;occasion de la journ\u00e9e internationale contre les violences polici\u00e8res. D\u00e9part de Simonis \u00e0 15hA l&rsquo;initiative des Jeunes Organis\u00e9s et Combatifs (JOC) rejoints par plus de 30 organisations dont Bruxelles Panth\u00e8res<\/p>\n<\/div>\n<div>\n<div lang=\"FR-BE\"><img decoding=\"async\" class=\"CToWUd a6T\" tabindex=\"0\" src=\"https:\/\/mail.google.com\/mail\/u\/0\/?ui=2&amp;ik=908e7d29dd&amp;view=fimg&amp;th=14c11c3a13b18b61&amp;attid=0.1&amp;disp=emb&amp;realattid=e755b7d7b64cc403_0.1.1&amp;attbid=ANGjdJ92YWjGlkJUwhVfjVIjGEOHjXYY-F_XfPIb-VysIYJVy8dkmqH7xBF3HTKuWqGmA7W1Wa3hpvpsxfdRAMOSnZSveo9ENOsEjhheULwB9QxFzUq3BRKPoKGFPMg&amp;sz=w2090-h774&amp;ats=1426237456114&amp;rm=14c11c3a13b18b61&amp;zw&amp;atsh=1\" alt=\"\" width=\"1045\" height=\"387\" name=\"14c11c3a13b18b61_14c1151cda96bdba_14c0ee98c3b03e4a_violences polici\u00e8res.png\" \/><\/p>\n<div class=\"a6S\" dir=\"ltr\"><\/div>\n<\/div>\n<\/div>\n<div class=\"yj6qo ajU\">\n<div id=\":10e\" class=\"ajR\" tabindex=\"0\" data-tooltip=\"Afficher le contenu abr\u00e9g\u00e9\"><img decoding=\"async\" class=\"ajT\" src=\"https:\/\/ssl.gstatic.com\/ui\/v1\/icons\/mail\/images\/cleardot.gif\" alt=\"\" \/><\/div>\n<\/div>\n","protected":false},"excerpt":{"rendered":"<p>De Ferguson \u00e0 Ath\u00e8nes, de Mexico \u00e0 Bruxelles, mobilisons-nous et organisons-nous ! Injures, racisme, contr\u00f4les au faci\u00e8s, harc\u00e8lement, violences et abus de pouvoir : les exactions commises par la police sont toujours une r\u00e9alit\u00e9 et particuli\u00e8rement pour les immigr\u00e9s, leurs enfants, les jeunes et les pauvres. Les plaintes des citoyens aupr\u00e8s du Comit\u00e9 P se &#8230; <a title=\"De Ferguson \u00e0 Ath\u00e8nes, de Mexico \u00e0 Bruxelles, mobilisons-nous et organisons-nous !\" class=\"read-more\" href=\"https:\/\/bruxelles-pantheres.be\/?p=2468\" aria-label=\"En savoir plus sur De Ferguson \u00e0 Ath\u00e8nes, de Mexico \u00e0 Bruxelles, mobilisons-nous et organisons-nous !\">Lire la suite<\/a><\/p>\n","protected":false},"author":1,"featured_media":2469,"comment_status":"open","ping_status":"open","sticky":false,"template":"","format":"standard","meta":{"footnotes":""},"categories":[36,8,18,28,5],"tags":[31,14,23,54,15],"class_list":["post-2468","post","type-post","status-publish","format-standard","has-post-thumbnail","hentry","category-europe","category-prisons","category-resistance-bruxelles","category-racismes","category-violence-policiere","tag-belgique","tag-bruxelles","tag-discrimination","tag-police","tag-resistance"],"_links":{"self":[{"href":"https:\/\/bruxelles-pantheres.be\/index.php?rest_route=\/wp\/v2\/posts\/2468","targetHints":{"allow":["GET"]}}],"collection":[{"href":"https:\/\/bruxelles-pantheres.be\/index.php?rest_route=\/wp\/v2\/posts"}],"about":[{"href":"https:\/\/bruxelles-pantheres.be\/index.php?rest_route=\/wp\/v2\/types\/post"}],"author":[{"embeddable":true,"href":"https:\/\/bruxelles-pantheres.be\/index.php?rest_route=\/wp\/v2\/users\/1"}],"replies":[{"embeddable":true,"href":"https:\/\/bruxelles-pantheres.be\/index.php?rest_route=%2Fwp%2Fv2%2Fcomments&post=2468"}],"version-history":[{"count":2,"href":"https:\/\/bruxelles-pantheres.be\/index.php?rest_route=\/wp\/v2\/posts\/2468\/revisions"}],"predecessor-version":[{"id":2471,"href":"https:\/\/bruxelles-pantheres.be\/index.php?rest_route=\/wp\/v2\/posts\/2468\/revisions\/2471"}],"wp:featuredmedia":[{"embeddable":true,"href":"https:\/\/bruxelles-pantheres.be\/index.php?rest_route=\/wp\/v2\/media\/2469"}],"wp:attachment":[{"href":"https:\/\/bruxelles-pantheres.be\/index.php?rest_route=%2Fwp%2Fv2%2Fmedia&parent=2468"}],"wp:term":[{"taxonomy":"category","embeddable":true,"href":"https:\/\/bruxelles-pantheres.be\/index.php?rest_route=%2Fwp%2Fv2%2Fcategories&post=2468"},{"taxonomy":"post_tag","embeddable":true,"href":"https:\/\/bruxelles-pantheres.be\/index.php?rest_route=%2Fwp%2Fv2%2Ftags&post=2468"}],"curies":[{"name":"wp","href":"https:\/\/api.w.org\/{rel}","templated":true}]}}