{"id":2486,"date":"2015-03-23T00:29:03","date_gmt":"2015-03-22T23:29:03","guid":{"rendered":"https:\/\/bruxelles-pantheres.be\/?p=2486"},"modified":"2015-03-23T00:29:03","modified_gmt":"2015-03-22T23:29:03","slug":"la-paix-pas-au-programme-des-puissants","status":"publish","type":"post","link":"https:\/\/bruxelles-pantheres.be\/?p=2486","title":{"rendered":"La paix ? Pas au programme des puissants\u2026"},"content":{"rendered":"<p style=\"text-align: center;\"><a href=\"https:\/\/bruxelles-pantheres.be\/wp-content\/uploads\/2013\/11\/terre_pollue.jpg\"><img decoding=\"async\" class=\"alignnone size-full wp-image-539\" src=\"https:\/\/bruxelles-pantheres.be\/wp-content\/uploads\/2013\/11\/terre_pollue.jpg\" alt=\"terre_pollue\" width=\"400\" height=\"351\" srcset=\"https:\/\/bruxelles-pantheres.be\/wp-content\/uploads\/2013\/11\/terre_pollue.jpg 400w, https:\/\/bruxelles-pantheres.be\/wp-content\/uploads\/2013\/11\/terre_pollue-300x263.jpg 300w\" sizes=\"(max-width: 400px) 100vw, 400px\" \/><\/a><\/p>\n<p>La paix ? Pas au programme des puissants\u2026<\/p>\n<p>&#8211; il y a quelques semaines Oxfam indiquait qu\u2019une poign\u00e9e d\u2019individus poss\u00e9daient \u00e0 eux seuls autant que la moiti\u00e9 la plus pauvre de la plan\u00e8te\u2026<br \/>\n+ pendant ce temps donc, 3.650.000.000 de personnes se d\u00e9battent et tentent de vivre, voire de survivre pour de nombreux d\u2019entre eux\u2026<br \/>\n&#8211; il y a quelques semaines, un rassemblement de quelques-uns des pires responsables de \u2018crimes contre l\u2019humanit\u00e9\u2019 d\u00e9filaient \u00e0 Paris, bras-dessus, bras-dessous comme des potes, \u00e0 la suite de l\u2019injonction de l\u2019Etat fran\u00e7ais et de ses m\u00e9dias sous contr\u00f4le \u00e0 descendre dans la rue pour clamer \u2018Je suis Charlie\u2019 sous le motif de \u00ab libert\u00e9 d\u2019expression \u00bb\u2026<br \/>\n+ pendant ce temps, ceux qui n\u2019ont pas cru bon de se joindre \u00e0 cette convocation du pouvoir ont \u00e9t\u00e9 consid\u00e9r\u00e9s comme suspects et pour plusieurs, pri\u00e9s de s\u2019expliquer, toujours au nom de la \u00ab libert\u00e9 d\u2019expression \u00bb, bien s\u00fbr\u2026 L\u2019un d\u2019eux, \u00e0 peine \u00e2g\u00e9 de 8 ans et encadr\u00e9 de \u2018personnel p\u00e9dagogique\u2019 \u2013 si, si, il para\u00eet\u2026 \u2013 s\u2019est m\u00eame vu tra\u00eener au commissariat de police, pour avoir exprim\u00e9 son d\u00e9saccord\u2026<br \/>\n&#8211; il y a quelques semaines l\u2019Agence de l\u2019ONU charg\u00e9e de l\u2019aide aux Palestiniens d\u00e9clarait qu\u2019il n\u2019y avait plus d\u2019argent pour la reconstruction des 100.000 habitations de Gaza d\u00e9truites l\u2019\u00e9t\u00e9 dernier lors d\u2019un 3\u00e8 crime contre l\u2019humanit\u00e9 \u00e0 leur encontre en 7 ans, par l\u2019arm\u00e9e de l\u2019Etat colonial isra\u00e9lien\u2026<br \/>\n+ pendant ce temps, cette population assi\u00e9g\u00e9e, encag\u00e9e sur son propre territoire tente de survivre aux s\u00e9v\u00e8res conditions hivernales, erre au milieu de gravats, des enfants sont morts de froid (!), pratiquement rien n\u2019est arriv\u00e9 des 5 milliards de dollars promis lors de la conf\u00e9rence des donateurs, et l\u2019Etat colonial isra\u00e9lien annonce une fois encore un \u00e9ni\u00e8me projet d\u2019implantation de 450 logements suppl\u00e9mentaires pour les colons, dans un silence m\u00e9diatique qu\u2019il faut bien qualifier de \u2018complice\u2019\u2026<br \/>\n&#8211; il y a quelques semaines le ministre de l\u2019\u00e9conomie E. Macron encourageait les jeunes \u00e0 devenir milliardaires pour rejoindre ainsi les quelques nantis du CAC 40 dont les salaires ont outrageusement explos\u00e9 ces derni\u00e8res ann\u00e9es\u2026 Le MEDEF, un peu g\u00ean\u00e9 par instants de telles d\u00e9rives, promettait que les choses allaient se r\u00e9guler de par soi-m\u00eame\u2026 comme on a pu le voir derni\u00e8rement avec une prime de 4 millions d\u2019euros propos\u00e9e \u00e0 l\u2019arriv\u00e9e du nouveau PDG chez Sanofi\u2026 les parachutes dor\u00e9s de sortie n\u2019\u00e9tant plus suffisants sans doute\u2026<br \/>\n+ pendant ce temps le gouvernement conc\u00e9dait une hausse du SMIC de 0,80 % \u00e0 partir du 1er janvier, soit 8 centimes d\u2019euros bruts par heure pour environ 10% des salari\u00e9s\u2026<br \/>\n&#8211; il y a quelques semaines le monde politico-m\u00e9diatique affichait son \u00e9moi dans la constatation d\u2019une augmentation des actes antis\u00e9mites, et l\u2019attention g\u00e9n\u00e9rale se focalisait express\u00e9ment et presque exclusivement sur la chose\u2026<br \/>\n+ pendant ce temps, les actes \u00e0 l\u2019encontre des arabo-musulmans ont litt\u00e9ralement explos\u00e9 en augmentant de 100%, soit, en doublant ces derniers mois, dans un silence quasi unanime, si ce n\u2019est les effets d\u2019annonce habituels\u2026<br \/>\n&#8211; il y a quelques semaines, mourait \u00e0 pr\u00e8s de 90 ans, le roi d\u2019Arabie saoudite, pays o\u00f9 le mot \u00ab libert\u00e9 \u00bb n\u2019appartient pas au vocabulaire pour l\u2019ensemble de la population f\u00e9minine, et qui avait quelques jours avant le d\u00e9c\u00e8s du roi Abdallah, proc\u00e9d\u00e9 \u00e0 la d\u00e9capitation au sabre d\u2019une femme, en pleine rue\u2026<br \/>\n+ pendant les moments qui ont suivi l\u2019annonce du d\u00e9c\u00e8s du monarque saoudien, Mme Ch. Lagarde, fonctionnaire la mieux pay\u00e9e au monde en tant que patronne du FMI, d\u00e9clarait sans sourciller que ce roi \u00ab \u2026 avait beaucoup fait pour les femmes dans son pays, qu\u2019il en \u00e9tait un grand d\u00e9fenseur et que les choses avan\u00e7aient progressivement\u2026 \u00bb<br \/>\n&#8211; il y a quelques semaines, apr\u00e8s la victoire de Syriza en Gr\u00e8ce, les huiles de la Tro\u00efka (UE, BCE, FMI) avertissaient de mani\u00e8re univoque l\u2019obligation de rembourser les dettes du pays\u2026<br \/>\n+ pendant ce temps, une \u00e9tude gr\u00e9co-am\u00e9ricaine signalait le corollaire entre mesures d\u2019aust\u00e9rit\u00e9 et hausse de 36% des suicides en Gr\u00e8ce depuis leur mise en application\u2026 et l\u2019Allemagne n\u2019appr\u00e9cie pas qu\u2019on lui rappelle sa dette de guerre\u2026<br \/>\n\u2026 et cette liste, non exhaustive, est infinie\u2026<br \/>\nApr\u00e8s les \u00e9v\u00e8nements tragiques survenus \u00e0 Paris en d\u00e9but d\u2019ann\u00e9e, quelques intervenants, politiques, journalistes, enseignants, philosophes habituels se sont pos\u00e9s la question du \u2018pourquoi\u2019\u2026 Livrant dans la foul\u00e9e, une s\u00e9rie de r\u00e9ponses peu convaincantes, assorties de souhaits voire pour certains de promesses de lois liberticides dont on voit les d\u00e9rives pointer\u2026 Les gouvernements profitent toujours de tels \u00e9v\u00e8nements pour traiter les sympt\u00f4mes, jamais les causes qui leur demanderaient une remise en question fondamentale. Dans la foul\u00e9e de cette imposture, la ministre de l\u2019enseignement Mme. N. Vallaud-Belkacem a trouv\u00e9 normal qu\u2019un enfant de 8 ans soit men\u00e9 dans un commissariat de police pour avoir contest\u00e9 LA minute de silence impos\u00e9e par les tenants du pouvoir. Une telle sc\u00e8ne surviendrait \u00e0 Cuba, en Chine, au Venezuela ou en Russie, nombreux seraient les journaleux qui hurleraient \u00e0 la dictature emp\u00eachant \u00ab toute libert\u00e9 d\u2019expression \u00bb\u2026 Et si les faits n\u2019\u00e9taient pas si tragiques, l\u2019on pourrait en rire !<br \/>\nComme d\u00e9j\u00e0 r\u00e9p\u00e9t\u00e9 \u00e0 moult reprises, les fabuleux outils d\u2019information ont chang\u00e9 la mani\u00e8re dont les individus appr\u00e9hendent le monde et ce qui s\u2019y joue. De mani\u00e8re obscure et volontairement cach\u00e9e, ce qui s\u2019est toujours et abondamment pratiqu\u00e9 comme injustices dans le monde, sans que les citoyens n\u2019en soient inform\u00e9s, devient quasi impossible aujourd\u2019hui. Les responsables politiques, \u00e9conomiques et financiers en ont-ils vraiment conscience ? Au vu de certaines r\u00e9actions, l\u2019on peut en douter\u2026 Dans un accord presque unanime, la majorit\u00e9 des intervenants se sont focalis\u00e9s sur la religion : l\u2019islam serait la cause de tous les maux de nos soci\u00e9t\u00e9s occidentales, certains n\u2019arr\u00eatant pas de marteler que \u2018l\u2019int\u00e9gration\u2019 est un \u00e9chec, allant m\u00eame par la voix de R. Cuckierman pr\u00e9sident du CRIF jusqu\u2019\u00e0 d\u00e9clarer que : \u00ab \u2026toutes les violences antis\u00e9mites sont le fait de jeunes musulmans \u00bb. Ben voyons\u2026 Je connais un humoriste qui s\u2019est fait alpagu\u00e9 pour moi que \u00e7a, et tout le monde comprendra maintenant que, comme la Justice, \u2018la libert\u00e9 d\u2019expression\u2019 est elle aussi, \u00e0 g\u00e9om\u00e9trie variable\u2026<br \/>\nMais, \u2026 l\u2019\u00e9t\u00e9 pass\u00e9, o\u00f9 \u00e9taient donc ces millions de gens descendus le 11 janvier dernier dans les rues pour dire \u00ab la barbarie \u00bb selon le slogan d\u00e9sormais \u00e0 la mode dans ce genre de manifestation, pour d\u00e9noncer l\u2019une des plus flagrantes injustices aujourd\u2019hui, qui est ce lien privil\u00e9gi\u00e9 que maintient l\u2019Etat fran\u00e7ais avec un Etat colonial coupable de crimes de guerre contre une population assi\u00e9g\u00e9e, ne respectant aucune des R\u00e9solutions de l\u2019ONU et pratiquant l\u2019apartheid au vu et au su de tous depuis des d\u00e9cennies !? Inutile de chercher, ils n\u2019\u00e9taient que quelques centaines, bravant ce m\u00eame Etat fran\u00e7ais ayant par la voix de son 1er ministre interdit toute manifestation de soutien aux Palestiniens assi\u00e9g\u00e9s, \u00e9cras\u00e9s sous la botte de l\u2019occupant sioniste\u2026 Ce m\u00eame 1er ministre, en pleine d\u00e9rive autoritaire, \u00e9ructant les le\u00e7ons de \u2018libert\u00e9 d\u2019expression\u2019 \u00e0 tous vents, d\u00e8s lors que cette \u00ab libert\u00e9 \u00bb soit bien au service de la politique n\u00e9olib\u00e9rale men\u00e9e par son gouvernement, dans l\u2019axe parfaitement align\u00e9 des int\u00e9r\u00eats am\u00e9ricano-sionistes\u2026<br \/>\nEn conclusion : ne soyons pas dupes, aucune paix, ni sociale, ni internationale n\u2019est possible tant que l\u2019injustice pr\u00e9vaudra \u00e0 ce point. Autrement dit, la route est encore longue dans ce syst\u00e8me qui sous des apparences trompeuses, fait tout pour maintenir les actuels d\u00e9s\u00e9quilibres en place, voire m\u00eame, les alimente pour que cet \u00e9tat des choses perdure au b\u00e9n\u00e9fice de quelques-uns sur l\u2019\u00e9crasante majorit\u00e9 des autres\u2026 La paix serait pour ceux-l\u00e0, le monde \u00e0 l\u2019envers et ne figure certainement pas dans leur programme !<\/p>\n<p>Daniel Vanhove \u2013<br \/>\n18.03.15<br \/>\nObservateur civil<br \/>\nAuteur<br \/>\n\u00ab Si vous d\u00e9truisez nos maisons, vous ne d\u00e9truirez pas nos \u00e2mes \u00bb &#8211; 2005 \u2013 Ed. M. Pietteur<br \/>\n\u00ab La D\u00e9mocratie Mensonge \u00bb &#8211; 2008 \u2013 Ed. M. Pietteur<\/p>\n","protected":false},"excerpt":{"rendered":"<p>La paix ? Pas au programme des puissants\u2026 &#8211; il y a quelques semaines Oxfam indiquait qu\u2019une poign\u00e9e d\u2019individus poss\u00e9daient \u00e0 eux seuls autant que la moiti\u00e9 la plus pauvre de la plan\u00e8te\u2026 + pendant ce temps donc, 3.650.000.000 de personnes se d\u00e9battent et tentent de vivre, voire de survivre pour de nombreux d\u2019entre eux\u2026 &#8230; <a title=\"La paix ? Pas au programme des puissants\u2026\" class=\"read-more\" href=\"https:\/\/bruxelles-pantheres.be\/?p=2486\" aria-label=\"En savoir plus sur La paix ? Pas au programme des puissants\u2026\">Lire la suite<\/a><\/p>\n","protected":false},"author":1,"featured_media":719,"comment_status":"open","ping_status":"open","sticky":false,"template":"","format":"standard","meta":{"footnotes":""},"categories":[21,36],"tags":[94],"class_list":["post-2486","post","type-post","status-publish","format-standard","has-post-thumbnail","hentry","category-anti-imperialisme","category-europe","tag-daniel-vanhove"],"_links":{"self":[{"href":"https:\/\/bruxelles-pantheres.be\/index.php?rest_route=\/wp\/v2\/posts\/2486","targetHints":{"allow":["GET"]}}],"collection":[{"href":"https:\/\/bruxelles-pantheres.be\/index.php?rest_route=\/wp\/v2\/posts"}],"about":[{"href":"https:\/\/bruxelles-pantheres.be\/index.php?rest_route=\/wp\/v2\/types\/post"}],"author":[{"embeddable":true,"href":"https:\/\/bruxelles-pantheres.be\/index.php?rest_route=\/wp\/v2\/users\/1"}],"replies":[{"embeddable":true,"href":"https:\/\/bruxelles-pantheres.be\/index.php?rest_route=%2Fwp%2Fv2%2Fcomments&post=2486"}],"version-history":[{"count":1,"href":"https:\/\/bruxelles-pantheres.be\/index.php?rest_route=\/wp\/v2\/posts\/2486\/revisions"}],"predecessor-version":[{"id":2487,"href":"https:\/\/bruxelles-pantheres.be\/index.php?rest_route=\/wp\/v2\/posts\/2486\/revisions\/2487"}],"wp:featuredmedia":[{"embeddable":true,"href":"https:\/\/bruxelles-pantheres.be\/index.php?rest_route=\/wp\/v2\/media\/719"}],"wp:attachment":[{"href":"https:\/\/bruxelles-pantheres.be\/index.php?rest_route=%2Fwp%2Fv2%2Fmedia&parent=2486"}],"wp:term":[{"taxonomy":"category","embeddable":true,"href":"https:\/\/bruxelles-pantheres.be\/index.php?rest_route=%2Fwp%2Fv2%2Fcategories&post=2486"},{"taxonomy":"post_tag","embeddable":true,"href":"https:\/\/bruxelles-pantheres.be\/index.php?rest_route=%2Fwp%2Fv2%2Ftags&post=2486"}],"curies":[{"name":"wp","href":"https:\/\/api.w.org\/{rel}","templated":true}]}}