{"id":2491,"date":"2015-03-29T20:09:13","date_gmt":"2015-03-29T19:09:13","guid":{"rendered":"https:\/\/bruxelles-pantheres.be\/?p=2491"},"modified":"2015-04-02T22:10:07","modified_gmt":"2015-04-02T21:10:07","slug":"pourquoi-il-faut-stopper-le-projet-de-megaprison-a-haren","status":"publish","type":"post","link":"https:\/\/bruxelles-pantheres.be\/?p=2491","title":{"rendered":"Pourquoi il faut stopper le projet de m\u00e9gaprison \u00e0 Haren !"},"content":{"rendered":"<p style=\"text-align: center;\"><strong><em>Communiqu\u00e9 de presse<\/em><\/strong><\/p>\n<p style=\"text-align: center;\"><strong><em>26 mars 2015<\/em><\/strong><\/p>\n<p style=\"text-align: center;\"><strong><img decoding=\"async\" src=\"https:\/\/scontent-ams.xx.fbcdn.net\/hphotos-xtp1\/v\/t1.0-9\/p280x280\/11079058_1066569010036228_4969827709886330557_n.jpg?oh=c0c5870f4f0f47a1d683c8dde67b213b&amp;oe=55A2BBA1\" alt=\"https:\/\/scontent-ams.xx.fbcdn.net\/hphotos-xtp1\/v\/t1.0-9\/p280x280\/11079058_1066569010036228_4969827709886330557_n.jpg?oh=c0c5870f4f0f47a1d683c8dde67b213b&amp;oe=55A2BBA1\" \/>\u00a0<\/strong><\/p>\n<p style=\"text-align: center;\"><strong>HAREN UNDER ARREST<\/strong><\/p>\n<p style=\"text-align: center;\"><strong>Pourquoi il faut stopper le projet de m\u00e9gaprison \u00e0 Haren ! <\/strong><\/p>\n<p>&nbsp;<\/p>\n<p><strong>\u00ab Le fait d&rsquo;augmenter la capacit\u00e9 carc\u00e9rale n&rsquo;est pas susceptible, en soi, de r\u00e9soudre durablement le probl\u00e8me de la surpopulation. En effet, il a \u00e9t\u00e9 observ\u00e9 dans de nombreux pays \u2013 y compris en Belgique \u2013 que la population carc\u00e9rale a tendance \u00e0 augmenter au fur et \u00e0 mesure que la capacit\u00e9 carc\u00e9rale s&rsquo;accro\u00eet. \u00bb<\/strong><strong>[1]<\/strong>.<\/p>\n<p>Cette affirmation \u00e9tay\u00e9e par les exp\u00e9riences belges et \u00e9trang\u00e8res sonne \u00e9trangement au regard de la politique p\u00e9nitentiaire de nos gouvernements f\u00e9d\u00e9raux successifs. Ceux-ci mettent en \u0153uvre des \u00ab\u00a0masterplans prisons\u00a0\u00bb pr\u00e9voyant au total 9 nouveaux \u00e9tablissements p\u00e9nitentiaires, dont certains ont d\u00e9j\u00e0 vu le jour.<\/p>\n<p>Parmi ces projets, celui de Haren visant \u00e0 d\u00e9velopper le plus grand complexe p\u00e9nitentiaire du pays (1.190 d\u00e9tenus sur 18 ha). Pr\u00e9sent\u00e9 comme un \u00ab\u00a0village p\u00e9nitentiaire\u00a0\u00bb au Nord-Est de la R\u00e9gion bruxelloise, il vise \u00e0 accueillir des d\u00e9tenus hommes et femmes et \u00e0 remplacer les prisons de Saint-Gilles, Forest et Berkendael.<\/p>\n<p>Ce projet ne peut pas r\u00e9pondre aux probl\u00e8mes qu&rsquo;il est cens\u00e9 r\u00e9soudre et en pose m\u00eame de nouveaux. C&rsquo;est ce que 10 associations r\u00e9unies \u00e0 l&rsquo;initiative de la \u00ab\u00a0Plate-forme pour sortir du d\u00e9sastre carc\u00e9ral\u00a0\u00bb ont voulu d\u00e9montrer lors de la conf\u00e9rence de presse tenue ce matin au Palais de Justice. La plate-forme pr\u00e9sentait par la m\u00eame occasion sa \u00ab\u00a0d\u00e9claration\u00a0\u00bb exigeant l&rsquo;arr\u00eat imm\u00e9diat du projet de m\u00e9gaprison \u00e0 Haren.<\/p>\n<p>Les 10 associations ont avanc\u00e9 des raisons nombreuses et compl\u00e9mentaires qui invalident le projet de m\u00e9gaprison.<\/p>\n<p>Pour Laurent Moulin du Comit\u00e9 de Haren\u00a0: \u00ab\u00a0Depuis que nous entendons parler du projet de m\u00e9gaprison, nous n&rsquo;avons cess\u00e9 d&rsquo;interpeller les \u00e9lus et n&rsquo;avons jamais re\u00e7u de r\u00e9ponses claires \u00e0 nos questions. Nous voulons maintenir le caract\u00e8re semi-rural de Haren, et la m\u00e9gaprison rend cela impossible. Nous accueillons d\u00e9j\u00e0 de nombreuses infrastructures (OTAN, Ring, SNCB, Infrabel, a\u00e9roport&#8230;) qui enclavent de plus en plus un territoire que le nouveau sch\u00e9ma directeur de la Ville de Bruxelles vise pr\u00e9cis\u00e9ment \u00e0 d\u00e9senclaver. Nous voulons pr\u00e9server des espaces publics verts indispensables \u00e0 l&rsquo;\u00e9mancipation des habitants. Nos \u00e9lus n&rsquo;ont jamais motiv\u00e9 la pertinence du choix de ce terrain au regard d&rsquo;un fonctionnement serein de la justice ou de sa bonne int\u00e9gration environnementale\u00a0\u00bb.<\/p>\n<p>En effet, selon Claire Scohier d&rsquo;Inter-Environnement Bruxelles, ce projet pose maintes questions en terme d&rsquo;am\u00e9nagement du territoire : \u00ab\u00a0<em>Un projet de prison, surtout s&rsquo;il s&rsquo;agit de la plus grande prison du pays, ne peut \u00eatre pens\u00e9 que de son int\u00e9rieur comme un bloc referm\u00e9 sur lui-m\u00eame, pos\u00e9 au milieu d&rsquo;un champ. Comment va-t-il cohabiter avec son environnement? Va-t-il constituer une barri\u00e8re suppl\u00e9mentaire pour les riverains oblig\u00e9s de faire plusieurs kilom\u00e8tres pour contourner sa masse? Quelle est son accessibilit\u00e9 tant pour les magistrats, les avocats, les familles des d\u00e9tenus et autres visiteurs? Pourquoi ne pas plut\u00f4t r\u00e9nover la prison de Saint-Gilles bien plus centrale? La R\u00e9gie des b\u00e2timents vise-t-elle l&rsquo;am\u00e9lioration des conditions de d\u00e9tention ou la plus-value immobili\u00e8re en revendant cher le terrain du haut de Saint-Gilles contre le terrain peu co\u00fbteux de Haren ?<\/em>\u00ab\u00a0.<\/p>\n<p>Alexis Deswaef, Pr\u00e9sident de la Ligue des Droits de l&rsquo;Homme, souligne le large d\u00e9ficit d\u00e9mocratique qui entoure le projet : \u00ab\u00a0<em>Le d\u00e9bat parlementaire relatif aux Masterplans prisons successifs souffre de graves lacunes d\u00e9mocratiques. Le manque de donn\u00e9es objectives et chiffr\u00e9es, notamment en ce qui concerne les co\u00fbts de l&rsquo;infrastructure p\u00e9nitentiaire et le recours au partenariat public-priv\u00e9, a \u00e9t\u00e9 point\u00e9 par la Cour des comptes. Pendant tout le processus d&rsquo;\u00e9laboration du projet, aucun des acteurs concern\u00e9s par le projet, magistrats, avocats, services d&rsquo;aide aux d\u00e9tenus, n&rsquo;ont \u00e9t\u00e9 consult\u00e9s pour un projet dont le gigantisme pose maintes questions dont celle de la qualit\u00e9 de la d\u00e9tention<\/em>\u00bb.<\/p>\n<p>Rappelant le probl\u00e8me d\u00e9j\u00e0 ancien de la surpopulation carc\u00e9rale et de ses effets catastrophiques sur l&rsquo;ensemble de la vie carc\u00e9rale, Nicolas Cohen, Vice-Pr\u00e9sident de l&rsquo;Observatoire International des Prisons &#8211; section belge, a expliqu\u00e9 qu&rsquo;il n&rsquo;est pas possible de poursuivre une politique qui a amplement montr\u00e9 son inefficacit\u00e9\u00a0: \u00ab\u00a0<em>La politique p\u00e9nale et p\u00e9nitentiaire expansionniste est contre-productive et probl\u00e9matique.\u00a0 Nous demandons une approche int\u00e9gr\u00e9e qui sollicite tous les acteurs concern\u00e9s et se tourne r\u00e9solument vers une politique r\u00e9ductionniste. Nous demandons le gel de tout nouveau projet de prison tant qu&rsquo;une telle politique n&rsquo;aura pas \u00e9t\u00e9 mise en place pour \u00e9viter la fuite en avant \u00e0 laquelle on assiste depuis plusieurs ann\u00e9es<\/em><em>\u00bb.<\/em><\/p>\n<p>Alors qu&rsquo;il repose sur des fondations extr\u00eamement fragiles, ce projet poserait en outre de tr\u00e8s nombreux probl\u00e8mes pratiques dont certains sont r\u00e9dhibitoires. Herv\u00e9 Louveaux de l&rsquo;Association Syndicale des Magistrats, insiste\u00a0: \u00ab\u00a0<em>Le p<\/em><em>rojet pr\u00e9voit par exemple la possibilit\u00e9 de tenir des audiences en prison. Il sera impossible de rassembler toutes les personnes dont la pr\u00e9sence est requise et de disposer des \u00e9quipements n\u00e9cessaires, adapt\u00e9s \u00e0 l&rsquo;organisation des audiences. Un juge d&rsquo;instruction, par exemple, devrait consacrer plusieurs heures pour \u00eatre pr\u00e9sent \u00e0 l&rsquo;audience, compte tenu des d\u00e9placements, parfois pour un seul dossier. C&rsquo;est impraticable, et cela implique des restrictions inacceptables port\u00e9es aux droits des inculp\u00e9s<\/em>.\u00a0\u00bb<\/p>\n<p>Outre ses multiples effets pervers, le projet entra\u00eenera la destruction irr\u00e9m\u00e9diable de 18 ha de terre potentiellement arable : \u00ab\u00a0<em>La part des ter<\/em><em>res arables en R\u00e9gion de Bruxelles-Capitale est r\u00e9duite, et il est essentiel de pr\u00e9server ces terres du b\u00e9tonnage, d&rsquo;autant plus s&rsquo;il s&rsquo;agit d&rsquo;une infrastructure dont l&rsquo;inutilit\u00e9 est d\u00e9montr\u00e9e. Ces terres, ou au moins une majeure partie de celles-ci, pourraient jouer leur r\u00f4le de services naturels (absorption de l&rsquo;eau, r\u00e9gulation thermique, &#8230;) tout en permettant l&rsquo;acc\u00e8s \u00e0 une alimentation locale et de qualit\u00e9.\u00a0 Un d\u00e9fi de taille \u00e0 relever,\u00a0 au vu de la d\u00e9pendance des villes vis-\u00e0-vis de leurs p\u00e9riph\u00e9ries imm\u00e9diates et lointaines pour se nourrir. B\u00e9tonner 19 ha de terres potentiellement arables est un gaspillage irresponsable <\/em>\u00bb rel\u00e8ve Florence Kroff de l&rsquo;organisation FIAN Belgique.<\/p>\n<p>La \u00ab\u00a0Plate-forme pour sortir du d\u00e9sastre carc\u00e9ral\u00a0\u00bb adresse sa d\u00e9claration \u00e0 l&rsquo;ensemble du monde politique Belge et sollicite des rendez-vous avec les ministres comp\u00e9tents\u00a0: Charles Michel, Koen Geens, Jan Jambon, Rudi Vervoort, C\u00e9line Fr\u00e9mault et Pascal Smet. La presse sera tenue au courant de l&rsquo;\u00e9volution des revendications et des activit\u00e9s futures de la Plate-forme.<\/p>\n<p>La \u00ab\u00a0Plate-forme pour sortir du d\u00e9sastre carc\u00e9ral\u00a0\u00bb est compos\u00e9e des fondateurs suivants\u00a0:<\/p>\n<ul>\n<li><em>Association Syndicale des Magistrats<\/em><\/li>\n<li><em>Bruxelles La\u00efque<\/em><\/li>\n<li><em>Comit\u00e9 de Haren<\/em><\/li>\n<li><em>D\u00e9but des Haricots<\/em><\/li>\n<li><em>Inter-Environnement Bruxelles<\/em><\/li>\n<li><em>Ligue des Droits de l&rsquo;Homme<\/em><\/li>\n<li><em>Observatoire International des Prisons, section belge<\/em><\/li>\n<li><em>Respire asbl<\/em><\/li>\n<\/ul>\n<p>La \u00ab\u00a0Plate-forme pour sortir du d\u00e9sastre carc\u00e9ral\u00a0\u00bb est appel\u00e9e \u00e0 grandir. La liste des signataires est disponible sur le site Harenunderarrest.be et sera r\u00e9guli\u00e8rement mise \u00e0 jour.<\/p>\n<p><strong>Contacts presse <\/strong>(membres fondateurs):<\/p>\n<p>Association syndicale des magistrats (ASM) : Herv\u00e9 Louveaux\u00a0 &#8211; 0473 900 769<br \/>\nBruxelles La\u00efque : Juliette Beghin &#8211; \u00a00493 119 272<br \/>\nComit\u00e9 de Haren : Laurent Moulin\u00a0 &#8211; 0499 03 09 01<br \/>\nInter-Environnement Bruxelles (IEB) : Claire Scohier &#8211; 0473 66 75 05<br \/>\nLigue des Droits de l&rsquo;Homme (LDH) : Alexis Deswaef &#8211; 0475 575 700<br \/>\nObservatoire International des Prisons (OIP) : Nicolas Cohen \u2013 0470 026 541<br \/>\nRespire asbl : Jean-baptiste Godinot &#8211; 0488 200 175<\/p>\n<p>&nbsp;<\/p>\n<p><strong>Plus d&rsquo;informations \u00e9galement sur :<\/strong><\/p>\n<p><strong>Plate-forme pour sortir du d\u00e9sastre carc\u00e9ral<\/strong> : <a href=\"http:\/\/www.harenunderarrest.be\/\"><strong>harenunderarrest.be<\/strong><\/a><br \/>\n[1]\u00a0\u00a0\u00a0\u00a0 Comit\u00e9 pour la pr\u00e9vention de la Torture\u00a0: <em>Rapport au gouvernement de la Belgique relatif \u00e0 la visite effectu\u00e9e en Belgique par le Comit\u00e9 europ\u00e9en pour la pr\u00e9vention de la torture et des peines ou traitements inhumains ou d\u00e9gradants\u00a0;<\/em> CPT\/inf (2010) 24, \u00a779.<\/p>\n<p><span style=\"font-family: Verdana,Arial,Helvetica,sans-serif; font-size: small;\">Lire la <i>D\u00e9claration de la Plate-forme pour sortir du d\u00e9sastre carc\u00e9ral<\/i> [\u00a0<a href=\"http:\/\/www.ieb.be\/IMG\/pdf\/plateforme-pour-sortir-du-desastre-carceral_declaration-fr_version-longue_26mar15.pdf\" target=\"_blank\">version longue<\/a>\u00a0] ou [\u00a0<a href=\"http:\/\/www.ieb.be\/IMG\/pdf\/plateforme-pour-sortir-du-desastre-carceral_declaration-fr_version-courte_26mar15.pdf\" target=\"_blank\">version courte<\/a>\u00a0]<br \/>\n[\u00a0<a href=\"http:\/\/www.telebruxelles.be\/news\/prison-dharen-dix-organisations-sopposent-au-projet\/\" target=\"_blank\">Voir le reportage sur T\u00e9l\u00e9 Bruxelles<\/a>\u00a0]<br \/>\nContactez <a href=\"mailto:claire.scohier@ieb.be?Subject=A+propos+de+la+conf%C3%A9rence+de+presse+sur+le+projet+de+prison+%C3%A0+Haren,+le+26+mars+2015&amp;cc=isabelle.hochart@ieb.be\" target=\"_blank\">Claire Scohier<\/a> et <a href=\"mailto:isabelle.hochart@ieb.be?Subject=A+propos+de+la+conf%C3%A9rence+de+presse+sur+le+projet+de+prison+%C3%A0+Haren,+le+26+mars+2015&amp;cc=claire.scohier@ieb.be\" target=\"_blank\">Isabelle Hochart<\/a>.<\/span><\/p>\n","protected":false},"excerpt":{"rendered":"<p>Communiqu\u00e9 de presse 26 mars 2015 \u00a0 HAREN UNDER ARREST Pourquoi il faut stopper le projet de m\u00e9gaprison \u00e0 Haren ! &nbsp; \u00ab Le fait d&rsquo;augmenter la capacit\u00e9 carc\u00e9rale n&rsquo;est pas susceptible, en soi, de r\u00e9soudre durablement le probl\u00e8me de la surpopulation. En effet, il a \u00e9t\u00e9 observ\u00e9 dans de nombreux pays \u2013 y compris &#8230; <a title=\"Pourquoi il faut stopper le projet de m\u00e9gaprison \u00e0 Haren !\" class=\"read-more\" href=\"https:\/\/bruxelles-pantheres.be\/?p=2491\" aria-label=\"En savoir plus sur Pourquoi il faut stopper le projet de m\u00e9gaprison \u00e0 Haren !\">Lire la suite<\/a><\/p>\n","protected":false},"author":1,"featured_media":443,"comment_status":"open","ping_status":"open","sticky":false,"template":"","format":"standard","meta":{"footnotes":""},"categories":[8],"tags":[31,14,54,15],"class_list":["post-2491","post","type-post","status-publish","format-standard","has-post-thumbnail","hentry","category-prisons","tag-belgique","tag-bruxelles","tag-police","tag-resistance"],"_links":{"self":[{"href":"https:\/\/bruxelles-pantheres.be\/index.php?rest_route=\/wp\/v2\/posts\/2491","targetHints":{"allow":["GET"]}}],"collection":[{"href":"https:\/\/bruxelles-pantheres.be\/index.php?rest_route=\/wp\/v2\/posts"}],"about":[{"href":"https:\/\/bruxelles-pantheres.be\/index.php?rest_route=\/wp\/v2\/types\/post"}],"author":[{"embeddable":true,"href":"https:\/\/bruxelles-pantheres.be\/index.php?rest_route=\/wp\/v2\/users\/1"}],"replies":[{"embeddable":true,"href":"https:\/\/bruxelles-pantheres.be\/index.php?rest_route=%2Fwp%2Fv2%2Fcomments&post=2491"}],"version-history":[{"count":2,"href":"https:\/\/bruxelles-pantheres.be\/index.php?rest_route=\/wp\/v2\/posts\/2491\/revisions"}],"predecessor-version":[{"id":2496,"href":"https:\/\/bruxelles-pantheres.be\/index.php?rest_route=\/wp\/v2\/posts\/2491\/revisions\/2496"}],"wp:featuredmedia":[{"embeddable":true,"href":"https:\/\/bruxelles-pantheres.be\/index.php?rest_route=\/wp\/v2\/media\/443"}],"wp:attachment":[{"href":"https:\/\/bruxelles-pantheres.be\/index.php?rest_route=%2Fwp%2Fv2%2Fmedia&parent=2491"}],"wp:term":[{"taxonomy":"category","embeddable":true,"href":"https:\/\/bruxelles-pantheres.be\/index.php?rest_route=%2Fwp%2Fv2%2Fcategories&post=2491"},{"taxonomy":"post_tag","embeddable":true,"href":"https:\/\/bruxelles-pantheres.be\/index.php?rest_route=%2Fwp%2Fv2%2Ftags&post=2491"}],"curies":[{"name":"wp","href":"https:\/\/api.w.org\/{rel}","templated":true}]}}