{"id":2497,"date":"2015-04-08T16:44:08","date_gmt":"2015-04-08T15:44:08","guid":{"rendered":"https:\/\/bruxelles-pantheres.be\/?p=2497"},"modified":"2015-04-08T16:44:08","modified_gmt":"2015-04-08T15:44:08","slug":"liberons-mumia","status":"publish","type":"post","link":"https:\/\/bruxelles-pantheres.be\/?p=2497","title":{"rendered":"Lib\u00e9rons Mumia !"},"content":{"rendered":"<header class=\"entry-header\">\n<div class=\"entry-thumbnail\"><img decoding=\"async\" class=\"attachment-post-thumbnail wp-post-image aligncenter\" src=\"http:\/\/mumiabujamal.com\/v2\/wp-content\/uploads\/2015\/04\/Mumia.jpg\" alt=\"Mumia\" width=\"589\" height=\"265\" \/><\/div>\n<\/header>\n<div class=\"entry-content\">\n<p>Les soutiens am\u00e9ricains \u00e0 Mumia se sont \u00e0 nouveau rendus hier \u00e0 la prison de Frackville afin d\u2019exiger que l\u2019administration p\u00e9nitentiaire autorise des m\u00e9decins sp\u00e9cialistes et ind\u00e9pendants \u00e0 consulter Mumia. A cette occasion, Johanna Fernandez, Pam Africa et Abdul Jon ont rencontr\u00e9 Mumia. Toujours tr\u00e8s faible, il semblait cependant \u00eatre mieux que lors des visites pr\u00e9c\u00e9dentes en raison sans doute de l\u2019injection d\u2019insuline dont il avait b\u00e9n\u00e9fici\u00e9 juste avant la visite. <strong>Il n\u2019a toutefois toujours pas eu la possibilit\u00e9 de consulter des sp\u00e9cialistes, ni pour son diab\u00e8te, ni pour l\u2019exc\u00e9ma<\/strong>. L\u2019am\u00e9lioration de son \u00e9tat n\u2019est que tr\u00e8s l\u00e9g\u00e8re si l\u2019on en juge par les tr\u00e8s grandes difficult\u00e9s \u00e0 sortir de son fauteuil roulant et \u00e0 se d\u00e9placer en marchant. Il a en toutefois tenu \u00e0 ce que des photos soient prises en position debout. Mumia a exprim\u00e9 \u00e0 ses visiteurs qu\u2019il vivait mal le fait d\u2019\u00eatre diminu\u00e9 physiquement et mentalement. Incapable de soutenir son corps, il est tomb\u00e9 en se rendant \u00e0 la salle de bain de l\u2019infirmerie, restant 45 minutes sur le sol avant qu\u2019un prisonnier et un m\u00e9decin lui viennent en aide.<\/p>\n<p>Johanna, Pam et Abdul t\u00e9moignent qu\u2019ils ont partag\u00e9 avec Mumia un moment \u00e9mouvant \u00e0 la lecture de deux courriers, l\u2019un en provenance d\u2019\u00e9l\u00e8ves du New Jersey et l\u2019autre de l\u2019Union des \u00e9tudiants de Phildadelphie. Mumia souriaient de la touchante attention dont il \u00e9tait l\u2019objet.<\/p>\n<p>Les deux photos n\u2019ont d\u2019autre objet que de vous faire partager la r\u00e9alit\u00e9 de l\u2019\u00e9tat physique de Mumia. <strong>Difficiles \u00e0 supporter de telles images ! Raison de plus pour exiger un comportement plus humain des autorit\u00e9s am\u00e9ricaines afin que son \u00e9tat de sant\u00e9 soit pris en charge par des m\u00e9decins sp\u00e9cialistes et ind\u00e9pendants.<\/strong><\/p>\n<p>En France, nous vous invitons \u00e0 intervenir (et \u00e0 r\u00e9-intervenir)\u00a0aupr\u00e8s de l\u2019Ambassadrice des Etats-Unis \u00e0 Paris, SE Madame Jane D. Hartley :<\/p>\n<ul>\n<li>par t\u00e9l : 01 43 12 22 22<\/li>\n<li>par fax : 01 42 66 97 83<\/li>\n<li>par mail : ParisNIV@state.gov<\/li>\n<\/ul>\n<p>En Belgique, nous vous invitons \u00e0 intervenir (et \u00e0 r\u00e9-intervenir)\u00a0aupr\u00e8s de l\u2019Ambassadrice des Etats-Unis \u00e0 Bruxelles, SE Madame\u00a0Denise Campbell Bauer :<\/p>\n<ul>\n<li>par t\u00e9l : (32-2) 811-4000<\/li>\n<li>par fax : (32-2) 811-4500<\/li>\n<li>par mail : <a href=\"mailto:ircbrussels@state.gov\">ircbrussels@state.gov<\/a><\/li>\n<li>par courrier postal : Ambassade des Etats-Unis d&rsquo;Am\u00e9rique<br \/>\n27 Boulevard du R\u00e9gent<br \/>\nB-1000 Bruxelles<\/li>\n<\/ul>\n<p><a href=\"https:\/\/www.change.org\/p\/john-e-wetzel-pa-secretary-of-corrections-tom-wolf-pa-governor-stop-the-medical-execution-of-mumia-abu-jamal-by-neglect-and-malpractice-3\" target=\"_blank\">Cliquez sur ce lien pour signer la p\u00e9tition<\/a> en ligne des soutiens am\u00e9ricains \u00e0 Mumia<br \/>\n\u00e0 l\u2019adresse des autorit\u00e9s p\u00e9nitentiaires et du gouverneur de Pennsylvanie.<\/p>\n<p><a href=\"http:\/\/mumiabujamal.com\/v2\/wp-content\/uploads\/2015\/04\/Mumia-Group-April-6-2015.jpg\"><img decoding=\"async\" class=\"alignnone size-full wp-image-1669\" src=\"http:\/\/mumiabujamal.com\/v2\/wp-content\/uploads\/2015\/04\/Mumia-Group-April-6-2015.jpg\" alt=\"Mumia Group April 6, 2015\" width=\"1153\" height=\"768\" \/><\/a><\/p>\n<p><a href=\"http:\/\/mumiabujamal.com\/v2\/wp-content\/uploads\/2015\/04\/Mumia-April-6-2015_1.jpg\"><img decoding=\"async\" class=\" size-full wp-image-1670 aligncenter\" src=\"http:\/\/mumiabujamal.com\/v2\/wp-content\/uploads\/2015\/04\/Mumia-April-6-2015_1.jpg\" alt=\"Mumia April 6, 2015_1\" width=\"695\" height=\"1159\" \/><\/a><\/p>\n<\/div>\n<footer class=\"entry-meta\">\n<div id=\"point-sepa\" style=\"text-align: center;\">&#8230;&#8230;&#8230;&#8230;&#8230;&#8230;&#8230;&#8230;&#8230;&#8230;&#8230;&#8230;&#8230;&#8230;&#8230;&#8230;&#8230;&#8230;&#8230;&#8230;&#8230;&#8230;&#8230;&#8230;&#8230;&#8230;..<\/div>\n<div style=\"text-align: left;\">\n<header class=\"entry-header\">\n<h4 class=\"entry-title\">Mumia Abu Jamal<\/h4>\n<\/header>\n<div class=\"entry-content\">\n<p>Mumia Abu-Jamal est n\u00e9 le 24 avril 1954. N\u00e9\u00a0<strong>Wesley Cook<\/strong>, Mumia choisira ce pr\u00e9nom swahili au lyc\u00e9e, sous l\u2019influence d\u2019un enseignant d\u2019origine kenyane. Il y ajoutera \u201cAbu-Jamal\u201d \u00e0 la naissance de son premier fils, Jamal. A l\u2019\u00e2ge de 14 ans, Mumia est arr\u00eat\u00e9 et battu pour avoir protest\u00e9 contre un meeting du candidat ultraraciste George Wallace, \u00e0 Philadelphie. Peu apr\u00e8s, il est fich\u00e9 par le FBI pour avoir voulu rebaptiser son lyc\u00e9e \u201cMalcolm X\u201d.<\/p>\n<p><strong>En 1969<\/strong>, le jeune homme est charg\u00e9 de l\u2019information \u00e0 la section de Philadelphie du Black Panther Party. Le FBI le consid\u00e8re comme l\u2019une des personnes \u201c\u00e0 surveiller et interner en cas d\u2019alerte nationale\u201d.<\/p>\n<p>Il est l\u2019une des cibles du Cointelpro (programme d\u2019infiltration et de contre-espionnage) dont seront victimes Leonard Peltier et d\u2019autres membres de l\u2019Am\u00e9rican Indian Movement et des Black Panthers.<\/p>\n<p>Devenu journaliste de radio appr\u00e9ci\u00e9, laur\u00e9at de plusieurs prix, Mumia est surnomm\u00e9 \u201cla voix des sans-voix\u201d pour sa critique de la corruption de la police et des dirigeants politiques locaux. Depuis 1978, il d\u00e9nonce la violente r\u00e9pression qui frappe la communaut\u00e9 MOVE et, en 1981 suit le proc\u00e8s de son fondateur, John Africa, qui sera acquitt\u00e9 des charges fabriqu\u00e9es contre lui. Le soutien de Mumia \u00e0 MOVE exasp\u00e8re les politiques et la police de Philadelphie et lui vaut le renvoi d\u2019une des stations de radio o\u00f9 il exerce. Pour faire vivre sa famille, Mumia est contraint de travailler comme taxi de nuit.<\/p>\n<p>Aux premi\u00e8res heures du 9 d\u00e9cembre 1981, Mumia Abu-Jamal est gri\u00e8vement bless\u00e9 lors d\u2019une fusillade dans le quartier sud de la ville, o\u00f9 il vient de d\u00e9poser un client. Arr\u00eat\u00e9, il est accus\u00e9 du meurtre d\u2019un policier, Daniel Faulkner, tu\u00e9 dans cette fusillade. Malgr\u00e9 ses d\u00e9n\u00e9gations, malgr\u00e9 son absence d\u2019ant\u00e9c\u00e9dents judiciaires, une enqu\u00eate in\u00e9quitable (expertises balistiques inexistantes, balles non identifiables, absence de relev\u00e9 d\u2019empreintes, zone des faits non s\u00e9curis\u00e9e, tests non effectu\u00e9s, etc.) conclut \u00e0 la culpabilit\u00e9 de Mumia. T\u00e9moins menac\u00e9s, suborn\u00e9s, \u00e9cart\u00e9s, rapports de police contradictoires, violations de ses droits, m\u00e8neront, en juillet 1982, \u00e0 la condamnation \u00e0 mort de cet opposant politique g\u00eanant sous la pression d\u2019un juge recordman de la sentence\u2026<\/p>\n<p><strong>Mumia est \u201cle coupable id\u00e9al\u201d<\/strong><\/p>\n<h2 style=\"text-align: center;\"><a href=\"http:\/\/mumiabujamal.com\/\">http:\/\/mumiabujamal.com\/<\/a><\/h2>\n<\/div>\n<\/div>\n<\/footer>\n","protected":false},"excerpt":{"rendered":"<p>Les soutiens am\u00e9ricains \u00e0 Mumia se sont \u00e0 nouveau rendus hier \u00e0 la prison de Frackville afin d\u2019exiger que l\u2019administration p\u00e9nitentiaire autorise des m\u00e9decins sp\u00e9cialistes et ind\u00e9pendants \u00e0 consulter Mumia. A cette occasion, Johanna Fernandez, Pam Africa et Abdul Jon ont rencontr\u00e9 Mumia. Toujours tr\u00e8s faible, il semblait cependant \u00eatre mieux que lors des visites &#8230; <a title=\"Lib\u00e9rons Mumia !\" class=\"read-more\" href=\"https:\/\/bruxelles-pantheres.be\/?p=2497\" aria-label=\"En savoir plus sur Lib\u00e9rons Mumia !\">Lire la suite<\/a><\/p>\n","protected":false},"author":1,"featured_media":2498,"comment_status":"open","ping_status":"open","sticky":false,"template":"","format":"standard","meta":{"footnotes":""},"categories":[21,7,8,18,28,5],"tags":[84,23,103,54,29,49],"class_list":["post-2497","post","type-post","status-publish","format-standard","has-post-thumbnail","hentry","category-anti-imperialisme","category-negrophobie","category-prisons","category-resistance-bruxelles","category-racismes","category-violence-policiere","tag-black-power","tag-discrimination","tag-mumia-abu-jamal","tag-police","tag-torture","tag-usa"],"_links":{"self":[{"href":"https:\/\/bruxelles-pantheres.be\/index.php?rest_route=\/wp\/v2\/posts\/2497","targetHints":{"allow":["GET"]}}],"collection":[{"href":"https:\/\/bruxelles-pantheres.be\/index.php?rest_route=\/wp\/v2\/posts"}],"about":[{"href":"https:\/\/bruxelles-pantheres.be\/index.php?rest_route=\/wp\/v2\/types\/post"}],"author":[{"embeddable":true,"href":"https:\/\/bruxelles-pantheres.be\/index.php?rest_route=\/wp\/v2\/users\/1"}],"replies":[{"embeddable":true,"href":"https:\/\/bruxelles-pantheres.be\/index.php?rest_route=%2Fwp%2Fv2%2Fcomments&post=2497"}],"version-history":[{"count":1,"href":"https:\/\/bruxelles-pantheres.be\/index.php?rest_route=\/wp\/v2\/posts\/2497\/revisions"}],"predecessor-version":[{"id":2499,"href":"https:\/\/bruxelles-pantheres.be\/index.php?rest_route=\/wp\/v2\/posts\/2497\/revisions\/2499"}],"wp:featuredmedia":[{"embeddable":true,"href":"https:\/\/bruxelles-pantheres.be\/index.php?rest_route=\/wp\/v2\/media\/2498"}],"wp:attachment":[{"href":"https:\/\/bruxelles-pantheres.be\/index.php?rest_route=%2Fwp%2Fv2%2Fmedia&parent=2497"}],"wp:term":[{"taxonomy":"category","embeddable":true,"href":"https:\/\/bruxelles-pantheres.be\/index.php?rest_route=%2Fwp%2Fv2%2Fcategories&post=2497"},{"taxonomy":"post_tag","embeddable":true,"href":"https:\/\/bruxelles-pantheres.be\/index.php?rest_route=%2Fwp%2Fv2%2Ftags&post=2497"}],"curies":[{"name":"wp","href":"https:\/\/api.w.org\/{rel}","templated":true}]}}