{"id":2502,"date":"2015-05-08T07:50:33","date_gmt":"2015-05-08T06:50:33","guid":{"rendered":"https:\/\/bruxelles-pantheres.be\/?p=2502"},"modified":"2015-05-08T07:50:33","modified_gmt":"2015-05-08T06:50:33","slug":"opposition-non-violente-au-keelbeek-contre-des-travaux-illegaux","status":"publish","type":"post","link":"https:\/\/bruxelles-pantheres.be\/?p=2502","title":{"rendered":"Opposition non-violente au Keelbeek contre des travaux ill\u00e9gaux"},"content":{"rendered":"<div>\n<p style=\"text-align: center;\"><a href=\"https:\/\/bruxelles-pantheres.be\/wp-content\/uploads\/2015\/05\/ma-angers.png\"><img decoding=\"async\" class=\"alignnone size-large wp-image-2503\" src=\"https:\/\/bruxelles-pantheres.be\/wp-content\/uploads\/2015\/05\/ma-angers-1024x768.png\" alt=\"ma-angers\" width=\"680\" height=\"510\" srcset=\"https:\/\/bruxelles-pantheres.be\/wp-content\/uploads\/2015\/05\/ma-angers-1024x768.png 1024w, https:\/\/bruxelles-pantheres.be\/wp-content\/uploads\/2015\/05\/ma-angers-300x225.png 300w, https:\/\/bruxelles-pantheres.be\/wp-content\/uploads\/2015\/05\/ma-angers-768x576.png 768w, https:\/\/bruxelles-pantheres.be\/wp-content\/uploads\/2015\/05\/ma-angers-1536x1152.png 1536w, https:\/\/bruxelles-pantheres.be\/wp-content\/uploads\/2015\/05\/ma-angers-1320x990.png 1320w, https:\/\/bruxelles-pantheres.be\/wp-content\/uploads\/2015\/05\/ma-angers-540x405.png 540w, https:\/\/bruxelles-pantheres.be\/wp-content\/uploads\/2015\/05\/ma-angers.png 1593w\" sizes=\"(max-width: 680px) 100vw, 680px\" \/><\/a><\/p>\n<p><b>M\u00e9gaprison de Bruxelles-Haren<\/b>\u00a0: pour la troisi\u00e8me fois, les ZADistes arr\u00eatent de mani\u00e8re totalement non-violente des travaux ill\u00e9gaux pr\u00e9vus par la R\u00e9gie des B\u00e2timents<\/p>\n<\/div>\n<p>Apr\u00e8s l&rsquo;abattage ill\u00e9gal d&rsquo;arbres et la pose de cl\u00f4ture en f\u00e9vrier (que la commune de Bruxelles a verbalis\u00e9) et la destruction sans permis d&rsquo;une dalle de b\u00e9ton \u00e0 c\u00f4t\u00e9 des usines d\u00e9saffect\u00e9e \u00ab\u00a0Wanson\u00a0\u00bb, ce matin, une entreprise sous-traitant pour la R\u00e9gie des B\u00e2timents devait r\u00e9aliser 49 sondages du terrain sur lequel il est envisag\u00e9 de construire la plus grande prison du pays.<\/p>\n<p>Ces sondages g\u00e9otechniques sont un pr\u00e9alable aux travaux. Le passage de la machine chenill\u00e9e qui devait r\u00e9aliser ces 49 sondages r\u00e9partis sur l&rsquo;ensemble des 19 hectares du site aurait irr\u00e9m\u00e9diablement d\u00e9truit une large part de la biodiversit\u00e9 exceptionnellement riche du lieu. Or, une partie de cette biodiversit\u00e9 est l\u00e9galement prot\u00e9g\u00e9e (plantes, animaux) et la R\u00e9gie des b\u00e2timent et ses sous-traitants ne peuvent donc mener des chantiers qui auraient un quelconque impact sur la biodiversit\u00e9 du lieu.<!--more--><\/p>\n<p>Rappelons \u00e9galement <b>que la proc\u00e9dure de demande des permis pour la m\u00e9gaprison est en cours et les permis n&rsquo;ont donc pas \u00e9t\u00e9 d\u00e9livr\u00e9s. Le projet de m\u00e9gaprison de Bruxelles-haren reste \u00e0 ce stade compl\u00e8tement hypoth\u00e9tique.<\/b><\/p>\n<p>L&rsquo;occupation non-violente du Keelbeek prouve \u00e0 nouveau toute sa pertinence dans ce dossier caract\u00e9ris\u00e9 par une opacit\u00e9 pr\u00e9occupante dans un \u00e9tat de droit, par un manque criant de participation et de consultation des citoyens, et par la volont\u00e9 affich\u00e9e de certains acteur, dont la R\u00e9gie des B\u00e2timents, de forcer la loi pour faire avancer les travaux d&rsquo;un projet de m\u00e9gaprison dont l&rsquo;inutilit\u00e9 et la toxicit\u00e9 sont d\u00e9nonc\u00e9s de toutes parts avec une force croissante.<\/p>\n<p><b>Face aux graves dysfonctionnements d\u00e9mocratiques qui ent\u00e2chent ce dossier de m\u00e9gaprison, l&rsquo;action non-violente de citoyens responsables engag\u00e9s pour la pr\u00e9servation des biens communs s&rsquo;av\u00e8re essentielle et d\u00e9terminante.<\/b><\/p>\n<p>En appui \u00e0 la dynamique multiple qui s&rsquo;oppose au projet toxique de m\u00e9gaprison, le Comit\u00e9 de Haren va entreprendre les d\u00e9marches juridiques n\u00e9cessaires pour faire cesser les activit\u00e9s de chantiers ill\u00e9gaux dont la R\u00e9gie des B\u00e2timents s&rsquo;est d\u00e9j\u00e0 rendue responsable par trois fois.<\/p>\n<p><b>De la part de\u00a0: <\/b>Comit\u00e9 de Haren \/ comit\u00e9 van Haren &#8211; <a href=\"mailto:info@1130haren.be\" target=\"_blank\">info@1130haren.be<\/a> \u2013 <a href=\"http:\/\/www.1130haren.be\" target=\"_blank\">www.1130haren.be<\/a><\/p>\n<p><b>Personnes de contact\u00a0:\u00a0 <\/b>Laurent Moulin &#8211; 0499 03 09 01 &#8211; <a href=\"mailto:moulinlolo@yahoo.com\" target=\"_blank\">moulinlolo@yahoo.com<\/a> \/ Raf Knops \u2013 0479 50 51 08 &#8211; <a href=\"mailto:rkbxl@hotmail.com\" target=\"_blank\">rkbxl@hotmail.com<\/a><\/p>\n<p><b>Plus d&rsquo;infos:<\/b><\/p>\n<p>\u00b7\u00a0\u00a0\u00a0\u00a0\u00a0\u00a0\u00a0\u00a0 Comit\u00e9 de Haren\u00a0: <a href=\"http:\/\/www.1130haren.be\" target=\"_blank\">www.1130haren.be<\/a><u><\/u><\/p>\n<p>\u00b7\u00a0\u00a0\u00a0\u00a0\u00a0\u00a0\u00a0\u00a0 Dossier complet de l&rsquo;enqu\u00eate publique sur la m\u00e9gaprison<\/p>\n<p>\u00b7\u00a0\u00a0\u00a0\u00a0\u00a0\u00a0\u00a0\u00a0 <a href=\"http:\/\/www.bruxelles.be\/artdet.cfm?id=4843&amp;agendaid=4454\" target=\"_blank\">www.bruxelles.be\/artdet.cfm?<wbr><\/wbr>id=4843&amp;agendaid=4454<\/a><u><\/u><\/p>\n<p>\u00b7\u00a0\u00a0\u00a0\u00a0\u00a0\u00a0\u00a0\u00a0 Plate-forme pour sortir du d\u00e9sastre carc\u00e9ral : <a href=\"http:\/\/www.harenunderarrest.be\" target=\"_blank\">www.harenunderarrest.be<\/a><u><\/u><\/p>\n<p>\u00b7\u00a0\u00a0\u00a0\u00a0\u00a0\u00a0\u00a0\u00a0 Haren TV : <a href=\"http:\/\/www.haren.blogs.sudinfo.be\" target=\"_blank\">www.haren.blogs.sudinfo.be<\/a><u><\/u><\/p>\n<p>\u00b7\u00a0\u00a0\u00a0\u00a0\u00a0\u00a0\u00a0\u00a0 Collectif Vrije Keelbeek libre!\u00a0 www.<u><a href=\"http:\/\/haren.luttespaysannes.be\" target=\"_blank\">haren.luttespaysannes.be<\/a><\/u><\/p>\n<p>\u00b7\u00a0\u00a0\u00a0\u00a0\u00a0\u00a0\u00a0\u00a0 Inter Environnement Bruxelles\u00a0: www.<u><a href=\"http:\/\/ieb.be\/-Une-mega-prison-a-Haren-\" target=\"_blank\">ieb.be\/-Une-mega-prison-a-<wbr><\/wbr>Haren-<\/a><\/u><\/p>\n<p>\u00b7\u00a0\u00a0\u00a0\u00a0\u00a0\u00a0\u00a0\u00a0 Alternative de ferme ouverte\u00a0: <a href=\"http:\/\/www.respire-asbl.be\/spip.php?article1025\" target=\"_blank\">www.respire-asbl.be\/spip.php?<wbr><\/wbr>article1025<\/a><\/p>\n","protected":false},"excerpt":{"rendered":"<p>M\u00e9gaprison de Bruxelles-Haren\u00a0: pour la troisi\u00e8me fois, les ZADistes arr\u00eatent de mani\u00e8re totalement non-violente des travaux ill\u00e9gaux pr\u00e9vus par la R\u00e9gie des B\u00e2timents Apr\u00e8s l&rsquo;abattage ill\u00e9gal d&rsquo;arbres et la pose de cl\u00f4ture en f\u00e9vrier (que la commune de Bruxelles a verbalis\u00e9) et la destruction sans permis d&rsquo;une dalle de b\u00e9ton \u00e0 c\u00f4t\u00e9 des usines d\u00e9saffect\u00e9e &#8230; <a title=\"Opposition non-violente au Keelbeek contre des travaux ill\u00e9gaux\" class=\"read-more\" href=\"https:\/\/bruxelles-pantheres.be\/?p=2502\" aria-label=\"En savoir plus sur Opposition non-violente au Keelbeek contre des travaux ill\u00e9gaux\">Lire la suite<\/a><\/p>\n","protected":false},"author":1,"featured_media":368,"comment_status":"open","ping_status":"open","sticky":false,"template":"","format":"standard","meta":{"footnotes":""},"categories":[8,18],"tags":[31,15],"class_list":["post-2502","post","type-post","status-publish","format-standard","has-post-thumbnail","hentry","category-prisons","category-resistance-bruxelles","tag-belgique","tag-resistance"],"_links":{"self":[{"href":"https:\/\/bruxelles-pantheres.be\/index.php?rest_route=\/wp\/v2\/posts\/2502","targetHints":{"allow":["GET"]}}],"collection":[{"href":"https:\/\/bruxelles-pantheres.be\/index.php?rest_route=\/wp\/v2\/posts"}],"about":[{"href":"https:\/\/bruxelles-pantheres.be\/index.php?rest_route=\/wp\/v2\/types\/post"}],"author":[{"embeddable":true,"href":"https:\/\/bruxelles-pantheres.be\/index.php?rest_route=\/wp\/v2\/users\/1"}],"replies":[{"embeddable":true,"href":"https:\/\/bruxelles-pantheres.be\/index.php?rest_route=%2Fwp%2Fv2%2Fcomments&post=2502"}],"version-history":[{"count":1,"href":"https:\/\/bruxelles-pantheres.be\/index.php?rest_route=\/wp\/v2\/posts\/2502\/revisions"}],"predecessor-version":[{"id":2504,"href":"https:\/\/bruxelles-pantheres.be\/index.php?rest_route=\/wp\/v2\/posts\/2502\/revisions\/2504"}],"wp:featuredmedia":[{"embeddable":true,"href":"https:\/\/bruxelles-pantheres.be\/index.php?rest_route=\/wp\/v2\/media\/368"}],"wp:attachment":[{"href":"https:\/\/bruxelles-pantheres.be\/index.php?rest_route=%2Fwp%2Fv2%2Fmedia&parent=2502"}],"wp:term":[{"taxonomy":"category","embeddable":true,"href":"https:\/\/bruxelles-pantheres.be\/index.php?rest_route=%2Fwp%2Fv2%2Fcategories&post=2502"},{"taxonomy":"post_tag","embeddable":true,"href":"https:\/\/bruxelles-pantheres.be\/index.php?rest_route=%2Fwp%2Fv2%2Ftags&post=2502"}],"curies":[{"name":"wp","href":"https:\/\/api.w.org\/{rel}","templated":true}]}}