{"id":2509,"date":"2015-05-17T17:21:44","date_gmt":"2015-05-17T16:21:44","guid":{"rendered":"https:\/\/bruxelles-pantheres.be\/?p=2509"},"modified":"2015-05-17T17:21:44","modified_gmt":"2015-05-17T16:21:44","slug":"rassemblement-contre-la-maxi-prison-la-commission-de-concertation","status":"publish","type":"post","link":"https:\/\/bruxelles-pantheres.be\/?p=2509","title":{"rendered":"Rassemblement contre la maxi-prison&#038; la commission de concertation,"},"content":{"rendered":"<h6 style=\"text-align: center;\"><a href=\"https:\/\/bruxelles-pantheres.be\/wp-content\/uploads\/2015\/05\/prison001-3-a0c3e-10e21.jpg\"><img decoding=\"async\" class=\"alignnone size-full wp-image-2510\" src=\"https:\/\/bruxelles-pantheres.be\/wp-content\/uploads\/2015\/05\/prison001-3-a0c3e-10e21.jpg\" alt=\"prison001-3-a0c3e-10e21\" width=\"150\" height=\"109\" \/><\/a><\/h6>\n<h6><b><span style=\"font-size: large;\">Fin de l\u2019enqu\u00eate publique et d\u00e9but des travaux ?<\/span><\/b><strong><br \/>\nMercredi 20 mai \u00e0 8h00, place de la Monnaie<\/strong>, 1000 Bruxelles<\/h6>\n<h6><b>Besoin de + de soutien sur la ZAD d\u00e8s le 20 mai !<\/b> (<a href=\"http:\/\/haren.luttespaysannes.be\/quoi-de-neuf\/article\/appel-a-renforcer-l-occupation\" target=\"_blank\">http:\/\/haren.luttespaysannes.<wbr><\/wbr>be\/quoi-de-neuf\/article\/appel-<wbr><\/wbr>a-renforcer-l-occupation<\/a>)<\/h6>\n<div class=\"main\">\n<div class=\"crayon article-texte-99 texte surlignable\">\n<h3 class=\"spip\">Une maxi-prison \u00e0 Bruxelles &#8211; Haren<br \/>\nConsultation de la population\u00a0: cause toujours ou permis de se taire\u00a0?<\/h3>\n<p><strong>On nous permet d\u2019\u00eatre d\u2019accord&#8230;<br class=\"autobr\" \/> Merci, mais ce sera NON\u00a0! On ne veut pas de maxi-prison\u00a0!<\/strong><\/p>\n<p>Le gouvernement f\u00e9d\u00e9ral pr\u00e9voit de construire la plus grande prison du pays sur le terrain du Keelbeek, \u00e0 Haren, dans le nord de Bruxelles. Le projet d\u00e9truira 18 ha de terres et 300 arbres seront abattus pour incarc\u00e9rer pr\u00e8s de 1200 personnes pour un co\u00fbt sup\u00e9rieur \u00e0 2 milliards d\u2019euros. 2 milliards d\u2019euros pour enfermer les pauvres et les exclus au lieu de combattre la pauvret\u00e9 et l\u2019exclusion.<\/p>\n<p>Toute la proc\u00e9dure de r\u00e9alisation de cette m\u00e9gaprison se d\u00e9roule depuis des ann\u00e9es sans aucun d\u00e9bat d\u00e9mocratique, ni au parlement, ni dans les m\u00e9dias, ni aupr\u00e8s des citoyens, alors que ce projet gigantesque et impos\u00e9 soul\u00e8ve des questions de soci\u00e9t\u00e9 qui nous concernent tous.<\/p>\n<p>Mercredi 20 mai, c\u2019est le jour de la commission de concertation. Elle donnera son avis sur l\u2019obtention des permis de construire n\u00e9cessaires pour commencer les travaux (annonc\u00e9s pour mai 2015). Toute personne inscrite \u00e0 cette r\u00e9union publique peut y participer et exprimer son avis. Mais en r\u00e9alit\u00e9 il n\u2019y a pas d\u2019obligation pour l\u2019autorit\u00e9 publique de prendre en compte les arguments exprim\u00e9s lors de cette commission.<\/p>\n<p>L\u2019Etat organise un simulacre de concertation citoyenne qui permet de l\u00e9gitimer un projet dont l\u2019utilit\u00e9 est de plus en plus contest\u00e9e, tant par les citoyens que par les professionnels de la justice. Tout est d\u00e9cid\u00e9 depuis 2008, via un opaque partenariat public-priv\u00e9 qui lie le monde politiques aux lobbys priv\u00e9s, soumet les budgets publics aux grands int\u00e9r\u00eats financiers et alloue ainsi des budgets publics consid\u00e9rables pour satisfaire l\u2019app\u00e9tit financier de consortiums priv\u00e9s comme CAFASSO &amp; cie.<\/p>\n<p><strong>Rejoins-nous au rassemblement<\/strong> pour contester la commission de concertation ce <strong>mercredi 20 mai \u00e0 8h00, place de la Monnaie<\/strong>, 1000 Bruxelles (M\u00e9tro De Brouck\u00e8re)<\/p>\n<p><img decoding=\"async\" class=\"puce\" src=\"http:\/\/haren.luttespaysannes.be\/local\/cache-vignettes\/L8xH11\/puce-32883.gif\" alt=\"-\" width=\"8\" height=\"11\" \/>\u00a0petit d\u00e9jeuner<br \/>\n<img decoding=\"async\" class=\"puce\" src=\"http:\/\/haren.luttespaysannes.be\/local\/cache-vignettes\/L8xH11\/puce-32883.gif\" alt=\"-\" width=\"8\" height=\"11\" \/>\u00a0stands d\u2019information<br \/>\n<img decoding=\"async\" class=\"puce\" src=\"http:\/\/haren.luttespaysannes.be\/local\/cache-vignettes\/L8xH11\/puce-32883.gif\" alt=\"-\" width=\"8\" height=\"11\" \/>\u00a0r\u00e9appropriation de l\u2019espace public et de la parole<br \/>\n<img decoding=\"async\" class=\"puce\" src=\"http:\/\/haren.luttespaysannes.be\/local\/cache-vignettes\/L8xH11\/puce-32883.gif\" alt=\"-\" width=\"8\" height=\"11\" \/>\u00a0pique-nique version auberge espagnole<br \/>\n<img decoding=\"async\" class=\"puce\" src=\"http:\/\/haren.luttespaysannes.be\/local\/cache-vignettes\/L8xH11\/puce-32883.gif\" alt=\"-\" width=\"8\" height=\"11\" \/>\u00a0musique, etc\u2026<\/p>\n<p><strong>Vive le Keelbeek libre et vivant\u00a0!<\/strong><\/p>\n<p><strong>Collectif Vrije Keelbeek libre\u00a0!<\/strong><br class=\"autobr\" \/> <a class=\"spip_out\" href=\"http:\/\/haren.luttespaysannes.be\/\">haren.luttespaysannes.be<\/a><br class=\"autobr\" \/> keelbeek[arobase]sdu.collectifs.net<\/p>\n<p><strong>Comit\u00e9 de Haren<\/strong><br class=\"autobr\" \/> <a class=\"spip_out\" href=\"http:\/\/1130haren.be\/fr\/\" rel=\"external\">1130haren.be<\/a><br class=\"autobr\" \/> info[arobase]1130haren.be<\/p>\n<blockquote><p><strong>1001 facettes de la lutte contre la maxi-prison \u00e0 Bruxelles (Haren ) <br class=\"autobr\" \/> et pour le Keelbeek libre et vivant\u00a0!<\/strong><\/p><\/blockquote>\n<p><strong>Comment agir\u00a0? <\/strong> <br class=\"autobr\" \/><\/p>\n<p><strong>Opposons-nous au permis de la m\u00e9gaprison\u00a0!<\/strong><br class=\"autobr\" \/> La proc\u00e9dure d\u2019obtention des permis est en cours\u00a0:<br class=\"autobr\" \/> participer \u00e0 la commission de concertation <br class=\"autobr\" \/> et se mobiliser au m\u00eame moment pour contester cette proc\u00e9dure non d\u00e9mocratique<br class=\"autobr\" \/> <a class=\"spip_out\" href=\"http:\/\/haren.luttespaysannes.be\/bientot\/article\/20-mai-mobilisation-contre-la-maxi\" rel=\"external\">Rendez-vous mercredi 20 mai \u00e0 8h<\/a>, place de la Monnaie, 1000 Bruxelles<br class=\"autobr\" \/><\/p>\n<p><strong>Appel \u00e0 renforcer l\u2019occupation\u00a0!<\/strong><br class=\"autobr\" \/> Prot\u00e9geons la ZAD (zone \u00e0 d\u00e9fendre) contre le d\u00e9but des travaux\u00a0!<br class=\"autobr\" \/> A partir du 20 mai, les permis d\u2019urbanisme et d\u2019environnement peuvent \u00eatre d\u00e9livr\u00e9s et les travaux de construction pourront officiellement commencer\u00a0:<br class=\"autobr\" \/> On a besoin de plus de monde sur place pour maintenir une vigilance constante, participer aux permanences tous les matins et repousser les engins de chantier<br class=\"autobr\" \/> <a class=\"spip_out\" href=\"http:\/\/haren.luttespaysannes.be\/pratiquement\/article\/se-rendre-sur-le-terrain-du\" rel=\"external\">Se rendre sur le terrain du Keelbeek<\/a><br class=\"autobr\" \/> <a class=\"spip_out\" href=\"http:\/\/haren.luttespaysannes.be\/\" rel=\"external\">haren.luttespaysannes.be<\/a><br class=\"autobr\" \/> keelbeek[arobase]sdu.collectifs.net<br class=\"autobr\" \/><\/p>\n<p><strong>Faisons vivre ces 18 ha de nature\u00a0!<\/strong><br class=\"autobr\" \/> Fournir du mat\u00e9riel et des bras pour les plantations, <br class=\"autobr\" \/> les constructions, la vie quotidienne et les multiples activit\u00e9s<br class=\"autobr\" \/> <a class=\"spip_out\" href=\"http:\/\/haren.luttespaysannes.be\/\" rel=\"external\">haren.luttespaysannes.be<\/a><br class=\"autobr\" \/> keelbeek[arobase]sdu.collectifs.net<br class=\"autobr\" \/><\/p>\n<p><strong>Sauvegardons le chemin du Keelbeek\u00a0!<\/strong><br class=\"autobr\" \/> envoyer une carte postale aux conseillers communaux<br class=\"autobr\" \/> <a class=\"spip_out\" href=\"http:\/\/1130haren.be\" rel=\"external\">1130haren.be<\/a><br class=\"autobr\" \/> info[arobase]1130haren.be<br class=\"autobr\" \/><\/p>\n<p><strong>Cr\u00e9ons la ferme ouverte\u00a0!<\/strong><br class=\"autobr\" \/> <a class=\"spip_out\" href=\"http:\/\/respire-asbl.be\/spip.php?article1025\" rel=\"external\">respire-asbl.be<\/a><br class=\"autobr\" \/> fermeouverte[arobase]sdu.collectifs.be<br class=\"autobr\" \/><\/p>\n<p><strong>Soutenons la Plate-forme pour sortir du d\u00e9sastre carc\u00e9ral\u00a0!<\/strong><br class=\"autobr\" \/> <a class=\"spip_out\" href=\"http:\/\/www.harenunderarrest.be\" rel=\"external\">harenunderarrest.be<\/a><br class=\"autobr\" \/> info[arobase]harenunderarrest.be<br class=\"autobr\" \/><\/p>\n<p><strong>Portons des recours en justice\u00a0!<\/strong><br class=\"autobr\" \/> aux c\u00f4t\u00e9s du comit\u00e9 de Haren et de l\u2019asbl Respire<br class=\"autobr\" \/> <a class=\"spip_out\" href=\"http:\/\/1130haren.be\" rel=\"external\">1130haren.be<\/a> &#8211; <a class=\"spip_out\" href=\"http:\/\/respire-asbl.be\/\" rel=\"external\">respire-asbl.be<\/a><br class=\"autobr\" \/><\/p>\n<p><strong>Finan\u00e7ons les facettes de la lutte<\/strong><br class=\"autobr\" \/> Compte Argenta du collectif Vrije Keelbeek Libre\u00a0!<br class=\"autobr\" \/> BE21 9731 2423 4503<br class=\"autobr\" \/><\/p>\n<p><strong>Signons la p\u00e9tition <\/strong> <br class=\"autobr\" \/> pour une autre approche de la question carc\u00e9rale en Belgique<br class=\"autobr\" \/> <a class=\"spip_out\" href=\"http:\/\/www.petitions24.net\/question_carcerale_belgique\" rel=\"external\">www.petitions24.net<\/a><br class=\"autobr\" \/><\/p>\n<p><strong>Non au b\u00e9tonnage des terres\u00a0!<br class=\"autobr\" \/> Non \u00e0 la construction de nouvelles prisons\u00a0! <br class=\"autobr\" \/> Vive le Keelbeek libre et vivant\u00a0! <\/strong><\/p>\n<\/div>\n<\/div>\n","protected":false},"excerpt":{"rendered":"<p>Fin de l\u2019enqu\u00eate publique et d\u00e9but des travaux ? Mercredi 20 mai \u00e0 8h00, place de la Monnaie, 1000 Bruxelles Besoin de + de soutien sur la ZAD d\u00e8s le 20 mai ! (http:\/\/haren.luttespaysannes.be\/quoi-de-neuf\/article\/appel-a-renforcer-l-occupation) Une maxi-prison \u00e0 Bruxelles &#8211; Haren Consultation de la population\u00a0: cause toujours ou permis de se taire\u00a0? On nous permet d\u2019\u00eatre &#8230; <a title=\"Rassemblement contre la maxi-prison&#038; la commission de concertation,\" class=\"read-more\" href=\"https:\/\/bruxelles-pantheres.be\/?p=2509\" aria-label=\"En savoir plus sur Rassemblement contre la maxi-prison&#038; la commission de concertation,\">Lire la suite<\/a><\/p>\n","protected":false},"author":1,"featured_media":2510,"comment_status":"open","ping_status":"open","sticky":false,"template":"","format":"standard","meta":{"footnotes":""},"categories":[8,18],"tags":[31,14,15],"class_list":["post-2509","post","type-post","status-publish","format-standard","has-post-thumbnail","hentry","category-prisons","category-resistance-bruxelles","tag-belgique","tag-bruxelles","tag-resistance"],"_links":{"self":[{"href":"https:\/\/bruxelles-pantheres.be\/index.php?rest_route=\/wp\/v2\/posts\/2509","targetHints":{"allow":["GET"]}}],"collection":[{"href":"https:\/\/bruxelles-pantheres.be\/index.php?rest_route=\/wp\/v2\/posts"}],"about":[{"href":"https:\/\/bruxelles-pantheres.be\/index.php?rest_route=\/wp\/v2\/types\/post"}],"author":[{"embeddable":true,"href":"https:\/\/bruxelles-pantheres.be\/index.php?rest_route=\/wp\/v2\/users\/1"}],"replies":[{"embeddable":true,"href":"https:\/\/bruxelles-pantheres.be\/index.php?rest_route=%2Fwp%2Fv2%2Fcomments&post=2509"}],"version-history":[{"count":1,"href":"https:\/\/bruxelles-pantheres.be\/index.php?rest_route=\/wp\/v2\/posts\/2509\/revisions"}],"predecessor-version":[{"id":2511,"href":"https:\/\/bruxelles-pantheres.be\/index.php?rest_route=\/wp\/v2\/posts\/2509\/revisions\/2511"}],"wp:featuredmedia":[{"embeddable":true,"href":"https:\/\/bruxelles-pantheres.be\/index.php?rest_route=\/wp\/v2\/media\/2510"}],"wp:attachment":[{"href":"https:\/\/bruxelles-pantheres.be\/index.php?rest_route=%2Fwp%2Fv2%2Fmedia&parent=2509"}],"wp:term":[{"taxonomy":"category","embeddable":true,"href":"https:\/\/bruxelles-pantheres.be\/index.php?rest_route=%2Fwp%2Fv2%2Fcategories&post=2509"},{"taxonomy":"post_tag","embeddable":true,"href":"https:\/\/bruxelles-pantheres.be\/index.php?rest_route=%2Fwp%2Fv2%2Ftags&post=2509"}],"curies":[{"name":"wp","href":"https:\/\/api.w.org\/{rel}","templated":true}]}}