{"id":2527,"date":"2015-07-01T23:21:16","date_gmt":"2015-07-01T22:21:16","guid":{"rendered":"https:\/\/bruxelles-pantheres.be\/?p=2527"},"modified":"2015-07-01T23:21:16","modified_gmt":"2015-07-01T22:21:16","slug":"societe-de-surveillance-ou-societe-panoptique","status":"publish","type":"post","link":"https:\/\/bruxelles-pantheres.be\/?p=2527","title":{"rendered":"Soci\u00e9t\u00e9 de surveillance ou soci\u00e9t\u00e9 panoptique ?"},"content":{"rendered":"<pre><strong>Soci\u00e9t\u00e9 de surveillance ou soci\u00e9t\u00e9 panoptique ?<\/strong><\/pre>\n<p>Jean-Claude PAYE, sociologue, auteur de <i>\u00abL&rsquo;Emprise de l&rsquo;image\u00bb<\/i>, Yves Michel, 2012.<\/p>\n<p>La Libre Belgique lundi 29 juin 2015<\/p>\n<p style=\"text-align: center;\"><b>\u00a0<a href=\"https:\/\/bruxelles-pantheres.be\/wp-content\/uploads\/2013\/11\/anti-frontex-days-3.jpg\"><img decoding=\"async\" class=\"alignnone size-full wp-image-297\" src=\"https:\/\/bruxelles-pantheres.be\/wp-content\/uploads\/2013\/11\/anti-frontex-days-3.jpg\" alt=\"anti-frontex-days-3\" width=\"807\" height=\"774\" srcset=\"https:\/\/bruxelles-pantheres.be\/wp-content\/uploads\/2013\/11\/anti-frontex-days-3.jpg 807w, https:\/\/bruxelles-pantheres.be\/wp-content\/uploads\/2013\/11\/anti-frontex-days-3-300x288.jpg 300w, https:\/\/bruxelles-pantheres.be\/wp-content\/uploads\/2013\/11\/anti-frontex-days-3-768x737.jpg 768w\" sizes=\"(max-width: 807px) 100vw, 807px\" \/><\/a><\/b><\/p>\n<p>La loi fran\u00e7aise sur le renseignement vient d\u2019\u00eatre d\u00e9finitivement adopt\u00e9e. Elle inscrit, dans le droit, des pratiques existantes, mais ill\u00e9gales et qui ont montr\u00e9 leur totale inefficacit\u00e9 dans les derni\u00e8res affaires terroristes.<\/p>\n<p>Les services de renseignement pourront installer chez les fournisseurs d\u2019acc\u00e8s Internet une \u00ab\u00a0bo\u00eete noire \u00a0\u00bb surveillant le trafic. Seront capt\u00e9es, les m\u00e9tadonn\u00e9es : origine ou destinataire du message, adresse IP d\u2019un site visit\u00e9, dur\u00e9e de la conversation ou de la connexion. La possibilit\u00e9 de lever, en cas de besoin, l\u2019anonymat des donn\u00e9es montre que celles-ci sont bien identifiantes.<\/p>\n<p>Le texte \u00e9tend au renseignement des techniques jusqu\u2019ici r\u00e9serv\u00e9es aux enqu\u00eates judiciaires : micros, cam\u00e9ras, balises de g\u00e9olocalisation, logiciels espions. La loi autorise \u00e9galement l\u2019installation de fausses antennes relais permettant de capturer, dans un p\u00e9rim\u00e8tre d\u00e9termin\u00e9, les donn\u00e9es de connexion, ainsi que le contenu des communications de toutes les personnes communiquant par t\u00e9l\u00e9phone, ordinateur\u2026<\/p>\n<p><b>En Belgique ?<\/b><\/p>\n<p>En Belgique, le placement de \u00ab<i>bo\u00eetes noires\u00bb <\/i>ne fait pas partie des dispositifs mis en place par la loi de 2010 qui autorise cependant la S\u00fbret\u00e9 de l\u2019Etat et le SGSR militaire \u00e0 proc\u00e9der \u00e0 l\u2019identification du trafic postal ou \u00e9lectronique, \u00e0 l\u2019observation dans des lieux priv\u00e9s, \u00e0 l\u2019ouverture du courrier ou \u00e0 l\u2019introduction clandestine dans un ordinateur. En France, comme en Belgique, ces proc\u00e9dures secr\u00e8tes suppriment toute garantie judiciaire. Dans l\u2019Hexagone, aux USA et en GB, l\u2019installation de <i>\u00abbo\u00eetes noires\u00bb <\/i>ou d\u2019un dispositif de capture globale des donn\u00e9es met, en plus, aux mains de l\u2019ex\u00e9cutif, un appareil permanent, clandestin et quasiment illimit\u00e9 de surveillance des citoyens qui pourrait, gr\u00e2ce \u00e0 des circonstances \u00abfavorables\u00bb s\u2019\u00e9tendre rapidement au niveau de l\u2019ensemble de l\u2019UE.<\/p>\n<p>Il s\u2019agit de permettre la collecte syst\u00e9matique, g\u00e9n\u00e9ralis\u00e9e et indiff\u00e9renci\u00e9e d\u2019un volume important de donn\u00e9es qui peuvent \u00eatre relatives \u00e0 des personnes totalement \u00e9trang\u00e8res \u00e0 la mission. Le travail des services de renseignement change donc de nature, il ne porte plus seulement sur les agents d\u2019une puissance \u00e9trang\u00e8re, mais principalement sur les citoyens fran\u00e7ais.<\/p>\n<p>Ainsi, les missions ne sont plus exclusivement centr\u00e9es sur <i>\u00abla<\/i> <i>d\u00e9fense du territoire\u00bb<\/i>, <i>\u00abla<\/i> <i>pr\u00e9vention de toute forme d\u2019ing\u00e9rence \u00e9trang\u00e8re\u00bb <\/i>ou <i>\u00abla<\/i> <i>d\u00e9fense des int\u00e9r\u00eats \u00e9conomiques de la France\u00bb<\/i>. D\u2019ailleurs, il y a bien longtemps que l\u2019ind\u00e9pendance nationale ne fait plus partie des pr\u00e9occupations des services fran\u00e7ais ou europ\u00e9ens. Plusieurs documents secrets US montrent que la France participe bien au \u00abchalutage\u00bb de la NSA. Un article <i>top secret <\/i>datant de 1989 r\u00e9cemment d\u00e9classifi\u00e9, provenant de la revue interne de la <i>NSA \u00abCryptologic Quarterly\u00bb<\/i>, met en avant la coop\u00e9ration renforc\u00e9e des USA avec des pays appel\u00e9s <i>\u00abThird Party Nations\u00bb,<\/i> dont la France fait partie d\u00e8s les ann\u00e9es 80.<\/p>\n<p>La r\u00e9organisation des services de renseignement autour de \u00abla surveillance\u00bb de leurs propres citoyens s\u2019int\u00e8gre dans une structure imp\u00e9riale ayant aussi pour ennemis ses propres populations. La possibilit\u00e9 pour le citoyen \u00e9tasunien d\u2019\u00eatre nomm\u00e9 comme ennemi par son gouvernement existe d\u00e9j\u00e0 dans le droit US (1) et nous concerne \u00e9galement gr\u00e2ce aux accords d\u2019extradition sign\u00e9s entre l\u2019UE et les USA. La militarisation croissante de l\u2019armement des forces de police US est aussi un sympt\u00f4me r\u00e9v\u00e9lant de la mutation du rapport entre gouvernants et gouvern\u00e9s.<\/p>\n<p><b>Des algorithmes pour rep\u00e9rer<\/b><\/p>\n<p>La nouvelle loi fran\u00e7aise s\u2019inscrit dans cette tendance. Les missions des services ne se limitent pas \u00e0 la notion vague de <i>\u00ablutte contre le terrorisme\u00bb<\/i>, mais portent sur les crimes et d\u00e9lits commis <i>\u00aben bande organis\u00e9e\u00bb<\/i>, sans que cette notion soit d\u00e9finie. Elle permet aussi de s\u2019attaquer aux <i>\u00abviolences collectives de nature \u00e0 porter atteinte \u00e0 la s\u00e9curit\u00e9 nationale\u00bb<\/i>, c\u2019est-\u00e0-dire aux mouvements sociaux. L\u2019insertion dans la loi de<i> \u00abla pr\u00e9vention des atteintes \u00e0 la forme r\u00e9publicaine des institutions\u00bb <\/i>laisse r\u00eaveur. Le danger d\u2019un complot royaliste \u00e9tant inexistant, qui pourrait \u00eatre concern\u00e9 ?, sinon les tenants d\u2019une mutation radicale de la soci\u00e9t\u00e9 ou peut-\u00eatre simplement les femmes porteuses d\u2019<i>\u00abun<\/i> \u00a0<i>foulard islamique\u00bb <\/i>?<\/p>\n<p><b>Plus de vie priv\u00e9e<\/b><\/p>\n<p>Les bo\u00eetes noires destin\u00e9es \u00e0 enregistrer nos comportements reposent sur la croyance que <i>\u00ables groupes ou les individus engag\u00e9s dans des op\u00e9rations terroristes ont des comportements num\u00e9riques caract\u00e9ristiques\u00bb<\/i>. Les algorithmes utilis\u00e9s pour rep\u00e9rer ces attitudes proc\u00e8dent par analogie avec le <i>data-mining<\/i> commercial. Or, celui-ci se fonde sur des mod\u00e8les con\u00e7us \u00e0 partir d\u2019un grand nombre d\u2019exp\u00e9riences r\u00e9p\u00e9titives. Les attentats terroristes, au contraire, ne pr\u00e9sentent pas la fr\u00e9quence n\u00e9cessaire et ne respectent aucun protocole pr\u00e9d\u00e9fini. M\u00eame la <i>NSA<\/i>, l\u2019agence de renseignement US, apr\u00e8s avoir pr\u00e9tendu avoir \u00e9vit\u00e9 55 attentats en 2013, a d\u00fb \u2013devant la commission du S\u00e9nat\u2013 r\u00e9duire ses pr\u00e9tentions \u00e0 un seul acte terroriste d\u00e9jou\u00e9.<\/p>\n<p>Si, contrairement \u00e0 ce qui est affirm\u00e9, il ne s\u2019agit pas de d\u00e9busquer des <i>\u00abintentions terroristes\u00bb<\/i> quelle est la fonction de la loi ? Pour le ministre fran\u00e7ais de l\u2019Int\u00e9rieur, <i>\u00able droit \u00e0 une vie priv\u00e9e n\u2019est pas une libert\u00e9 fondamentale\u00bb<\/i>. Le n\u00e9cessaire consentement des populations \u00e0 l\u2019abolition de leurs libert\u00e9s explique pourquoi celle-ci prend la forme du droit. Le ministre se pose ainsi en d\u00e9fenseur d\u2019une soci\u00e9t\u00e9 scopique ou panoptique dans laquelle chacun se sent contr\u00f4l\u00e9 et se regarde \u00eatre regard\u00e9.<\/p>\n<p>Ce projet n\u2019est pas nouveau, il existe depuis le d\u00e9but du capitalisme. Il avait d\u00e9j\u00e0 \u00e9t\u00e9 th\u00e9oris\u00e9, \u00e0 la fin du XVIIIe si\u00e8cle en Angleterre par Jeremy Bentham. Voulant cr\u00e9er une prison mod\u00e8le, il avait d\u00e9velopp\u00e9 un mod\u00e8le d\u2019architecture carc\u00e9rale appel\u00e9e <i>\u00abPanopticon\u00bb <\/i>permettant \u00e0 un gardien, log\u00e9 dans une tour centrale, d\u2019observer tous les prisonniers, enferm\u00e9s dans des cellules individuelles autour de la tour, sans que ceux-ci puissent savoir s\u2019ils \u00e9taient observ\u00e9s. Chaque cellule est visible d\u2019un point central. L\u2019inspecteur, invisible lui-m\u00eame, r\u00e8gne comme un esprit. Gr\u00e2ce \u00e0 l\u2019installation des <i>\u00abbo\u00eetes noires\u00bb,<\/i> le principe de <i>\u00abvoir sans \u00eatre vu\u00bb <\/i>est maintenant g\u00e9n\u00e9ralis\u00e9 \u00e0 l\u2019ensemble du Net. <i>\u00abIl suffit que quelque chose <\/i>[ici la loi] <i>me signifie qu\u2019autrui peut \u00eatre l\u00e0\u00bb, <\/i>disait Lacan. Le d\u00e9tenu, comme l\u2019internaute, doit \u00eatre enti\u00e8rement soumis au regard qui est port\u00e9 sur lui et l\u2019int\u00e9rioriser. Bentham montre que la pr\u00e9sence des yeux de l\u2019autre n\u2019est pas n\u00e9cessaire \u00e0 l\u2019omnipr\u00e9sence du regard int\u00e9rieur. En l\u2019absence de perception, l\u2019individu est r\u00e9duit \u00e0 se regarder \u00eatre regard\u00e9. Le sujet est aboli. En l\u2019absence d\u2019objet de perception, il se confond avec l\u2019objet-regard, avec le d\u00e9sir de l\u2019Autre, avec sa demande. Il devient l\u2019objet de sa jouissance, ici objet de la toute-puissance de l\u2019Etat.<\/p>\n<p>&nbsp;<\/p>\n<p>&nbsp;<\/p>\n<p>(1)<i> \u00ab\u00a0Ennemi de l\u2019Empire\u00a0\u00bb, \u00ab\u00a0La Libre Belgique\u00a0\u00bb, le 30 mars 2007.<\/i><\/p>\n","protected":false},"excerpt":{"rendered":"<p>Soci\u00e9t\u00e9 de surveillance ou soci\u00e9t\u00e9 panoptique ? Jean-Claude PAYE, sociologue, auteur de \u00abL&rsquo;Emprise de l&rsquo;image\u00bb, Yves Michel, 2012. La Libre Belgique lundi 29 juin 2015 \u00a0 La loi fran\u00e7aise sur le renseignement vient d\u2019\u00eatre d\u00e9finitivement adopt\u00e9e. Elle inscrit, dans le droit, des pratiques existantes, mais ill\u00e9gales et qui ont montr\u00e9 leur totale inefficacit\u00e9 dans les &#8230; <a title=\"Soci\u00e9t\u00e9 de surveillance ou soci\u00e9t\u00e9 panoptique ?\" class=\"read-more\" href=\"https:\/\/bruxelles-pantheres.be\/?p=2527\" aria-label=\"En savoir plus sur Soci\u00e9t\u00e9 de surveillance ou soci\u00e9t\u00e9 panoptique ?\">Lire la suite<\/a><\/p>\n","protected":false},"author":1,"featured_media":2403,"comment_status":"open","ping_status":"open","sticky":false,"template":"","format":"standard","meta":{"footnotes":""},"categories":[21],"tags":[31,54,49],"class_list":["post-2527","post","type-post","status-publish","format-standard","has-post-thumbnail","hentry","category-anti-imperialisme","tag-belgique","tag-police","tag-usa"],"_links":{"self":[{"href":"https:\/\/bruxelles-pantheres.be\/index.php?rest_route=\/wp\/v2\/posts\/2527","targetHints":{"allow":["GET"]}}],"collection":[{"href":"https:\/\/bruxelles-pantheres.be\/index.php?rest_route=\/wp\/v2\/posts"}],"about":[{"href":"https:\/\/bruxelles-pantheres.be\/index.php?rest_route=\/wp\/v2\/types\/post"}],"author":[{"embeddable":true,"href":"https:\/\/bruxelles-pantheres.be\/index.php?rest_route=\/wp\/v2\/users\/1"}],"replies":[{"embeddable":true,"href":"https:\/\/bruxelles-pantheres.be\/index.php?rest_route=%2Fwp%2Fv2%2Fcomments&post=2527"}],"version-history":[{"count":1,"href":"https:\/\/bruxelles-pantheres.be\/index.php?rest_route=\/wp\/v2\/posts\/2527\/revisions"}],"predecessor-version":[{"id":2528,"href":"https:\/\/bruxelles-pantheres.be\/index.php?rest_route=\/wp\/v2\/posts\/2527\/revisions\/2528"}],"wp:featuredmedia":[{"embeddable":true,"href":"https:\/\/bruxelles-pantheres.be\/index.php?rest_route=\/wp\/v2\/media\/2403"}],"wp:attachment":[{"href":"https:\/\/bruxelles-pantheres.be\/index.php?rest_route=%2Fwp%2Fv2%2Fmedia&parent=2527"}],"wp:term":[{"taxonomy":"category","embeddable":true,"href":"https:\/\/bruxelles-pantheres.be\/index.php?rest_route=%2Fwp%2Fv2%2Fcategories&post=2527"},{"taxonomy":"post_tag","embeddable":true,"href":"https:\/\/bruxelles-pantheres.be\/index.php?rest_route=%2Fwp%2Fv2%2Ftags&post=2527"}],"curies":[{"name":"wp","href":"https:\/\/api.w.org\/{rel}","templated":true}]}}