{"id":2530,"date":"2015-07-05T15:22:01","date_gmt":"2015-07-05T14:22:01","guid":{"rendered":"https:\/\/bruxelles-pantheres.be\/?p=2530"},"modified":"2015-07-05T15:22:01","modified_gmt":"2015-07-05T14:22:01","slug":"la-grece-donne-une-lecon-magistrale-de-democratie-au-monde","status":"publish","type":"post","link":"https:\/\/bruxelles-pantheres.be\/?p=2530","title":{"rendered":"La Gr\u00e8ce donne  une le\u00e7on magistrale de d\u00e9mocratie au monde"},"content":{"rendered":"<div class=\"postThumbnail\"><img decoding=\"async\" class=\"attachment-single-post-thumbnail wp-post-image aligncenter\" title=\"SELON UN D\u00c3\u0089PUT\u00c3\u0089 DE SYRIZA, ATH\u00c3\u0088NES NE REMBOURSERA PAS LE FMI SANS PERSPECTIVE D'ACCORD\" src=\"http:\/\/www.globalresearch.ca\/wp-content\/uploads\/2015\/07\/Syriza-D%C3%A9mocratie-400x292.jpg\" alt=\"SELON UN D\u00c3\u0089PUT\u00c3\u0089 DE SYRIZA, ATH\u00c3\u0088NES NE REMBOURSERA PAS LE FMI SANS PERSPECTIVE D'ACCORD\" width=\"400\" height=\"292\" \/><\/div>\n<p>Pour tout citoyen quelque peu responsable et correctement inform\u00e9 \u2013 ce qui suppose d\u2019autres sources que les m\u00e9dias dominants et leur programmation abrutissante \u2013 les temps pr\u00e9sents et \u00e0 venir paraissent sombres. Que ce soit en mati\u00e8re \u00e9conomique, sociale, environnementale, culturelle, s\u00e9curitaire, \u00e9ducationnelle, etc\u2026 Et dans le flot continu d\u2019informations qui se croisent et souvent s\u2019entrechoquent, rien de plus compliqu\u00e9 que de tenter de d\u00e9m\u00ealer le vrai du faux, pour essayer de savoir o\u00f9 va le monde et de quoi seront faits nos lendemains, et ceux de nos enfants\u2026<\/p>\n<p>En ces temps de terreurs g\u00e9n\u00e9ralis\u00e9es \u2013 qui ne doivent rien au hasard mais sont soigneusement entretenues par certains qui en tirent profits, m\u00eame au plus haut niveau [ il suffit de se rappeler la mascarade qui a entour\u00e9 les \u00e9v\u00e8nements de Charlie-Hebdo en d\u00e9but d\u2019ann\u00e9e et la mani\u00e8re dont le pouvoir a r\u00e9cup\u00e9r\u00e9 les choses pour faire passer vite fait, des lois de plus en plus liberticides ] \u2013 \u00e0 propos de tout et souvent de rien, le citoyen est mis et maintenu en permanence en \u00e9tat de stress qui le t\u00e9tanise et l\u2019emp\u00eache ainsi d\u2019avoir une r\u00e9flexion claire qui ne peut s\u2019\u00e9laborer qu\u2019avec un certain recul par rapport aux contingences qui l\u2019assaillent de toutes parts.<\/p>\n<p>En s\u2019y arr\u00eatant, l\u2019on se rend compte que la situation dans laquelle nous nous trouvons ne proc\u00e8de pas d\u2019une quelconque fatalit\u00e9, mais au contraire, est le r\u00e9sultat de d\u00e9cisions prises la plupart du temps par les pouvoirs politiques. Ces pouvoirs qui sont de plus en plus souvent de connivence avec le monde de la puissance industrielle, des grands m\u00e9dias qu\u2019ils contr\u00f4lent largement, de la haute finance, de l\u2019oligarchie plan\u00e9taire. Il en r\u00e9sulte un appauvrissement g\u00e9n\u00e9ralis\u00e9 de la chose politique \u2013 ce qui induit de mauvaises d\u00e9cisions pour les peuples dans la majorit\u00e9 des dossiers [ prenez n\u2019importe quel sujet, vous verrez ] \u2013 au b\u00e9n\u00e9fice de l\u2019enrichissement personnel de ceux qui se pressent pour acc\u00e9der \u00e0 ces sph\u00e8res de privil\u00e9gi\u00e9s o\u00f9 tout se monnaie\u2026 Quand l\u2019actuel ministre de l\u2019Economie E. Macron souhaitait qu\u2019il y ait en France de nombreux jeunes d\u00e9sireux de devenir milliardaires, il aurait pu compl\u00e9ter sa phrase et leur conseiller une carri\u00e8re politique\u2026 sauf qu\u2019elle se fait la plupart du temps au d\u00e9triment du savoir, de la connaissance, de la culture, de la comp\u00e9tence, et c\u2019est cet appauvrissement g\u00e9n\u00e9ralis\u00e9 du monde politique qui n\u2019a plus d\u2019autre objectif que de se maintenir au pouvoir qui entra\u00eene les soci\u00e9t\u00e9s dans l\u2019impasse que l\u2019on voit aujourd\u2019hui\u2026<\/p>\n<p>Pire, cela semble une constante, quel que soit le pays, le continent, le r\u00e9gime en place, la culture, \u00e0 quelques rares exceptions pr\u00e8s, mais dont presque personne ne parle\u2026 D\u00e8s lors, o\u00f9 que le regard se pose, la responsabilit\u00e9 du personnel politique dans la d\u00e9rive du monde est \u00e9crasante\u00a0!<\/p>\n<p>En Europe aujourd\u2019hui, les citoyens assistent m\u00e9dus\u00e9s au d\u00e9pe\u00e7age en r\u00e8gle d\u2019un pays pris dans les \u00a0crocs de ses pr\u00e9dateurs. L\u2019hydre baptis\u00e9e \u00ab\u00a0Tro\u00efka\u00a0\u00bb (FMI-BCE-UE) n\u2019a de cesse de maintenir le peuple grec la t\u00eate sous l\u2019eau, tout en se d\u00e9clarant pr\u00eate \u00e0 <em>\u00ab\u00a0reprendre le dialogue et aider <\/em>(!)<em> le pays\u00a0\u00bb. <\/em>L\u2019hypocrisie et le cynisme des classes dirigeantes est \u00e0 son comble. Des communiqu\u00e9s mensongers\u00a0 adress\u00e9s au grand public vont dans le sens diam\u00e9tralement oppos\u00e9 \u00e0 la r\u00e9alit\u00e9 des faits. Ainsi des titres de cette presse de caniveau ces derniers jours, utilisant un vocabulaire tendancieux et \u00e0 charge, accusant A. Tsipras de <em>\u00ab\u00a0d\u00e9gainer l\u2019arme du referendum\u00a0\u00bb\u2026<\/em> Qui a donc <em>\u00ab\u00a0d\u00e9gain\u00e9\u00a0\u00bb<\/em> le premier <em>\u00ab\u00a0l\u2019arme\u00a0\u00bb <\/em>\u00a0du chantage et de l\u2019ultimatum dont A. Tsipras a\u00a0 soulign\u00e9 \u00e0 juste titre l\u2019ill\u00e9galit\u00e9 aux yeux des R\u00e8gles et Trait\u00e9s europ\u00e9ens\u00a0? Ou les d\u00e9clarations de divers responsables, telle celle de J-Cl. Juncker pr\u00e9sident de la Commission, d\u00e9clarant que le \u00ab\u00a0NON\u00a0\u00bb au referendum <em>\u00ab\u00a0signifierait que les Grecs disent NON \u00e0 l\u2019Europe\u00a0\u00bb,<\/em> alors que le gouvernement men\u00e9 par Syriza veut tout simplement <strong>une autre<\/strong> Europe que celle qui met les peuples \u00e0 genoux pour le b\u00e9n\u00e9fice de quelques-uns, et dont on voit d\u2019ailleurs l\u2019\u00e9chec sur toute la ligne sans encore bien \u00e9valuer les fractures profondes que cela cr\u00e9e au sein de populations mises en concurrence permanente\u2026 Ou encore, celle du ministre allemand Steinmeyer accusant A. Tsipras de <em>\u00ab\u00a0prendre le peuple grec en otage\u00a0\u00bb\u2026<\/em> quand le 1<sup>er<\/sup> ministre grec fait exactement le contraire en se tournant vers son peuple, pour \u00eatre certain de toujours en \u00eatre le repr\u00e9sentant autoris\u00e9. Combien de temps encore devrons-nous subir cet autoritarisme qui ne repr\u00e9sente plus du tout l\u2019aspiration des peuples au r\u00eave europ\u00e9en\u00a0!? Combien de temps nous faudra-t-il accepter d\u2019\u00eatre rel\u00e9gu\u00e9s dans la marge par ceux-l\u00e0-m\u00eames qui n\u2019arr\u00eatent pas de nous servir le mot <em>\u00ab\u00a0d\u00e9mocratie\u00a0\u00bb<\/em> qu\u2019ils vident de son essence m\u00eame\u00a0? Ceux-l\u00e0 esp\u00e8rent ainsi nous maintenir dans une peur pour nous emp\u00eacher de r\u00e9agir, de soutenir les d\u00e9cisions de Syriza et de son alternative pour r\u00e9sister aux diktats iniques de cette Tro\u00efka\u00a0et de ses thurif\u00e9raires ?<\/p>\n<p>Les temps sont graves. Ces comportements du personnel politique doubl\u00e9 des sagouins m\u00e9diatiques\u00a0 mettent r\u00e9ellement en danger les principes m\u00eame d\u2019une v\u00e9ritable d\u00e9mocratie dont la plupart de ces satrapes se revendiquent. Mais qu\u2019ils pi\u00e9tinent sans le moindre scrupule. N\u2019a-t-on pas vu r\u00e9cemment, le 1<sup>er<\/sup> ministre Valls \u2013 de g\u00f4\u00f4\u00f4che para\u00eet-il\u00a0! \u2013 demander un moment de recueillement au Parlement en m\u00e9moire de Ch. Pasqua, mafieux av\u00e9r\u00e9 dont les dossiers se sont empil\u00e9s au fil des ans, mais qui s\u2019est toujours sorti d\u2019une Justice dont on sait les trous noirs d\u00e8s qu\u2019il s\u2019agit du personnel politique\u00a0!? Et faut-il revenir sur le nombre de dossiers o\u00f9 tra\u00eene le nom de Sarkozy\u2026 personnage fantasque, sans scrupule qui, tout honte bue, ose se repr\u00e9senter devant les \u00e9lecteurs par les carences d\u2019un syst\u00e8me qui le permet, alors qu\u2019au moindre faux pas, un \u00e9lu devrait \u00eatre interdit de mandat, \u00e0 vie\u00a0!? Et j\u2019en passe\u2026<\/p>\n<p>Et c\u2019est sans doute ce qui m\u00e8ne aux d\u00e9rives de plus en plus nombreuses auxquelles nous assistons. Les pr\u00e9occupations de ces gens-l\u00e0 ne font plus aucun doute\u00a0: ils ne veulent en aucun cas que le dossier grec fasse tache d\u2019huile et se propage \u00e0 d\u2019autres pays europ\u00e9ens dont l\u2019Espagne et le parti Podemos, prochainement. Les enjeux y sont d\u2019un tout autre poids que le dossier grec. Les cr\u00e9anciers doivent fr\u00e9mir face \u00e0 cette \u00e9ventualit\u00e9. Le syst\u00e8me bancaire tremble d\u00e9j\u00e0. Et la crise qui s\u2019en suivrait serait un cauchemar pire que celui des subprimes am\u00e9ricaines. Ceux-l\u00e0 commencent peut-\u00eatre \u00e0 comprendre que les peuples ne se laissent plus mener par le bout du nez et veulent reprendre leur droit de regard \u00a0dans la perspective d\u2019une autre Europe, ce qui les priverait de leurs privil\u00e8ges \u00e9hont\u00e9s. Je relevais derni\u00e8rement le salaire absolument ind\u00e9cent de Mme. Lagarde \u2013 toujours mise en examen dans diff\u00e9rents dossiers \u2013 patronne du FMI, pay\u00e9e para\u00eet-il, en fonction de ses comp\u00e9tences et ses hautes responsabilit\u00e9s. Cela n\u2019a pas emp\u00each\u00e9 les responsables du petit parti Syriza de prendre le FMI \u00e0 contre-pied et de surprendre par leur connaissance des rouages et des textes de la sacro-sainte institution, ces fonctionnaires arrogants, en leur opposant deux clauses peu utilis\u00e9es (voir\u00a0: <a href=\"http:\/\/www.lalibre.be\/economie\/actualite\/quand-la-grece-maitrise-mieux-les-regles-du-fmi-que-le-fmi-lui-meme-5594d9b83570e4598cb01bf4\">ici<\/a> ).<\/p>\n<p>Le <em>\u00ab\u00a0cas grec\u00a0\u00bb<\/em> est pour ces rapaces financiers, un laboratoire o\u00f9 il s\u2019agit de voir jusqu\u2019o\u00f9 l\u2019on peut mettre un peuple \u00e0 genoux. Et si cela marche, la formule sera appliqu\u00e9e \u00e0 l\u2019ensemble des Etats europ\u00e9ens. Raison pour laquelle <strong>il faut absolument <\/strong>que le peuple grec suive ceux qu\u2019il a port\u00e9s au pouvoir, en votant \u00ab\u00a0NON\u00a0\u00bb lors du referendum de dimanche prochain. Et contrairement \u00e0 ce que d\u2019aucuns voudraient faire accroire, le gouvernement grec donne au monde une le\u00e7on magistrale de d\u00e9mocratie, nous rappelant au passage qu\u2019elle en est \u00e0 l\u2019origine et n\u2019entend pas en galvauder le sens\u00a0 et le vider de son contenu comme certains technocrates s\u2019y emploient avec beaucoup de z\u00e8le\u2026<\/p>\n<p><strong>Daniel Vanhove<\/strong><\/p>\n<p><strong>Daniel Vanhove<\/strong> : Observateur civil. Auteur :<\/p>\n<p><em>\u00ab\u00a0Si vous d\u00e9truisez nos maisons, vous ne d\u00e9truirez pas nos \u00e2mes\u00a0\u00bb<\/em> \u2013 2005 \u2013 Ed. M. Pietteur<\/p>\n<p><em>\u00ab\u00a0La D\u00e9mocratie Mensonge\u00a0\u00bb<\/em> \u2013 2008 \u2013 Ed. M. Pietteur<\/p>\n","protected":false},"excerpt":{"rendered":"<p>Pour tout citoyen quelque peu responsable et correctement inform\u00e9 \u2013 ce qui suppose d\u2019autres sources que les m\u00e9dias dominants et leur programmation abrutissante \u2013 les temps pr\u00e9sents et \u00e0 venir paraissent sombres. Que ce soit en mati\u00e8re \u00e9conomique, sociale, environnementale, culturelle, s\u00e9curitaire, \u00e9ducationnelle, etc\u2026 Et dans le flot continu d\u2019informations qui se croisent et souvent &#8230; <a title=\"La Gr\u00e8ce donne  une le\u00e7on magistrale de d\u00e9mocratie au monde\" class=\"read-more\" href=\"https:\/\/bruxelles-pantheres.be\/?p=2530\" aria-label=\"En savoir plus sur La Gr\u00e8ce donne  une le\u00e7on magistrale de d\u00e9mocratie au monde\">Lire la suite<\/a><\/p>\n","protected":false},"author":1,"featured_media":2531,"comment_status":"open","ping_status":"open","sticky":false,"template":"","format":"standard","meta":{"footnotes":""},"categories":[21],"tags":[133,94,33,15],"class_list":["post-2530","post","type-post","status-publish","format-standard","has-post-thumbnail","hentry","category-anti-imperialisme","tag-banque-mondiale","tag-daniel-vanhove","tag-fmi","tag-resistance"],"_links":{"self":[{"href":"https:\/\/bruxelles-pantheres.be\/index.php?rest_route=\/wp\/v2\/posts\/2530","targetHints":{"allow":["GET"]}}],"collection":[{"href":"https:\/\/bruxelles-pantheres.be\/index.php?rest_route=\/wp\/v2\/posts"}],"about":[{"href":"https:\/\/bruxelles-pantheres.be\/index.php?rest_route=\/wp\/v2\/types\/post"}],"author":[{"embeddable":true,"href":"https:\/\/bruxelles-pantheres.be\/index.php?rest_route=\/wp\/v2\/users\/1"}],"replies":[{"embeddable":true,"href":"https:\/\/bruxelles-pantheres.be\/index.php?rest_route=%2Fwp%2Fv2%2Fcomments&post=2530"}],"version-history":[{"count":1,"href":"https:\/\/bruxelles-pantheres.be\/index.php?rest_route=\/wp\/v2\/posts\/2530\/revisions"}],"predecessor-version":[{"id":2532,"href":"https:\/\/bruxelles-pantheres.be\/index.php?rest_route=\/wp\/v2\/posts\/2530\/revisions\/2532"}],"wp:featuredmedia":[{"embeddable":true,"href":"https:\/\/bruxelles-pantheres.be\/index.php?rest_route=\/wp\/v2\/media\/2531"}],"wp:attachment":[{"href":"https:\/\/bruxelles-pantheres.be\/index.php?rest_route=%2Fwp%2Fv2%2Fmedia&parent=2530"}],"wp:term":[{"taxonomy":"category","embeddable":true,"href":"https:\/\/bruxelles-pantheres.be\/index.php?rest_route=%2Fwp%2Fv2%2Fcategories&post=2530"},{"taxonomy":"post_tag","embeddable":true,"href":"https:\/\/bruxelles-pantheres.be\/index.php?rest_route=%2Fwp%2Fv2%2Ftags&post=2530"}],"curies":[{"name":"wp","href":"https:\/\/api.w.org\/{rel}","templated":true}]}}