{"id":2569,"date":"2015-07-13T13:45:14","date_gmt":"2015-07-13T12:45:14","guid":{"rendered":"https:\/\/bruxelles-pantheres.be\/?p=2569"},"modified":"2015-07-13T13:45:14","modified_gmt":"2015-07-13T12:45:14","slug":"la-crise-grecque-determinera-a-jamais-lavenir-de-lue","status":"publish","type":"post","link":"https:\/\/bruxelles-pantheres.be\/?p=2569","title":{"rendered":"La crise grecque d\u00e9terminera \u00e0 jamais l\u2019avenir de l\u2019UE"},"content":{"rendered":"<p style=\"text-align: center;\"><a href=\"https:\/\/bruxelles-pantheres.be\/wp-content\/uploads\/2015\/01\/3cddd97951aa3ec7ee08c6a54411e7b9.jpg\"><img decoding=\"async\" class=\"alignnone size-full wp-image-2403\" src=\"https:\/\/bruxelles-pantheres.be\/wp-content\/uploads\/2015\/01\/3cddd97951aa3ec7ee08c6a54411e7b9.jpg\" alt=\"3cddd97951aa3ec7ee08c6a54411e7b9\" width=\"300\" height=\"200\" \/><\/a><\/p>\n<p><strong>La crise grecque d\u00e9terminera \u00e0 jamais l\u2019avenir de l\u2019UE<\/strong><\/p>\n<p>Quand on suit les p\u00e9rip\u00e9ties de la Gr\u00e8ce prise dans les rets de ses pr\u00e9dateurs, et malgr\u00e9 les derni\u00e8res propositions du gouvernement Syriza ayant vot\u00e9 \u00e0 une \u00e9crasante majorit\u00e9 les difficiles mesures annonc\u00e9es par A. Tsipras apr\u00e8s le referendum du 05 juillet, on pourrait penser qu\u2019au vu de ce qui se joue \u00e0 Bruxelles ce week-end, la partie est perdue pour le peuple grec, et dans la foul\u00e9e, pour tous ceux qui esp\u00e9raient un changement des politiques d\u2019aust\u00e9rit\u00e9 impos\u00e9es par la Tro\u00efka (FMI-BCE-UE) au d\u00e9triment de la majorit\u00e9 des citoyens\u2026<br \/>\nA vrai dire, et avec un peu de recul, il s\u2019agit au contraire d\u2019un pas important que la population et le gouvernement grec viennent d\u2019initier en Europe. Dans la souffrance, il ouvre la voie \u00e0 un changement qui n\u2019interviendra peut-\u00eatre pas de suite, mais s\u2019inscrira indubitablement dans le temps et la dur\u00e9e. Et quoi qu\u2019il advienne pour la Gr\u00e8ce comme pour les autres Etats de l\u2019UE, les choses ne seront plus pareilles par la suite.<br \/>\nD\u2019abord, il faut comprendre que le NON grec au referendum du 5 juillet dernier s\u2019inscrit probablement dans la continuit\u00e9 des refus de plusieurs peuples europ\u00e9ens au Trait\u00e9 de Constitution de 2005 dont les Eurocrates de Bruxelles alli\u00e9s aux pontes des gouvernements nationaux se sont moqu\u00e9s en l\u2019imposant d\u2019une mani\u00e8re ou d\u2019une autre \u00e0 l\u2019ensemble des pays de l\u2019UE, d\u00e9montrant de la sorte la pi\u00e8tre id\u00e9e et le manque de respect total qu\u2019ils avaient des principes \u00e9l\u00e9mentaires de la d\u00e9mocratie. Dans l\u2019UE et malgr\u00e9 les d\u00e9clarations des plus hautes instances \u2013 qui perdent au fil des ans toute cr\u00e9dibilit\u00e9 aux yeux des citoyens \u2013 les fonctionnaires aux man\u0153uvres n\u2019\u00e9coutent pas les peuples, mais poursuivent le projet d\u2019un vaste march\u00e9 \u00e9conomique et financier qui ne doit profiter qu\u2019aux plus riches. Certains de ceux-l\u00e0 exigent d\u2019ailleurs de la Gr\u00e8ce des r\u00e9formes qu\u2019ils n\u2019ont pas faites dans leur propre pays !<br \/>\nEnsuite, et m\u00eame si ce n\u2019est pas nouveau, l\u2019on se rend compte que l\u2019UE est de plus en plus divis\u00e9e. Il y a celles et ceux qui persistent \u00e0 vouloir imposer leurs diktats aux peuples, contre la volont\u00e9 de ces derniers, usant de tous les moyens pour les contraindre quitte \u00e0 leur mentir \u00e0 travers l\u2019usage de m\u00e9dias mis sous tutelle. Puis, il y a les autres qui, malgr\u00e9 ce d\u00e9ferlement m\u00e9diatique des plus sordides, ont compris que les plans concoct\u00e9s par ces technocrates suffisants allaient \u00e0 l\u2019encontre de l\u2019\u00e9quit\u00e9 et d\u2019une r\u00e9elle d\u00e9mocratie populaire. Certes, la Gr\u00e8ce a cumul\u00e9 erreurs et carences. Les exemples sont l\u00e9gion. Mais ce n\u2019est pas de la faute du gouvernement actuel qui ne fait qu\u2019essuyer les pl\u00e2tres de ses pr\u00e9d\u00e9cesseurs. Les m\u00eames qui ont l\u2019outrecuidance de se pr\u00e9senter aujourd\u2019hui dans l\u2019opposition, comme s\u2019ils pouvaient encore pr\u00e9tendre \u00e0 une solution quand on voit la faillite dans laquelle leur incurie a plong\u00e9 le pays !<br \/>\nPour l\u2019anecdote \u2013 une de plus dans cette sinistre s\u00e9rie qui entoure bien des Commissaires et autres Eurocrates et politiciens : samedi soir, lors de la rencontre des ministres de l\u2019Eurogroupe pr\u00e9sid\u00e9 par le n\u00e9erlandais J. Dijssenbloem \u2013 l\u2019arrogance personnifi\u00e9e \u2013 ce dernier a trouv\u00e9 une nouvelle astuce pour contrer les propositions d\u2019A. Tsipras, d\u00e9clarant \u00ab qu\u2019il y avait un gros probl\u00e8me de confiance \u00bb, ajoutant via son ministre des finances que vu les atermoiements du gouvernement grec, \u00ab l\u2019on ne pouvait \u00eatre assur\u00e9 qu\u2019il allait bien mettre ses projets de r\u00e9forme en application \u00bb. A ce stade, il serait sans doute utile de se rappeler que ce m\u00eame<a href=\"http:\/\/www.neurope.eu\/article\/jeroen-dijsselbloem-eurozoning-out\/\"> J. Dijssenbloem a falsifi\u00e9 son curriculum vitae<\/a> . La question qui se pose alors, est de savoir \u00e0 qui l\u2019on peut r\u00e9ellement faire confiance !? Et ce dernier a-t-il quelque autorit\u00e9 morale pour imposer ses vues \u00e0 l\u2019ensemble de populations qui ne l\u2019ont pas \u00e9lu \u00e0 un quelconque poste de responsabilit\u00e9 ? De m\u00eame pour N. Sarkozy qui en pleines n\u00e9gociations \u00e0 Bruxelles \u00e9met un avis virulent \u00e0 l\u2019encontre d\u2019A. Tsipras le traitant de \u00ab menteur \u00e0 qui on ne peut faire confiance \u00bb\u2026 lui dont le nom tra\u00eene dans d\u2019innombrables dossiers plus que douteux. Fermons la parenth\u00e8se\u2026 mais n\u2019oublions jamais que nous n\u2019avons pas \u00e0 nous fier \u00e0 ce genre d\u2019individus !<br \/>\nDans le prolongement de ce qui pr\u00e9c\u00e8de, ce que l\u2019on peut donc tirer comme le\u00e7on de ce qui se joue en Gr\u00e8ce ces derniers mois, c\u2019est l\u2019impunit\u00e9 totale dont jouissent ces Eurocrates qui se plantent sans cesse dans leur projet absurde de vouloir imposer une Europe \u00e0 marche forc\u00e9e \u00e0 des peuples qui malgr\u00e9 les malversations m\u00e9diatiques, sont de plus en plus conscients des sacrifices qui leur sont impos\u00e9s pour le profit \u00e9hont\u00e9 de quelques-uns. Que ce soit \u00e0 travers la libre circulation des biens et des personnes rendant la concurrence entre citoyens de l\u2019UE toujours plus exacerb\u00e9e ; que ce soit en \u00e9largissant toujours plus les fronti\u00e8res pour se rapprocher de la Russie avec objectif de l\u2019encercler\u2026 o\u00f9 l\u2019ombre des USA et de l\u2019OTAN n\u2019est plus qu\u2019un \u00e9cran de fum\u00e9e que chacun a bien compris ; que ce soit en rendant ces nouvelles fronti\u00e8res ouvertes \u00e0 travers l\u2019irresponsabilit\u00e9 d\u2019un \u00ab espace Schengen \u00bb rendant les trafics en tous genres des plus ais\u00e9s \u2013 puis certains feront semblant de s\u2019interroger sur les raisons d\u2019une augmentation des attentats qualifi\u00e9s aussit\u00f4t de \u00ab terroristes \u00bb avec de plus en plus d\u2019armes qui circulent librement \u2013 ; que ce soit en imposant \u00e0 des pays qui n\u2019y \u00e9taient manifestement pas pr\u00eats une monnaie commune dont on voit aujourd\u2019hui le co\u00fbt que cela repr\u00e9sente pour tenter d\u2019en colmater les fuites et les d\u00e9g\u00e2ts collat\u00e9raux de toutes parts ; que ce soit dans une politique \u00e9trang\u00e8re commune impossible \u00e0 mettre en place o\u00f9 chacun continue \u00e0 donner de sa petite voix ; ou encore dans ces directives et d\u00e9crets pris par des fonctionnaires qui n\u2019ont plus le moindre sens des r\u00e9alit\u00e9s que rencontrent les citoyens ordinaires\u2026 La liste est longue des pr\u00e9judices et dommages qu\u2019essuient les populations sans qu\u2019aucun de ces fonctionnaires z\u00e9l\u00e9s ne soient jamais sanctionn\u00e9s pour leurs colossales fautes, omissions, mensonges, erreurs, incomp\u00e9tences&#8230; Ceux-l\u00e0 en sont encore \u00e0 penser qu\u2019il suffit d\u2019avoir trouv\u00e9 l\u2019Hymne \u00e0 la Joie de Beethoven et un Euro mal ficel\u00e9 pour masquer les r\u00e9alit\u00e9s d\u2019une UE qui se d\u00e9shumanise et dans laquelle les citoyens ne se retrouvent plus ! Mais, jusqu\u2019\u00e0 quand&#8230; avant l\u2019effondrement de cet \u00e9difice dont les fondations sont bancales !?<br \/>\nLes Eurocrates qui n\u2019ont eu de cesse d\u2019ajouter mesure apr\u00e8s mesure sur le dos de la Gr\u00e8ce nous auront d\u00e9montr\u00e9 ce week-end marathon que leur objectif n\u2019est pas de trouver de solution amiable pour la Gr\u00e8ce, mais bien au contraire de la sortir de la zone Euro, au nom d\u2019une id\u00e9ologie qui ne supporte pas que les peuples gardent leur souverainet\u00e9 sur les choses qui les concernent directement. Persister dans cette voie n\u2019a donc plus rien de d\u00e9mocratique, mais au contraire, illustre un dangereux penchant pour une dictature technocratique. Sans parler ici de l\u2019aspect strat\u00e9gique du pays, carrefour entre l\u2019Occident et l\u2019Orient\u2026 O\u00f9 l\u2019on voit que quelle que soit l\u2019issue de la crise grecque, les choses ne seront plus jamais comme avant.<br \/>\nPour terminer, quelques chiffres \u00e0 mettre en perspective :<br \/>\n&#8211; on parle d\u2019une dette grecque qui tourne aux alentours de 350 milliards d\u2019euros ;<br \/>\n&#8211; le gouvernement am\u00e9ricain d\u00e9pense pr\u00e8s de 2 milliards de US$ par jour rien que pour son budget \u00ab d\u00e9fense \u00bb, soit environ 700 milliards par an ;<br \/>\n&#8211; derni\u00e8rement, la chute de la bourse chinoise a vu s\u2019envoler 3.000 milliards en quelques jours\u2026<\/p>\n<p>Daniel Vanhove \u2013<br \/>\n12.07.15<br \/>\nObservateur civil<br \/>\nAuteur<br \/>\n\u00ab Si vous d\u00e9truisez nos maisons, vous ne d\u00e9truirez pas nos \u00e2mes \u00bb \u2013 2005 \u2013 Ed. M. Pietteur<br \/>\n\u00ab La D\u00e9mocratie Mensonge \u00bb \u2013 2008 \u2013 Ed. M. Pietteur<\/p>\n","protected":false},"excerpt":{"rendered":"<p>La crise grecque d\u00e9terminera \u00e0 jamais l\u2019avenir de l\u2019UE Quand on suit les p\u00e9rip\u00e9ties de la Gr\u00e8ce prise dans les rets de ses pr\u00e9dateurs, et malgr\u00e9 les derni\u00e8res propositions du gouvernement Syriza ayant vot\u00e9 \u00e0 une \u00e9crasante majorit\u00e9 les difficiles mesures annonc\u00e9es par A. Tsipras apr\u00e8s le referendum du 05 juillet, on pourrait penser qu\u2019au &#8230; <a title=\"La crise grecque d\u00e9terminera \u00e0 jamais l\u2019avenir de l\u2019UE\" class=\"read-more\" href=\"https:\/\/bruxelles-pantheres.be\/?p=2569\" aria-label=\"En savoir plus sur La crise grecque d\u00e9terminera \u00e0 jamais l\u2019avenir de l\u2019UE\">Lire la suite<\/a><\/p>\n","protected":false},"author":1,"featured_media":2341,"comment_status":"open","ping_status":"open","sticky":false,"template":"","format":"standard","meta":{"footnotes":""},"categories":[21,36],"tags":[133,94,33,15],"class_list":["post-2569","post","type-post","status-publish","format-standard","has-post-thumbnail","hentry","category-anti-imperialisme","category-europe","tag-banque-mondiale","tag-daniel-vanhove","tag-fmi","tag-resistance"],"_links":{"self":[{"href":"https:\/\/bruxelles-pantheres.be\/index.php?rest_route=\/wp\/v2\/posts\/2569","targetHints":{"allow":["GET"]}}],"collection":[{"href":"https:\/\/bruxelles-pantheres.be\/index.php?rest_route=\/wp\/v2\/posts"}],"about":[{"href":"https:\/\/bruxelles-pantheres.be\/index.php?rest_route=\/wp\/v2\/types\/post"}],"author":[{"embeddable":true,"href":"https:\/\/bruxelles-pantheres.be\/index.php?rest_route=\/wp\/v2\/users\/1"}],"replies":[{"embeddable":true,"href":"https:\/\/bruxelles-pantheres.be\/index.php?rest_route=%2Fwp%2Fv2%2Fcomments&post=2569"}],"version-history":[{"count":1,"href":"https:\/\/bruxelles-pantheres.be\/index.php?rest_route=\/wp\/v2\/posts\/2569\/revisions"}],"predecessor-version":[{"id":2570,"href":"https:\/\/bruxelles-pantheres.be\/index.php?rest_route=\/wp\/v2\/posts\/2569\/revisions\/2570"}],"wp:featuredmedia":[{"embeddable":true,"href":"https:\/\/bruxelles-pantheres.be\/index.php?rest_route=\/wp\/v2\/media\/2341"}],"wp:attachment":[{"href":"https:\/\/bruxelles-pantheres.be\/index.php?rest_route=%2Fwp%2Fv2%2Fmedia&parent=2569"}],"wp:term":[{"taxonomy":"category","embeddable":true,"href":"https:\/\/bruxelles-pantheres.be\/index.php?rest_route=%2Fwp%2Fv2%2Fcategories&post=2569"},{"taxonomy":"post_tag","embeddable":true,"href":"https:\/\/bruxelles-pantheres.be\/index.php?rest_route=%2Fwp%2Fv2%2Ftags&post=2569"}],"curies":[{"name":"wp","href":"https:\/\/api.w.org\/{rel}","templated":true}]}}