{"id":2583,"date":"2015-09-25T16:14:48","date_gmt":"2015-09-25T15:14:48","guid":{"rendered":"https:\/\/bruxelles-pantheres.be\/?p=2583"},"modified":"2015-09-30T19:24:19","modified_gmt":"2015-09-30T18:24:19","slug":"dimanche-27-septembre-avec-les-refugies","status":"publish","type":"post","link":"https:\/\/bruxelles-pantheres.be\/?p=2583","title":{"rendered":"Dimanche 27 septembre&#8230; avec les r\u00e9fugi\u00e9s !"},"content":{"rendered":"<p>Dimanche, soyons solidaires&#8230;Refugees Welcome!<\/p>\n<p>Zondag, toon je solidariteit\u2026Refugees Welcome! <a class=\"_58cn\" href=\"https:\/\/www.facebook.com\/hashtag\/bxlrefugees?source=feed_text&amp;story_id=878188278902213\" data-ft=\"{&quot;tn&quot;:&quot;*N&quot;,&quot;type&quot;:104}\"><span class=\"_58cl\">\u202a#\u200e<\/span><span class=\"_58cm\">BXLrefugees\u202c<\/span><\/a><\/p>\n<p><a href=\"https:\/\/bruxelles-pantheres.be\/wp-content\/uploads\/2015\/09\/mail.google.com_.png\"><img decoding=\"async\" class=\"size-large wp-image-2584 aligncenter\" src=\"https:\/\/bruxelles-pantheres.be\/wp-content\/uploads\/2015\/09\/mail.google.com_-724x1024.png\" alt=\"mail.google.com\" width=\"680\" height=\"962\" srcset=\"https:\/\/bruxelles-pantheres.be\/wp-content\/uploads\/2015\/09\/mail.google.com_-724x1024.png 724w, https:\/\/bruxelles-pantheres.be\/wp-content\/uploads\/2015\/09\/mail.google.com_-212x300.png 212w, https:\/\/bruxelles-pantheres.be\/wp-content\/uploads\/2015\/09\/mail.google.com_-768x1086.png 768w, https:\/\/bruxelles-pantheres.be\/wp-content\/uploads\/2015\/09\/mail.google.com_-1086x1536.png 1086w, https:\/\/bruxelles-pantheres.be\/wp-content\/uploads\/2015\/09\/mail.google.com_-540x764.png 540w, https:\/\/bruxelles-pantheres.be\/wp-content\/uploads\/2015\/09\/mail.google.com_.png 1191w\" sizes=\"(max-width: 680px) 100vw, 680px\" \/><\/a><!--more--><\/p>\n<blockquote><p><iframe src=\"https:\/\/www.youtube.com\/embed\/YG3L5vmJN9I\" width=\"560\" height=\"315\" frameborder=\"0\" allowfullscreen=\"allowfullscreen\"><\/iframe><br \/>\nIl est maintenant temps que les citoyens viennent manifester leur solidarit\u00e9 avec les refugi\u00e9.e.s et fassent entendre une autre voix \u00e0 l&rsquo;Europe et ses gouvernements, en faveur d&rsquo;une politique d&rsquo;ouverture et d&rsquo;un accueil digne dans le respect des engagements internationaux et afin de dire \u00ab STOP \u00bb aux r\u00e9actions x\u00e9nophobes et ouvertement racistes qui se manifestent aussi sous diff\u00e9rentes formes<\/p>\n<p><b>Rejoignez-nous pour la marche citoyenne de solidarit\u00e9 avec les r\u00e9fugi\u00e9s qui se tiendra le 27 septembre \u00e0 14 h au d\u00e9part de la gare du Nord.\u00a0<\/b><\/p>\n<p>We willen nu een volgende stap zetten in onze solidariteit met de vluchtelingen: we moeten onze stem laten horen! Samen kunnen we onze overheden oproepen om een menswaardige opvang te organiseren met respect voor onze internationale engagementen. Samen kunnen we hen oproepen om maatregelen te nemen tegen xenofobie en racisme.<\/p>\n<p><b>Stap met ons mee op 27 september tijdens de Belgische solidariteitsmars \u2018Refugees Welcome\u2019. Plaats en uur van vertrek: Brussel Noordstation, 14u.<\/b><\/p><\/blockquote>\n<p>&nbsp;<\/p>\n","protected":false},"excerpt":{"rendered":"<p>Dimanche, soyons solidaires&#8230;Refugees Welcome! Zondag, toon je solidariteit\u2026Refugees Welcome! \u202a#\u200eBXLrefugees\u202c<\/p>\n","protected":false},"author":1,"featured_media":2584,"comment_status":"open","ping_status":"open","sticky":false,"template":"","format":"standard","meta":{"footnotes":""},"categories":[21,36,4,7,18,28,37,39],"tags":[31,14,23,38,15],"class_list":["post-2583","post","type-post","status-publish","format-standard","has-post-thumbnail","hentry","category-anti-imperialisme","category-europe","category-islamophobie","category-negrophobie","category-resistance-bruxelles","category-racismes","category-romophobie","category-sans-papier","tag-belgique","tag-bruxelles","tag-discrimination","tag-guerre","tag-resistance"],"_links":{"self":[{"href":"https:\/\/bruxelles-pantheres.be\/index.php?rest_route=\/wp\/v2\/posts\/2583","targetHints":{"allow":["GET"]}}],"collection":[{"href":"https:\/\/bruxelles-pantheres.be\/index.php?rest_route=\/wp\/v2\/posts"}],"about":[{"href":"https:\/\/bruxelles-pantheres.be\/index.php?rest_route=\/wp\/v2\/types\/post"}],"author":[{"embeddable":true,"href":"https:\/\/bruxelles-pantheres.be\/index.php?rest_route=\/wp\/v2\/users\/1"}],"replies":[{"embeddable":true,"href":"https:\/\/bruxelles-pantheres.be\/index.php?rest_route=%2Fwp%2Fv2%2Fcomments&post=2583"}],"version-history":[{"count":2,"href":"https:\/\/bruxelles-pantheres.be\/index.php?rest_route=\/wp\/v2\/posts\/2583\/revisions"}],"predecessor-version":[{"id":2589,"href":"https:\/\/bruxelles-pantheres.be\/index.php?rest_route=\/wp\/v2\/posts\/2583\/revisions\/2589"}],"wp:featuredmedia":[{"embeddable":true,"href":"https:\/\/bruxelles-pantheres.be\/index.php?rest_route=\/wp\/v2\/media\/2584"}],"wp:attachment":[{"href":"https:\/\/bruxelles-pantheres.be\/index.php?rest_route=%2Fwp%2Fv2%2Fmedia&parent=2583"}],"wp:term":[{"taxonomy":"category","embeddable":true,"href":"https:\/\/bruxelles-pantheres.be\/index.php?rest_route=%2Fwp%2Fv2%2Fcategories&post=2583"},{"taxonomy":"post_tag","embeddable":true,"href":"https:\/\/bruxelles-pantheres.be\/index.php?rest_route=%2Fwp%2Fv2%2Ftags&post=2583"}],"curies":[{"name":"wp","href":"https:\/\/api.w.org\/{rel}","templated":true}]}}