{"id":2587,"date":"2015-09-12T19:02:04","date_gmt":"2015-09-12T18:02:04","guid":{"rendered":"https:\/\/bruxelles-pantheres.be\/?p=2587"},"modified":"2015-09-30T19:04:42","modified_gmt":"2015-09-30T18:04:42","slug":"france-2-et-laurent-ruquier-au-n-1-du-flop-ten","status":"publish","type":"post","link":"https:\/\/bruxelles-pantheres.be\/?p=2587","title":{"rendered":"France 2 et Laurent Ruquier au n\u00b0 1 du \u00ab Flop Ten \u00bb !"},"content":{"rendered":"<div class=\"article-logo  print-only\"><img decoding=\"async\" class=\"spip_logos\" title=\"France 2 et Laurent Ruquier au n\u00b0 1 du \u00ab Flop Ten \u00bb ! \" src=\"http:\/\/www.legrandsoir.info\/local\/cache-vignettes\/L250xH211\/arton29262-4d8dc.jpg\" alt=\"\" width=\"250\" height=\"211\" align=\"left\" \/><\/div>\n<div class=\"article-corps\">\n<div class=\"article-auteur  print-only\">\n<div class=\"ajaxbloc\" data-ajax-env=\"Z4eU5Db7ti1CByQ\/hvgujEX8gVduK7Dw\/xkQgjAe3YevEygaAI1peA8YJdNVR4YykUPBgkmc+YOHotKZsUhWaOlXyozsUGwt7ztQ27bsIDSIcIR8OMzwu1K1iQsFTeWnUhYF5djUSA3TxEX7NYpW79jEz+NHZ7mw6F4P5GB9RXRUr25nnQVrZQPoX2E2UD6WLFPtRlqmCMuwu2+oporbxM0QTxqB14BA5mRMiM564nFblhjJbDnZCSe7Fh2AvJg=\" data-origin=\"france-2-et-laurent-ruquier-au-no-1-du-flop-ten.html\"><\/div>\n<div class=\"ajaxbloc\" data-ajax-env=\"Z4eU5Db7ti1CByQ\/hvgujEX8gVduK7Dw\/xkQgjAe3YevEygaAI1peA8YJdNVR4YykUPBgkmc+YOHotKZsUhWaOlXyozsUGwt7ztQ27bsIDSIcIR8OMzwu1K1iQsFTeWnUhYF5djUSA3TxEX7NYpW79jEz+NHZ7mw6F4P5GB9RXRUr25nnQVrZQPoX2E2UD6WLFPtRlqmCMuwu2+oporbxM0QTxqB14BA5mRMiM564nFblhjJbDnZCSe7Fh2AvJg=\" data-origin=\"france-2-et-laurent-ruquier-au-no-1-du-flop-ten.html\"><\/div>\n<div class=\"ajaxbloc\" data-ajax-env=\"Z4eU5Db7ti1CByQ\/hvgujEX8gVduK7Dw\/xkQgjAe3YevEygaAI1peA8YJdNVR4YykUPBgkmc+YOHotKZsUhWaOlXyozsUGwt7ztQ27bsIDSIcIR8OMzwu1K1iQsFTeWnUhYF5djUSA3TxEX7NYpW79jEz+NHZ7mw6F4P5GB9RXRUr25nnQVrZQPoX2E2UD6WLFPtRlqmCMuwu2+oporbxM0QTxqB14BA5mRMiM564nFblhjJbDnZCSe7Fh2AvJg=\" data-origin=\"france-2-et-laurent-ruquier-au-no-1-du-flop-ten.html\">Par Daniel VANHOVE<\/div>\n<\/div>\n<div id=\"font-variable\" class=\"article-texte crayon article-texte-29262 print-only\">\n<div>\n<p>Lors de la rentr\u00e9e de son \u00e9mission vedette ONPC (On n\u2019est pas couch\u00e9) sur France 2 le samedi soir 29 ao\u00fbt dernier, le d\u00e9sormais incontournable animateur Laurent Ruquier pensait sans aucun doute marquer des points (ah, la drogue du sacro-saint audimat\u2026) en y invitant Michel Houellebecq, vague auteur en vogue qui \u00e0 travers ce qu\u2019il \u00e9crit ne sait manifestement plus o\u00f9 il se situe en France\u2026<\/p>\n<p>Flanqu\u00e9 de ses deux chroniqueurs, L\u00e9a Salam\u00e9 et Yann Moix (le rempla\u00e7ant d\u2019Aymeric Caron), ce trio douteux est apparu aussi p\u00e2le et insipide que <i>\u00ab\u00a0le plus grand auteur du moment\u00a0\u00bb<\/i> selon Y. Moix dont on sait par ailleurs qu\u2019ils sont potes\u2026 Chacun est donc en droit de se demander ce que valent les d\u00e9clarations dithyrambiques de ce dernier, \u00e0 l\u2019adresse de l\u2019invit\u00e9\u2026 (<a class=\"spip_out\" href=\"http:\/\/www.panamza.com\/06012014-yann-moix-arabe-voler\/\" rel=\"external\">http:\/\/www.panamza.com\/06012014-yann-moix-arabe-voler\/<\/a>).<\/p>\n<p>Quand on s\u2019int\u00e9resse d\u2019un peu plus pr\u00e8s aux personnalit\u00e9s en pr\u00e9sence, l\u2019on s\u2019aper\u00e7oit que Yann Moix (Membre du\u00a0<a class=\"spip_out\" href=\"http:\/\/web.archive.org\/web\/20120216115411\/http:\/www.levinas.fr\/institut\/comite.asp\" rel=\"external\">comit\u00e9 d\u2019honneur<\/a>\u00a0de\u00a0l\u2019Institut des \u00e9tudes l\u00e9vinassiennes, <a class=\"spip_out\" href=\"http:\/\/www.levinas.fr\/institut\/institut.asp\" rel=\"external\">fond\u00e9<\/a>\u00a0\u00e0 J\u00e9rusalem par BHL et\u00a0<a class=\"spip_out\" href=\"http:\/\/www.panamza.com\/241214-finkielkraut-zemmour\" rel=\"external\">Alain Finkielkraut<\/a>\u2026 dont on conna\u00eet \u00e9galement les positions vis-\u00e0-vis des musulmans) est sans le moindre doute, un sioniste patent\u00e9, toujours pr\u00eat \u00e0 excuser les agissements de l\u2019Etat isra\u00e9lien, quelles que soient les circonstances\u2026 et que Michel Houellebecq vient lui-m\u00eame de d\u00e9clarer lors d\u2019une interview donn\u00e9e au <i>Guardian<\/i> qu\u2019il \u00e9tait <i>\u00ab\u00a0probablement islamophobe\u00a0\u00bb. <\/i>(<a class=\"spip_out\" href=\"http:\/\/www.lepoint.fr\/culture\/houellebecq-le-traitement-mediatique-de-l-islam-est-obsessionnel-07-09-2015-1962513_3.php\" rel=\"external\">http:\/\/www.lepoint.fr\/culture\/houellebecq-le-traitement-mediatique-de-l-islam-est-obsessionnel-07-09-2015-1962513_3.php<\/a>). Ceci permet donc de mieux comprendre pourquoi les deux individus s\u2019entendent bien\u2026<\/p>\n<p>Apr\u00e8s avoir regrett\u00e9 d\u2019avoir donn\u00e9 la parole \u00e0 Eric Zemmour pendant 5 ans, (<a class=\"spip_out\" href=\"http:\/\/www.lemonde.fr\/actualite-medias\/video\/2015\/03\/16\/laurent-ruquier-je-regrette-d-avoir-donne-la-parole-a-eric-zemmour-pendant-cinq-ans_4594346_3236.html\" rel=\"external\">http:\/\/www.lemonde.fr\/actualite-medias\/video\/2015\/03\/16\/laurent-ruquier-je-regrette-d-avoir-donne-la-parole-a-eric-zemmour-pendant-cinq-ans_4594346_3236.html<\/a>)<i> <\/i>L. Ruquier va-t-il attendre des ann\u00e9es avant de \u00ab\u00a0<i>regretter\u00a0\u00bb<\/i> son invitation \u00e0 M.\u00a0Houellebecq\u2026 et le remplacement d\u2019Aymeric Caron par Yann Moix\u00a0(<a class=\"spip_out\" href=\"http:\/\/blog.mondediplo.net\/2010-10-29-Yann-Moix-et-Le-Figaro-condamnes\" rel=\"external\">http:\/\/blog.mondediplo.net\/2010-10-29-Yann-Moix-et-Le-Figaro-condamnes<\/a>)\u00a0?<\/p>\n<p>Et, dans la foul\u00e9e, puisque ces faits sont connus de beaucoup de t\u00e9l\u00e9spectateurs, une question tant \u00e0 Laurent Ruquier, \u00e0 Yann Moix\u00a0qu\u2019aux responsables de France 2\u00a0: vous arrivera-t-il d\u2019inviter en <i>\u00ab\u00a0vedette\u00a0\u00bb<\/i> une personnalit\u00e9 qui se dirait <i>\u00ab\u00a0probablement\u00a0\u00bb<\/i> antis\u00e9mite\u00a0?!<\/p>\n<p>Tout le monde conna\u00eet la r\u00e9ponse\u00a0: bien s\u00fbr que non\u00a0! Ce qui tenterait \u00e0 d\u00e9montrer que si vous \u00eates islamophobes vous pourrez sans le moindre souci \u00eatre l\u2019invit\u00e9-vedette des plateaux t\u00e9l\u00e9s de France T\u00e9l\u00e9vision, mais que si vous \u00eates antis\u00e9mites, ce ne sera pas le cas\u2026<\/p>\n<p>Devant tant de mauvaise foi et d\u2019attitudes franchement naus\u00e9abondes, \u00e0 quand des sanctions exemplaires vis-\u00e0-vis de tels comportements\u00a0? Et \u00e0 quand le rappel \u00e0 l\u2019ordre des autorit\u00e9s publiques cens\u00e9es traiter tous les individus de mani\u00e8re \u00e9quitable\u00a0?!&#8230;<\/p>\n<p><strong>Daniel Vanhove &#8211;<\/strong><\/p>\n<p>11.09.2015<\/p>\n<p>Auteur de <i>Si vous d\u00e9truisez nos maisons, vous ne d\u00e9truirez pas nos \u00e2mes<\/i> \u2013 Ed. M.\u00a0Pietteur \u2013 2005<\/p>\n<p><i>La D\u00e9mocratie Mensonge<\/i> \u2013 Ed. M.\u00a0Pietteur \u2013 2008<\/p>\n<\/div>\n<\/div>\n<\/div>\n","protected":false},"excerpt":{"rendered":"<p>Par Daniel VANHOVE Lors de la rentr\u00e9e de son \u00e9mission vedette ONPC (On n\u2019est pas couch\u00e9) sur France 2 le samedi soir 29 ao\u00fbt dernier, le d\u00e9sormais incontournable animateur Laurent Ruquier pensait sans aucun doute marquer des points (ah, la drogue du sacro-saint audimat\u2026) en y invitant Michel Houellebecq, vague auteur en vogue qui \u00e0 &#8230; <a title=\"France 2 et Laurent Ruquier au n\u00b0 1 du \u00ab Flop Ten \u00bb !\" class=\"read-more\" href=\"https:\/\/bruxelles-pantheres.be\/?p=2587\" aria-label=\"En savoir plus sur France 2 et Laurent Ruquier au n\u00b0 1 du \u00ab Flop Ten \u00bb !\">Lire la suite<\/a><\/p>\n","protected":false},"author":1,"featured_media":922,"comment_status":"open","ping_status":"open","sticky":false,"template":"","format":"standard","meta":{"footnotes":""},"categories":[28],"tags":[94],"class_list":["post-2587","post","type-post","status-publish","format-standard","has-post-thumbnail","hentry","category-racismes","tag-daniel-vanhove"],"_links":{"self":[{"href":"https:\/\/bruxelles-pantheres.be\/index.php?rest_route=\/wp\/v2\/posts\/2587","targetHints":{"allow":["GET"]}}],"collection":[{"href":"https:\/\/bruxelles-pantheres.be\/index.php?rest_route=\/wp\/v2\/posts"}],"about":[{"href":"https:\/\/bruxelles-pantheres.be\/index.php?rest_route=\/wp\/v2\/types\/post"}],"author":[{"embeddable":true,"href":"https:\/\/bruxelles-pantheres.be\/index.php?rest_route=\/wp\/v2\/users\/1"}],"replies":[{"embeddable":true,"href":"https:\/\/bruxelles-pantheres.be\/index.php?rest_route=%2Fwp%2Fv2%2Fcomments&post=2587"}],"version-history":[{"count":1,"href":"https:\/\/bruxelles-pantheres.be\/index.php?rest_route=\/wp\/v2\/posts\/2587\/revisions"}],"predecessor-version":[{"id":2588,"href":"https:\/\/bruxelles-pantheres.be\/index.php?rest_route=\/wp\/v2\/posts\/2587\/revisions\/2588"}],"wp:featuredmedia":[{"embeddable":true,"href":"https:\/\/bruxelles-pantheres.be\/index.php?rest_route=\/wp\/v2\/media\/922"}],"wp:attachment":[{"href":"https:\/\/bruxelles-pantheres.be\/index.php?rest_route=%2Fwp%2Fv2%2Fmedia&parent=2587"}],"wp:term":[{"taxonomy":"category","embeddable":true,"href":"https:\/\/bruxelles-pantheres.be\/index.php?rest_route=%2Fwp%2Fv2%2Fcategories&post=2587"},{"taxonomy":"post_tag","embeddable":true,"href":"https:\/\/bruxelles-pantheres.be\/index.php?rest_route=%2Fwp%2Fv2%2Ftags&post=2587"}],"curies":[{"name":"wp","href":"https:\/\/api.w.org\/{rel}","templated":true}]}}