{"id":2593,"date":"2015-09-30T20:32:58","date_gmt":"2015-09-30T19:32:58","guid":{"rendered":"https:\/\/bruxelles-pantheres.be\/?p=2593"},"modified":"2015-09-30T20:33:16","modified_gmt":"2015-09-30T19:33:16","slug":"2593","status":"publish","type":"post","link":"https:\/\/bruxelles-pantheres.be\/?p=2593","title":{"rendered":"Black Solidarity With Palestine"},"content":{"rendered":"<h1><a class=\"cboxElement\" href=\"http:\/\/p8.storage.canalblog.com\/86\/45\/217331\/106094889_o.jpg\" target=\"_blank\" name=\"IMG_106094889\"><img decoding=\"async\" class=\"widthadapted nonealign\" src=\"http:\/\/p8.storage.canalblog.com\/86\/45\/217331\/106094889.jpg\" alt=\"0ba0cd4302a62993bbb9e328bc6fd86b\" border=\"0\" \/><\/a><\/h1>\n<h6 style=\"text-align: center;\">D\u00e9claration de solidarit\u00e9 des Noirs avec la Palestine \u2013 \u00c9t\u00e9 2015<\/h6>\n<div class=\"main\">\n<div class=\"chapo\">\n<p>Plus de 1,000 militants, artistes, universitaires, \u00e9tudiants et organisations noir(e)s ont sign\u00e9 la d\u00e9claration de solidarit\u00e9 des Noirs avec la Palestine, et notamment\u00a0: Angela Davis | Cornel West | Mumia Abu-Jamal | Talib Kweli | The Dream Defenders | Malcolm X Grassroots Movement | Organization for Black Struggle &#8211; St. Louis<\/p>\n<\/div>\n<div class=\"texte\">\n<p><span class=\"adapt-img-wrapper c-526840103 jpg\"><span class=\"adapt-img-wrapper c-526840103 jpg\"><img decoding=\"async\" class=\"adapt-img spip_logos\" src=\"http:\/\/p9.storage.canalblog.com\/93\/98\/217331\/106094903.jpeg\" alt=\"\" width=\"200\" height=\"134\" border=\"0\" \/><\/span><\/span><a href=\"http:\/\/p8.storage.canalblog.com\/86\/45\/217331\/106094889_o.jpg\" target=\"_blank\" name=\"IMG_106094889\"><\/a><\/p>\n<p><em>L\u2019ann\u00e9e \u00e9coul\u00e9e a \u00e9t\u00e9 une p\u00e9riode de d\u00e9veloppement intensif pour la solidarit\u00e9 entre Noirs et Palestiniens. S\u2019\u00e9levant de la terreur dirig\u00e9e contre nous tous \u2013 depuis les nombreuses agressions contre la vie des Noirs jusqu\u2019\u00e0 la <a href=\"http:\/\/imeu.org\/article\/50-days-of-death-destruction-israels-operation-protective-edge\" target=\"_blank\" rel=\"external\">guerre brutale d\u2019Isra\u00ebl contre Gaza<\/a> et son asphyxie de la Cisjordanie \u2013, nous avons observ\u00e9 l\u2019\u00e9mergence d\u2019une d\u00e9termination consolid\u00e9e et d\u2019un combat commun entre nos mouvements. Les Palestiniens sur Twitter furent <a href=\"http:\/\/www.yesmagazine.org\/peace-justice\/palestinians-and-ferguson-protesters-link-arms-via-social-media\" target=\"_blank\" rel=\"external\">parmi les premiers<\/a> \u00e0 fournir un soutien international aux manifestants de Ferguson, pendant que les Palestiniens \u00e0 St. Louis <a href=\"http:\/\/www.merip.org\/ferguson-palestine\" target=\"_blank\" rel=\"external\">apportaient leur soutien sur le terrain<\/a>. Une <a href=\"http:\/\/www.ebony.com\/news-views\/building-unity-wrecking-walls-palestinians-come-to-ferguson-032#axzz3hlvQMKDK\" target=\"_blank\" rel=\"external\">d\u00e9l\u00e9gation d\u2019\u00e9tudiants palestiniens est venue rencontrer les organisateurs noirs \u00e0 St. Louis<\/a>, Atlanta, Detroit entre autres en novembre, quelques mois avant que les Dream Defenders (D\u00e9fenseurs du r\u00eave) n\u2019emm\u00e8nent des repr\u00e9sentants de Black Lives Matter (mouvement contre la violence polici\u00e8re anti-noir), de Ferguson, et d\u2019autres groupes pour la justice raciale, <a href=\"http:\/\/www.ebony.com\/news-views\/dream-defenders-black-lives-matter-ferguson-reps-take-historic-trip-to-palestine#axzz3hlvQMKDK\" target=\"_blank\" rel=\"external\">en Palestine<\/a>. Tout au long de l\u2019ann\u00e9e, les Palestiniens nous ont adress\u00e9 de multiples lettres de solidarit\u00e9 tout au long des manifestations \u00e0 <a href=\"https:\/\/electronicintifada.net\/blogs\/rana-baker\/palestinians-express-solidarity-people-ferguson-mike-brown-statement\" target=\"_blank\" rel=\"external\">Ferguson<\/a>, <a href=\"http:\/\/www.addictinginfo.org\/2014\/12\/05\/palestinians-show-solidarity-with-americans-over-eric-garner-injustice-images\/\" target=\"_blank\" rel=\"external\">New York<\/a> et <a href=\"http:\/\/palsolidarity.org\/2015\/05\/solidarity-from-palestine-to-baltimore\/\" target=\"_blank\" rel=\"external\">Baltimore<\/a>. Nous offrons cette d\u00e9claration pour que se poursuive l\u2019\u00e9change entre nos mouvements\u00a0:<\/em><\/p>\n<p>\u00ab\u00a0Au premier anniversaire du massacre de Gaza de 2014, \u00e0 la 48e ann\u00e9e de l\u2019occupation isra\u00e9lienne, \u00e0 la 67e ann\u00e9e de la Nakba toujours en cours des Palestiniens (le mot arabe pour la purification ethnique par Isra\u00ebl) &#8211; et au quatri\u00e8me si\u00e8cle de l\u2019oppression des Noirs dans les \u00c9tats-Unis d\u2019aujourd\u2019hui\u00a0-, nous, militants, artistes, universitaires, auteurs, et prisonniers politiques noirs soussign\u00e9s offrons cette lettre d\u2019une solidarit\u00e9 r\u00e9affirm\u00e9e avec la lutte et l\u2019engagement palestiniens pour la lib\u00e9ration de la terre et du peuple de Palestine.<\/p>\n<p>\u00ab\u00a0Nous ne pouvons ni pardonner ni oublier la violence de l\u2019\u00e9t\u00e9 dernier. Nous restons indign\u00e9s devant la brutalit\u00e9 \u00e0 laquelle Isra\u00ebl s\u2019est livr\u00e9 avec son si\u00e8ge, par terre, mer et air, lors de la plus r\u00e9cente des trois offensives militaires lanc\u00e9es contre Gaza en six ans. Nous restons \u00e9c\u0153ur\u00e9s par le ciblage par Isra\u00ebl des maisons, des \u00e9coles, des abris des Nations-Unies, des mosqu\u00e9es, des ambulances et des h\u00f4pitaux. Nous restons d\u00e9chir\u00e9s et r\u00e9volt\u00e9s par le nombre d\u2019enfants qu\u2019Isra\u00ebl a tu\u00e9s dans une op\u00e9ration qu\u2019il a qualifi\u00e9 de \u00ab\u00a0d\u00e9fensive\u00a0\u00bb. Nous rejetons le r\u00f4le de victime que se donne Isra\u00ebl. Quiconque jette un regard franc sur les destructions des vies et des biens \u00e0 Gaza peut voir qu\u2019Isra\u00ebl a commis un carnage \u00e0 sens unique. Avec 100 000 personnes toujours sans abri \u00e0 Gaza, les effets du massacre continuent de d\u00e9vaster Gaza aujourd\u2019hui, et ils se poursuivront des ann\u00e9es encore.<\/p>\n<p>\u00ab\u00a0L\u2019injustice et la cruaut\u00e9 d\u2019Isra\u00ebl \u00e0 l\u2019\u00e9gard des Palestiniens ne se limitent pas \u00e0 Gaza et ne concernent pas un groupe palestinien particulier. L\u2019oppression des Palestiniens s\u2019\u00e9tend \u00e0 travers tous les territoires occup\u00e9s, \u00e0 l\u2019int\u00e9rieur des fronti\u00e8res de 1948 d\u2019Isra\u00ebl, et dans les pays voisins. Les Forces d\u2019occupation isra\u00e9liennes continuent de tuer des manifestants \u2013 dont des enfants\u00a0-, elles continuent leurs raids en pleine nuit contre les civils, d\u2019enfermer des centaines de personnes en d\u00e9tention illimit\u00e9e, de d\u00e9molir les maisons tout en agrandissant les colonies ill\u00e9gales pour juifs exclusivement. Les politiciens isra\u00e9liens, comme Benjamin Netanyahu, exhortent contre les citoyens palestiniens \u00e0 l\u2019int\u00e9rieur des fronti\u00e8res reconnues d\u2019Isra\u00ebl, o\u00f9 plus de 50 lois discriminent les non-juifs.<\/p>\n<p>\u00ab\u00a0Notre soutien s\u2019\u00e9tend \u00e0 ceux qui vivent sous l\u2019occupation et sous le si\u00e8ge, aux citoyens palestiniens d\u2019Isra\u00ebl, et aux cinq millions de r\u00e9fugi\u00e9s palestiniens exil\u00e9s en Jordanie, au Liban, en Syrie et en Palestine. Le droit au retour des r\u00e9fugi\u00e9s dans leur pays d\u2019origine dans ce qui est Isra\u00ebl aujourd\u2019hui est l\u2019aspect le plus important de la justice pour les Palestiniens.<\/p>\n<p>\u00ab\u00a0La lib\u00e9ration palestinienne repr\u00e9sente une menace inh\u00e9rente \u00e0 l\u2019\u00c9tat sioniste d\u2019Isra\u00ebl, un \u00c9tat colonial qui s\u2019est b\u00e2ti sur une purification ethnique, sur le vol de la terre, et le d\u00e9ni de l\u2019humanit\u00e9 et de la souverainet\u00e9 des Palestiniens. M\u00eame si nous reconnaissons que la configuration de l\u2019apartheid en Isra\u00ebl\/Palestine se distingue de ce qui a eu lieu aux \u00c9tats-Unis et en Afrique du Sud, nous continuons de voir des liens entre la situation des Palestiniens et celle de la population noire.<\/p>\n<p>\u00ab\u00a0L\u2019utilisation g\u00e9n\u00e9ralis\u00e9e par Isra\u00ebl de la d\u00e9tention et de l\u2019emprisonnement contre les Palestiniens \u00e9voque l\u2019incarc\u00e9ration massive des Noirs aux USA, notamment l\u2019emprisonnement politique de nos propres r\u00e9volutionnaires. Les soldats, policiers et tribunaux justifient la force meurtri\u00e8re contre nous et nos enfants qui ne constituons aucune menace imminente. Et si les USA et Isra\u00ebl continuent de nous opprimer sans collaborer entre eux, nous avons \u00e9t\u00e9 t\u00e9moins que policiers et soldats des deux pays s\u2019entra\u00eenent c\u00f4te \u00e0 c\u00f4te.<\/p>\n<p>\u00ab\u00a0Les dirigeants et les m\u00e9dias \u00e9tats-uniens et isra\u00e9liens criminalisent notre existence, pr\u00e9sentent les violences contre nous comme des \u00ab\u00a0incidents isol\u00e9s\u00a0\u00bb, et qualifient notre r\u00e9sistance d\u2019\u00a0\u00bbill\u00e9gitime\u00a0\u00bb ou de \u00ab\u00a0terrorisme\u00a0\u00bb. Ces descriptions ne tiennent aucun compte des d\u00e9cennies et des si\u00e8cles d\u2019une violence anti-palestinienne et anti-noire qui a toujours \u00e9t\u00e9 au c\u0153ur d\u2019Isra\u00ebl et des \u00c9tats-Unis. Nous reconnaissons que le racisme qui caract\u00e9rise le traitement des Palestiniens par Isra\u00ebl est \u00e9galement dirig\u00e9 contre d\u2019autres dans la r\u00e9gion, incluant l\u2019intol\u00e9rance, la brutalit\u00e9 polici\u00e8re et la violence contre la population africaine en Isra\u00ebl. Les dirigeants isra\u00e9liens appellent les demandeurs d\u2019asile venant du Soudan et d\u2019\u00c9rythr\u00e9e des \u00ab\u00a0infiltr\u00e9s\u00a0\u00bb et ils les gardent en d\u00e9tention dans le d\u00e9sert, pendant que l\u2019\u00c9tat fait st\u00e9riliser les Isra\u00e9liennes \u00e9thiopiennes \u00e0 leur insu et sans leur consentement. Ces questions exigent une action unifi\u00e9e contre le racisme anti-noir, la supr\u00e9matie blanche et le sionisme.<\/p>\n<p>\u00ab\u00a0Nous savons que la violence d\u2019Isra\u00ebl envers les Palestiniens serait impossible si les \u00c9tats-Unis ne d\u00e9fendaient pas Isra\u00ebl sur la sc\u00e8ne mondiale et ne finan\u00e7aient pas sa violence avec plus de 3 milliards de dollars chaque ann\u00e9e. Nous demandons au gouvernement des \u00c9tats-Unis de mettre fin \u00e0 son aide \u00e9conomique et diplomatique \u00e0 Isra\u00ebl. Nous approuvons sans r\u00e9serve l\u2019appel de 2005 de la soci\u00e9t\u00e9 civile palestinienne pour le Boycott, D\u00e9sinvestissement et les Sanctions (BDS) contre Isra\u00ebl, et nous demandons aux Noirs et \u00e0 leurs institutions et organisations de faire de m\u00eame. Nous exhortons les gens de conscience \u00e0 reconna\u00eetre le combat pour la lib\u00e9ration palestinienne comme une question capitale de notre temps.<\/p>\n<p>\u00ab\u00a0Alors que le mouvement BDS grandit, nous proposons que G4S, la plus grande entreprise priv\u00e9e de s\u00e9curit\u00e9, soit une cible pour une plus ample lutte commune. G4S nuit \u00e0 des milliers de prisonniers politiques palestiniens d\u00e9tenus en Isra\u00ebl ill\u00e9galement et \u00e0 des centaines de jeunes noirs et bronz\u00e9s dans les prisons privatis\u00e9es pour mineurs aux \u00c9tats-Unis. L\u2019entreprise tire profit des incarc\u00e9rations et expulsions hors des \u00c9tats-Unis et de la Palestine, vers le Royaume-Uni, l\u2019Afrique du Sud, et l\u2019Australie. Nous rejetons les notions de \u00ab\u00a0s\u00e9curit\u00e9\u00a0\u00bb qui mettent n\u2019importe lequel de nos groupes en situation d\u2019ins\u00e9curit\u00e9, et nous le r\u00e9affirmons, personne n\u2019est libre tant que tous, nous ne le serons pas.<\/p>\n<p>\u00ab\u00a0Nous offrons cette d\u00e9claration d\u2019abord et avant tout aux Palestiniens, dont la souffrance ne passe pas inaper\u00e7ue et dont la r\u00e9sistance et la d\u00e9termination contre le racisme et le colonialisme nous inspirent. C\u2019est aux Palestiniens, ainsi qu\u2019aux gouvernements isra\u00e9lien et \u00e9tats-unien, que nous d\u00e9clarons notre engagement \u00e0 \u0153uvrer par des moyens culturels, \u00e9conomiques et politiques pour assurer la lib\u00e9ration palestinienne, en m\u00eame temps que nous \u0153uvrons \u00e0 notre propre lib\u00e9ration. Nous encourageons les militants \u00e0 utiliser cette d\u00e9claration pour faire avancer la solidarit\u00e9 avec la Palestine et nous incitons nos propres personnalit\u00e9s politiques noires \u00e0 bouger enfin sur cette question. Par la poursuite de ces interactions et \u00e9changes transnationaux, nous cherchons \u00e0 affiner notre pratique de la lutte commune contre le capitalisme, le colonialisme, l\u2019imp\u00e9rialisme, et les diff\u00e9rents racismes ancr\u00e9s dans et autour de nos soci\u00e9t\u00e9s.<\/p>\n<p>Ensemble vers la lib\u00e9ration\u00a0\u00bb<\/p>\n<\/div>\n<\/div>\n<p><!--more--><\/p>\n<p>&nbsp;<\/p>\n<div class=\"ps\">\n<p><a href=\"http:\/\/www.blackforpalestine.com\/\" target=\"_blank\" rel=\"external\">Black Solidarity with Palestine<\/a><\/p>\n<p><a href=\"http:\/\/www.blackforpalestine.com\/about-the-signatories.html\" target=\"_blank\" rel=\"external\">A propos des signataires<\/a><\/p>\n<p><a href=\"http:\/\/www.blackforpalestine.com\/view-the-signatories.html\" target=\"_blank\" rel=\"external\">Liste des signataires<\/a><\/p>\n<p><a href=\"http:\/\/www.blackforpalestine.com\/sign-the-statement.html\" target=\"_blank\" rel=\"external\">Signer la d\u00e9claration<\/a><\/p>\n<p style=\"text-align: right;\"><a href=\"http:\/\/mcpalestine.canalblog.com\/archives\/2015\/08\/30\/32556676.html\">Source<\/a><\/p>\n<\/div>\n","protected":false},"excerpt":{"rendered":"<p>D\u00e9claration de solidarit\u00e9 des Noirs avec la Palestine \u2013 \u00c9t\u00e9 2015 Plus de 1,000 militants, artistes, universitaires, \u00e9tudiants et organisations noir(e)s ont sign\u00e9 la d\u00e9claration de solidarit\u00e9 des Noirs avec la Palestine, et notamment\u00a0: Angela Davis | Cornel West | Mumia Abu-Jamal | Talib Kweli | The Dream Defenders | Malcolm X Grassroots Movement | &#8230; <a title=\"Black Solidarity With Palestine\" class=\"read-more\" href=\"https:\/\/bruxelles-pantheres.be\/?p=2593\" aria-label=\"En savoir plus sur Black Solidarity With Palestine\">Lire la suite<\/a><\/p>\n","protected":false},"author":1,"featured_media":1267,"comment_status":"open","ping_status":"open","sticky":false,"template":"","format":"standard","meta":{"footnotes":""},"categories":[21,6,18,28],"tags":[31,84,15,49],"class_list":["post-2593","post","type-post","status-publish","format-standard","has-post-thumbnail","hentry","category-anti-imperialisme","category-palestine-moyen-orient","category-resistance-bruxelles","category-racismes","tag-belgique","tag-black-power","tag-resistance","tag-usa"],"_links":{"self":[{"href":"https:\/\/bruxelles-pantheres.be\/index.php?rest_route=\/wp\/v2\/posts\/2593","targetHints":{"allow":["GET"]}}],"collection":[{"href":"https:\/\/bruxelles-pantheres.be\/index.php?rest_route=\/wp\/v2\/posts"}],"about":[{"href":"https:\/\/bruxelles-pantheres.be\/index.php?rest_route=\/wp\/v2\/types\/post"}],"author":[{"embeddable":true,"href":"https:\/\/bruxelles-pantheres.be\/index.php?rest_route=\/wp\/v2\/users\/1"}],"replies":[{"embeddable":true,"href":"https:\/\/bruxelles-pantheres.be\/index.php?rest_route=%2Fwp%2Fv2%2Fcomments&post=2593"}],"version-history":[{"count":2,"href":"https:\/\/bruxelles-pantheres.be\/index.php?rest_route=\/wp\/v2\/posts\/2593\/revisions"}],"predecessor-version":[{"id":2595,"href":"https:\/\/bruxelles-pantheres.be\/index.php?rest_route=\/wp\/v2\/posts\/2593\/revisions\/2595"}],"wp:featuredmedia":[{"embeddable":true,"href":"https:\/\/bruxelles-pantheres.be\/index.php?rest_route=\/wp\/v2\/media\/1267"}],"wp:attachment":[{"href":"https:\/\/bruxelles-pantheres.be\/index.php?rest_route=%2Fwp%2Fv2%2Fmedia&parent=2593"}],"wp:term":[{"taxonomy":"category","embeddable":true,"href":"https:\/\/bruxelles-pantheres.be\/index.php?rest_route=%2Fwp%2Fv2%2Fcategories&post=2593"},{"taxonomy":"post_tag","embeddable":true,"href":"https:\/\/bruxelles-pantheres.be\/index.php?rest_route=%2Fwp%2Fv2%2Ftags&post=2593"}],"curies":[{"name":"wp","href":"https:\/\/api.w.org\/{rel}","templated":true}]}}