{"id":2603,"date":"2015-10-29T16:26:07","date_gmt":"2015-10-29T15:26:07","guid":{"rendered":"https:\/\/bruxelles-pantheres.be\/?p=2603"},"modified":"2015-10-29T16:26:07","modified_gmt":"2015-10-29T15:26:07","slug":"free-ali-aarrass-now","status":"publish","type":"post","link":"https:\/\/bruxelles-pantheres.be\/?p=2603","title":{"rendered":"FREE ALI AARRASS NOW"},"content":{"rendered":"<table class=\"Bs nH iY\" style=\"height: 78px;\" width=\"720\" cellpadding=\"0\">\n<tbody>\n<tr>\n<td class=\"Bu\"><em>Pour \u00eatre tenu au courant du<br \/>\n<\/em><\/p>\n<div class=\"clearfix _2ko1\">\n<div class=\"_6a _5v1q rfloat _ohf\">\n<div class=\"_6a _6b\">\n<div class=\"_5v1l _11s4\"><a href=\"https:\/\/www.facebook.com\/events\/1766822320211880\/?ref=1&amp;action_history=%5B%7B%22surface%22%3A%22permalink%22%2C%22mechanism%22%3A%22surface%22%2C%22extra_data%22%3A%5B%5D%7D%5D\">Sit in pour Ali Aarrass devant l&rsquo;Ambassade du Maroc<\/a><\/div>\n<\/div>\n<\/div>\n<\/div>\n<\/td>\n<\/tr>\n<\/tbody>\n<\/table>\n<div id=\":19k\" tabindex=\"-1\"><\/div>\n<div id=\":10j\" class=\"ii gt m150aac76a7d5cd4b adP adO\">\n<div id=\":10n\" class=\"a3s\">\n<div>\n<table border=\"0\" width=\"100%\" cellspacing=\"0\" cellpadding=\"0\">\n<tbody>\n<tr>\n<td>Ali Aarrass est \u00e0 son 63\u00e8me jour de gr\u00e8ve de la faim, il est injustement accus\u00e9 de terrorisme au Maroc sans la moindre preuve contre lui, tortur\u00e9 depuis 7 ans&#8230; L&rsquo;Etat belge ne fait rien malgr\u00e9 les d\u00e9cisions des tribunaux et sa qualit\u00e9 de ressortissant belge. D\u00e9sormais Farida, sa soeur se joint en soutien en gr\u00e8ve de la faim tant que rien ne bougera en faveur d&rsquo;Ali&#8230;<br \/>\nVoir le <a href=\"http:\/\/www.zintv.org\/IMG\/pdf\/CPAliAarrass15-10-26.pdf\" target=\"_blank\">communiqu\u00e9 de presse<\/a><em><br \/>\n<\/em><\/td>\n<\/tr>\n<\/tbody>\n<\/table>\n<div><\/div>\n<table border=\"0\" width=\"100%\" cellspacing=\"0\" cellpadding=\"10px\">\n<tbody>\n<tr>\n<td valign=\"top\"><a href=\"http:\/\/www.zintv.org\/Ali-Aarass-Rassemblement-du-21-10\" target=\"_blank\"><img decoding=\"async\" class=\"CToWUd\" src=\"https:\/\/ci4.googleusercontent.com\/proxy\/jVdvTIVd2KKR8NDtz9qV4RWbPcVMXK9YeRBIf3KVwuR1VO_EF6uvYnoDv6NzBqrvo_eYX8NGF5GyNcAN4H6gauqtYkiITElE=s0-d-e1-ft#https:\/\/i.vimeocdn.com\/video\/541369271_590x332.jpg\" alt=\"\" width=\"90%\" \/><\/a><\/td>\n<td><a href=\"http:\/\/www.zintv.org\/Ali-Aarass-Rassemblement-du-21-10\" target=\"_blank\">[Vid\u00e9o] Lib\u00e9rez Ali Aarass &#8211; 21\/10\/2015<\/a><\/p>\n<p>Une prochaine action de soutient est pr\u00e9vu ce mercredi 28 octobre 2015 de 11.30 \u00e0 13.30 devant l\u2019ambassade du Maroc \u00e0 Bruxelles.<\/td>\n<\/tr>\n<\/tbody>\n<\/table>\n<div><\/div>\n<table border=\"0\" width=\"100%\" cellspacing=\"0\" cellpadding=\"10px\">\n<tbody>\n<tr>\n<td valign=\"top\"><a href=\"http:\/\/www.zintv.org\/Le-choeur-d-Ali-Aarrass-appel-aux\" target=\"_blank\"><img decoding=\"async\" class=\"CToWUd\" src=\"https:\/\/ci6.googleusercontent.com\/proxy\/aEu_SP6w2Xzufx0zNCgV9RlAnQMHu7FZ5U7ttYsZcPMMwyh_FikONi7sEOl2ov0mEUVFpRQGJsKrzCwYoU1S2Wimpxz416o7=s0-d-e1-ft#https:\/\/i.vimeocdn.com\/video\/541376679_590x332.jpg\" alt=\"\" width=\"90%\" \/><\/a><\/td>\n<td><a href=\"http:\/\/www.zintv.org\/Le-choeur-d-Ali-Aarrass-appel-aux\" target=\"_blank\">[Vid\u00e9o] Le choeur d\u2019Ali Aarrass: appel aux artistes et aux citoyens<\/a><\/p>\n<p>Une prochaine action de soutient est pr\u00e9vu ce mercredi 28 octobre 2015 de 11.30 \u00e0 13.30 devant l\u2019ambassade du Maroc \u00e0 Bruxelles.<\/td>\n<\/tr>\n<\/tbody>\n<\/table>\n<div><\/div>\n<table border=\"0\" width=\"100%\" cellspacing=\"0\" cellpadding=\"10px\">\n<tbody>\n<tr>\n<td valign=\"top\"><a href=\"http:\/\/www.zintv.org\/Lettre-a-Didier-Reynders-Nous-vous\" target=\"_blank\"><img decoding=\"async\" class=\"CToWUd\" src=\"https:\/\/ci3.googleusercontent.com\/proxy\/0nyHS4iNn-xminzfepgpbXoCY3-QcgiHyTKXvSKekuzpsRIqrBkoWt5PXm_bSgpeKmpf_brQSB9DXSRviiMJnjCT4gb4pqABCtZGgtjqLNrdH-2p2BIbUzuIhZvdYFi5G7FcJb5CSAsFrecxTOuoV4NXfNEsWg=s0-d-e1-ft#http:\/\/www.zintv.org\/local\/cache-vignettes\/L440xH293\/Ali-Aarrass-parlement-Alexis-Manu-69e86.jpg\" alt=\"\" width=\"90%\" \/><\/a><\/td>\n<td><a href=\"http:\/\/www.zintv.org\/Lettre-a-Didier-Reynders-Nous-vous\" target=\"_blank\">Lettre \u00e0 Didier Reynders: \u00ab\u00a0Nous vous demandons d\u2019intervenir imm\u00e9diatement pour sauver Ali Aarrass avant qu\u2019il ne soit trop tard\u00a0\u00bb<\/a><\/p>\n<p>Signez la lettre <a href=\"http:\/\/www.freeali.eu\/lettre-a-didier-reynders-nous-vous-demandons-dintervenir-immediatement-pour-sauver-ali-aarrass-avant-quil-ne-soit-trop-tard\/\" target=\"_blank\">ici<\/a><\/td>\n<\/tr>\n<\/tbody>\n<\/table>\n<div><\/div>\n<table border=\"0\" width=\"100%\" cellspacing=\"0\" cellpadding=\"10px\">\n<tbody>\n<tr>\n<td valign=\"top\"><a href=\"http:\/\/www.zintv.org\/Action-pour-Ali-Aarrass-durant-une\" target=\"_blank\"><img decoding=\"async\" class=\"CToWUd\" src=\"https:\/\/ci3.googleusercontent.com\/proxy\/QYko05liO8wwgbDMvcvUkYM-2fGlmZMEkuJ48Pmt3jBRN-ycOZMw5gIwjp61dGWde5Yemh9nYdpOVRW-=s0-d-e1-ft#http:\/\/www.zintv.org\/IMG\/arton3668.jpg\" alt=\"\" width=\"90%\" \/><\/a><\/td>\n<td><a href=\"http:\/\/www.zintv.org\/Action-pour-Ali-Aarrass-durant-une\" target=\"_blank\">[Vid\u00e9o] Action pour Ali Aarrass durant une conf\u00e9rence de Reynders<\/a><\/p>\n<p>Le comit\u00e9 de soutien de Ali Aarrass est intervenu hier pour interpeller le ministre Didier Reynders (MR) lors de sa conf\u00e9rence dans le cadre des Grandes Conf\u00e9rences catholiques&#8230;<\/td>\n<\/tr>\n<\/tbody>\n<\/table>\n<div><\/div>\n<table border=\"0\" width=\"100%\" cellspacing=\"0\" cellpadding=\"10px\">\n<tbody>\n<tr>\n<td valign=\"top\"><a href=\"http:\/\/www.zintv.org\/La-Belgique-laissera-t-elle-mourir\" target=\"_blank\"><img decoding=\"async\" class=\"CToWUd\" src=\"https:\/\/ci5.googleusercontent.com\/proxy\/oWtd0BJFJIv1c92eFFMIyOWrWqSIKVWRpORIoxYnbilT-PyUHY0s02bu0BvMIdRYovEPFpS6TgSUEb6yauXzfGC3=s0-d-e1-ft#http:\/\/www.zintv.org\/IMG\/jpg\/ali-Aarrass.jpg\" alt=\"\" width=\"90%\" \/><\/a><\/td>\n<td><a href=\"http:\/\/www.zintv.org\/La-Belgique-laissera-t-elle-mourir\" target=\"_blank\">La Belgique laissera-t-elle mourir Ali Aarrass dans sa prison marocaine ?<\/a><\/p>\n<p>Exclusif : Une lettre adress\u00e9e par Didier Reynders \u00e0 son homologue marocain contredit les affirmations du ministre MR selon qui les Affaires \u00e9trang\u00e8res belges feraient tout leur possible pour venir en aide \u00e0 notre compatriote.<\/td>\n<\/tr>\n<\/tbody>\n<\/table>\n<div><\/div>\n<table border=\"0\" width=\"100%\" cellspacing=\"0\" cellpadding=\"10px\">\n<tbody>\n<tr>\n<td valign=\"top\"><a class=\"playable\" href=\"https:\/\/www.youtube.com\/watch?v=TJFpypiSfMg\" target=\"_blank\"><img decoding=\"async\" class=\"CToWUd\" src=\"https:\/\/ci4.googleusercontent.com\/proxy\/KOGpi_-9ydV08hHsZyTW-j6uqOKFQyqgbddvQBjsBvH3LiPm_TFW6l7MuQQ2Dt3IdvLaQrUUK1Bz7ATDjyWoAJg=s0-d-e1-ft#http:\/\/www.zintv.org\/IMG\/jpg\/action-ali.jpg\" alt=\"\" width=\"90%\" \/><\/a><\/td>\n<td><a href=\"https:\/\/www.youtube.com\/watch?v=TJFpypiSfMg\" target=\"_blank\">[Vid\u00e9o] La vid\u00e9o qui d\u00e9range Didier Reynders !<\/a><\/p>\n<p>La vid\u00e9o dont il est question est <a href=\"https:\/\/www.youtube.com\/watch?v=0sG4kXHOiOw\" target=\"_blank\">ici<\/a><\/td>\n<\/tr>\n<\/tbody>\n<\/table>\n<div><\/div>\n<table border=\"0\" width=\"100%\" cellspacing=\"0\" cellpadding=\"10px\">\n<tbody>\n<tr>\n<td valign=\"top\"><a class=\"playable\" href=\"https:\/\/www.youtube.com\/watch?v=VX7gjZ8pVYc\" target=\"_blank\"><img decoding=\"async\" class=\"CToWUd\" src=\"https:\/\/ci5.googleusercontent.com\/proxy\/VQPverMVZAlK11eE-tN9pxZPFezWisAl6K50ZH19XD4Be1rAHWt4gKvQfpytUqjWO1ZmcFtMwsEh9hnchUl0gw=s0-d-e1-ft#http:\/\/www.zintv.org\/IMG\/jpg\/soeur-ali.jpg\" alt=\"\" width=\"90%\" \/><\/a><\/td>\n<td><a href=\"https:\/\/www.youtube.com\/watch?v=VX7gjZ8pVYc\" target=\"_blank\">[Vid\u00e9o] Cri du coeur de la soeur d&rsquo;Ali Aarrass<\/a><\/p>\n<p>&nbsp;<\/td>\n<\/tr>\n<\/tbody>\n<\/table>\n<div><\/div>\n<table border=\"0\" width=\"100%\" cellspacing=\"0\" cellpadding=\"10px\">\n<tbody>\n<tr>\n<td valign=\"top\"><a href=\"http:\/\/www.zintv.org\/Farida-Aarrass-en-greve-de-la-faim\" target=\"_blank\"><img decoding=\"async\" class=\"CToWUd\" src=\"https:\/\/ci4.googleusercontent.com\/proxy\/5OhjfuFfrqQy-bZdR-ZFNeRHkFbUQH8OR-amuYeHImQ_QoaoAFDKY0EO9ZCyMdtHrD3-Sm--JyG6Ik8hGcI2elOHFAcLEyiwEkchgVhH0p9ENodCxKZDPpRgOLPe=s0-d-e1-ft#http:\/\/www.zintv.org\/local\/cache-vignettes\/L120xH96\/arton3682-d28e2.png\" alt=\"\" width=\"90%\" \/><\/a><\/td>\n<td><a href=\"http:\/\/www.zintv.org\/Farida-Aarrass-en-greve-de-la-faim\" target=\"_blank\">Farida Aarrass en gr\u00eave de la faim en soutien \u00e0 Ali Aarrass<\/a><\/p>\n<p>Je ne cesserai pas cette action tant que la Belgique ne manifestera aucune volont\u00e9 pour sauver son ressortissant dans l\u2019imm\u00e9diat<\/td>\n<\/tr>\n<\/tbody>\n<\/table>\n<div><\/div>\n<table border=\"0\" width=\"100%\" cellspacing=\"0\" cellpadding=\"10px\">\n<tbody>\n<tr>\n<td valign=\"top\"><a class=\"playable\" href=\"https:\/\/www.youtube.com\/watch?v=7Fo2G7dIt88\" target=\"_blank\"><img decoding=\"async\" class=\"CToWUd\" src=\"https:\/\/ci4.googleusercontent.com\/proxy\/JYmq6dn5K-XqyBnv7LqRAiDvet2ELlmkfCTOUwqmknPiHsjzjLdL8o9X0odfkHwHpHL9In16gf--3VQLuBuxXNF1aHzL=s0-d-e1-ft#http:\/\/www.zintv.org\/IMG\/jpg\/vincent-cornil.jpg\" alt=\"\" width=\"90%\" \/><\/a><\/td>\n<td><a href=\"https:\/\/www.youtube.com\/watch?v=7Fo2G7dIt88\" target=\"_blank\">[Vid\u00e9o] Interview de Vincent Cornil, Directeur du MRAX<\/a><\/p>\n<p>&nbsp;<\/td>\n<\/tr>\n<\/tbody>\n<\/table>\n<div><\/div>\n<table border=\"0\" width=\"100%\" cellspacing=\"0\" cellpadding=\"10px\">\n<tbody>\n<tr>\n<td valign=\"top\"><a class=\"playable\" href=\"https:\/\/www.youtube.com\/watch?v=0sG4kXHOiOw\" target=\"_blank\"><img decoding=\"async\" class=\"CToWUd\" src=\"https:\/\/ci6.googleusercontent.com\/proxy\/uTUh-rZyl7bhQnCAMQlVflxuGqpKs_6GQaFEm9gzW7sxSUF_VJPvGF_Qqm-20HsYfjrMclmLN-eRdqTXz8TZVH7P=s0-d-e1-ft#http:\/\/www.zintv.org\/IMG\/jpg\/ali-torture.jpg\" alt=\"\" width=\"90%\" \/><\/a><\/td>\n<td><a href=\"https:\/\/www.youtube.com\/watch?v=0sG4kXHOiOw\" target=\"_blank\">[Vid\u00e9o] Ali Aarass pr\u00e8s avoir \u00e9t\u00e9 tortur\u00e9<\/a><\/p>\n<p>2 ans apr\u00e8s que l\u2019ONU ait demand\u00e9 sa lib\u00e9ration, Ali Aarrass est toujours en prison.<\/td>\n<\/tr>\n<\/tbody>\n<\/table>\n<hr \/>\n<hr \/>\n<\/div>\n<\/div>\n<\/div>\n<div id=\":10e\" class=\"hq gt a10\">\n<div id=\":19w\"><\/div>\n<div id=\":19x\" class=\"aQH\"><span class=\"aZo\"><span class=\"aZo\"><a class=\"aQy aZR e aZr\" tabindex=\"0\" href=\"https:\/\/www.youtube.com\/watch?v=TJFpypiSfMg&amp;authuser=0\" target=\"_blank\" data-tooltip=\"La vid\u00e9o qui d\u00e9range Didier Reynders !\" data-tooltip-class=\"a1V\" data-tooltip-align=\"t,c\"><span id=\":12u\" class=\"a3I\">Pr\u00e9visualiser la vid\u00e9o YouTube La vid\u00e9o qui d\u00e9range Didier Reynders !<\/span><\/a><\/span><\/span><\/p>\n<div>\n<div class=\"aSH\">\n<div id=\":19b\" class=\"aYy\">\n<div class=\"aYA\"><img decoding=\"async\" id=\":19d\" class=\"aSM\" src=\"https:\/\/ssl.gstatic.com\/docs\/doclist\/images\/mediatype\/icon_2_youtube_x16.png\" alt=\"\" \/><\/div>\n<\/div>\n<\/div>\n<\/div>\n<\/div>\n<\/div>\n<p><a id=\":19i\" class=\"aQy aZR e aZr\" tabindex=\"0\" href=\"https:\/\/www.youtube.com\/watch?v=TJFpypiSfMg&amp;authuser=0\" target=\"_blank\" data-tooltip=\"La vid\u00e9o qui d\u00e9range Didier Reynders !\" data-tooltip-class=\"a1V\" data-tooltip-align=\"t,c\"><\/a><span class=\"aZo\"><a class=\"aQy aZR e aZr\" tabindex=\"0\" href=\"https:\/\/www.youtube.com\/watch?v=0sG4kXHOiOw&amp;authuser=0\" target=\"_blank\" data-tooltip=\"Vide\u0301o Choc !!!  Ali Aarrass apr\u00e8s avoir \u00e9t\u00e9 malme\" data-tooltip-class=\"a1V\" data-tooltip-align=\"t,c\"><span id=\":10c\" class=\"a3I\">Pr\u00e9visualiser la vid\u00e9o YouTube Vide\u0301o Choc !!! Ali Aarrass apr\u00e8s avoir \u00e9t\u00e9 malme<\/span><\/a><\/span><\/p>\n<div>\n<div class=\"aSH\">\n<div id=\":12h\" class=\"aYy\">\n<div><img decoding=\"async\" id=\":11u\" class=\"aSM\" src=\"https:\/\/ssl.gstatic.com\/docs\/doclist\/images\/mediatype\/icon_2_youtube_x16.png\" alt=\"\" \/><\/div>\n<\/div>\n<\/div>\n<\/div>\n<p><a id=\":11y\" class=\"aQy aZR e aZr\" tabindex=\"0\" href=\"https:\/\/www.youtube.com\/watch?v=0sG4kXHOiOw&amp;authuser=0\" target=\"_blank\" data-tooltip=\"Vide\u0301o Choc !!!  Ali Aarrass apr\u00e8s avoir \u00e9t\u00e9 malme\" data-tooltip-class=\"a1V\" data-tooltip-align=\"t,c\"><\/a><span class=\"aZo\"><a class=\"aQy aZR e aZr\" tabindex=\"0\" href=\"https:\/\/www.youtube.com\/watch?v=VX7gjZ8pVYc&amp;authuser=0\" target=\"_blank\" data-tooltip=\"Cri du coeur de la soeur d'Ali Aarrass !\" data-tooltip-class=\"a1V\" data-tooltip-align=\"t,c\"><span id=\":112\" class=\"a3I\">Pr\u00e9visualiser la vid\u00e9o YouTube Cri du coeur de la soeur d&rsquo;Ali Aarrass !<\/span><\/a><\/span><\/p>\n<div>\n<div class=\"aSH\">\n<div id=\":111\" class=\"aYy\">\n<div class=\"aYA\"><img decoding=\"async\" id=\":10s\" class=\"aSM\" src=\"https:\/\/ssl.gstatic.com\/docs\/doclist\/images\/mediatype\/icon_2_youtube_x16.png\" alt=\"\" \/><\/div>\n<\/div>\n<\/div>\n<\/div>\n<p><a id=\":13w\" class=\"aQy aZR e aZr\" tabindex=\"0\" href=\"https:\/\/www.youtube.com\/watch?v=VX7gjZ8pVYc&amp;authuser=0\" target=\"_blank\" data-tooltip=\"Cri du coeur de la soeur d'Ali Aarrass !\" data-tooltip-class=\"a1V\" data-tooltip-align=\"t,c\"><\/a><span class=\"aZo\"><a class=\"aQy aZR e aZr\" tabindex=\"0\" href=\"https:\/\/www.youtube.com\/watch?v=7Fo2G7dIt88&amp;authuser=0\" target=\"_blank\" data-tooltip=\"Vincent Cornil Directeur du MRAX Ali Aarrass 58 jours de gr\u00e8ve de la faim !\" data-tooltip-class=\"a1V\" data-tooltip-align=\"t,c\"><span id=\":11s\" class=\"a3I\">Pr\u00e9visualiser la vid\u00e9o YouTube Vincent Cornil Directeur du MRAX Ali Aarrass 58 jours de gr\u00e8ve de la faim !<\/span><\/a><\/span><\/p>\n<div>\n<div class=\"aSH\">\n<div id=\":11c\" class=\"aYy\">\n<div class=\"aYA\"><img decoding=\"async\" id=\":11a\" class=\"aSM\" src=\"https:\/\/ssl.gstatic.com\/docs\/doclist\/images\/mediatype\/icon_2_youtube_x16.png\" alt=\"\" \/><\/div>\n<div class=\"aYz\"><\/div>\n<\/div>\n<\/div>\n<\/div>\n<table class=\"Bs nH iY\" cellpadding=\"0\">\n<tbody>\n<tr>\n<td class=\"Bu\"><\/td>\n<\/tr>\n<\/tbody>\n<\/table>\n","protected":false},"excerpt":{"rendered":"<p>Pour \u00eatre tenu au courant du Sit in pour Ali Aarrass devant l&rsquo;Ambassade du Maroc Ali Aarrass est \u00e0 son 63\u00e8me jour de gr\u00e8ve de la faim, il est injustement accus\u00e9 de terrorisme au Maroc sans la moindre preuve contre lui, tortur\u00e9 depuis 7 ans&#8230; L&rsquo;Etat belge ne fait rien malgr\u00e9 les d\u00e9cisions des tribunaux &#8230; <a title=\"FREE ALI AARRASS NOW\" class=\"read-more\" href=\"https:\/\/bruxelles-pantheres.be\/?p=2603\" aria-label=\"En savoir plus sur FREE ALI AARRASS NOW\">Lire la suite<\/a><\/p>\n","protected":false},"author":1,"featured_media":1088,"comment_status":"open","ping_status":"open","sticky":false,"template":"","format":"standard","meta":{"footnotes":""},"categories":[24,18,28],"tags":[53,31,14,30,15,29],"class_list":["post-2603","post","type-post","status-publish","format-standard","has-post-thumbnail","hentry","category-belgique-maroc","category-resistance-bruxelles","category-racismes","tag-ali-aarrass","tag-belgique","tag-bruxelles","tag-maroc","tag-resistance","tag-torture"],"_links":{"self":[{"href":"https:\/\/bruxelles-pantheres.be\/index.php?rest_route=\/wp\/v2\/posts\/2603","targetHints":{"allow":["GET"]}}],"collection":[{"href":"https:\/\/bruxelles-pantheres.be\/index.php?rest_route=\/wp\/v2\/posts"}],"about":[{"href":"https:\/\/bruxelles-pantheres.be\/index.php?rest_route=\/wp\/v2\/types\/post"}],"author":[{"embeddable":true,"href":"https:\/\/bruxelles-pantheres.be\/index.php?rest_route=\/wp\/v2\/users\/1"}],"replies":[{"embeddable":true,"href":"https:\/\/bruxelles-pantheres.be\/index.php?rest_route=%2Fwp%2Fv2%2Fcomments&post=2603"}],"version-history":[{"count":1,"href":"https:\/\/bruxelles-pantheres.be\/index.php?rest_route=\/wp\/v2\/posts\/2603\/revisions"}],"predecessor-version":[{"id":2604,"href":"https:\/\/bruxelles-pantheres.be\/index.php?rest_route=\/wp\/v2\/posts\/2603\/revisions\/2604"}],"wp:featuredmedia":[{"embeddable":true,"href":"https:\/\/bruxelles-pantheres.be\/index.php?rest_route=\/wp\/v2\/media\/1088"}],"wp:attachment":[{"href":"https:\/\/bruxelles-pantheres.be\/index.php?rest_route=%2Fwp%2Fv2%2Fmedia&parent=2603"}],"wp:term":[{"taxonomy":"category","embeddable":true,"href":"https:\/\/bruxelles-pantheres.be\/index.php?rest_route=%2Fwp%2Fv2%2Fcategories&post=2603"},{"taxonomy":"post_tag","embeddable":true,"href":"https:\/\/bruxelles-pantheres.be\/index.php?rest_route=%2Fwp%2Fv2%2Ftags&post=2603"}],"curies":[{"name":"wp","href":"https:\/\/api.w.org\/{rel}","templated":true}]}}