{"id":2605,"date":"2015-10-29T17:00:27","date_gmt":"2015-10-29T16:00:27","guid":{"rendered":"https:\/\/bruxelles-pantheres.be\/?p=2605"},"modified":"2015-10-29T17:00:27","modified_gmt":"2015-10-29T16:00:27","slug":"tribune-dangela-davis-pour-la-marche-de-la-dignite","status":"publish","type":"post","link":"https:\/\/bruxelles-pantheres.be\/?p=2605","title":{"rendered":"Tribune d&rsquo;Angela Davis pour la Marche de la Dignit\u00e9"},"content":{"rendered":"<pre class=\"entry-title\"><strong><span class=\"fsl\">Nous vous mobilisons afin de nous rendre massivement \u00e0 Paris le 31 Octobre pour faire de cette Marche un \u00e9v\u00e9nement historique !\r\n \r\n <a href=\"https:\/\/www.facebook.com\/events\/839779482787539\/\" rel=\"nofollow\">https:\/\/www.facebook.com\/<wbr><\/wbr>events\/839779482787539\/<\/a>\r\n <\/span>\r\n\u00ab De Ferguson \u00e0 Paris, marchons pour la dignit\u00e9 ! \u00bb<\/strong><\/pre>\n<div class=\"entry-meta\"><\/div>\n<div class=\"post-thumbnail\"><img decoding=\"async\" class=\"attachment-single-post-thumbnail wp-post-image\" src=\"http:\/\/indigenes-republique.fr\/wp-content\/uploads\/2015\/05\/meet-4-400x267.jpg\" alt=\"meet 4\" width=\"400\" height=\"267\" \/><\/div>\n<p>Une transformation historique est en cours dans les m\u00e9tropoles occidentales. Depuis 2013, les \u00c9tats-Unis traversent une vague de contestation profonde des institutions polici\u00e8res et judiciaires. \u00c0 la suite de la mort de trois hommes noirs \u2013 Trayvon Martin, puis Michael Brown et Eric Garner entre les mains de la police \u2013, un mouvement a vu le jour pour r\u00e9clamer la justice sociale et raciale, sous le nom de \u00ab Black Lives Matter \u00bb.<\/p>\n<p>\u00ab Les vies des Noirs sont importantes \u00bb, dit litt\u00e9ralement le slogan. Cet \u00e9nonc\u00e9 prescriptif d\u00e9nonce une politique syst\u00e9matis\u00e9e qui veut que la vie d\u2019une personne africaine-am\u00e9ricaine soit moins importante que celle d\u2019une personne blanche. La violence \u00e0 l\u2019encontre des Africains-am\u00e9ricains ne se manifeste en effet pas seulement par des brutalit\u00e9s isol\u00e9es, mais par une discrimination syst\u00e9mique au sein des institutions judiciaires et polici\u00e8res : les crimes racistes commis par les forces de l\u2019ordre (et parfois par des citoyens blancs) restent impunis, sont sciemment couverts par les instances de r\u00e9pression et sont socialement valid\u00e9s par les arbitrages judiciaires.<\/p>\n<div class=\"entry-content\">\n<div class=\"pf-content\">\n<p>Cette r\u00e9alit\u00e9 est un secret de polichinelle. En faire le r\u00e9cit rel\u00e8ve du lieu commun, mais il faut des milliers de personnes dans les rues pour l\u2019imposer dans le d\u00e9bat public. Et c\u2019est ce qui s\u2019est produit\u00a0: en deux ans, la question des violences polici\u00e8res est devenue incontournable dans le paysage m\u00e9diatique et politique \u00e9tatsunien. Ce tournant est le fruit d\u2019initiatives multiples, des marches contre les violences polici\u00e8res jusqu\u2019aux interpellations de candidats \u00e9lectoraux, en passant par une occupation r\u00e9solue des r\u00e9seaux sociaux, blogs et plate-formes num\u00e9riques. Cette vague contestataire est l\u2019un des mouvements les plus prometteurs depuis\u00a0<a href=\"http:\/\/occupywallst.org\/\"><em>Occupy Wall Street<\/em><\/a>\u00a0pour ceux qui luttent en faveur de la justice sociale et de l\u2019\u00e9galit\u00e9.<\/p>\n<p>En France, une initiative des plus prometteuses rassemble une pluralit\u00e9 de militantes, issues des horizons sociaux et politiques les plus divers, pour lutter contre le racisme d\u2019\u00c9tat, l\u2019islamophobie, la rromophobie et leur point de cristallisation principal\u00a0: les violences polici\u00e8res. Ces femmes, toutes issues de l\u2019immigration et des quartiers populaires, ont appel\u00e9 \u00e0 une \u00ab\u00a0<a href=\"http:\/\/indigenes-republique.fr\/marche-de-la-dignite-lappel-avec-le-soutien-dangela-davis\/\">marche de la dignit\u00e9<\/a>\u00a0\u00bb le 31 octobre, pour r\u00e9clamer la fin de l\u2019arbitraire policier et raciste.<\/p>\n<p>Cet appel a d\u2019ores et d\u00e9j\u00e0 re\u00e7u un soutien impressionnant. Elle est absolument unitaire au sein des luttes de l\u2019immigration et des quartiers populaires. De nombreuses associations de terrain, qui luttent au quotidien contre l\u2019islamophobie, la n\u00e9grophobie ou encore la rromophobie, en sont partie prenante. \u00c0 l\u2019initiative de militants associatifs, des cars seront affr\u00e9t\u00e9s depuis la province vers Paris. Du c\u00f4t\u00e9 de la gauche radicale fran\u00e7aise, il faut noter que la plupart de ses organisations ont appel\u00e9 \u00e0 cette manifestation. \u00c0 l\u2019international, de nombreux groupes autour de\u00a0<em>Black Lives Matter<\/em>\u00a0ont apport\u00e9 leur soutien. C\u2019est le cas aussi de\u00a0<em>Podemos<\/em>\u00a0ou encore de la coalition turque HDK auquel est affili\u00e9 le principal parti d\u2019opposition de gauche pro-kurde HDP.<\/p>\n<p>Si cette initiative fait sens du c\u00f4t\u00e9 de ceux qui subissent les discriminations de fa\u00e7on syst\u00e9matique, elle a donc aussi le potentiel d\u2019\u00eatre un mouvement\u00a0<em>rassembleur<\/em>, un moment fort des mobilisations sociales au sens large et pour l\u2019ensemble des forces progressistes.\u00a0Elle porte aussi un message internationaliste, car il s\u2019adresse \u00e0 toutes celles et ceux qui luttent contre le syst\u00e8me mondial de la supr\u00e9matie blanche, soutenu par les \u00c9tats imp\u00e9rialistes et leurs politiques n\u00e9ocoloniales \u00e0 l\u2019\u00e9tranger, carc\u00e9rales et s\u00e9curitaires \u00e0 l\u2019int\u00e9rieur.<\/p>\n<p>Il n\u2019est \u00e0 cet \u00e9gard pas anodin que cette mobilisation ait lieu en pleine offensive isra\u00e9lienne \u00e0 J\u00e9rusalem\u00a0et dans les colonies. Isra\u00ebl est aujourd\u2019hui un pilier de ce syst\u00e8me n\u00e9ocolonial, par son r\u00f4le de gendarme du Moyen-Orient, son r\u00e9gime d\u2019apartheid \u00e0 l\u2019\u00e9gard des Palestiniens et son r\u00f4le d\u2019avant-garde dans le complexe militaro-carc\u00e9ral et la promotion des technologies de maintien de l\u2019ordre. Pour les marcheurs fran\u00e7ais, cette conjoncture est \u00e0 la fois riches d\u2019analogies, tant la France\u00a0a une position pro-active dans les technologies s\u00e9curitaires (drones, surveillance,\u00a0armes pr\u00e9tendument non l\u00e9thales),\u00a0et tant son gouvernement appuie syst\u00e9matiquement les initiatives isra\u00e9liennes.<\/p>\n<p>Enfin, cet appel est lanc\u00e9 en France par ce que, dans le monde anglophone, nous avons l\u2019habitude d\u2019appeler des \u00ab\u00a0femmes de couleur\u00a0\u00bb (<em>women of color<\/em>). Cette dimension r\u00e9sonne particuli\u00e8rement avec les combats que j\u2019ai eu \u00e0 mener. Hier comme aujourd\u2019hui, les femmes non blanches ont eu une place sp\u00e9cifique dans le syst\u00e8me raciste. Du r\u00f4le de soutien de famille des Africaines-am\u00e9ricaines jusqu\u2019aux femmes, s\u0153urs et filles d\u2019hommes victimes du syst\u00e8me policier et carc\u00e9ral, nous, femmes de couleur, avons toujours jou\u00e9 un r\u00f4le d\u2019avant-garde dans la lutte antiraciste. Je suis heureuse de voir de nouvelles g\u00e9n\u00e9rations de femmes reprendre ce flambeau, et r\u00e9affirmer la dignit\u00e9 de millions de voix \u00e9cras\u00e9es, humili\u00e9es, de familles bris\u00e9es, et d\u2019h\u00e9ritages rompus.<\/p>\n<p><em><strong>Octobre 2015, Angela Davis<\/strong><\/em><\/p>\n<p><a href=\"http:\/\/blogs.mediapart.fr\/edition\/les-invites-de-mediapart\/article\/191015\/angela-davis-de-ferguson-paris-marchons-pour-la-dignite\"><em><strong>Source<\/strong> <\/em><\/a><\/p>\n<p><span class=\"fsl\">Nous vous mobilisons afin de nous rendre massivement \u00e0 Paris le 31 Octobre pour faire de cette Marche un \u00e9v\u00e9nement historique !<\/p>\n<p><a href=\"https:\/\/www.facebook.com\/events\/839779482787539\/\" rel=\"nofollow\">https:\/\/www.facebook.com\/<wbr><\/wbr>events\/839779482787539\/<\/a><br \/>\n<\/span><\/p>\n<p style=\"text-align: left;\"><span class=\"fsl\"><strong>\u00ab MARCHE DE LA DIGNIT\u00c9 \u00bb ( Appel Belge )<\/strong><br \/>\n<\/span><\/p>\n<p style=\"text-align: left;\"><span class=\"fsl\"><a href=\"https:\/\/bruxelles-pantheres.be\/wp-content\/uploads\/2015\/10\/12167727_967950159929599_832843243_n.jpg\"><img decoding=\"async\" class=\"alignnone size-full wp-image-2606\" src=\"https:\/\/bruxelles-pantheres.be\/wp-content\/uploads\/2015\/10\/12167727_967950159929599_832843243_n.jpg\" alt=\"12167727_967950159929599_832843243_n\" width=\"681\" height=\"960\" srcset=\"https:\/\/bruxelles-pantheres.be\/wp-content\/uploads\/2015\/10\/12167727_967950159929599_832843243_n.jpg 681w, https:\/\/bruxelles-pantheres.be\/wp-content\/uploads\/2015\/10\/12167727_967950159929599_832843243_n-213x300.jpg 213w, https:\/\/bruxelles-pantheres.be\/wp-content\/uploads\/2015\/10\/12167727_967950159929599_832843243_n-540x761.jpg 540w\" sizes=\"(max-width: 681px) 100vw, 681px\" \/><\/a><br \/>\nLa pr\u00e9sence quotidienne de policiers dans nos quartiers est une des principales causes d\u2019ins\u00e9curit\u00e9 pour les habitants des quartiers populaires. Les descentes massi<span class=\"text_exposed_show\">ves de police se sont multipli\u00e9es provoquant chez les habitants des quartiers le sentiment d\u2019\u00eatre \u00abassi\u00e9g\u00e9s par des forces d\u2019occupation \u00bb. Des incidents graves et r\u00e9p\u00e9titifs, li\u00e9s \u00e0 ces interventions polici\u00e8res, sont commis en toute impunit\u00e9, souvent dans le cadre d\u2019op\u00e9rations dites \u00ab antiterroristes \u00bb.<\/p>\n<p>Par le pass\u00e9, \u00e0 Forest (1991), Molenbeek (1995), Anderlecht (1997), des jeunes issus des quartiers populaires de Bruxelles s\u2019\u00e9taient d\u00e9j\u00e0 heurt\u00e9s avec violence aux forces polici\u00e8res.<\/p>\n<p>Le 22 septembre 1998, la Nig\u00e9riane de 20 ans, Semira Adamu, demandeuse d\u2019asile, a \u00e9t\u00e9 tu\u00e9e lors de son expulsion, \u00e9touff\u00e9e avec un coussin maintenu sur son visage par les policiers qui l\u2019escortaient dans l\u2019avion&#8230;<\/p>\n<p>Le 28 ao\u00fbt 2009, Khaled est frapp\u00e9 \u00e0 coups de matraque, menott\u00e9 et contraint de monter dans un fourgon de police. \u00ab Dis que tu es un sale macaque ou je frappe plus fort ! \u00bb, s\u2019\u00e9crie un policier. Khaled s\u2019ex\u00e9cute. \u00ab Apr\u00e8s je me sentais si humili\u00e9. Je regrette toujours, mais j\u2019\u00e9tais gagn\u00e9 par la peur \u00bb, confiera le jeune homme traumatis\u00e9.<\/p>\n<p>Durant l\u2019hiver 2011-2012, Bruxelles f\u00fbt le th\u00e9\u00e2tre de manifestations belgo-congolaises protestant contre la r\u00e9\u00e9lection truqu\u00e9e de Joseph Kabila en RDC. M\u00e9dias et pouvoirs politiques belges ont imm\u00e9diatement qualifi\u00e9 ces manifs \u00ab d\u2019\u00e9meutes \u00bb : une psychose s\u00e9curitaire et n\u00e9grophobe s\u2019est impos\u00e9e sans tarder !<\/p>\n<p>Les s\u0153urs Cathy et Julie Mubenga, Belges d&rsquo;origine congolaise, ont \u00e9t\u00e9 violemment agress\u00e9es par des policiers aux cris de \u00ab D\u00e9gage, sale pute ! Sale n\u00e8gre ! D\u00e9gage ! \u00bb&#8230; R\u00e9sultat : commotion c\u00e9r\u00e9brale et hospitalisation pour l\u2019une ; le traditionnel fourgon pour l\u2019autre. \u00ab Dans le combis, ils m&rsquo;ont tir\u00e9 les cheveux, d\u00e9chir\u00e9 les v\u00eatements, d\u00e9truit mes lunettes. J&rsquo;\u00e9tais menott\u00e9e, mais \u00e7a ne les emp\u00eachait pas de me frapper avec leurs matraques et ils n&rsquo;arr\u00eataient pas de m&rsquo;insulter : &lsquo;Tu vas voir, sale n\u00e8gre ! Esp\u00e8ce de macaque, on va te faire retourner l\u00e0-bas ! Tu m\u00e9rites une balle comme les macaques&rsquo; \u00bb, affirme Cathy Mubenga&#8230; qui ne conna\u00eet pas du tout le jeune Khaled.<\/p>\n<p>La mort suspecte du Belgo-marocain Youssef Tariki dans un commissariat de Charleroi et celle du Belgo-congolais Dieumerci Kanda dans une cellule d\u2019un commissariat d\u2019Anderlecht nous confirme que la police n\u2019a pas le moindre respect pour l&rsquo;humanit\u00e9 des communaut\u00e9s noires, arabes et\/ou musulmanes de Bruxelles. Un m\u00e9pris raciste d\u00e9montr\u00e9 quotidiennement par l&rsquo;utilisation excessive de la violence sous toutes ses formes (contr\u00f4les aux faci\u00e8s, rafles, tabassages, etc.)<\/p>\n<p>Le scandale Ali Aarrass &#8211; du nom de ce Belgo-marocain injustement accus\u00e9 de \u00ab terrorisme \u00bb, abandonn\u00e9 par l\u2019Etat belge, extrad\u00e9, puis incarc\u00e9r\u00e9 et tortur\u00e9 au Maroc depuis 5 ans &#8211; rappelle \u00e0 chaque Belge d\u2019origine africaine que le racisme d\u2019Etat peut briser sa vie \u00e0 tout moment.<\/p>\n<p>Les cas que nous venons de d\u00e9crire ne sont que quelques exemples de violences polici\u00e8res commises \u00e0 Bruxelles. Avec en ligne de mire, cette r\u00e8gle immuable : on n\u2019\u00e9chappe pas \u00e0 un large spectre de violences institutionnelles lorsqu&rsquo;on fait partie des minorit\u00e9s racis\u00e9es.<\/p>\n<p>Il est temps de dire \u00ab Assez \u00bb \u00e0 ces abus que nous avons subi et subissons encore !<\/p>\n<p>Aujourd&rsquo;hui, comme il y a 30 ans, comme il y a 10 ans, loin d&rsquo;avoir renonc\u00e9 \u00e0 ses comportements pass\u00e9s, l&rsquo;\u00c9tat belge ne sait que renforcer tous ses dispositifs de surveillance et de r\u00e9pression. En plus des conditions sociales toujours plus d\u00e9plorables, le harc\u00e8lement des populations des quartiers, leur humiliation, constituent le quotidien pour les Noirs, les Arabes, les Rroms, les Blancs des quartiers. Dans ce paysage d\u00e9vast\u00e9, le crime policier n&rsquo;est jamais fortuit. Il est l&rsquo;aboutissement de toute la logique d&rsquo;un \u00c9tat qui n&rsquo;a pour nous que d\u00e9sint\u00e9r\u00eat et m\u00e9pris.<\/p>\n<p>Le crime policier est l&rsquo;expression achev\u00e9e du racisme d&rsquo;\u00c9tat. C&rsquo;est celui-ci qui conditionne des fonctionnaires puissamment arm\u00e9s \u00e0 passer \u00e0 l&rsquo;acte, c&rsquo;est lui qui les dispense de r\u00e9fl\u00e9chir au moment tragique, qui leur donne le temps de se saisir de leur arme, d&rsquo;ajuster et de tirer \u00e0 mort ou d&rsquo;\u00e9craser la poitrine et la gorge de leur proie sous la clef d&rsquo;\u00e9tranglement.<\/p>\n<p>Le message implicite que d\u00e9livre le crime policier est simple. \u00ab\u00a0Non seulement vous n&rsquo;\u00eates pas des \u00eatres humains comme les autres, mais avec vous nous pouvons aller jusqu&rsquo;\u00e0 la mise \u00e0 mort et les meurtriers sont assur\u00e9s de l&rsquo;impunit\u00e9\u00a0\u00bb. \u00c0 ce jour, rarissimes sont les proc\u00e8s ayant<br \/>\nabouti favorablement. Le crime policier n&rsquo;est jamais un homicide involontaire, il n&rsquo;est jamais gratuit, il est l\u00e0 pour r\u00e9pandre la consternation, la d\u00e9solation dans les c\u0153urs et les esprits des familles endeuill\u00e9es, pour nous faire renoncer \u00e0 \u00eatre trait\u00e9s comme des \u00eatres humains. Il n&rsquo;\u00e9pargnera personne, il est l\u00e0 pour nous terroriser.<\/p>\n<p>C&rsquo;est pourquoi comme il y a 30 ans, comme il y a dix ans, contre l&rsquo;humiliation quotidienne, contre le m\u00e9pris, contre l&rsquo;islamophobie, la n\u00e9grophobie, la rromophobie, galopantes, contre les crimes policiers, s&rsquo;impose une nouvelle marche : la marche de la dignit\u00e9.<\/p>\n<p>Voil\u00e0 pourquoi, nous vous convions \u00e0 rejoindre la MARCHE POUR LA DIGNITE \u00e0 Paris ! Une marche contre l\u2019humiliation quotidienne, contre l\u2019islamophobie, la n\u00e9grophobie, la rromophobie et contre les crimes policiers.<\/p>\n<p>Notre mobilisation digne, puissante, d\u00e9termin\u00e9e est l\u2019unique fa\u00e7on d\u2019enrayer notre \u00e9crasement collectif annonc\u00e9. C\u2019est \u00e0 cette Marche, que nous souhaitons historique, que nous vous convions le 31 Octobre prochain \u00e0 Paris<br \/>\n==========================<wbr><\/wbr>==========================<wbr><\/wbr>=============<br \/>\n\u2022 La Marche de la Dignit\u00e9 aura lieu \u00e0 Paris le 31 Octobre 2015.<\/p>\n<p>\u2022 Collectifs, associations de quartiers : rejoignez le mouvement !<\/p>\n<p>\u2022 Mobilisons-nous pour faire de cette Marche un \u00e9v\u00e9nement historique !<\/span><\/span><\/p>\n<\/div>\n<\/div>\n","protected":false},"excerpt":{"rendered":"<p>Nous vous mobilisons afin de nous rendre massivement \u00e0 Paris le 31 Octobre pour faire de cette Marche un \u00e9v\u00e9nement historique ! https:\/\/www.facebook.com\/events\/839779482787539\/ \u00ab De Ferguson \u00e0 Paris, marchons pour la dignit\u00e9 ! \u00bb Une transformation historique est en cours dans les m\u00e9tropoles occidentales. Depuis 2013, les \u00c9tats-Unis traversent une vague de contestation profonde des &#8230; <a title=\"Tribune d&rsquo;Angela Davis pour la Marche de la Dignit\u00e9\" class=\"read-more\" href=\"https:\/\/bruxelles-pantheres.be\/?p=2605\" aria-label=\"En savoir plus sur Tribune d&rsquo;Angela Davis pour la Marche de la Dignit\u00e9\">Lire la suite<\/a><\/p>\n","protected":false},"author":1,"featured_media":2606,"comment_status":"open","ping_status":"open","sticky":false,"template":"","format":"standard","meta":{"footnotes":""},"categories":[1,35,21,24,22,25,36,42,4,20,7,6,8,18,28,37,39,5],"tags":[15],"class_list":["post-2605","post","type-post","status-publish","format-standard","has-post-thumbnail","hentry","category-non-classe","category-amerique-du-sud","category-anti-imperialisme","category-belgique-maroc","category-emploi","category-enseignement","category-europe","category-homophobie","category-islamophobie","category-logement","category-negrophobie","category-palestine-moyen-orient","category-prisons","category-resistance-bruxelles","category-racismes","category-romophobie","category-sans-papier","category-violence-policiere","tag-resistance"],"_links":{"self":[{"href":"https:\/\/bruxelles-pantheres.be\/index.php?rest_route=\/wp\/v2\/posts\/2605","targetHints":{"allow":["GET"]}}],"collection":[{"href":"https:\/\/bruxelles-pantheres.be\/index.php?rest_route=\/wp\/v2\/posts"}],"about":[{"href":"https:\/\/bruxelles-pantheres.be\/index.php?rest_route=\/wp\/v2\/types\/post"}],"author":[{"embeddable":true,"href":"https:\/\/bruxelles-pantheres.be\/index.php?rest_route=\/wp\/v2\/users\/1"}],"replies":[{"embeddable":true,"href":"https:\/\/bruxelles-pantheres.be\/index.php?rest_route=%2Fwp%2Fv2%2Fcomments&post=2605"}],"version-history":[{"count":1,"href":"https:\/\/bruxelles-pantheres.be\/index.php?rest_route=\/wp\/v2\/posts\/2605\/revisions"}],"predecessor-version":[{"id":2607,"href":"https:\/\/bruxelles-pantheres.be\/index.php?rest_route=\/wp\/v2\/posts\/2605\/revisions\/2607"}],"wp:featuredmedia":[{"embeddable":true,"href":"https:\/\/bruxelles-pantheres.be\/index.php?rest_route=\/wp\/v2\/media\/2606"}],"wp:attachment":[{"href":"https:\/\/bruxelles-pantheres.be\/index.php?rest_route=%2Fwp%2Fv2%2Fmedia&parent=2605"}],"wp:term":[{"taxonomy":"category","embeddable":true,"href":"https:\/\/bruxelles-pantheres.be\/index.php?rest_route=%2Fwp%2Fv2%2Fcategories&post=2605"},{"taxonomy":"post_tag","embeddable":true,"href":"https:\/\/bruxelles-pantheres.be\/index.php?rest_route=%2Fwp%2Fv2%2Ftags&post=2605"}],"curies":[{"name":"wp","href":"https:\/\/api.w.org\/{rel}","templated":true}]}}