{"id":2615,"date":"2015-12-04T20:38:36","date_gmt":"2015-12-04T19:38:36","guid":{"rendered":"https:\/\/bruxelles-pantheres.be\/?p=2615"},"modified":"2015-12-04T20:38:36","modified_gmt":"2015-12-04T19:38:36","slug":"sit-in-tegencontreagainst-racial-profiling","status":"publish","type":"post","link":"https:\/\/bruxelles-pantheres.be\/?p=2615","title":{"rendered":"SIT-IN tegen\/Contre\/Against Racial Profiling"},"content":{"rendered":"<table border=\"0\" width=\"100%\" cellspacing=\"0\" cellpadding=\"0\">\n<tbody>\n<tr>\n<td valign=\"top\">\n<table border=\"0\" width=\"100%\" cellspacing=\"0\" cellpadding=\"0\">\n<tbody>\n<tr>\n<td valign=\"top\">\n<table border=\"0\" width=\"100%\" cellspacing=\"0\" cellpadding=\"0\" align=\"left\">\n<tbody>\n<tr>\n<td valign=\"top\"><img decoding=\"async\" class=\"CToWUd a6T\" tabindex=\"0\" src=\"https:\/\/ci5.googleusercontent.com\/proxy\/XbxwA7tFx7QTpjXQ902D0K5CNxSjuAyeoSmRDKDW8chzMADwMn-DZwDXYQv7sCJBsQCVKVsNnSTbZV0WdIpZMZg9drUmgxiO-yiFV8prN6T_YDUepdSfXTSL9HLHqVKc0t6rrFgeWINk_fOOSzYk-csvJdCE4JCG9NO7Lbc=s0-d-e1-ft#https:\/\/gallery.mailchimp.com\/3062ea7ff763d1960d0768e27\/images\/7816fd0a-4b6e-4be9-928c-2f3f8a22c720.jpg\" alt=\"\" width=\"564\" align=\"middle\" \/><\/td>\n<\/tr>\n<\/tbody>\n<\/table>\n<\/td>\n<\/tr>\n<\/tbody>\n<\/table>\n<\/td>\n<\/tr>\n<tr>\n<td valign=\"top\">\n<table border=\"0\" width=\"100%\" cellspacing=\"0\" cellpadding=\"0\" align=\"center\">\n<tbody>\n<tr>\n<td valign=\"top\">\n<table border=\"0\" width=\"400\" cellspacing=\"0\" cellpadding=\"0\" align=\"right\">\n<tbody>\n<tr>\n<td>\n<table border=\"0\" width=\"100%\" cellspacing=\"0\" cellpadding=\"0\">\n<tbody>\n<tr>\n<td valign=\"top\">\n<table style=\"height: 4669px;\" border=\"0\" width=\"883\" cellspacing=\"0\" cellpadding=\"0\" align=\"left\">\n<tbody>\n<tr>\n<td style=\"text-align: left;\" valign=\"top\">\n<pre><strong>SIT-IN tegen\/Contre\/Against Racial Profiling<\/strong><\/pre>\n<p>Rue des Colonies\/Kolonienstraat (Kruising\/ Intersection Rue Royal\/ Koningstraat)<br \/>\n5 decembre 14 h.<br \/>\nBrusselsSit-in officiellement autoris\u00e9 par la Ville de Bruxelles.<br \/>\nSit-in officieel toegelaten door Stad Brussel.<\/p>\n<p>Onze actie van morgen is Officieel toegelaten. Het zal plaatsvinden aan de kruising van de Kolonienstraat en De Koningstraat om 14 uur.<br \/>\nAls je met de metro komt afstappen op centraalstation.<\/p>\n<p>Notre action demain est officiellement autoris\u00e9e. Elle aura lieu \u00e0 l&rsquo;intersection de la rue des colonies et la rue Royale \u00e0 14 heures.<br \/>\nSi vous venez en m\u00e9tro descendez \u00e0 la gare centralle<br \/>\n<b>Bring slogans mee ondertekend door #MVX<\/b><\/p>\n<div>Francais en bas<\/div>\n<div>English see below<\/div>\n<div><\/div>\n<p>______<\/p>\n<div><\/div>\n<div>SIT-IN TEGEN RACIAL PROFILING<\/div>\n<div><\/div>\n<div>We hebben het de afgelopen wekensystematisch zien gebeuren: willekeurigemensen worden zonder enige verklaringhardhandig aangepakt door onzeordediensten. We zagen het gebeuren, bijde razzia\u2019s in Molenbeek, bij jongeren in Kortrijk, militanten van Movement X en zelfs een deradicaliseringsexpert die net terugkwam van een vergadering met het beleid. Vele anonieme slachtoffers gingen hen voor. Allemaal hebben ze \u00e9\u00e9n ding gemeen: etnische kenmerken.<\/div>\n<div>Was de politie er niet om burgers tebeschermen, in plaats van te viseren? Ze voedt wat ze wil bestrijden. Racialeprofilering verdeelt in &lsquo;wij-zij&rsquo;. Racialeprofilering versterkt de polarisering envoedt radicalisering. Etnische profilering ondermijnt het noodzakelijke vertrouwentussen burgers en bestuur.<\/div>\n<div><\/div>\n<div>Terreuraanslagen in Borno, Damascus, Beirut, Parijs&#8230; Ja, wij, gewone burgers, veroordelen die. Doel van de terreur is immers verdeeldheid zaaien. Iedereen kanslachtoffer zijn. Alarmniveau 4 of 3? Ok, indien proportioneel met de dreiging. Maar niet om afbreuk te doen aanmensenrechten en internationaleverdragen. Niet om democratisch protest de kop in te drukken. Niet om tepolariseren en te verdelen. Wij laten ons niet verdelen!<\/div>\n<div><\/div>\n<div>De strijd tegen terreur rechtvaardigtgeen raciale profiling.<\/div>\n<div><\/div>\n<div>Wij willen dat dit anti-terreurbeleid het geweer van schouder verandert! Geenethnic profiling, geen militarisering. Geen verdeeldheid, geen uitsluiting.<\/div>\n<div><\/div>\n<div>WE WILL RESIST<\/div>\n<div>WE WANT RESPECT<\/div>\n<div>KifKif, Movement X, Hart Boven Hard, Hand in hand tegen racisme, CCIB en vele anderen roepen op<\/div>\n<div>SIT IN<\/div>\n<div><\/div>\n<div>ZATERDAG 5 DECEMBER, 14u00<\/div>\n<div>Kolonienstraat Brussel<\/p>\n<div>SIT-IN CONTRE LE PROFILAGE RACIAL<\/div>\n<div><\/div>\n<div>Cela se produit syst\u00e9matiquement ces derni\u00e8res semaines : des personnes al\u00e9atoires sont brutalis\u00e9es sans explication par nos forces de l&rsquo;ordre. On a pu le voir lors razzias \u00e0 Molenbeek, avec des jeunes \u00e0 Courtrai, avec des militants de Movement X et m\u00eame avec un expert en d\u00e9radicalisation qui venait de participer \u00e0 une conf\u00e9rence du gouvernement. De nombreuses autres victimes anonymes les ont pr\u00e9c\u00e9d\u00e9s. Tous partagent une chose: des caract\u00e9ristiques ethniques.<\/div>\n<div><\/div>\n<div>La police n&rsquo;est-elle pas l\u00e0 pour prot\u00e9ger les citoyens, plut\u00f4t que de les stigmatiser? Elle nourrit ce qu&rsquo;elle cherche \u00e0 combattre. Le profilage racial nous divise en \u201cnous-eux\u201d. Il renforce la polarisation et alimente la radicalisation. Le profilage ethnique sape la n\u00e9cessaire confiance entre les citoyens et les autorit\u00e9s.<\/div>\n<div><\/div>\n<div>Les attaques terroristes de Borno, Damas, Beyrouth, Paris&#8230; oui, nous, simples citoyens, nous les condamnons. L\u2019objectif du terrorisme est en effet de semer la zizanie. Tout le monde est une victime potentielle. Niveau d&rsquo;alerte 3 ou 4? D&rsquo;accord, si c&rsquo;est proportionnel \u00e0 la menace. Mais pas si c&rsquo;est un pr\u00e9texte pour porter atteinte aux droits de l&rsquo;homme ou aux trait\u00e9s internationaux, pour museler la contestation d\u00e9mocratique, pour polariser et diviser. Nous ne nous laisserons pas diviser !<\/div>\n<div><\/div>\n<div>La lutte contre le terrorisme ne justifie pas le profilage racial.<\/div>\n<div><\/div>\n<div>Nous voulons que la lutte antiterroriste change son fusil d&rsquo;\u00e9paule! Pas de profilage ethnique, pas de militarisation. Pas de division, pas d&rsquo;exclusion.<\/div>\n<div><\/div>\n<div>WE WILL RESIST<\/div>\n<div><\/div>\n<div>WE WANT RESPECT<\/div>\n<div><\/div>\n<div>KifKif, Movement X, Hart Boven Hard, Hand in Hand tegen racisme, le CCIB et de nombreux autres<\/div>\n<div><\/div>\n<div><\/div>\n<div>SIT IN<\/div>\n<div><\/div>\n<div>SAMEDI 5 D\u00c9CEMBRE, 14h00<\/div>\n<div>Rue des Colonies, BRUXELLES<\/div>\n<div><\/div>\n<div><\/div>\n<div><\/div>\n<div>PROFILAGE ETHNIQUE DANS LA LUTTE ANTI-TERRORISTE : STOP IT NOW!<\/div>\n<div><\/div>\n<div>LE PROFILAGE ETHNIQUE, C&rsquo;EST DU RACISME<\/div>\n<div><\/div>\n<div>LA RADICALISATION NA\u00ceT DU PROFILAGE RACIAL<\/div>\n<div><\/div>\n<div>NOUS NE SOMMES PAS DES CRIMINELS<\/div>\n<div>\n&#8212;&#8212;&#8212;&#8212;&#8212;&#8212;-<\/p>\n<div>SIT-IN AGAINST RACIAL PROFILING<\/div>\n<div><\/div>\n<div>The last weeks we\u2019ve witnessed it systematically: innocent people who we\u2019re stopped arbitrarly and violently by the security forces. We\u2019ve seen raids in Molenbeek, we\u2019ve seen kids arrested in Kortijk, and we\u2019ve seen this happening to militants of movement X and even to a deradicalization expert coming back from a work meeting. These actions had one thing in common: ethnical characteristics.<\/div>\n<div><\/div>\n<div>The security forces need to protect people instead of stigmatise them. This kind of actions is causing the trouble they aim to fight. Racial profiling divides us in \u2018we-(s)he\u2019. Racial profiling reinforces polarisation and radicalization. Ethnic profiling undermines the necessary confidence between citizens and the institutions.<\/div>\n<div><\/div>\n<div>The terrorist attacks in Borno, Damascus, Beirut, Parijs\u2026 Yes, we, the everyday citizens condemn these acts of terror. Because they do spread hatred and division. Every one can be a victim of terror. Alert level 3 or 4? Okay when this is in proportion with the threat. But not when this affects human rights and international agreements. Not when this aims to suppress democratic protest. Not when this polarises en divides. We stay united!<\/div>\n<div><\/div>\n<div>The fight against terror doesn\u2019t justify racial profiling.<\/div>\n<div><\/div>\n<div>We want this anti-terrorist policy to change tack! No racial profiling, no militarization. No division, no exclusion.<\/div>\n<div><\/div>\n<div>WE WILL RESIST<\/div>\n<div>WE WANT RESPECT<\/div>\n<div><\/div>\n<div>KifKif, Movement X, Hart Boven Hard, Hand in Hand tegen racisme, CCIB and many others call for a<\/div>\n<div><\/div>\n<div>SIT IN<\/div>\n<div><\/div>\n<div>SATURDAY 5 DECEMBER, 2PM<\/div>\n<div>Rude Des Colonies, Brussels<\/div>\n<div><\/div>\n<div>ETHNIC PROFILING IN THE WAR ON TERROR: STOP IT NOW!<\/div>\n<div>ETHNIC PROFILING IS RACISM<\/div>\n<div>RADICALIZATION BEGINS WITH RACIAL PROFILING<\/div>\n<div>WE ARE NO CRIMINALS<\/div>\n<\/div>\n<\/div>\n<\/td>\n<\/tr>\n<\/tbody>\n<\/table>\n<\/td>\n<\/tr>\n<\/tbody>\n<\/table>\n<\/td>\n<\/tr>\n<\/tbody>\n<\/table>\n<\/td>\n<\/tr>\n<\/tbody>\n<\/table>\n<\/td>\n<\/tr>\n<\/tbody>\n<\/table>\n","protected":false},"excerpt":{"rendered":"<p>SIT-IN tegen\/Contre\/Against Racial Profiling Rue des Colonies\/Kolonienstraat (Kruising\/ Intersection Rue Royal\/ Koningstraat) 5 decembre 14 h. BrusselsSit-in officiellement autoris\u00e9 par la Ville de Bruxelles. Sit-in officieel toegelaten door Stad Brussel. Onze actie van morgen is Officieel toegelaten. Het zal plaatsvinden aan de kruising van de Kolonienstraat en De Koningstraat om 14 uur. Als je met &#8230; <a title=\"SIT-IN tegen\/Contre\/Against Racial Profiling\" class=\"read-more\" href=\"https:\/\/bruxelles-pantheres.be\/?p=2615\" aria-label=\"En savoir plus sur SIT-IN tegen\/Contre\/Against Racial Profiling\">Lire la suite<\/a><\/p>\n","protected":false},"author":1,"featured_media":2394,"comment_status":"open","ping_status":"open","sticky":false,"template":"","format":"standard","meta":{"footnotes":""},"categories":[18,28,5],"tags":[14,23,54,15],"class_list":["post-2615","post","type-post","status-publish","format-standard","has-post-thumbnail","hentry","category-resistance-bruxelles","category-racismes","category-violence-policiere","tag-bruxelles","tag-discrimination","tag-police","tag-resistance"],"_links":{"self":[{"href":"https:\/\/bruxelles-pantheres.be\/index.php?rest_route=\/wp\/v2\/posts\/2615","targetHints":{"allow":["GET"]}}],"collection":[{"href":"https:\/\/bruxelles-pantheres.be\/index.php?rest_route=\/wp\/v2\/posts"}],"about":[{"href":"https:\/\/bruxelles-pantheres.be\/index.php?rest_route=\/wp\/v2\/types\/post"}],"author":[{"embeddable":true,"href":"https:\/\/bruxelles-pantheres.be\/index.php?rest_route=\/wp\/v2\/users\/1"}],"replies":[{"embeddable":true,"href":"https:\/\/bruxelles-pantheres.be\/index.php?rest_route=%2Fwp%2Fv2%2Fcomments&post=2615"}],"version-history":[{"count":1,"href":"https:\/\/bruxelles-pantheres.be\/index.php?rest_route=\/wp\/v2\/posts\/2615\/revisions"}],"predecessor-version":[{"id":2616,"href":"https:\/\/bruxelles-pantheres.be\/index.php?rest_route=\/wp\/v2\/posts\/2615\/revisions\/2616"}],"wp:featuredmedia":[{"embeddable":true,"href":"https:\/\/bruxelles-pantheres.be\/index.php?rest_route=\/wp\/v2\/media\/2394"}],"wp:attachment":[{"href":"https:\/\/bruxelles-pantheres.be\/index.php?rest_route=%2Fwp%2Fv2%2Fmedia&parent=2615"}],"wp:term":[{"taxonomy":"category","embeddable":true,"href":"https:\/\/bruxelles-pantheres.be\/index.php?rest_route=%2Fwp%2Fv2%2Fcategories&post=2615"},{"taxonomy":"post_tag","embeddable":true,"href":"https:\/\/bruxelles-pantheres.be\/index.php?rest_route=%2Fwp%2Fv2%2Ftags&post=2615"}],"curies":[{"name":"wp","href":"https:\/\/api.w.org\/{rel}","templated":true}]}}