{"id":2617,"date":"2015-12-07T20:39:31","date_gmt":"2015-12-07T19:39:31","guid":{"rendered":"https:\/\/bruxelles-pantheres.be\/?p=2617"},"modified":"2015-12-06T19:10:17","modified_gmt":"2015-12-06T18:10:17","slug":"entretien-de-frank-barat-avec-naomi-klein","status":"publish","type":"post","link":"https:\/\/bruxelles-pantheres.be\/?p=2617","title":{"rendered":"Entretien de Frank Barat avec Naomi Klein"},"content":{"rendered":"<p><em>Tandis que les dirigeants du monde se r\u00e9unissent pour \u00ab rem\u00e9dier\u00a0\u00bb au probl\u00e8me du\u00a0changement climatique \u00e0 la\u00a0Conf\u00e9rence de Paris, dite COP21, nous retrouvons l&rsquo;essayiste canadienne\u00a0Naomi Klein, auteure des ouvrages phares\u00a0<\/em>No Logo\u00a0<em>et\u00a0<\/em>La Strat\u00e9gie du choc<em>, dans les bureaux de l&rsquo;un de ses \u00e9diteurs. La presse g\u00e9n\u00e9raliste patiente\u00a0\u00e0 l&rsquo;ext\u00e9rieur. Les\u00a0\u00e9lites, nous explique-t-elle, parlent, oui, mais ne font que \u00e7a, et tout est entrepris pour que le grand public n&rsquo;entende rien, ou si peu, \u00e0 ces vastes enjeux\u00a0\u2014 pourtant cruciaux, et pas seulement d&rsquo;un point de vue \u00e9cologique : et Klein de d\u00e9plorer le mutisme des formations suppos\u00e9ment critiques et \u00e9mancipatrices en la mati\u00e8re.<\/em><\/p>\n<hr \/>\n<p><strong><img decoding=\"async\" class=\"CToWUd a6T\" tabindex=\"0\" src=\"https:\/\/ci3.googleusercontent.com\/proxy\/qhYkKr7xODQ40dBjS4MHTbDpaaVSILcqwj7l3_UyZru9TT-crvhf6IJg_28MEMxsvMyi8poA_sX7WM-JFdCeZfbFjKW9fjrxNtHwTyumzPO8izvbpokk=s0-d-e1-ft#http:\/\/www.revue-ballast.fr\/wp-content\/uploads\/2015\/12\/klein1.jpg\" alt=\"klein1\" width=\"300\" height=\"300\" \/>Nous sommes \u00e0\u00a0Paris, aujourd&rsquo;hui ; nous sommes plusieurs \u00e0 vivre \u00e0\u00a0Bruxelles, dans la revue : deux des villes dont on a le plus parl\u00e9 ces derni\u00e8res semaines, toutes deux sous \u00ab \u00e9tat d&rsquo;urgence \u00bb. Les gouvernements belge et fran\u00e7ais \u00e9voquent la possibilit\u00e9 de faire passer des lois tr\u00e8s proches du\u00a0Patriot Act nord-am\u00e9ricain\u00a0\u2014\u00a0qui engendreront moins de libert\u00e9s et plus de surveillance. Ne nous approchons-nous pas d&rsquo;une nouvelle forme de \u00ab strat\u00e9gie du choc \u00bb\u00a0?<\/strong><\/p>\n<p>Pas tellement nouvelle, en fait. Et nous ne nous en approchons pas, nous sommes en plein dedans. Sous certains aspects, ce qui\u00a0se passe en ce moment est m\u00eame pire que ce qui\u00a0s&rsquo;est pass\u00e9 apr\u00e8s le 11 septembre. Car, \u00e0 l&rsquo;\u00e9poque, Bush n&rsquo;a pas interdit totalement les manifestations. M\u00eame si la pr\u00e9sence polici\u00e8re a \u00e9t\u00e9 accrue, les rassemblements n&rsquo;ont pas \u00e9t\u00e9 compl\u00e8tement interdits dans les villes. Ce qui\u00a0s&rsquo;est pass\u00e9 \u00e0 Bruxelles est tellement extr\u00eame&#8230; Je ne me souviens pas avoir vu quelque chose de semblable en Am\u00e9rique du Nord.\u00a0Je pense que la strat\u00e9gie actuelle des gouvernements est une vieille recette : ils utilisent une crise et la peur de la population pour mettre en place\u00a0des politiques qu&rsquo;ils essayaient d\u00e9j\u00e0 de faire passer \u2014\u00a0comme les restrictions des libert\u00e9s individuelles, du droit \u00e0 la vie priv\u00e9e, de la libre circulation des personnes, de\u00a0la limitation de l&rsquo;immigration. C&rsquo;est un grand classique. Le fait que tout cela arrive ici, \u00e0 Paris, au moment du sommet international sur le climat, nous \u00e9claire \u00e9galement sur ce que les gouvernants d\u00e9cident de qualifier de crise ou pas : nous voyons aujourd&rsquo;hui que cela est tr\u00e8s subjectif.\u00a0Nous sommes ici pour d\u00e9battre de la crise climatique, une crise majeure pour l&rsquo;humanit\u00e9, mais qui n&rsquo;a jamais \u00e9t\u00e9 trait\u00e9e comme telle par les \u00e9lites. Nos dirigeants font tous de tr\u00e8s beaux discours mais ne changent jamais les lois. Il y a clairement deux poids, deux mesures. Pour des raisons s\u00e9curitaires, ils feraient n&rsquo;importe quoi, mais quand il s&rsquo;agit de la s\u00e9curit\u00e9 de l&rsquo;humanit\u00e9, de prot\u00e9ger la vie sur Terre, c&rsquo;est beaucoup de paroles et tr\u00e8s peu d&rsquo;actes. Ils n&rsquo;ont jamais mis en place aucune mesure de r\u00e9gulation s\u00e9rieuse pour les pollueurs, par exemple, et ils ne veulent pas que les accords qu&rsquo;ils passent entrent eux soient juridiquement contraignants. Le\u00a0<a href=\"https:\/\/fr.wikipedia.org\/wiki\/Protocole_de_Kyoto\" target=\"_blank\">protocole de Kyoto<\/a>\u00a0l&rsquo;\u00e9tait. Mais voil\u00e0 que nous faisons marche arri\u00e8re.<\/p>\n<p><strong>Pourquoi est-ce qu&rsquo;un accord sur le climat est notre principale chance pour la paix ?<\/strong><\/p>\n<blockquote><p><strong>\u00ab\u00a0Bush n&rsquo;a pas interdit totalement les manifestations.\u00a0M\u00eame si la pr\u00e9sence polici\u00e8re a \u00e9t\u00e9 accrue, les rassemblements n&rsquo;ont pas \u00e9t\u00e9 compl\u00e8tement interdits dans les villes.\u00a0\u00bb<\/strong><\/p><\/blockquote>\n<p>Tout d&rsquo;abord parce que le changement climatique g\u00e9n\u00e8re d\u00e9j\u00e0 des conflits. Comme la qu\u00eate aux \u00e9nergies fossiles. Si on prend le Moyen-Orient, par exemple, notre course \u00e0 l&rsquo;\u00e9nergie fossile est l&rsquo;une des raisons principales de nombreuses guerres ill\u00e9gales. Est-ce que l&rsquo;Irak aurait \u00e9t\u00e9 envahi s&rsquo;il avait principalement export\u00e9 des asperges (comme l&rsquo;a fait remarquer\u00a0<a href=\"https:\/\/fr.wikipedia.org\/wiki\/Robert_Fisk\" target=\"_blank\">Robert Fisk<\/a>) ? Probablement pas. Ce que l&rsquo;Occident voulait, c&rsquo;\u00e9tait le p\u00e9trole irakien, afin de\u00a0le mettre en vente sur le march\u00e9 mondial. Voil\u00e0 ce qu&rsquo;\u00e9tait le projet de\u00a0<a href=\"https:\/\/fr.wikipedia.org\/wiki\/Dick_Cheney\" target=\"_blank\">Dick Cheney<\/a>. Cela a d\u00e9stabilis\u00e9 toute la r\u00e9gion \u2014\u00a0qui n&rsquo;\u00e9tait d\u00e9j\u00e0 pas tr\u00e8s stable, \u00e0 cause des pr\u00e9c\u00e9dentes guerres pour le p\u00e9trole et des nombreux coups d&rsquo;\u00c9tats et des dictateurs install\u00e9s et soutenus par les puissances occidentales.\u00a0Il faut \u00e9galement savoir que cette r\u00e9gion est une des plus vuln\u00e9rables face au changement climatique, \u00e0 cause duquel de tr\u00e8s larges parties du Moyen-Orient sont devenues invivables. La Syrie a connu la pire s\u00e9cheresse de son histoire juste avant que la guerre civile n&rsquo;\u00e9clate. Ce fut l&rsquo;un des facteurs de d\u00e9stabilisation du pays. La paix ne sera pas possible tant que des mesures fortes ne seront pas prises pour le climat. Je me suis int\u00e9ress\u00e9e de plus pr\u00e8s \u00e0 cette probl\u00e9matique quand j&rsquo;ai compris que si nous voulons vraiment prendre le changement climatique au s\u00e9rieux, il faudra en passer par une redistribution des richesses, des opportunit\u00e9s et des technologies. Dans mon dernier livre, je cite Angelica Navarro, n\u00e9gociatrice bolivienne pour le commerce et le climat, qui dit que le changement climatique a engendr\u00e9 l&rsquo;obligation d&rsquo;un\u00a0<a href=\"https:\/\/fr.wikipedia.org\/wiki\/Plan_Marshall\" target=\"_blank\">plan Marshall<\/a>\u00a0pour la plan\u00e8te.<\/p>\n<p><strong>Vous dites que pour inverser cette tendance, il nous faut d\u00e9construire le capitalisme. Comment faire passer cette id\u00e9e qui peut \u00eatre difficile \u00e0 imaginer, pour la plupart des gens ?<\/strong><\/p>\n<p>Au Canada, nous avons essay\u00e9 de travailler en partant du postulat que le changement climatique nous impose un ultimatum. Il ne faut pas seulement changer les choses, il faut les changer maintenant ; et si nous ne le faisons pas dans les dix prochaines ann\u00e9es, il sera trop tard. Qu&rsquo;est-ce que cela entra\u00eene dans le domaine de la sant\u00e9, de l&rsquo;\u00e9ducation, des droits des indig\u00e8nes, de l&rsquo;in\u00e9galit\u00e9 ? Quel serait l&rsquo;impact sur les droits des r\u00e9fugi\u00e9s si nous prenions le changement climatique au s\u00e9rieux ? Nous avons r\u00e9uni les leaders de soixante\u00a0organisations et r\u00e9dig\u00e9 un document, intitul\u00e9 \u00ab The Leap \u00bb, qui, nous l&rsquo;esp\u00e9rons, permettra de trouver une solution. Nous avons pens\u00e9 que le meilleur moyen de parvenir \u00e0 r\u00e9gler ce probl\u00e8me \u00e9tait de nous r\u00e9unir et d&rsquo;agir. \u00c7a n&rsquo;a pas \u00e9t\u00e9 facile de r\u00e9unir toutes ces organisations, car toutes travaillent sur des probl\u00e9matiques tr\u00e8s importantes. Si vous travaillez contre la pauvret\u00e9, vous n&rsquo;avez pas le temps de faire autre chose. Mais lorsque le changement climatique devient une cause de ce contre quoi vous luttez, quand il devient un outil pour poursuivre votre combat, quand il vous permet de trouver de nouveaux partenaires, de nouveaux alli\u00e9s, alors il n&rsquo;est plus une distraction mais un moteur.\u00a0On a \u00e9galement men\u00e9 quelques actions. Nous avons, entre autres, organis\u00e9 un rassemblement sur le th\u00e8me \u00ab Travail, Justice, Climat \u00bb. Ce n&rsquo;\u00e9tait pas un exercice th\u00e9orique mais une vraie r\u00e9flexion sur comment s&rsquo;organiser : comment aborder le sujet du climat avec les syndicats pour que cela ait un\u00a0impact, avec les personnes qui luttent pour les services de base, le logement, les mouvements de population ? Quels messages faire passer, de quelle mani\u00e8re ? \u00c7a a \u00e9t\u00e9 tr\u00e8s riche en enseignements, donc tr\u00e8s utile. Ensuite, nous avons r\u00e9dig\u00e9 et lanc\u00e9 le manifeste \u00ab The Leap \u00bb, qui n&rsquo;est probablement ni parfait ni suffisant, mais c&rsquo;est un bon d\u00e9but&#8230;<\/p>\n<dl>\n<dt><img decoding=\"async\" class=\"CToWUd a6T\" tabindex=\"0\" src=\"https:\/\/ci3.googleusercontent.com\/proxy\/9y5NmDDFSGb8AMURwHJyH0sSFZarEGWZSZkUd4lEO1bwiWoUnm2mbf8wnyKb5CjU6UgSg6Np2CFUHjCxWSjWOrWi-5OEr_jgDJV5GuCRaEUVmXzjtF1k=s0-d-e1-ft#http:\/\/www.revue-ballast.fr\/wp-content\/uploads\/2015\/12\/klein4.jpg\" alt=\"klein4\" width=\"960\" height=\"369\" \/><\/dt>\n<dd>Naomi Klein, par St\u00e9phane Burlot (pour\u00a0<em>Ballast<\/em>).<\/dd>\n<\/dl>\n<p>Je suis vraiment choqu\u00e9e de voir \u00e0 quel point les mouvements anti-aust\u00e9rit\u00e9 et ceux pour le climat ne semblent pas du tout communiquer en Europe. J&rsquo;ai entendu Tsipras soudainement \u00e9voquer le changement climatique cette semaine \u2014\u00a0et je crois que c&rsquo;est la premi\u00e8re fois,\u00a0depuis qu&rsquo;il a pris ses fonctions.\u00a0Le changement climatique est le meilleur argument contre l&rsquo;aust\u00e9rit\u00e9. Pourquoi ne pas utiliser ce levier dans les n\u00e9gociations avec l&rsquo;Allemagne, \u00e0 qui ce sujet tient apparemment \u00e9norm\u00e9ment \u00e0 c\u0153ur et qui a une des politiques \u00e9nerg\u00e9tiques les plus ambitieuses du monde ? Pourquoi ne pas utiliser cet argument dans chaque r\u00e9union, et dire que l&rsquo;aust\u00e9rit\u00e9 est impensable parce que nous sommes devant une crise majeure pour l&rsquo;humanit\u00e9 et que nous devons agir ?\u00a0Et, pourtant, nous n&rsquo;entendons quasiment jamais Podemos ou Syriza parler du changement climatique. J&rsquo;ai donn\u00e9 une conf\u00e9rence pendant un rassemblement \u00ab\u00a0<a href=\"https:\/\/fr.wikipedia.org\/wiki\/Blockupy\" target=\"_blank\">Blockupy<\/a>\u00a0\u00bb\u00a0\u00e0 Francfort,\u00a0il y a quelques mois, et le sujet n&rsquo;a jamais \u00e9t\u00e9 abord\u00e9. Quand j&rsquo;ai \u00e9voqu\u00e9 les connexions entre le changement climatique et les autres mouvements, tout le monde a compris ; c&rsquo;est tr\u00e8s concret. Si on reste uniquement sur le terrain de la crise \u00e9conomique, les gouvernements vont \u00e9videmment couper leurs aides aux renouvelables, augmenter les tarifs des transports publics, privatiser les chemins de fer, comme ils le font en Belgique, dire qu&rsquo;il faut forer pour se procurer du p\u00e9trole et du gaz et nous sortir de la dette.<\/p>\n<blockquote><p><strong>\u00ab\u00a0Il suffit de jeter un \u0153il au programme de la COP21 ! C&rsquo;est \u00e9crit dans une langue que personne ne comprend.\u00a0\u00bb<\/strong><\/p><\/blockquote>\n<p>Mais tout est li\u00e9\u00a0!\u00a0Alors pourquoi la probl\u00e9matique du changement climatique semble-t-elle si lointaine ? Il n&rsquo;est pas difficile du tout d&rsquo;utiliser cet argument, mais le changement climatique a tellement \u00e9t\u00e9 bureaucratis\u00e9 que les gens ont peur d&rsquo;en parler. Un peu comme ils avaient peur de parler du commerce, \u00e0 l&rsquo;\u00e9poque o\u00f9 on a commenc\u00e9 \u00e0 \u00e9voquer les accords de libre-\u00e9change, parce que c&rsquo;\u00e9tait tellement bureaucratique qu&rsquo;ils pensaient qu&rsquo;il fallait avoir un dipl\u00f4me de droit international pour comprendre. Tout cela a \u00e9t\u00e9 pens\u00e9 pour que la population ne veuille pas en parler, ne participe pas. Et puis, malgr\u00e9 tout, les gens se sont \u00e9duqu\u00e9s, ont trouv\u00e9 des mani\u00e8res d&rsquo;en parler et compris quel impact cela avait sur leur vie. Ils ont r\u00e9alis\u00e9 qu&rsquo;ils avaient le droit de prendre part \u00e0 cette conversation. Pour ce qui concerne le changement climatique, je pense que les gens ont peur de faire des erreurs scientifiques. Il y a trois niveaux de langage bureaucratique : le niveau scientifique, le niveau politique et le niveau des Nations unies. C&rsquo;est tr\u00e8s compliqu\u00e9 \u00e0 comprendre, en particulier le langage\u00a0de ces derni\u00e8res, qui est un cauchemar. Il suffit de jeter un \u0153il au programme de la COP21 ! C&rsquo;est \u00e9crit dans une langue que personne ne comprend. Tout cela fait partie de la raison pour laquelle, m\u00eame s&rsquo;il est \u00e9vident de mettre en lien le changement climatique et l&rsquo;aust\u00e9rit\u00e9, ce n&rsquo;est jamais fait.<\/p>\n<p><strong>Vous parliez du Moyen-Orient : il est vrai que les militants pour les droits des\u00a0Palestiniens, dont nous sommes, n&rsquo;\u00e9voquent presque jamais le changement climatique ni\u00a0l&rsquo;aust\u00e9rit\u00e9&#8230;<\/strong><\/p>\n<p>Pourtant, les gens savent tr\u00e8s certainement que l&rsquo;eau est une composante essentielle de la situation en Palestine, et que la p\u00e9nurie en eau est un des impacts les plus clairs du changement climatique dans la r\u00e9gion. Le changement climatique est un acc\u00e9l\u00e9rateur. Si vous avez un probl\u00e8me, le changement climatique l&rsquo;aggrave. La Nouvelle-Orl\u00e9ans et l&rsquo;ouragan Katrina en sont un bon exemple. Si vous avez une soci\u00e9t\u00e9 avec un syst\u00e8me policier et judiciaire incontr\u00f4l\u00e9, des infrastructures qui tombent en ruine et que vous rajoutez \u00e0 cela le changement climatique, vous avez l&rsquo;enfer sur Terre. Et tout explose. Vous vous retrouvez avec des paramilitaires qui tirent sur les Noirs dans la rue. \u00c7a devient de la folie, non\u00a0? Je pense que c&rsquo;est le meilleur moyen de comprendre l&rsquo;impact du changement climatique au Moyen-Orient. Si quelque chose va mal, \u00e7a empire. Voil\u00e0 pourquoi le slogan \u00ab\u00a0Changement de syst\u00e8me, pas de climat\u00a0\u00bb est plus qu&rsquo;un slogan, parce que le syst\u00e8me est malade \u00e0 plusieurs niveaux et que le changement climatique aggrave sa condition. Les scientifiques disent que le changement climatique pipe les d\u00e9s\u00a0: d&rsquo;une temp\u00eate attendue, il fait une temp\u00eate monstre\u00a0; d&rsquo;une s\u00e9cheresse, la pire des s\u00e9cheresses. De la m\u00eame mani\u00e8re, l\u00e0 o\u00f9 vous aviez d\u00e9j\u00e0 un racisme et des in\u00e9galit\u00e9s syst\u00e9matis\u00e9s, le changement climatique fait le pire lieu imaginable.<\/p>\n<dl>\n<dt><img decoding=\"async\" class=\"CToWUd a6T\" tabindex=\"0\" src=\"https:\/\/ci6.googleusercontent.com\/proxy\/sWZ0jTIfyqQ8k2fmm_45aCbTHsVJqhrYtDW_CQVu9S7h308Gy_-b9L5akdOChnX2kT8rfsPrFSCXixRrUpJJPymNjG4e2sX610gnFrLa5M6l517V-OgF=s0-d-e1-ft#http:\/\/www.revue-ballast.fr\/wp-content\/uploads\/2015\/12\/klein5.jpg\" alt=\"\" width=\"960\" height=\"369\" \/><\/dt>\n<dd>Naomi Klein, par St\u00e9phane Burlot (pour\u00a0<em>Ballast<\/em>).<\/dd>\n<\/dl>\n<p><strong>Les discussions pour le TTIP [grand march\u00e9 transatlantique] sont tenues en secret&#8230; mais apparemment pas pour\u00a0tout le monde. Comme l&rsquo;a r\u00e9cemment r\u00e9v\u00e9l\u00e9\u00a0<em>The Guardian<\/em>, Exxon Mobil a eu acc\u00e8s aux documents confidentiels et \u00e9crit le chapitre sur l&rsquo;\u00e9nergie. Qu&rsquo;est-ce que cela nous dit sur le monde et les suppos\u00e9es d\u00e9mocraties dans lesquelles nous vivons\u00a0?<\/strong><\/p>\n<p>C&rsquo;est exactement ce qui\u00a0se passe avec la COP21, non\u00a0? Les multinationales ont toujours pris part aux n\u00e9gociations (comme le GIEC, par exemple). En France, vous avez en fait le plus clair exemple du croisement de l&rsquo;aust\u00e9rit\u00e9 et de l&rsquo;influence des corporations sur le climat. M\u00eame si le gouvernement Hollande a dit qu&rsquo;il avait d\u00fb faire appel aux corporations, comme Suez et les autres, et \u00e0 toutes les grandes soci\u00e9t\u00e9s de l&rsquo;\u00e9nergie nucl\u00e9aire, afin de\u00a0financer une partie de la COP parce qu&rsquo;il n&rsquo;avait pas assez d&rsquo;argent, tous ont un projet pour le changement climatique\u00a0: Solutions 21, graines OGM, privatisation de l&rsquo;eau, l&rsquo;\u00e9nergie nucl\u00e9aire, \u00e9oliennes offshore&#8230; Toutes des solutions de multinationales pour le climat ! Et tous les lieux o\u00f9 les solutions de la soci\u00e9t\u00e9 civile allaient pouvoir \u00eatre pr\u00e9sent\u00e9es\u00a0: \u00e9nergie renouvelable contr\u00f4l\u00e9e par la communaut\u00e9, coop\u00e9ratives d&rsquo;\u00e9nergie, agro-\u00e9cosyst\u00e8mes&#8230; tous ces lieux, tous ces espaces ont \u00e9t\u00e9 restreints ! Ce n&rsquo;est \u00e9videmment pas qu&rsquo;une question de perte ou de privation d&rsquo;espaces de parole, mais le moyen d&rsquo;\u00e9viter l&rsquo;affrontement entre les fausses solutions des corporations et les vraies solutions de la soci\u00e9t\u00e9 civile. Un des combattants a \u00e9t\u00e9 compl\u00e8tement priv\u00e9 de parole et interdit de combattre.<\/p>\n<p><strong>Christina Figueres, secr\u00e9taire ex\u00e9cutive de la convention-cadre des Nations unies sur les changements climatiques, a r\u00e9cemment \u00e9crit que \u00ab<em>\u00a0la volont\u00e9 politique d&rsquo;agir pour le changement climatique \u00e9tait enfin l\u00e0<\/em>\u00a0\u00bb et que Paris serait \u00ab\u00a0<em>un tournant de ce si\u00e8cle vers un futur meilleur\u00a0<\/em>\u00bb. Elle bluffe\u00a0?\u00a0<\/strong><\/p>\n<p>(<em>Rires<\/em>). Je pense qu&rsquo;elle y croit et qu&rsquo;elle fait de son mieux. L&rsquo;engagement est s\u00e9rieux, mais il\u00a0n&rsquo;est pas juste de dire que nous prenons un virage vers un futur meilleur lorsque\u00a0les objectifs fix\u00e9s atteignent 3 degr\u00e9s Celsius \u2014\u00a0ce qui est catastrophique. Les gouvernements se battent pour que ces cibles d\u00e9risoires ne soient pas l\u00e9galement contraignantes. C&rsquo;est l&rsquo;inverse du progr\u00e8s: nous reculons : Kyoto \u00e9tait l\u00e9galement contraignant ; l\u00e0, on se dirige vers des accords non contraignants. L&rsquo;objectif \u00e0 Copenhagen \u00e9tait 2 degr\u00e9s, ce qui \u00e9tait d\u00e9j\u00e0 trop, et l\u00e0 nous allons vers 3. C&rsquo;est de la physique basique. On n&rsquo;avance pas.<\/p>\n<hr \/>\n<h6><a href=\"http:\/\/www.revue-ballast.fr\/naomi-klein\/\">Entretien in\u00e9dit pour le site de\u00a0<em>Ballast<\/em><\/a><\/h6>\n<p>Traduction, de l&rsquo;anglais : Florent Barat<\/p>\n<div>\n<div>\n<div>\n<div dir=\"ltr\">\n<div>\n<div dir=\"ltr\">\n<div>\n<div dir=\"ltr\">\n<div><span style=\"font-family: arial,helvetica,sans-serif;\">Frank Barat<\/span><\/div>\n<div><span style=\"font-family: arial,helvetica,sans-serif;\"><i>\u00ab\u00a0Freedom is a constant struggle\u00a0\u00bb<\/i> my book with Angela Davis<\/span><\/div>\n<div><span style=\"font-family: arial,helvetica,sans-serif;\">Out in December<\/span><\/div>\n<div><span style=\"font-family: arial,helvetica,sans-serif;\">Pre-order <a href=\"http:\/\/www.haymarketbooks.org\/pb\/Freedom-Is-a-Constant-Struggle\" target=\"_blank\">here<\/a><\/span><\/div>\n<div><span style=\"font-family: arial,helvetica,sans-serif;\">\u00a0<\/span><\/div>\n<div><span style=\"font-family: arial,helvetica,sans-serif;\"><img decoding=\"async\" class=\"CToWUd\" src=\"https:\/\/ci5.googleusercontent.com\/proxy\/SiXMCOgFWuV4ta3b43MXdddXjms0-jr46s616Qj1Yf_6NdNSj0lfw0a0oGke8ET6TC0q8PRm4fXNbH2bTganUf-V_f6Wv-w49XAv9HP5Baw0zbidTwvmL1O9sremuW9mD-FuFlSxagWHOxWyNX8rEgGNAC-uk1tC0ldhMIIkZ07PNpoSRuXou4CEAc_wOqFR38Fatp8WRUUtpBw=s0-d-e1-ft#https:\/\/docs.google.com\/uc?export=download&amp;id=0B4JkoRnIyDFTaTRGQjVpU3NpSVE&amp;revid=0B4JkoRnIyDFTdW42QmZFdDRnNWx4ZGdjVEQ5WEQxeG0yT0Y0PQ\" alt=\"\" width=\"127\" height=\"200\" \/><\/span><\/div>\n<\/div>\n<\/div>\n<\/div>\n<\/div>\n<\/div>\n<\/div>\n<\/div>\n<\/div>\n","protected":false},"excerpt":{"rendered":"<p>Tandis que les dirigeants du monde se r\u00e9unissent pour \u00ab rem\u00e9dier\u00a0\u00bb au probl\u00e8me du\u00a0changement climatique \u00e0 la\u00a0Conf\u00e9rence de Paris, dite COP21, nous retrouvons l&rsquo;essayiste canadienne\u00a0Naomi Klein, auteure des ouvrages phares\u00a0No Logo\u00a0et\u00a0La Strat\u00e9gie du choc, dans les bureaux de l&rsquo;un de ses \u00e9diteurs. La presse g\u00e9n\u00e9raliste patiente\u00a0\u00e0 l&rsquo;ext\u00e9rieur. Les\u00a0\u00e9lites, nous explique-t-elle, parlent, oui, mais ne font &#8230; <a title=\"Entretien de Frank Barat avec Naomi Klein\" class=\"read-more\" href=\"https:\/\/bruxelles-pantheres.be\/?p=2617\" aria-label=\"En savoir plus sur Entretien de Frank Barat avec Naomi Klein\">Lire la suite<\/a><\/p>\n","protected":false},"author":1,"featured_media":539,"comment_status":"open","ping_status":"open","sticky":false,"template":"","format":"standard","meta":{"footnotes":""},"categories":[21,36],"tags":[38,19,49],"class_list":["post-2617","post","type-post","status-publish","format-standard","has-post-thumbnail","hentry","category-anti-imperialisme","category-europe","tag-guerre","tag-pauvrete","tag-usa"],"_links":{"self":[{"href":"https:\/\/bruxelles-pantheres.be\/index.php?rest_route=\/wp\/v2\/posts\/2617","targetHints":{"allow":["GET"]}}],"collection":[{"href":"https:\/\/bruxelles-pantheres.be\/index.php?rest_route=\/wp\/v2\/posts"}],"about":[{"href":"https:\/\/bruxelles-pantheres.be\/index.php?rest_route=\/wp\/v2\/types\/post"}],"author":[{"embeddable":true,"href":"https:\/\/bruxelles-pantheres.be\/index.php?rest_route=\/wp\/v2\/users\/1"}],"replies":[{"embeddable":true,"href":"https:\/\/bruxelles-pantheres.be\/index.php?rest_route=%2Fwp%2Fv2%2Fcomments&post=2617"}],"version-history":[{"count":1,"href":"https:\/\/bruxelles-pantheres.be\/index.php?rest_route=\/wp\/v2\/posts\/2617\/revisions"}],"predecessor-version":[{"id":2618,"href":"https:\/\/bruxelles-pantheres.be\/index.php?rest_route=\/wp\/v2\/posts\/2617\/revisions\/2618"}],"wp:featuredmedia":[{"embeddable":true,"href":"https:\/\/bruxelles-pantheres.be\/index.php?rest_route=\/wp\/v2\/media\/539"}],"wp:attachment":[{"href":"https:\/\/bruxelles-pantheres.be\/index.php?rest_route=%2Fwp%2Fv2%2Fmedia&parent=2617"}],"wp:term":[{"taxonomy":"category","embeddable":true,"href":"https:\/\/bruxelles-pantheres.be\/index.php?rest_route=%2Fwp%2Fv2%2Fcategories&post=2617"},{"taxonomy":"post_tag","embeddable":true,"href":"https:\/\/bruxelles-pantheres.be\/index.php?rest_route=%2Fwp%2Fv2%2Ftags&post=2617"}],"curies":[{"name":"wp","href":"https:\/\/api.w.org\/{rel}","templated":true}]}}