{"id":262,"date":"2013-06-21T01:02:02","date_gmt":"2013-06-21T00:02:02","guid":{"rendered":"https:\/\/bruxelles-pantheres.be\/?p=262"},"modified":"2013-11-10T01:03:58","modified_gmt":"2013-11-10T00:03:58","slug":"nouveaux-tarifs-dans-plusieurs-musees-federaux","status":"publish","type":"post","link":"https:\/\/bruxelles-pantheres.be\/?p=262","title":{"rendered":"Nouveaux tarifs dans plusieurs mus\u00e9es f\u00e9d\u00e9raux"},"content":{"rendered":"<div>\n<address><img decoding=\"async\" class=\"attachment-post-thumbnail wp-post-image\" alt=\"masque-venise-418\" src=\"http:\/\/www.egalite.be\/wp-content\/uploads\/2013\/06\/masque-venise-418.jpg\" width=\"300\" height=\"300\" \/><\/address>\n<address>Principales victimes: les visiteurs pr\u00e9caires<\/address>\n<div>Avant de quitter son poste de ministre de la Politique Scientifique, Paul Magnette a opt\u00e9 pour une \u00e9volution interpellante des tarifications de plusieurs parmi nos mus\u00e9es f\u00e9d\u00e9raux qui se concr\u00e9tisent actuellement, et pour plusieurs ann\u00e9es.<\/div>\n<p>Il revient \u00e0 Philippe Courard, le nouveau ministre charg\u00e9 de cette mati\u00e8re, de prendre l\u2019initiative d\u2019une concertation avec les repr\u00e9sentants des associations qui soutiennent les int\u00e9r\u00eats des visiteurs, dont celles qui d\u00e9fendent les droits des diff\u00e9rents publics l\u00e9s\u00e9s par les nouvelles mesures qui se mettent en place actuellement:<\/p>\n<div>&#8211; les jeunes,<\/div>\n<div>&#8211; les personnes \u00e2g\u00e9es,<\/div>\n<div>&#8211; les demandeurs d\u2019emploi,<\/div>\n<div>&#8211; les personnes handicap\u00e9es.<\/div>\n<div>\u00a0<!--more--><\/div>\n<div>En mai 2009, le ticket qui permet de visiter \u00e0 la fois le <i>Mus\u00e9e d\u2019Art Ancien <\/i>et le<i> Mus\u00e9e d\u2019Art Moderne<\/i> connait une hausse substantielle: il passe de 5\u20ac \u00e0 8\u20ac (pour une offre moins importante puisqu\u2019il ne permet plus, d\u00e8s ce moment-l\u00e0, de d\u00e9couvrir les nombreuses \u0153uvres de Magritte regroup\u00e9es dans un nouveau \u00abmus\u00e9e\u00bb sp\u00e9cifique).<\/div>\n<div><\/div>\n<div>Au d\u00e9but 2011, lorsque l\u2019offre mus\u00e9ale est r\u00e9duite de moiti\u00e9 par la fermeture soudaine du <i>Mus\u00e9e d\u2019Art Moderne<\/i> (avec, on suppose, des \u00e9conomies substantielles en frais de gardiennage, d\u2019assurances, d\u2019\u00e9lectricit\u00e9, etc.), il e\u00fbt \u00e9t\u00e9 honn\u00eate de ramener, par exemple \u00e0 4\u20ac, l\u2019entr\u00e9e pour l\u2019unique <i>Mus\u00e9e d\u2019Art Ancien<\/i>, ce qui ne sera jamais le cas, et ce malgr\u00e9 de nombreuses protestations. 8\u20ac continueront d\u2019\u00eatre per\u00e7us.<\/div>\n<div><\/div>\n<div>Sur ce point, il existe pourtant d\u2019autres pratiques mus\u00e9ales.<\/div>\n<div>Un exemple en France: plusieurs salles \u00e9tant ferm\u00e9es pour travaux, le <i>Mus\u00e9e des Beaux-Arts<\/i> de Rennes ramena pendant de nombreux mois son prix d\u2019entr\u00e9e de 4,45\u20ac \u00e0 1,05\u20ac.<\/div>\n<div><\/div>\n<div>Depuis janvier 2013 et pour les ann\u00e9es \u00e0 venir, le tarif \u00abprix plein\u00bb se stabilise \u00e0 8\u20ac.<\/div>\n<div><\/div>\n<div>Par contre, les r\u00e9ductions et les gratuit\u00e9s en prennent un sacr\u00e9 coup!<\/div>\n<div>Vont subir les \u00e9volutions tarifaires, en pleine crise \u00e9conomique, essentiellement les populations fragilis\u00e9es, celles pr\u00e9cis\u00e9ment pour qui le prix de l\u2019entr\u00e9e constitue de tout temps un obstacle non n\u00e9gligeable \u00e0 leur venue au mus\u00e9e.<\/div>\n<div><\/div>\n<div>Ce changement radical de politique tarifaire est impos\u00e9 aux mus\u00e9es par le gouvernement f\u00e9d\u00e9ral (sur base, quand m\u00eame, des propositions de la <i>Commission de gestion <\/i>des MRBAB, les <i>Mus\u00e9es Royaux des Beaux-Arts de Belgique<\/i>, formul\u00e9es les 15 juin 2011 et 14 juin 2012).<\/div>\n<div><\/div>\n<div>Jusqu\u2019\u00e0 pr\u00e9sent, l\u2019entr\u00e9e \u00e9tait gratuite tous les jours pour les jeunes (-18ans).<\/div>\n<div>D\u00e9sormais, seuls, profiteront de cette mesure les moins de 6 ans (s\u2019ils sont accompagn\u00e9s d\u2019un adulte \u00abpayant\u00bb), les autres visiteurs de 6 \u00e0 18 ans, s\u2019acquittant d\u2019un tarif pr\u00e9f\u00e9rentiel \u00e0 2\u20ac.<\/div>\n<div><\/div>\n<div>La gratuit\u00e9 pour les demandeurs d\u2019emploi (relativement r\u00e9cente puisque mise en place en 2009) et celle pour les personnes handicap\u00e9es passent \u00e0 la trappe et sont remplac\u00e9es par une r\u00e9duction \u00e0 2\u20ac.<\/div>\n<div><\/div>\n<div>Quant aux r\u00e9ductions pour les + de 60 ans, elles ne sont d\u00e9sormais plus attribu\u00e9es qu\u2019aux + de 65 ans.<\/div>\n<div><\/div>\n<div>Aucune explication du pourquoi de pareils changements n\u2019est propos\u00e9e aux visiteurs. On en est toujours au stade stalinien de la communication alors qu\u2019il y aurait l\u00e0 un franc d\u00e9bat citoyen \u00e0 tenir avec les usagers culturels du service public.<\/div>\n<div><\/div>\n<div>Des \u00e9volutions analogues se retrouvent dans les nouvelles tarifications d\u2019autres institutions f\u00e9d\u00e9rales: <i>Mus\u00e9e Magritte Museum<\/i>, <i>Mus\u00e9e des Instruments de Musique<\/i>, etc.<\/div>\n<div><\/div>\n<div><b>On va progressivement passer de 5\u20ac \u00e0 32\u20ac<\/b><\/div>\n<div><\/div>\n<div>Le <i>Moniteur <\/i>du 21 d\u00e9cembre dernier acte une autre d\u00e9cision du ministre Magnette:<\/div>\n<div>il y aura bien un droit d\u2019entr\u00e9e de 8\u20ac pour le futur <i>Mus\u00e9e Fin de Si\u00e8cle<\/i> quand il occupera, rue de la R\u00e9gence, l\u2019espace jadis attribu\u00e9 au <i>Mus\u00e9e d\u2019Art Moderne<\/i>.<\/div>\n<div><\/div>\n<div>En moins de cinq ans, les <i>Mus\u00e9es Royaux des Beaux Arts<\/i> de Bruxelles vont ainsi r\u00e9ussir l\u2019exploit de quasi multiplier par cinq le prix de leur entr\u00e9e.<\/div>\n<div><\/div>\n<div>La surface \u00e0 visiter ne s\u2019est gu\u00e8re d\u00e9velopp\u00e9e.<\/div>\n<div><\/div>\n<div>Pareille entit\u00e9 est toujours en \u00e9volution et les conservatrices qui ont pr\u00e9c\u00e9d\u00e9 Michel Draguet, lorsqu\u2019elles r\u00e9am\u00e9nageaient une section, n\u2019augmentaient pas pour autant le prix du ticket unique qui permettait de tout d\u00e9couvrir: les \u0153uvres anciennes et modernes (dont les Magritte), soit 5\u20ac en tout et pour tout.<\/div>\n<div><\/div>\n<div>L\u2019apport (!!!) de Michel Draguet, le conservateur actuel, est d\u2019avoir, par un beau travail de communication, d\u00e9fini ces sections comme \u00e9tant des \u00abmus\u00e9es\u00bb sp\u00e9cifiques, ce qui lui a permis de multiplier progressivement par trois les tickets.<\/div>\n<div><\/div>\n<div>En 2009, la tarification est remani\u00e9e une premi\u00e8re fois avec la naissance du <i>Mus\u00e9e Magritte Museum<\/i>: 8\u20ac pour celui-ci, et 8\u20ac pour le ticket coupl\u00e9 qui permet de visiter les sections ancienne et moderne. Il ne restait plus qu\u2019\u00e0 \u00abd\u00e9doubler\u00bb ce dernier ticket\u2026<\/div>\n<div><\/div>\n<div>Dans quelques mois, quand le <i>Mus\u00e9e Fin de Si\u00e8cle<\/i> sera enfin accessible au public, on passera \u00e0 une addition sal\u00e9e de 24\u20ac (soit 3 x 8\u20ac), si l\u2019on ne visite pas les trois entit\u00e9s mus\u00e9ales le m\u00eame jour (sinon, un ticket coupl\u00e9 limite quelque peu les d\u00e9g\u00e2ts). Quand existera un nouveau lieu o\u00f9 l\u2019on pourra r\u00e9admirer, de fa\u00e7on provisoire ou d\u00e9finitive, la collection d\u2019art moderne rel\u00e9gu\u00e9e scandaleusement dans les r\u00e9serves des MRBAB, on passera \u00e0 4 x 8\u20ac.<\/div>\n<div><\/div>\n<div>Tout ceci n\u2019est et ne sera sans doute pas sans cons\u00e9quence sur la fr\u00e9quentation.<\/div>\n<div><\/div>\n<div>Il faut rappeler que le passage en 1997 de la gratuit\u00e9 quotidienne \u00e0 l\u2019entr\u00e9e payante (150 FB) exig\u00e9e par le ministre Yvan Ylieff (qui r\u00e9duisit \u00e0 la m\u00eame \u00e9poque la dotation des <i>Mus\u00e9es Royaux des Beaux-Arts<\/i> de 7 millions de FB) fut d\u00e9sastreux: plus des 2\/3 du public a d\u00e9sert\u00e9. On est pass\u00e9 de 953.316 (en 1996) \u00e0 306.321 visiteurs (en 2001).<\/div>\n<div><\/div>\n<div>Si le succ\u00e8s du <i>Mus\u00e9e Magritte Museum<\/i>est bien r\u00e9el (mais pour combien de temps encore?), il va de pair avec une diminution de fr\u00e9quentation de plus en plus pr\u00e9occupante pour le reste des collections des<i> Mus\u00e9es Royaux des Beaux-Arts<\/i>.<\/div>\n<div><\/div>\n<div>Si les r\u00e9sultats du <i>Mus\u00e9e Magritte Museum<\/i> sont, chaque ann\u00e9e, hyper m\u00e9diatis\u00e9s, ceux du reste des collections des<i> Mus\u00e9es Royaux des Beaux-Arts<\/i> ne le sont gu\u00e8re. Par exemple: en 2012, plus que 143.490 entr\u00e9es (prix plein, r\u00e9ductions, entr\u00e9es gratuites) pour le <i>Mus\u00e9e d\u2019Art Ancien<\/i> (le <i>Mus\u00e9e d\u2019Art Moderne<\/i> \u00e9tant ferm\u00e9 depuis f\u00e9vrier 2011).<\/div>\n<div><\/div>\n<div>Comme les visiteurs \u00e9trangers continuent d\u2019affluer, il conviendra de se pr\u00e9occuper de la d\u00e9sertion progressive de la population locale, \u00e0 moins que \u00abnotre\u00bb institution mus\u00e9ale f\u00e9d\u00e9rale la plus embl\u00e9matique n\u2019ambitionne plus qu\u2019une vocation de tirelire touristique.<\/div>\n<div><\/div>\n<div>Autrefois, aller au mus\u00e9e s\u2019apparentait financi\u00e8rement \u00e0 fr\u00e9quenter un cin\u00e9-club.<\/div>\n<div><\/div>\n<div>Aujourd\u2019hui, les tickets d\u00e9livr\u00e9s peuvent \u00eatre aussi on\u00e9reux que ceux des grands complexes cin\u00e9matographiques. On change de cat\u00e9gorie!<\/div>\n<div><\/div>\n<div>Si pareille \u00e9volution ne peut \u00eatre emp\u00each\u00e9e dans les structures priv\u00e9es, elle doit \u00eatre contenue dans les institutions subsidi\u00e9es o\u00f9 la part des rentr\u00e9es \u00abtickets\u00bb est relativement limit\u00e9e dans le budget. Il faut ma\u00eetriser l\u2019envol\u00e9e des tarifs en vue d\u2019assurer la d\u00e9mocratisation de l\u2019acc\u00e8s de la culture \u00e0 tous nos concitoyens.<\/div>\n<div><\/div>\n<div><i>\u00ab\u00a0Cette d\u00e9cision politique est un mauvais signal pour les jeunes\u00a0!\u00a0\u00bb<\/i> indique le communiqu\u00e9 de presse diffus\u00e9 le 23 mai 2013 par <i>le Conseil de la Jeunesse<\/i> de la F\u00e9d\u00e9ration WB qui appelle le Ministre Courard \u00e0 revenir sur la d\u00e9cision et se rend disponible <i>\u00ab\u00a0pour r\u00e9fl\u00e9chir ensemble \u00e0 des mesures facilitant un acc\u00e8s privil\u00e9gi\u00e9 \u00e0 la culture pour les jeunes\u00a0\u00bb<\/i>.<\/div>\n<div>Pour le CJ\u00a0: <i>\u00ab\u00a0 (\u2026) la gratuit\u00e9 offrait l\u2019avantage d\u2019inciter certains jeunes \u00e0 pousser les portes des plus grands mus\u00e9es du pays, ce qu\u2019ils ne feront sans doute plus si l\u2019acc\u00e8s en devient payant\u00a0\u00bb<\/i>\u00a0:<\/div>\n<div><a href=\"http:\/\/www.conseildelajeunesse.be\/fini-la-gartuite-des-musees-federaux-pour-les-jeunes\/\" target=\"_blank\">http:\/\/www.<wbr \/>conseildelajeunesse.be\/fini-<wbr \/>la-gartuite-des-musees-<wbr \/>federaux-pour-les-jeunes\/<\/a><\/div>\n<div><\/div>\n<div><b>Bernard Hennebert<\/b>,<\/div>\n<div><\/div>\n<div>Coordinateur de Consoloisirs.be<\/div>\n<div><\/div>\n<div>Auteur de \u00abLes mus\u00e9es aiment-ils le public?\u00bb<\/div>\n<div><a href=\"http:\/\/www.consoloisirs.be\/presentation\/livre04.html\" target=\"_blank\">http:\/\/www.consoloisirs.be\/<wbr \/>presentation\/livre04.html<\/a><\/div>\n<p>(\u00c9ditions Couleur Livres)<\/p>\n<\/div>\n","protected":false},"excerpt":{"rendered":"<p>Principales victimes: les visiteurs pr\u00e9caires Avant de quitter son poste de ministre de la Politique Scientifique, Paul Magnette a opt\u00e9 pour une \u00e9volution interpellante des tarifications de plusieurs parmi nos mus\u00e9es f\u00e9d\u00e9raux qui se concr\u00e9tisent actuellement, et pour plusieurs ann\u00e9es. Il revient \u00e0 Philippe Courard, le nouveau ministre charg\u00e9 de cette mati\u00e8re, de prendre l\u2019initiative &#8230; <a title=\"Nouveaux tarifs dans plusieurs mus\u00e9es f\u00e9d\u00e9raux\" class=\"read-more\" href=\"https:\/\/bruxelles-pantheres.be\/?p=262\" aria-label=\"En savoir plus sur Nouveaux tarifs dans plusieurs mus\u00e9es f\u00e9d\u00e9raux\">Lire la suite<\/a><\/p>\n","protected":false},"author":1,"featured_media":263,"comment_status":"open","ping_status":"open","sticky":false,"template":"","format":"standard","meta":{"footnotes":""},"categories":[18],"tags":[14,32,19],"class_list":["post-262","post","type-post","status-publish","format-standard","has-post-thumbnail","hentry","category-resistance-bruxelles","tag-bruxelles","tag-culture","tag-pauvrete"],"_links":{"self":[{"href":"https:\/\/bruxelles-pantheres.be\/index.php?rest_route=\/wp\/v2\/posts\/262","targetHints":{"allow":["GET"]}}],"collection":[{"href":"https:\/\/bruxelles-pantheres.be\/index.php?rest_route=\/wp\/v2\/posts"}],"about":[{"href":"https:\/\/bruxelles-pantheres.be\/index.php?rest_route=\/wp\/v2\/types\/post"}],"author":[{"embeddable":true,"href":"https:\/\/bruxelles-pantheres.be\/index.php?rest_route=\/wp\/v2\/users\/1"}],"replies":[{"embeddable":true,"href":"https:\/\/bruxelles-pantheres.be\/index.php?rest_route=%2Fwp%2Fv2%2Fcomments&post=262"}],"version-history":[{"count":1,"href":"https:\/\/bruxelles-pantheres.be\/index.php?rest_route=\/wp\/v2\/posts\/262\/revisions"}],"predecessor-version":[{"id":264,"href":"https:\/\/bruxelles-pantheres.be\/index.php?rest_route=\/wp\/v2\/posts\/262\/revisions\/264"}],"wp:featuredmedia":[{"embeddable":true,"href":"https:\/\/bruxelles-pantheres.be\/index.php?rest_route=\/wp\/v2\/media\/263"}],"wp:attachment":[{"href":"https:\/\/bruxelles-pantheres.be\/index.php?rest_route=%2Fwp%2Fv2%2Fmedia&parent=262"}],"wp:term":[{"taxonomy":"category","embeddable":true,"href":"https:\/\/bruxelles-pantheres.be\/index.php?rest_route=%2Fwp%2Fv2%2Fcategories&post=262"},{"taxonomy":"post_tag","embeddable":true,"href":"https:\/\/bruxelles-pantheres.be\/index.php?rest_route=%2Fwp%2Fv2%2Ftags&post=262"}],"curies":[{"name":"wp","href":"https:\/\/api.w.org\/{rel}","templated":true}]}}