{"id":2626,"date":"2015-12-06T19:17:23","date_gmt":"2015-12-06T18:17:23","guid":{"rendered":"https:\/\/bruxelles-pantheres.be\/?p=2626"},"modified":"2015-12-08T01:04:59","modified_gmt":"2015-12-08T00:04:59","slug":"week-end-contre-lislamophobie-en-europe","status":"publish","type":"post","link":"https:\/\/bruxelles-pantheres.be\/?p=2626","title":{"rendered":"Week-end contre l&rsquo;Islamophobie en Europe"},"content":{"rendered":"<p><em><strong>11-12-13 d\u00e9cembre 2015<\/strong><\/em><br \/>\n<em><strong>Week-end contre l&rsquo;Islamophobie en Europe<\/strong><\/em><br \/>\n\u00c0 Barcelone, \u00e0 Madrid et dans 4 autres villes d\u2019Espagne, <a href=\"https:\/\/www.facebook.com\/events\/473571829497287\/\">\u00e0 Bruxelles,<\/a> \u00e0 Londres, \u00e0 Edinburgh et \u00e0 Paris, des initiatives sont prises dans le cadre de Journ\u00e9es internationales contre l\u2019Islamophobie.<br \/>\nCes journ\u00e9es, organis\u00e9es pour la troisi\u00e8me fois cons\u00e9cutive en Europe, se d\u00e9rouleront dans un contexte particulier marqu\u00e9 par les attentats de Paris et ses cons\u00e9quences. \u00c0 des degr\u00e9s divers selon les pays, ces attentats ont provoqu\u00e9 une onde de choc qui \u00e9branle nos soci\u00e9t\u00e9s. Entre autres cons\u00e9quences, ils servent de pr\u00e9texte \u00e0 l\u2019installation d\u2019un climat s\u00e9curitaire qui transforme chaque musulman-e en suspect potentiel.<br \/>\nLutter contre cette Islamophobie qui se cache de moins en moins est aujourd\u2019hui indispensable pour d\u00e9fendre les libert\u00e9s d\u00e9mocratiques et les droits humains dont nos soci\u00e9t\u00e9s se pr\u00e9valent. Par sa dimension internationale, et au-del\u00e0 des diff\u00e9rences d\u2019accent que prendront nos diff\u00e9rentes initiatives, nous affirmons l\u2019universalit\u00e9 de la lutte antiraciste et, \u00e0 travers elle, l\u2019\u00e9galit\u00e9 en droit, en respect et en dignit\u00e9 de tous les \u00eatres humains.<\/p>\n<div class=\"crayon article-chapo-184 chapo surlignable\">\n<p>\u00c0 Paris, Bruxelles, Londres, Edinburgh, Barcelone, Madrid et 4 autres villes en Espagne, des initiatives sont prises dans le cadre des Journ\u00e9es internationales contre l\u2019islamophobie en Europe. D\u00e9couvrez les \u00e9v\u00e8nements pr\u00e8s de chez pour ce week-end d\u00e9di\u00e9 \u00e0 la lutte contre l\u2019islamophobie.<\/p>\n<\/div>\n<div class=\"crayon article-texte-184 texte surlignable\">\n<p>Ces journ\u00e9es, organis\u00e9es pour la troisi\u00e8me fois cons\u00e9cutive en Europe, se d\u00e9rouleront dans un contexte particulier marqu\u00e9 par les attentats de Paris et ses cons\u00e9quences. \u00c0 des degr\u00e9s divers selon les pays, ces attentats ont provoqu\u00e9 une onde de choc qui \u00e9branle nos soci\u00e9t\u00e9s. Entre autres cons\u00e9quences, ils ont pu servir de pr\u00e9texte \u00e0 installer un climat s\u00e9curitaire qui transforme chaque musulman-e en suspect potentiel. <br class=\"autobr\" \/>Lutter contre cette islamophobie qui se cache de moins en moins est aujourd\u2019hui indispensable pour d\u00e9fendre les libert\u00e9s d\u00e9mocratiques et les droits humains dont nos soci\u00e9t\u00e9s se pr\u00e9valent. Par sa dimension internationale, et au-del\u00e0 des diff\u00e9rences d\u2019accent que prendront nos diff\u00e9rentes initiatives, nous affirmons l\u2019universalit\u00e9 de la lutte antiraciste et, \u00e0 travers elle, l\u2019\u00e9galit\u00e9 en droit, en respect et en dignit\u00e9 de tous les \u00eatres humains.<\/p>\n<h3 class=\"spip\">Paris<\/h3>\n<p><strong>Vendredi 11 d\u00e9cembre 2015 \u00e0 la bourse du travail de St Denis (France), 18h30<\/strong><br class=\"autobr\" \/><a class=\"spip_out\" href=\"http:\/\/contre-attaques.org\/magazine\/article\/grand-meeting\" target=\"_blank\">Pour une politique de paix, de justice et de dignit\u00e9<\/a><\/p>\n<h3 class=\"spip\">Londres<\/h3>\n<p><strong>Samedi 12 d\u00e9cembre 2015 \u00e0 14h<\/strong><br class=\"autobr\" \/><a class=\"spip_out\" href=\"http:\/\/www.ihrc.org.uk\/events\/11541-islamophobia-conference-2015-the-changing-face-of-racism\" target=\"_blank\" rel=\"external\">Islamophobia conference 2015\u00a0: The changing face of racism<\/a><\/p>\n<h3 class=\"spip\">Edinburg<\/h3>\n<p><strong>Samedi 12 d\u00e9cembre \u00e0 11h<\/strong><br class=\"autobr\" \/><a class=\"spip_out\" href=\"http:\/\/www.sacc.org.uk\/events\/2015\/islamophobia-conference-2015\" target=\"_blank\" rel=\"external\">Islamophobia conference 2015\u00a0: The changing face of racism<\/a><\/p>\n<\/div>\n<h3 class=\"spip\">Espagne<\/h3>\n<p><strong>Samedi 12 d\u00e9cembre &#8211; six villes en Espagne\u00a0: Barcelone, Cordoue, Madrid, Valence, Ceuta et Melilla<\/strong><br class=\"autobr\" \/><a class=\"spip_out\" href=\"https:\/\/www.facebook.com\/jornadainternacionalcontraislamofobia\/\" target=\"_blank\" rel=\"external\">Jornada internacional contra la islamofobia<\/a><\/p>\n<h3 class=\"spip\">Bruxelles<\/h3>\n<p><strong>Samedi 12 d\u00e9cembre \u00e0 19h<\/strong><br class=\"autobr\" \/><a class=\"spip_out\" href=\"http:\/\/www.tayush.com\" target=\"_blank\" rel=\"external\">Actualit\u00e9s de l\u2019islamophobie<\/a><br class=\"autobr\" \/>Adresse\u00a0: Pianofabriek, Rue du Fort 35,1060 Saint-Gillis<\/p>\n<p><strong>Dimanche 13 d\u00e9cembre 2015 \u00e0 14h<\/strong><br \/>\n<a href=\"https:\/\/www.facebook.com\/events\/473571829497287\/\">Contre l&rsquo;\u00e9tat d&rsquo;urgence, l&rsquo;Islamophobie et la poursuite de la guerre<\/a><br \/>\n<a href=\"https:\/\/www.facebook.com\/events\/473571829497287\/\">Adresse: Pianofabriek, Rue du Fort 35,1060 Saint-Gilles<\/a><\/p>\n<p><a href=\"https:\/\/bruxelles-pantheres.be\/wp-content\/uploads\/2015\/12\/Affiche_manif_nowar_.jpg\"><img decoding=\"async\" class=\"size-large wp-image-2628 aligncenter\" src=\"https:\/\/bruxelles-pantheres.be\/wp-content\/uploads\/2015\/12\/Affiche_manif_nowar_-992x1024.jpg\" alt=\"Affiche_manif_nowar_\" width=\"680\" height=\"702\" srcset=\"https:\/\/bruxelles-pantheres.be\/wp-content\/uploads\/2015\/12\/Affiche_manif_nowar_-992x1024.jpg 992w, https:\/\/bruxelles-pantheres.be\/wp-content\/uploads\/2015\/12\/Affiche_manif_nowar_-291x300.jpg 291w, https:\/\/bruxelles-pantheres.be\/wp-content\/uploads\/2015\/12\/Affiche_manif_nowar_-768x793.jpg 768w, https:\/\/bruxelles-pantheres.be\/wp-content\/uploads\/2015\/12\/Affiche_manif_nowar_-540x557.jpg 540w, https:\/\/bruxelles-pantheres.be\/wp-content\/uploads\/2015\/12\/Affiche_manif_nowar_.jpg 1095w\" sizes=\"(max-width: 680px) 100vw, 680px\" \/><\/a><\/p>\n<p style=\"text-align: center;\"><strong>Meeting <\/strong><br \/>\n<strong>Contre l&rsquo;\u00e9tat d&rsquo;urgence, l&rsquo;islamophobie et la poursuite de la guerre<\/strong><\/p>\n<blockquote>\n<p style=\"text-align: left;\">Objectifs du meeting :<br \/>\n&#8211; donner des cl\u00e9s de compr\u00e9hension et d&rsquo;analyse de la situation.<br \/>\n&#8211; montrer qu&rsquo;on est nombreux, et en capacit\u00e9 de faire quelque chose d&rsquo;unitaire, de convergent.<br \/>\n&#8211; mettre en mouvement les gens en leur donnant des possibilit\u00e9s concr\u00e8tes d&rsquo;action.<br \/>\n&#8211; donner la parole aux personnes concern\u00e9es et prendre la mesure du black-out qui leur est appliqu\u00e9.<br \/>\n&#8211; visibiliser les mobilisations &amp; actions en cours.<\/p>\n<p style=\"text-align: left;\">Avec le soutien de : Bruxelles Panth\u00e8res, Together For Dignity, Azira&rsquo;s Way, ESG (Engag\u00e9s, Solidaires &amp; G\u00e9n\u00e9reux) asbl, Comit\u00e9 FreeAli, Prisoner&rsquo;s Family &amp; Friends Association, Collectif Pr\u00e9sences Noires, Les Editions du Souffle, Migrations et luttes sociales, L&rsquo;Usine \u00e0 Vapeur, L&rsquo;Encre Des Voil\u00e9es, Inaya Asbl, FEWLA, Pianofabriek, System_D, Dafayow, DIP (Dichiariamo Illegale la Povert\u00e0) www.banningpoverty.org, Muslims Rights Belgium, ZIN TV, European Muslim Network, Change Asbl, Burger Opstaand \u2022 Citoyen Debout, Solidarity for All, LCR-SAP, Nouvelle Voie Anticoloniale . . . .<\/p>\n<\/blockquote>\n<p><em><strong>INFO PRATIQUE<\/strong><\/em><br \/>\nProgramme<br \/>\n13 :30 Accueil<br \/>\n14:00 Introduction : Malika Hamidi<\/p>\n<p>14:20 Guerre &amp; Terrorisme<\/p>\n<p>Discours inaugural : Youssef Boussoumah<br \/>\nIntervenants : Luk Vervaet, Luis Andrade Martinez, Safa Bannani, Said Elouizi, Kalvin Soiresse Njall<\/p>\n<p>16 :00\u00a0 Interlude : Rappel des faits d&rsquo;Islamophobie : Yamina Bounir de l&rsquo;association Muslim Rights.<\/p>\n<p>Pr\u00e9sentation des plateformes Bruxelloise &amp; Li\u00e9geoise<\/p>\n<p>16:30 Contre l&rsquo;\u00e9tat d&rsquo;urgence &amp; l&rsquo;Islamophobie<\/p>\n<p>Discours inaugural: Omar Slaouti<br \/>\nIntervenants : Farida Aarrass, Rachida Aziz, Aicha Daoudi, Maghfour Samira, Siham Abbas<\/p>\n<p>18:00 Conclusion :<br \/>\nHouria Bouteldja, Malika Hamidi, Khadija Senhadji,V\u00e9ronique Clette<\/p>\n<p>19 :00 Cloture<br \/>\nOu : Pianofabriek \u2013 35, rue du Fort \u2013 Sint Gillis<\/p>\n<p>Info : 0476\/84.19.69<\/p>\n<p><strong>Avec :<\/strong><br \/>\n<strong>Malika Hamidi,<\/strong> docteure en sociologie, Directrice G\u00e9n\u00e9rale de European Muslim Network et membre du Steering Commitee \u00a0\u00bb Forgotten Muslim Women\u00a0\u00bb (projet de recherche sur l&rsquo;impact de l&rsquo;Islamophobie sur les femmes musulmane d&rsquo;Europe).<br \/>\nMalika Hamidi, pr\u00e9sidera la journ\u00e9e. Elle l\u2019introduira en nous donnant les raisons d\u2019\u00eatre de ce meeting post-attentats et conclura la journ\u00e9e.<br \/>\n<strong>V\u00e9ronique Clette-Gakuba<\/strong>, chercheuse \u00e0 l&rsquo;ULB, s\u2019int\u00e9resse tout particuli\u00e8rement aux Postcolonial Studies et Postcolonial Theory, . . .<br \/>\nhttp:\/\/ulb.academia.edu\/V%C3%A9roniqueCletteGakuba<br \/>\nActive au sein du Collectif Pr\u00e9sences Noires, elle a \u00e9t\u00e9 l&rsquo;une des porte-parole de Tout Autre Chose. http:\/\/enseignement.catholique.be\/pmb\/opac_css\/index.php\u2026<br \/>\nV\u00e9ronique Clette-Gakuba animera la table ronde \u00ab Guerre &amp; Terrorisme \u00bb et nous fera le plaisir de partager son analyse lors de la s\u00e9ance de cl\u00f4ture.<br \/>\n<strong>Khadija Senhadji<\/strong> est socio-anthropologue et exerce la fonction d&rsquo;analyste aupr\u00e8s de l&rsquo;Observatoire bruxellois de l&rsquo;Emploi http:\/\/www.actiris.be\/marchemp\/tabid\/205\/language\/fr-BE\/L-Observatoire-bruxellois-de-l-Emploi.aspx . Int\u00e9ress\u00e9e par diverses th\u00e9matiques telles que les in\u00e9galit\u00e9s, les identit\u00e9s et la m\u00e9moire dans une perspective post-coloniale, elle travaille en particulier sur la question des discriminations li\u00e9es au genre et \u00e0 l&rsquo;origine ethnique sur le march\u00e9 du travail.<br \/>\nKhadija Senhadji animera la table ronde \u00ab Guerre &amp; Terrorisme \u00bb et nous fera le plaisir de partager son analyse lors de la s\u00e9ance de cl\u00f4ture.<br \/>\n<strong>Youssef Boussoumah<\/strong> est professeur d\u2019histoire-g\u00e9ographie ; militant politique et associatif, souligne l\u2019enracinement de la cause palestinienne dans les quartiers, le changement de profil des participants aux manifestations, caract\u00e9ris\u00e9 par l\u2019irruption d\u2019une g\u00e9n\u00e9ration nouvelle, qui n\u2019a cess\u00e9 de grossir r\u00e9guli\u00e8rement, le plus souvent en liaison avec des \u00e9v\u00e9nements comme l\u2019agression de l\u2019\u00e9t\u00e9 2014 contre Gaza.<\/p>\n<p>Youssef Boussoumah introduira le panel \u00ab Guerre &amp; Terrorisme \u00bb.<br \/>\n<strong>Omar Slaouti<\/strong> est professeur de sciences physiques-chimie dans un lyc\u00e9e d&rsquo;Argenteuil.<br \/>\nIl est membre du \u00a0\u00bb Collectif V\u00e9rit\u00e9 et Justice pour Ali Ziri \u00ab\u00a0. Il d\u00e9nonce notamment cette guerre faite \u00e0 l&rsquo;int\u00e9rieur m\u00eame du territoire fran\u00e7ais \u00ab\u00a0aux quartiers populaires, aux noirs, aux arabes, aux musulmans, et aux Rroms&#8230;\u00a0\u00bb : les contr\u00f4les aux faci\u00e8s, les violences et abus policiers qui font en moyenne un tu\u00e9 par mois, l&rsquo;impunit\u00e9 trop souvent assur\u00e9e par la justice, et le racisme structurel \u00e0 l&rsquo;\u0153uvre derri\u00e8re ces crimes d&rsquo;\u00c9tat.<br \/>\nOmar Slaouti introduira le panel \u00ab Contre l&rsquo;\u00e9tat d&rsquo;urgence &amp; l&rsquo;Islamophobie \u00bb.<br \/>\n<strong>Houria Bouteldja<\/strong> est initiatrice et porte-parole du Parti des Indig\u00e8nes de la R\u00e9publique. Elle a publi\u00e9 de nombreux articles et particip\u00e9 \u00e0 de nombreuses conf\u00e9rences internationales, en particulier sur les questions d\u2019Islamophobie, de race ainsi que sur les questions f\u00e9ministes. Elle est \u00e9galement membre du comit\u00e9 de femmes Mafed, organisateur de la marche pour la dignit\u00e9 du 31 octobre 2015 \u00e0 Paris.<br \/>\nHouria Bouteldja, nous fera le plaisir de partager son analyse de la journ\u00e9e lors de la cl\u00f4ture et lancera des pistes sur que faire maintenant ?<\/p>\n<p><strong>Luis Martinez Andrade<\/strong> est mexicain. Docteur en sociologie de l\u2019\u00c9cole des hautes \u00e9tudes en sciences sociales. En 2009, il a re\u00e7u le premier prix du concours international d\u2019essai \u00ab Penser \u00e0 contre-courant \u00bb organis\u00e9 par l\u2019Institut Cubain du Livre et le Minist\u00e8re de la Culture Cubaine.<br \/>\nLe livre \u00ab Religi\u00f3n sin redenci\u00f3n. Contradicciones sociales y sue\u00f1os despiertos en Am\u00e9rica Latina \u00bb a \u00e9t\u00e9 publi\u00e9 au Mexique en 2011, a re\u00e7u une large r\u00e9ception dans de nombreux pays et a \u00e9t\u00e9 recens\u00e9 dans des revues prestigieuses telles que Archives de Sciences Sociales des religions (France), Cahiers des Am\u00e9riques latines (France), Ameryka Lacinska (Pologne) et en Am\u00e9rique latine : Herramienta (Argentine), Metapolitica (Mexique), Plura : revista de Estudos de Relig\u00e3o (Br\u00e9sil), Virajes (Colombie). Ce livre a \u00e9galement \u00e9t\u00e9 traduit et publi\u00e9 en polonais et en anglais.<br \/>\nLuis Martinez Andrade nous parlera de la relation entre l&rsquo;\u00e9tat d&rsquo;Exception et le n\u00e9olib\u00e9ralisme au Mexique.<br \/>\nPour lui, ce qui est en train de se passer en Europe est d&rsquo;une part la mont\u00e9e du fascisme (expression de l&rsquo;Islamophobie, politiques anti-migrantes) et d&rsquo;autre part, la consolidation du mod\u00e8le n\u00e9olib\u00e9ral (ce n&rsquo;est pas un hasard si les populations plus pauvres sont dans les quartiers arabo-musulmans ou de migrants). Ce processus exprime bel et bien la logique du syst\u00e8me capitaliste colonial dans sa forme n\u00e9olib\u00e9rale (inaugur\u00e9, \u00e0 coup de fusil, au Chili en 1973).<\/p>\n<p><strong>Luk Vervaet<\/strong>, enseignant, donnait cours aux d\u00e9tenus de la prison de Saint-Gilles. Il a \u00e9t\u00e9 exclu ill\u00e9galement par l&rsquo;administration p\u00e9nitentiaire en 2009 au motif qu&rsquo;il repr\u00e9sente un danger \u00e0 cause de ses id\u00e9es, jug\u00e9es extr\u00e9mistes. Il est l\u2019auteur de plusieurs ouvrages dont<br \/>\n\u00ab\u00a0Guantanamo chez nous ?\u00a0\u00bb. Il est aussi l\u2019un des responsables de la campagne Free Ali.<br \/>\nLuk Vervaet nous parlera de L&rsquo;affaire Ali Aarrass apr\u00e8s les attentats de Paris, et plus g\u00e9n\u00e9ralement de l\u2019\u00e9volution du monde carc\u00e9ral en Belgique dans la guerre mondiale contre le terrorisme.<\/p>\n<p><strong>Safa Bannani<\/strong> est une journaliste arabophone qui travaille pour la radio AraBel bas\u00e9e \u00e0 Bruxelles.<br \/>\nElle a auparavant collabor\u00e9 avec le bureau bruxellois d\u2019Al Jazeera et travaill\u00e9 au d\u00e9partement Presse et Communication d\u2019ENAR (European Network Against Racism). Elle est membre de l\u2019EFOMW (Forum de la femme musulmane en Europe) et d&rsquo;EmBeM (Empowering Belgian Muslim).<br \/>\nElle \u00e9crit sur les m\u00e9dias, l&rsquo;islam en Europe, le Maghreb et le Moyen-Orient.<br \/>\nSafa Bannani nous parlera de l\u2019\u00e9tat des r\u00e9volutions arabe depuis l\u2019exp\u00e9rience tunisienne et comme les guerres engendr\u00e9es par l&rsquo;Occident ont aliment\u00e9 et enfant\u00e9 le terrorisme.<br \/>\n<strong>Siham Abbas<\/strong> est Pr\u00e9sidente de l\u2019Association Marocaine des Droits Humains \u00e0 Bruxelles.<br \/>\nElle nous parlera des d\u00e9rive s\u00e9curitaire \u00e0 Bruxelles apr\u00e8s les attentas de Paris et l&rsquo;impact prioritaire sur les belgo-marocains. Elle nous \u00e9claircira aussi sur la collaboration entre les services marocains et belges ainsi que sur la pr\u00e9sence de \u00ab\u00a0policiers\u00a0\u00bb marocains \u00e0 Bruxelles.<\/p>\n<p><strong>Farida Aarrass,<\/strong> s\u0153ur d\u2019Ali Aarrass, responsable de la campagne Free Ali. Pr\u00e9side une association sans but lucratif, qui se trouve dans le centre de Bruxelles et qui s\u2019appelle E.S.G. Engag\u00e9s, Solidaires &amp; G\u00e9n\u00e9reux.<br \/>\n\u00ab Je suis une militante active, d\u00e9fenseuse des droits de l\u2019Homme, mais avant tout humaniste tr\u00e8s sensible \u00e0 l\u2019\u00e9gard de tous les opprim\u00e9s, qui qu\u2019ils soient, d\u2019o\u00f9 qu\u2019ils soient et peu importe leur philosophie de vie ou confession religieuse. \u00bb<br \/>\nFarida Aarrass nous parlera de son exp\u00e9rience dans les quartiers de Molenbeek, et de l\u2019appel<br \/>\n\u00ab Tous ensemble contre l&rsquo;arbitraire. \u00bb<br \/>\n\u00ab Sans preuves claires et concr\u00e8tes, nous ne devons laisser personne \u00eatre amen\u00e9, se faire enfermer et qui sait&#8230;. se voir extrad\u00e9 au pays d&rsquo;origine&#8230;<br \/>\nRestons vigilants et surtout unis !!!<br \/>\nNe laissons pas les familles des SOUP\u00c7ONN\u00c9S \u00e0 l&rsquo;abandon !!!<br \/>\nSerrons-nous les coudes et suivons de pr\u00e8s les diff\u00e9rents cas, ils auront plus que jamais besoin de notre soutien \u00e0 tous. Restons unis face \u00e0 tout ce qui se passe !<br \/>\nS&rsquo;il s&rsquo;agit de vos proches, de vos amis, vos voisins, allez vers eux, rassurez-les, on doit cr\u00e9er notre cellule de crise citoyenne et nous d\u00e9brouiller par nous-m\u00eames !<br \/>\nJ&rsquo;ai des coordonn\u00e9es d&rsquo;avocats pour eux, et on peut s&rsquo;occuper des familles sans probl\u00e8me.<br \/>\nGardons \u00e0 l&rsquo;esprit que c&rsquo;est sous ce genre d&rsquo;ambiance qu&rsquo;on arrive \u00e0 commettre les pires erreurs et \u00e0 appr\u00e9hender des innocents et leur faire vivre l&rsquo;innommable.<br \/>\nJe suis dispos\u00e9e \u00e0 aller vers les personnes qui ont besoin d&rsquo;un appui d&rsquo;un soutien. Je sais ce que c&rsquo;est et me fais un devoir moral de les aider. \u00bb<\/p>\n<p><strong>Rachida Aziz<\/strong>, styliste et entrepreneuse belge, \u00e9lue \u00ab\u00a0Femme de l&rsquo;ann\u00e9e\u00a0\u00bb aux Diwan Awards 2012, fondatrice de l&rsquo;association Art@Azira, elle est membre du collectif de la Marche des Femmes pour la Dignit\u00e9 (MAFED). Elle a transform\u00e9 sa boutique de la rue Antoine Dansaert en un \u00ab cultuurcaf\u00e9 \u00bb, lieu culturel o\u00f9 se m\u00e9langent les g\u00e9n\u00e9rations et les origines ethniques.<br \/>\nRachida Aziz nous parlera de l\u2019appel \u00ab Brussels &#8211; est \u00e0 nous &#8211; is van ons &#8211; belongs to us \u00bb dont elle est l\u2019initiatrice.<br \/>\n\u00ab Bruxelles est une ville qui \u00a0\u00bb respire \u00a0\u00bb et \u00a0\u00bb se nourrit de \u00a0\u00bb politique. Non pas parce qu\u2019elle compte de nombreux politiciens et Parlements sur son territoire mais parce que ses habitants n\u2019attendent pas pour discuter, planifier et mettre \u00e0 ex\u00e9cution leurs id\u00e9es. \u00bb<br \/>\nJuste au moment o\u00f9 NOUS, Bruxellois.es, aurions plus que n\u2019importe qui besoin de nous r\u00e9unir pour discuter de ce qui est d\u00e9cid\u00e9 \u00e0 notre sujet et sans notre aval, tous les d\u00e9bats et les \u00e9v\u00e9nements publics sont supprim\u00e9s.<br \/>\n<strong>Aicha Daoudi<\/strong> est la maman de Moad, pr\u00e9nom de ce jeune gar\u00e7on tabass\u00e9 gratuitement par la police de Molenbeek. Moad avait \u00e9t\u00e9 brutalement interpell\u00e9 par cinq policiers de Molenbeek alors qu\u2019il se rendait en courant \u00e0 sa salle de sport. L\u2019interpellation muscl\u00e9e s\u2019\u00e9tait produite \u00e0 proximit\u00e9 de son domicile dans le quartier d\u2019Osseghem. Des photos de son visage tum\u00e9fi\u00e9 avaient ensuite \u00e9t\u00e9 diffus\u00e9es par plusieurs m\u00e9dias.<br \/>\nAicha Daoudi, a lanc\u00e9 un \u00ab Comit\u00e9 de parents de victimes \u00bb pour d\u00e9noncer le comportement et le harc\u00e8lement policiers.<br \/>\n\u00ab Les auteurs d\u2019exactions polici\u00e8res et les responsables doivent \u00eatre traduits en Justice. Il ne peut y avoir d\u2019impunit\u00e9 pour ces auteurs qui pratiquent la discrimination au faci\u00e8s et consid\u00e8rent tous les jeunes de Molenbeek comme des voyous\u00bb, \u00abLes cas de violences de la part de certains policiers de Molenbeek se multiplient et nous ne voulons plus laisser passer ce type d\u2019abus. L\u2019objectif n\u2019est pas un appel \u00e0 la violence mais bien \u00e0 une prise de conscience\u00bb.<\/p>\n<p><strong>Maghfour Samira<\/strong> nous parlera de L\u2019Encre Des Voil\u00e9es. Elle mettra en avant le fait que des combats justes peuvent (doivent) \u00eatre men\u00e9s ici, \u00e0 Bruxelles, est aussi l\u2019un des objectifs de L\u2019Encre Des Voil\u00e9es.<br \/>\n\u00ab Au travers de rencontres et d\u2019\u00e9changes, j\u2019ai pu constater que les personnes se retrouvent seules face \u00e0 ce qu\u2019elles vivent quotidiennement, pensant \u00eatre les seules dans cette situation. Offrir un moyen de d\u00e9noncer cela, permet d\u2019att\u00e9nuer ce sentiment. Un r\u00f4le important et pas assez mis en avant, est celui de l\u2019autre, vous et moi. \u00bb<\/p>\n<p><strong>Said Elouizi<\/strong> est un des Porte parole de \u00ab LA COORDINATION DES SANS PAPIERS \u00bb<br \/>\nLa coordination des sans papiers est un r\u00e9seau autonome de tous les collectifs sans papiers en lutte actuellement \u00e0 Bruxelles. Le but de la co\u00f6rdination est de soutenir les actions ind\u00e9pendantes de chaque groupe et de faire des actions en commun.<br \/>\nPour:<br \/>\n-la r\u00e9gularisation des sans- papiers<br \/>\n-la fermeture des centres ferm\u00e9s<br \/>\n-la libert\u00e9 de circulation<br \/>\n-l\u2019arr\u00eat des expulsions<br \/>\n-l\u2019arr\u00eat de la criminalisation des sans-papiers<br \/>\n-le respect des droits fondamentaux comme l\u2019acc\u00e8s aux soins<br \/>\nm\u00e9dicaux et \u00e0 l\u2019\u00e9ducation<br \/>\n-le respect et l&rsquo;application des droits de l&rsquo;enfant.<br \/>\nSaid Elouizi nous parlera de la guerre que m\u00e8ne FRONTEX aux migrants, ainsi que la terreur dans laquelle ils vivent quotidiennement.<\/p>\n<blockquote class=\"wp-embedded-content\" data-secret=\"iWz55zpu6D\"><p><a href=\"https:\/\/sanspapiers.be\/\">Home<\/a><\/p><\/blockquote>\n<p><iframe class=\"wp-embedded-content\" sandbox=\"allow-scripts\" security=\"restricted\" style=\"position: absolute; clip: rect(1px, 1px, 1px, 1px);\" title=\"\u00ab\u00a0Home\u00a0\u00bb &#8212; Sans Papiers\" src=\"https:\/\/sanspapiers.be\/embed\/#?secret=iWz55zpu6D\" data-secret=\"iWz55zpu6D\" width=\"600\" height=\"338\" frameborder=\"0\" marginwidth=\"0\" marginheight=\"0\" scrolling=\"no\"><\/iframe><\/p>\n<p><strong>Yamina Bounir<\/strong> est une militante musulmane pour les droits civiques ainsi que pour la paix dans le monde. Elle interviendra pour nous faire un rappel des faits sur l\u2019Islamophobie.<\/p>\n<p>Premier constat : trois victimes sur quatre ne donnent aucune suite aux discriminations ou violences subies. La nouvelle plateforme associative musulmane Muslims Rights r\u00e9\u00e9ditera l\u2019\u00e9tat des lieux chaque ann\u00e9e.<br \/>\n\u00ab J\u2019\u00e9tais \u00e0 l\u2019arr\u00eat de bus avec une autre amie aussi convertie et on attendait le bus pour aller chez moi. De jeunes hommes sont arriv\u00e9s et voyant qu\u2019on \u00e9tait des Belges devenues musulmanes avec un foulard, ils nous ont arrach\u00e9 le foulard et nous ont trait\u00e9es de \u201ccollabos\u201d. On a eu tellement peur et nous ne savions pas ce que nous avions fait pour m\u00e9riter \u00e7a. \u00bb<br \/>\nLe Livre blanc publi\u00e9 jeudi par la plateforme Muslims Rights s\u2019ouvre sur le t\u00e9moignage de Virginie, une jeune musulmane de Charleroi.<br \/>\nC\u2019est la force de ce premier bilan : il s\u2019appuie sur 600 t\u00e9moignages concrets de citoyens de confession ou de culture musulmane qui s\u2019estiment discrimin\u00e9s en raison de leur religion. Quel bilan tirer des 576 faits enregistr\u00e9s ? Muslims Rights dresse quatre grands constats\u2026<br \/>\n1. Les femmes sont davantage cibl\u00e9es. Globalement, deux personnes discrimin\u00e9es sur trois (61,8 %) sont des femmes, et la proportion monte m\u00eame \u00e0 trois sur quatre si on s\u2019en tient aux faits portant sur les pratiques vestimentaires.<br \/>\n2. Les jeunes sont davantage vis\u00e9s. L\u2019enqu\u00eate montre que deux personnes discrimin\u00e9es sur trois (62 %) sont des jeunes de moins de 30 ans. A peine 2 % des cas concernent des citoyens musulmans \u00e2g\u00e9s de plus de 49 ans.<br \/>\n3. La discrimination \u00e0 l\u2019emploi est banalis\u00e9e. C\u2019est dans le domaine de l\u2019emploi que les discriminations sont les plus courantes, apr\u00e8s les agressions verbales et les manifestations de haine via internet ou les m\u00e9dias : 33 % des t\u00e9moignages portent sur des refus d\u2019embauche, de stage ou de promotion justifi\u00e9s par la conviction religieuse des victimes.<br \/>\n4. Les victimes ne portent pas plainte. Enfin l\u2019enqu\u00eate montre que trois personnes s\u2019estimant victime d\u2019Islamophobie sur quatre (74,8 %) restent sans r\u00e9action. A peine 3 % signalent les faits au Centre pour l\u2019\u00e9galit\u00e9 des chances, et 4 % portent plainte en justice ou aupr\u00e8s de la police. A noter : le succ\u00e8s relatif des proc\u00e9dures de m\u00e9diation ou de conciliation (18 % des victimes optent pour cette voie).<br \/>\nLa version int\u00e9grale du Livre blanc est disponible sur notre site : http:\/\/www.mrb-online.be<\/p>\n<p><strong>Kalvin Soiresse Njall<\/strong>, journaliste, \u00c9crivain, Coordinateur du Collectif \u00ab\u00a0M\u00e9moire Coloniale et Lutte contre les Discriminations\u00a0\u00bb rassemblant 130 associations africaines subsahariennes de Belgique.<br \/>\n\u00ab\u00a0Nous prenons position sur toutes les formes de racisme. La question de la m\u00e9moire coloniale et de l&rsquo;esclavage concerne l&rsquo;ensemble des Belges et des Europ\u00e9ens. \u00c9tant enseignant dans une province ais\u00e9e, le Brabant Wallon, je suis bien plac\u00e9 pour savoir que cette histoire coloniale n&rsquo;est pas du tout connue de nos \u00e9l\u00e8ves !\u00a0\u00bb Et en particulier, le lien historique existant entre la Belgique et les populations issues de ses anciennes colonies, le Congo, le Rwanda et le Burundi.<\/p>\n<p>Un chantier de m\u00e9moire<\/p>\n<p>La Belgique a du mal \u00e0 regarder ce pass\u00e9 colonial en face. Un retard que le collectif entend bien pallier par des actions de terrain : \u00ab\u00a0Nous ne sommes qu&rsquo;au d\u00e9but de ce travail. En France, le d\u00e9bat porte sur la justice et la r\u00e9paration. Ici, nous n&rsquo;en sommes qu&rsquo;\u00e0 la reconnaissance\u00a0\u00bb. D\u00e8s sa cr\u00e9ation, le collectif a fait du lobbying aupr\u00e8s des partis politiques et de la soci\u00e9t\u00e9 civile pour faire conna\u00eetre son combat : \u00ab\u00a0Lors de notre colloque fondateur avec les historiens Elikia M&rsquo;bokolo et Antoine Tshitungu, nous avons publi\u00e9 des actes sur le lien entre la propagande coloniale et les discriminations que subissent les Noirs aujourd&rsquo;hui. C&rsquo;\u00e9tait une premi\u00e8re en Belgique\u00a0\u00bb. Autre initiative organis\u00e9e une fois par mois par le collectif : les \u00ab\u00a0visites guid\u00e9es anti-coloniales\u00a0\u00bb, autour de monuments de Bruxelles : \u00ab\u00a0Nous sommes agr\u00e9ablement surpris d&rsquo;y voir des personnes de toutes origines et de tous \u00e2ges. Les parents viennent avec leurs enfants pour apprendre cette Histoire dont ils ont \u00e9t\u00e9 priv\u00e9s, qui fait un peu honte et qui fascine\u00a0\u00bb. Dans cette d\u00e9marche de r\u00e9conciliation nationale, difficile de faire l&rsquo;impasse sur le controvers\u00e9 Mus\u00e9e royal de Tervuren : \u00ab\u00a0Les touristes \u00e9taient fortement \u00e9branl\u00e9s par son c\u00f4t\u00e9 propagandiste en faveur de la colonisation. Les Africains refusaient m\u00eame d&rsquo;y mettre les pieds. Les nouveaux dirigeants se sont dit qu&rsquo;il y avait une nouvelle image \u00e0 apporter au mus\u00e9e. Sous la pression des associations africaines, le mus\u00e9e a d\u00e9cid\u00e9 de fermer et de se r\u00e9nover compl\u00e8tement sur la forme et le fond. Pendant ce laps de temps, nous sommes consult\u00e9s sur la mani\u00e8re dont ce mus\u00e9e doit \u00eatre reconstruit en 2017\u00a0\u00bb.<\/p>\n<p>Climat N\u00e9grophobe<\/p>\n<p>Le collectif d\u00e9nonce un climat raciste grandissant et les d\u00e9rapages de la N-VA, parti nationaliste flamand pr\u00e9sent au gouvernement et dont le pr\u00e9sident a \u00e9t\u00e9 \u00e9lu maire d&rsquo;Anvers en 2012 : \u00ab\u00a0Il a coup\u00e9 dans les budgets sociaux et culturels en sachant que la majorit\u00e9 des citoyens d&rsquo;origine \u00e9trang\u00e8re d&rsquo;Anvers travaillent dans ces secteurs. Et la lib\u00e9ration de la parole raciste dans les m\u00e9dias fran\u00e7ais nous impacte par ricochet. De plus, depuis plusieurs mois, on nous rapporte dans le pays des bavures polici\u00e8res, des interpellations de Noirs qui finissent dans le sang\u00a0\u00bb. \u00c0 savoir que la Ligue des droits de l&rsquo;Homme a mis en place un Observatoire des violences polici\u00e8res en Belgique (1) afin de r\u00e9colter des informations et t\u00e9moignages pour \u00ab\u00a0\u00e9tablir une typologie et une cartographie indiscutables des actes d&rsquo;agression\u00a0\u00bb. (1) www.obspol.be<br \/>\nPlus d&rsquo;infos:\u00a0 www.memoirecoloniale.be<\/p>\n<p>Annexe :<\/p>\n<p><strong>In Koli Jean Bofane<\/strong> est n\u00e9 en 1954 \u00e0 Mbandaka, en R\u00e9publique d\u00e9mocratique du Congo (RDC).<br \/>\nEn 1993, il quitte son pays natal pour la Belgique. En 1996, il publie \u00ab\u00a0Pourquoi le lion n&rsquo;est plus le roi des animaux\u00a0\u00bb (Gallimard Jeunesse), prix de la critique de la Communaut\u00e9 fran\u00e7aise de Belgique, en 2000, \u00ab\u00a0Bibi et les canards\u00a0\u00bb, et en 2008 \u00ab\u00a0Math\u00e9matiques congolaises\u00a0\u00bb (Actes Sud), prix litt\u00e9raire de la SCAM 2009 et Grand prix litt\u00e9raire d&rsquo;Afrique noire la m\u00eame ann\u00e9e.<br \/>\nSon dernier roman, Congo Inc. Le testament de Bismarck, Actes Sud, 2014, vient de recevoir le prix des Cinq Continents de la francophonie.<br \/>\n\u2022 Les lois de la jungle ne sont plus ce qu\u2019elles \u00e9taient par In Koli Jean Bofane, \u00e9crivain.<br \/>\nChacun de nous, ces jours-ci, \u00e9prouve un malaise tenace face aux \u00e9v\u00e9nements qui ont secou\u00e9 l\u2019actualit\u00e9 r\u00e9cente. \u00c0 Paris, \u00e0 Bamako, \u00e0 Beyrouth. On se sent impuissant et on a du mal \u00e0 comprendre. Il semble que la violence se r\u00e9pande de plus en plus vite et elle n\u2019a de limites que dans l\u2019imagination de celui qui l\u2019exerce. En fouillant nos d\u00e9combres dans quelques si\u00e8cles, les arch\u00e9ologues seront surpris de constater que le XXIe si\u00e8cle a d\u00e9but\u00e9 avec des d\u00e9capitations, de l\u2019esclavage de masse, des humains qui se font sauter \u00e0 l\u2019explosif, des enfants qui prennent plaisir \u00e0 tirer dans le tas et mourir ensuite. \u00c7a a l\u2019air d\u2019\u00eatre n\u2019importe quoi, pourtant cela a bien d\u00fb commencer quelque part. Bl\u00e2mer le terrorisme\u2009? Sans doute, mais je viens d\u2019apprendre \u00e0 l\u2019instant que de jeunes Am\u00e9ricains viennent, une fois de plus, de tirer \u00e0 l\u2019automatique sur le tournage d\u2019un clip, blessant pas moins de seize personnes. Que revendiquaient-ils\u2009? On ne sait pas. Les agissements de ces jeunes violents me font penser \u00e0 un documentaire animalier vu, une nuit d\u2019insomnie, sur une cha\u00eene publique. Le reportage au d\u00e9but montrait une bande de rhinoc\u00e9ros tu\u00e9s dans une r\u00e9serve naturelle en Afrique du Sud. Les pauvres b\u00eates avaient \u00e9t\u00e9 abattues de fa\u00e7on atroce, leurs c\u00f4tes avaient \u00e9t\u00e9 d\u00e9fonc\u00e9es et leurs carcasses gisaient comme si elles avaient subi un bombardement de drone. Vu que les cornes n\u2019avaient pas \u00e9t\u00e9 emport\u00e9es, les gardiens furent bien oblig\u00e9s de reconna\u00eetre que ce ne pouvait pas \u00eatre l\u2019\u0153uvre de braconniers. L\u2019enqu\u00eate pour identifier les coupables pris un peu de temps mais pas beaucoup. Les coupables n\u2019\u00e9taient pas loin, ils vivaient dans la r\u00e9serve, c\u00f4toyaient les rhinoc\u00e9ros, auraient peut-\u00eatre d\u00fb les craindre mais il n\u2019en avait pas \u00e9t\u00e9 ainsi parce qu\u2019il s\u2019agissait de jeunes \u00e9l\u00e9phants n\u00e9s dans des zoos un peu partout dans le monde\u2009: d\u2019Europe, d\u2019Am\u00e9rique, d\u2019Asie. Ces jeunes pachydermes n\u2019avaient pas \u00e9t\u00e9 \u00e9lev\u00e9s comme il fallait, s\u00e9par\u00e9s de leurs parents d\u00e8s le jeune \u00e2ge. Ils avaient \u00e9t\u00e9 livr\u00e9s \u00e0 eux-m\u00eames, sans \u00e9ducation, sans avoir int\u00e9gr\u00e9 la moindre limite, en manque total de sens en somme, m\u00eame pour des b\u00eates. Leurs g\u00e9niteurs et les membres de leur harde n\u2019avaient pas eu le temps de leur apprendre les lois de la jungle. Elles sont strictes, l\u00e0-bas. La vie doit \u00eatre respect\u00e9e sinon, gare \u00e0 l\u2019extinction des esp\u00e8ces. On ne leur avait jamais enseign\u00e9 que, lorsqu\u2019on rencontre un rhinoc\u00e9ros, il faut juste le saluer poliment et passer son chemin. Ils ne savaient pas que la vie est pr\u00e9cieuse, \u00e0 pr\u00e9server \u00e0 tout prix. Pour les pacifier, la direction de la r\u00e9serve eut l\u2019id\u00e9e de capturer un vieux m\u00e2le en R\u00e9publique d\u00e9mocratique du Congo afin de leur inculquer un minimum de savoir-vivre. C\u2019est ce qu\u2019il fit, le vieux, et tr\u00e8s bien m\u00eame, profitant de son droit d\u2019a\u00eenesse. Les jeunes se calm\u00e8rent instantan\u00e9ment\u2009; fini le meurtre en s\u00e9rie.<br \/>\nNous devrions entrer dans ce sch\u00e9ma, aujourd\u2019hui. Depuis 2001 et les attentats du World Trade Center, les discours de violence n\u2019ont pas cess\u00e9 un seul instant. La violence a \u00e9t\u00e9 ajout\u00e9e \u00e0 la violence et des avions de combat ont sillonn\u00e9 les cieux, du Moyen-Orient \u00e0 l\u2019Afrique, survolant des nations, pulv\u00e9risant des humains \u00e0 proximit\u00e9 de champs p\u00e9troliers, de mines de coltan, de carr\u00e9s d\u2019uranium. Les discours de la plupart des dirigeants n\u2019ont \u00e9t\u00e9 que des paroles de menace et de m\u00e9pris. Apr\u00e8s quatorze ans de feu, des enfants n\u00e9s ces ann\u00e9es-ci n\u2019ont forc\u00e9ment int\u00e9gr\u00e9 que la loi du plus fort parce que priv\u00e9s d\u2019un minimum de sens. Les mots d\u00e9r\u00e9gulation et lib\u00e9ralisation sont devenus les ma\u00eetres-mots. Or, une soci\u00e9t\u00e9 sans r\u00e8gles est vou\u00e9e \u00e0 l\u2019\u00e9chec et, du coup, notre jungle est devenue compl\u00e8tement inhospitali\u00e8re. Comment en sont-ils arriv\u00e9s l\u00e0\u2009? se demande-t-on dans les chaumi\u00e8res. C\u2019est les imams, affirme-t-on en ch\u0153ur. Form\u00e9 dans la publicit\u00e9, je peux assurer que les principes de manipulation des masses fonctionnent partout, pas uniquement dans le chef des peuples musulmans. On m\u2019a appris qu\u2019il y a quatre leviers essentiels pour pouvoir influencer les gens. Il y a la nation, la religion, le sexe, la menace sur le portefeuille. \u00c0 partir de l\u00e0, on manipule qui on veut, \u00e0 condition bien entendu d\u2019\u00eatre priv\u00e9 de l\u2019esprit critique. Ou que l\u2019on soit confront\u00e9 sans cesse au racisme, \u00e0 l\u2019exclusion et d\u2019autres choses aussi insupportables. Nous avons forc\u00e9ment une responsabilit\u00e9 dans tout cela\u2009; aucun des kamikazes de Paris ne venait de Syrie ou de Libye mais de France, de Belgique. Dans les rangs de Daech, on trouve des ressortissants de l\u2019Eure-et-Loir, venant des \u00c9tats-Unis, de Grande-Bretagne. Ils font partie de notre histoire. Il est grand temps que nous repensions ce XXIe si\u00e8cle si nous voulons un projet de soci\u00e9t\u00e9 bas\u00e9 sur des valeurs qui pourraient ne f\u00fbt-ce que nous garder en vie, attabl\u00e9s \u00e0 une terrasse avec des amis.<\/p>\n","protected":false},"excerpt":{"rendered":"<p>11-12-13 d\u00e9cembre 2015 Week-end contre l&rsquo;Islamophobie en Europe \u00c0 Barcelone, \u00e0 Madrid et dans 4 autres villes d\u2019Espagne, \u00e0 Bruxelles, \u00e0 Londres, \u00e0 Edinburgh et \u00e0 Paris, des initiatives sont prises dans le cadre de Journ\u00e9es internationales contre l\u2019Islamophobie. Ces journ\u00e9es, organis\u00e9es pour la troisi\u00e8me fois cons\u00e9cutive en Europe, se d\u00e9rouleront dans un contexte particulier &#8230; <a title=\"Week-end contre l&rsquo;Islamophobie en Europe\" class=\"read-more\" href=\"https:\/\/bruxelles-pantheres.be\/?p=2626\" aria-label=\"En savoir plus sur Week-end contre l&rsquo;Islamophobie en Europe\">Lire la suite<\/a><\/p>\n","protected":false},"author":1,"featured_media":2306,"comment_status":"open","ping_status":"open","sticky":false,"template":"","format":"standard","meta":{"footnotes":""},"categories":[21,36,4,18,28],"tags":[31,14,38,15],"class_list":["post-2626","post","type-post","status-publish","format-standard","has-post-thumbnail","hentry","category-anti-imperialisme","category-europe","category-islamophobie","category-resistance-bruxelles","category-racismes","tag-belgique","tag-bruxelles","tag-guerre","tag-resistance"],"_links":{"self":[{"href":"https:\/\/bruxelles-pantheres.be\/index.php?rest_route=\/wp\/v2\/posts\/2626","targetHints":{"allow":["GET"]}}],"collection":[{"href":"https:\/\/bruxelles-pantheres.be\/index.php?rest_route=\/wp\/v2\/posts"}],"about":[{"href":"https:\/\/bruxelles-pantheres.be\/index.php?rest_route=\/wp\/v2\/types\/post"}],"author":[{"embeddable":true,"href":"https:\/\/bruxelles-pantheres.be\/index.php?rest_route=\/wp\/v2\/users\/1"}],"replies":[{"embeddable":true,"href":"https:\/\/bruxelles-pantheres.be\/index.php?rest_route=%2Fwp%2Fv2%2Fcomments&post=2626"}],"version-history":[{"count":6,"href":"https:\/\/bruxelles-pantheres.be\/index.php?rest_route=\/wp\/v2\/posts\/2626\/revisions"}],"predecessor-version":[{"id":2633,"href":"https:\/\/bruxelles-pantheres.be\/index.php?rest_route=\/wp\/v2\/posts\/2626\/revisions\/2633"}],"wp:featuredmedia":[{"embeddable":true,"href":"https:\/\/bruxelles-pantheres.be\/index.php?rest_route=\/wp\/v2\/media\/2306"}],"wp:attachment":[{"href":"https:\/\/bruxelles-pantheres.be\/index.php?rest_route=%2Fwp%2Fv2%2Fmedia&parent=2626"}],"wp:term":[{"taxonomy":"category","embeddable":true,"href":"https:\/\/bruxelles-pantheres.be\/index.php?rest_route=%2Fwp%2Fv2%2Fcategories&post=2626"},{"taxonomy":"post_tag","embeddable":true,"href":"https:\/\/bruxelles-pantheres.be\/index.php?rest_route=%2Fwp%2Fv2%2Ftags&post=2626"}],"curies":[{"name":"wp","href":"https:\/\/api.w.org\/{rel}","templated":true}]}}