{"id":2635,"date":"2015-12-16T00:43:45","date_gmt":"2015-12-15T23:43:45","guid":{"rendered":"https:\/\/bruxelles-pantheres.be\/?p=2635"},"modified":"2015-12-23T01:40:57","modified_gmt":"2015-12-23T00:40:57","slug":"nous-voulons-vous-remercier-pour-votre-participation-au-meeting-contre-letat-durgence-lislamophobie-et-la-poursuite-de-la-guerre","status":"publish","type":"post","link":"https:\/\/bruxelles-pantheres.be\/?p=2635","title":{"rendered":"Nous voulons vous remercier pour votre participation au Meeting: Contre l&rsquo;\u00e9tat d&rsquo;urgence, l&rsquo;islamophobie et la poursuite de la guerre"},"content":{"rendered":"<p>Merci \u00e0 tous les participants et intervenants !<br \/>\nNous voulons vous remercier pour votre participation au Meeting: Contre l&rsquo;\u00e9tat d&rsquo;urgence, l&rsquo;islamophobie et la poursuite de la guerre, le 13 d\u00e9cembre dernier \u00e0 Bruxelles.<br \/>\nNous avons eu le plaisir d&rsquo;accueillir plus de 150 participants tout au long de la journ\u00e9e pour \u00e9couter les 16 intervenants, belges et fran\u00e7ais.<br \/>\nNous \u00e9tions heureux de vous voir si nombreux parmi nous pour cette journ\u00e9e de r\u00e9flexion dense et riche comme on en voudrait plus souvent.<br \/>\nChaque pr\u00e9sentation orale \u00e9tait remarquable et a t\u00e9moign\u00e9 de la compl\u00e9mentarit\u00e9 qu\u2019il y a entre l\u2019\u00e9tat d\u2019urgence, l\u2019islamophobie et la poursuite des guerres.<br \/>\nMerci \u00e0 tous ceux qui ont fait de cet \u00e9v\u00e9nement un succ\u00e8s !<br \/>\nMerci \u00e9galement pour vos f\u00e9licitations et encouragements.<\/p>\n<p>Et pour 2016, nous vous donnons d\u2019ores et d\u00e9j\u00e0 rendez-vous pour <a href=\"https:\/\/bruxelles-pantheres.be\/?p=2626\">renforcer et multiplier les alliances solidaires que ce soit au niveau belge ou europ\u00e9en.<\/a><\/p>\n<p>Visionnez les vid\u00e9os en ligne des interventions plus bas sur la page.<\/p>\n<div id='gallery-1' class='gallery galleryid-2635 gallery-columns-3 gallery-size-full'><figure class='gallery-item'>\n\t\t\t<div class='gallery-icon landscape'>\n\t\t\t\t<a href='https:\/\/bruxelles-pantheres.be\/?attachment_id=2636#main'><img decoding=\"async\" width=\"2560\" height=\"1920\" src=\"https:\/\/bruxelles-pantheres.be\/wp-content\/uploads\/2015\/12\/DSCN7714-scaled.jpg\" class=\"attachment-full size-full\" alt=\"\" aria-describedby=\"gallery-1-2636\" srcset=\"https:\/\/bruxelles-pantheres.be\/wp-content\/uploads\/2015\/12\/DSCN7714-scaled.jpg 2560w, https:\/\/bruxelles-pantheres.be\/wp-content\/uploads\/2015\/12\/DSCN7714-300x225.jpg 300w, https:\/\/bruxelles-pantheres.be\/wp-content\/uploads\/2015\/12\/DSCN7714-1024x768.jpg 1024w, https:\/\/bruxelles-pantheres.be\/wp-content\/uploads\/2015\/12\/DSCN7714-768x576.jpg 768w, https:\/\/bruxelles-pantheres.be\/wp-content\/uploads\/2015\/12\/DSCN7714-1536x1152.jpg 1536w, https:\/\/bruxelles-pantheres.be\/wp-content\/uploads\/2015\/12\/DSCN7714-2048x1536.jpg 2048w, https:\/\/bruxelles-pantheres.be\/wp-content\/uploads\/2015\/12\/DSCN7714-1320x990.jpg 1320w\" sizes=\"(max-width: 2560px) 100vw, 2560px\" \/><\/a>\n\t\t\t<\/div>\n\t\t\t\t<figcaption class='wp-caption-text gallery-caption' id='gallery-1-2636'>\n\t\t\t\t Malika Hamidi introduit la journ\u00e9e en nous donnant les raisons d\u2019\u00eatre de ce meeting post-attentats.\n\t\t\t\t<\/figcaption><\/figure><figure class='gallery-item'>\n\t\t\t<div class='gallery-icon landscape'>\n\t\t\t\t<a href='https:\/\/bruxelles-pantheres.be\/?attachment_id=2637#main'><img decoding=\"async\" width=\"2560\" height=\"1920\" src=\"https:\/\/bruxelles-pantheres.be\/wp-content\/uploads\/2015\/12\/DSCN7778-scaled.jpg\" class=\"attachment-full size-full\" alt=\"\" srcset=\"https:\/\/bruxelles-pantheres.be\/wp-content\/uploads\/2015\/12\/DSCN7778-scaled.jpg 2560w, https:\/\/bruxelles-pantheres.be\/wp-content\/uploads\/2015\/12\/DSCN7778-300x225.jpg 300w, https:\/\/bruxelles-pantheres.be\/wp-content\/uploads\/2015\/12\/DSCN7778-1024x768.jpg 1024w, https:\/\/bruxelles-pantheres.be\/wp-content\/uploads\/2015\/12\/DSCN7778-768x576.jpg 768w, https:\/\/bruxelles-pantheres.be\/wp-content\/uploads\/2015\/12\/DSCN7778-1536x1152.jpg 1536w, https:\/\/bruxelles-pantheres.be\/wp-content\/uploads\/2015\/12\/DSCN7778-2048x1536.jpg 2048w, https:\/\/bruxelles-pantheres.be\/wp-content\/uploads\/2015\/12\/DSCN7778-1320x990.jpg 1320w\" sizes=\"(max-width: 2560px) 100vw, 2560px\" \/><\/a>\n\t\t\t<\/div><\/figure><figure class='gallery-item'>\n\t\t\t<div class='gallery-icon landscape'>\n\t\t\t\t<a href='https:\/\/bruxelles-pantheres.be\/?attachment_id=2638#main'><img decoding=\"async\" width=\"2560\" height=\"1920\" src=\"https:\/\/bruxelles-pantheres.be\/wp-content\/uploads\/2015\/12\/DSCN7789-scaled.jpg\" class=\"attachment-full size-full\" alt=\"\" aria-describedby=\"gallery-1-2638\" srcset=\"https:\/\/bruxelles-pantheres.be\/wp-content\/uploads\/2015\/12\/DSCN7789-scaled.jpg 2560w, https:\/\/bruxelles-pantheres.be\/wp-content\/uploads\/2015\/12\/DSCN7789-300x225.jpg 300w, https:\/\/bruxelles-pantheres.be\/wp-content\/uploads\/2015\/12\/DSCN7789-1024x768.jpg 1024w, https:\/\/bruxelles-pantheres.be\/wp-content\/uploads\/2015\/12\/DSCN7789-768x576.jpg 768w, https:\/\/bruxelles-pantheres.be\/wp-content\/uploads\/2015\/12\/DSCN7789-1536x1152.jpg 1536w, https:\/\/bruxelles-pantheres.be\/wp-content\/uploads\/2015\/12\/DSCN7789-2048x1536.jpg 2048w, https:\/\/bruxelles-pantheres.be\/wp-content\/uploads\/2015\/12\/DSCN7789-1320x990.jpg 1320w\" sizes=\"(max-width: 2560px) 100vw, 2560px\" \/><\/a>\n\t\t\t<\/div>\n\t\t\t\t<figcaption class='wp-caption-text gallery-caption' id='gallery-1-2638'>\n\t\t\t\tOmar Slaouti \n\t\t\t\t<\/figcaption><\/figure><figure class='gallery-item'>\n\t\t\t<div class='gallery-icon landscape'>\n\t\t\t\t<a href='https:\/\/bruxelles-pantheres.be\/?attachment_id=2639#main'><img decoding=\"async\" width=\"2560\" height=\"1920\" src=\"https:\/\/bruxelles-pantheres.be\/wp-content\/uploads\/2015\/12\/DSCN7794-scaled.jpg\" class=\"attachment-full size-full\" alt=\"\" aria-describedby=\"gallery-1-2639\" srcset=\"https:\/\/bruxelles-pantheres.be\/wp-content\/uploads\/2015\/12\/DSCN7794-scaled.jpg 2560w, https:\/\/bruxelles-pantheres.be\/wp-content\/uploads\/2015\/12\/DSCN7794-300x225.jpg 300w, https:\/\/bruxelles-pantheres.be\/wp-content\/uploads\/2015\/12\/DSCN7794-1024x768.jpg 1024w, https:\/\/bruxelles-pantheres.be\/wp-content\/uploads\/2015\/12\/DSCN7794-768x576.jpg 768w, https:\/\/bruxelles-pantheres.be\/wp-content\/uploads\/2015\/12\/DSCN7794-1536x1152.jpg 1536w, https:\/\/bruxelles-pantheres.be\/wp-content\/uploads\/2015\/12\/DSCN7794-2048x1536.jpg 2048w, https:\/\/bruxelles-pantheres.be\/wp-content\/uploads\/2015\/12\/DSCN7794-1320x990.jpg 1320w\" sizes=\"(max-width: 2560px) 100vw, 2560px\" \/><\/a>\n\t\t\t<\/div>\n\t\t\t\t<figcaption class='wp-caption-text gallery-caption' id='gallery-1-2639'>\n\t\t\t\tOmar Slaouti \n\t\t\t\t<\/figcaption><\/figure><figure class='gallery-item'>\n\t\t\t<div class='gallery-icon landscape'>\n\t\t\t\t<a href='https:\/\/bruxelles-pantheres.be\/?attachment_id=2640#main'><img decoding=\"async\" width=\"2560\" height=\"1920\" src=\"https:\/\/bruxelles-pantheres.be\/wp-content\/uploads\/2015\/12\/DSCN7879-scaled.jpg\" class=\"attachment-full size-full\" alt=\"\" aria-describedby=\"gallery-1-2640\" srcset=\"https:\/\/bruxelles-pantheres.be\/wp-content\/uploads\/2015\/12\/DSCN7879-scaled.jpg 2560w, https:\/\/bruxelles-pantheres.be\/wp-content\/uploads\/2015\/12\/DSCN7879-300x225.jpg 300w, https:\/\/bruxelles-pantheres.be\/wp-content\/uploads\/2015\/12\/DSCN7879-1024x768.jpg 1024w, https:\/\/bruxelles-pantheres.be\/wp-content\/uploads\/2015\/12\/DSCN7879-768x576.jpg 768w, https:\/\/bruxelles-pantheres.be\/wp-content\/uploads\/2015\/12\/DSCN7879-1536x1152.jpg 1536w, https:\/\/bruxelles-pantheres.be\/wp-content\/uploads\/2015\/12\/DSCN7879-2048x1536.jpg 2048w, https:\/\/bruxelles-pantheres.be\/wp-content\/uploads\/2015\/12\/DSCN7879-1320x990.jpg 1320w\" sizes=\"(max-width: 2560px) 100vw, 2560px\" \/><\/a>\n\t\t\t<\/div>\n\t\t\t\t<figcaption class='wp-caption-text gallery-caption' id='gallery-1-2640'>\n\t\t\t\tV\u00e9ronique Clette-Gakuba, Khadija Senhadji, Houria Bouteldja \n\t\t\t\t<\/figcaption><\/figure><figure class='gallery-item'>\n\t\t\t<div class='gallery-icon landscape'>\n\t\t\t\t<a href='https:\/\/bruxelles-pantheres.be\/?attachment_id=2641#main'><img decoding=\"async\" width=\"2560\" height=\"1920\" src=\"https:\/\/bruxelles-pantheres.be\/wp-content\/uploads\/2015\/12\/DSCN7880-scaled.jpg\" class=\"attachment-full size-full\" alt=\"\" aria-describedby=\"gallery-1-2641\" srcset=\"https:\/\/bruxelles-pantheres.be\/wp-content\/uploads\/2015\/12\/DSCN7880-scaled.jpg 2560w, https:\/\/bruxelles-pantheres.be\/wp-content\/uploads\/2015\/12\/DSCN7880-300x225.jpg 300w, https:\/\/bruxelles-pantheres.be\/wp-content\/uploads\/2015\/12\/DSCN7880-1024x768.jpg 1024w, https:\/\/bruxelles-pantheres.be\/wp-content\/uploads\/2015\/12\/DSCN7880-768x576.jpg 768w, https:\/\/bruxelles-pantheres.be\/wp-content\/uploads\/2015\/12\/DSCN7880-1536x1152.jpg 1536w, https:\/\/bruxelles-pantheres.be\/wp-content\/uploads\/2015\/12\/DSCN7880-2048x1536.jpg 2048w, https:\/\/bruxelles-pantheres.be\/wp-content\/uploads\/2015\/12\/DSCN7880-1320x990.jpg 1320w\" sizes=\"(max-width: 2560px) 100vw, 2560px\" \/><\/a>\n\t\t\t<\/div>\n\t\t\t\t<figcaption class='wp-caption-text gallery-caption' id='gallery-1-2641'>\n\t\t\t\tV\u00e9ronique Clette-Gakuba, Khadija Senhadji, Houria Bouteldja \n\t\t\t\t<\/figcaption><\/figure><figure class='gallery-item'>\n\t\t\t<div class='gallery-icon landscape'>\n\t\t\t\t<a href='https:\/\/bruxelles-pantheres.be\/?attachment_id=2642#main'><img decoding=\"async\" width=\"2560\" height=\"1920\" src=\"https:\/\/bruxelles-pantheres.be\/wp-content\/uploads\/2015\/12\/DSCN7881-scaled.jpg\" class=\"attachment-full size-full\" alt=\"\" aria-describedby=\"gallery-1-2642\" srcset=\"https:\/\/bruxelles-pantheres.be\/wp-content\/uploads\/2015\/12\/DSCN7881-scaled.jpg 2560w, https:\/\/bruxelles-pantheres.be\/wp-content\/uploads\/2015\/12\/DSCN7881-300x225.jpg 300w, https:\/\/bruxelles-pantheres.be\/wp-content\/uploads\/2015\/12\/DSCN7881-1024x768.jpg 1024w, https:\/\/bruxelles-pantheres.be\/wp-content\/uploads\/2015\/12\/DSCN7881-768x576.jpg 768w, https:\/\/bruxelles-pantheres.be\/wp-content\/uploads\/2015\/12\/DSCN7881-1536x1152.jpg 1536w, https:\/\/bruxelles-pantheres.be\/wp-content\/uploads\/2015\/12\/DSCN7881-2048x1536.jpg 2048w, https:\/\/bruxelles-pantheres.be\/wp-content\/uploads\/2015\/12\/DSCN7881-1320x990.jpg 1320w\" sizes=\"(max-width: 2560px) 100vw, 2560px\" \/><\/a>\n\t\t\t<\/div>\n\t\t\t\t<figcaption class='wp-caption-text gallery-caption' id='gallery-1-2642'>\n\t\t\t\tV\u00e9ronique Clette-Gakuba, Khadija Senhadji, Houria Bouteldja \n\t\t\t\t<\/figcaption><\/figure><figure class='gallery-item'>\n\t\t\t<div class='gallery-icon landscape'>\n\t\t\t\t<a href='https:\/\/bruxelles-pantheres.be\/?attachment_id=2643#main'><img decoding=\"async\" width=\"2560\" height=\"1920\" src=\"https:\/\/bruxelles-pantheres.be\/wp-content\/uploads\/2015\/12\/DSCN7882-scaled.jpg\" class=\"attachment-full size-full\" alt=\"\" aria-describedby=\"gallery-1-2643\" srcset=\"https:\/\/bruxelles-pantheres.be\/wp-content\/uploads\/2015\/12\/DSCN7882-scaled.jpg 2560w, https:\/\/bruxelles-pantheres.be\/wp-content\/uploads\/2015\/12\/DSCN7882-300x225.jpg 300w, https:\/\/bruxelles-pantheres.be\/wp-content\/uploads\/2015\/12\/DSCN7882-1024x768.jpg 1024w, https:\/\/bruxelles-pantheres.be\/wp-content\/uploads\/2015\/12\/DSCN7882-768x576.jpg 768w, https:\/\/bruxelles-pantheres.be\/wp-content\/uploads\/2015\/12\/DSCN7882-1536x1152.jpg 1536w, https:\/\/bruxelles-pantheres.be\/wp-content\/uploads\/2015\/12\/DSCN7882-2048x1536.jpg 2048w, https:\/\/bruxelles-pantheres.be\/wp-content\/uploads\/2015\/12\/DSCN7882-1320x990.jpg 1320w\" sizes=\"(max-width: 2560px) 100vw, 2560px\" \/><\/a>\n\t\t\t<\/div>\n\t\t\t\t<figcaption class='wp-caption-text gallery-caption' id='gallery-1-2643'>\n\t\t\t\tV\u00e9ronique Clette-Gakuba, Khadija Senhadji, Houria Bouteldja \n\t\t\t\t<\/figcaption><\/figure><figure class='gallery-item'>\n\t\t\t<div class='gallery-icon landscape'>\n\t\t\t\t<a href='https:\/\/bruxelles-pantheres.be\/?attachment_id=2644#main'><img decoding=\"async\" width=\"2560\" height=\"1920\" src=\"https:\/\/bruxelles-pantheres.be\/wp-content\/uploads\/2015\/12\/FSCN7709-scaled.jpg\" class=\"attachment-full size-full\" alt=\"\" aria-describedby=\"gallery-1-2644\" srcset=\"https:\/\/bruxelles-pantheres.be\/wp-content\/uploads\/2015\/12\/FSCN7709-scaled.jpg 2560w, https:\/\/bruxelles-pantheres.be\/wp-content\/uploads\/2015\/12\/FSCN7709-300x225.jpg 300w, https:\/\/bruxelles-pantheres.be\/wp-content\/uploads\/2015\/12\/FSCN7709-1024x768.jpg 1024w, https:\/\/bruxelles-pantheres.be\/wp-content\/uploads\/2015\/12\/FSCN7709-768x576.jpg 768w, https:\/\/bruxelles-pantheres.be\/wp-content\/uploads\/2015\/12\/FSCN7709-1536x1152.jpg 1536w, https:\/\/bruxelles-pantheres.be\/wp-content\/uploads\/2015\/12\/FSCN7709-2048x1536.jpg 2048w, https:\/\/bruxelles-pantheres.be\/wp-content\/uploads\/2015\/12\/FSCN7709-1320x990.jpg 1320w\" sizes=\"(max-width: 2560px) 100vw, 2560px\" \/><\/a>\n\t\t\t<\/div>\n\t\t\t\t<figcaption class='wp-caption-text gallery-caption' id='gallery-1-2644'>\n\t\t\t\tMalika Hamidi\n\t\t\t\t<\/figcaption><\/figure><figure class='gallery-item'>\n\t\t\t<div class='gallery-icon landscape'>\n\t\t\t\t<a href='https:\/\/bruxelles-pantheres.be\/?attachment_id=2645#main'><img decoding=\"async\" width=\"2560\" height=\"1920\" src=\"https:\/\/bruxelles-pantheres.be\/wp-content\/uploads\/2015\/12\/FSCN7710-scaled.jpg\" class=\"attachment-full size-full\" alt=\"\" aria-describedby=\"gallery-1-2645\" srcset=\"https:\/\/bruxelles-pantheres.be\/wp-content\/uploads\/2015\/12\/FSCN7710-scaled.jpg 2560w, https:\/\/bruxelles-pantheres.be\/wp-content\/uploads\/2015\/12\/FSCN7710-300x225.jpg 300w, https:\/\/bruxelles-pantheres.be\/wp-content\/uploads\/2015\/12\/FSCN7710-1024x768.jpg 1024w, https:\/\/bruxelles-pantheres.be\/wp-content\/uploads\/2015\/12\/FSCN7710-768x576.jpg 768w, https:\/\/bruxelles-pantheres.be\/wp-content\/uploads\/2015\/12\/FSCN7710-1536x1152.jpg 1536w, https:\/\/bruxelles-pantheres.be\/wp-content\/uploads\/2015\/12\/FSCN7710-2048x1536.jpg 2048w, https:\/\/bruxelles-pantheres.be\/wp-content\/uploads\/2015\/12\/FSCN7710-1320x990.jpg 1320w\" sizes=\"(max-width: 2560px) 100vw, 2560px\" \/><\/a>\n\t\t\t<\/div>\n\t\t\t\t<figcaption class='wp-caption-text gallery-caption' id='gallery-1-2645'>\n\t\t\t\tMalika Hamidi &#038; Khadija Senhadji \n\t\t\t\t<\/figcaption><\/figure><figure class='gallery-item'>\n\t\t\t<div class='gallery-icon landscape'>\n\t\t\t\t<a href='https:\/\/bruxelles-pantheres.be\/?attachment_id=2647#main'><img decoding=\"async\" width=\"2560\" height=\"1920\" src=\"https:\/\/bruxelles-pantheres.be\/wp-content\/uploads\/2015\/12\/FSCN7722-scaled.jpg\" class=\"attachment-full size-full\" alt=\"\" aria-describedby=\"gallery-1-2647\" srcset=\"https:\/\/bruxelles-pantheres.be\/wp-content\/uploads\/2015\/12\/FSCN7722-scaled.jpg 2560w, https:\/\/bruxelles-pantheres.be\/wp-content\/uploads\/2015\/12\/FSCN7722-300x225.jpg 300w, https:\/\/bruxelles-pantheres.be\/wp-content\/uploads\/2015\/12\/FSCN7722-1024x768.jpg 1024w, https:\/\/bruxelles-pantheres.be\/wp-content\/uploads\/2015\/12\/FSCN7722-768x576.jpg 768w, https:\/\/bruxelles-pantheres.be\/wp-content\/uploads\/2015\/12\/FSCN7722-1536x1152.jpg 1536w, https:\/\/bruxelles-pantheres.be\/wp-content\/uploads\/2015\/12\/FSCN7722-2048x1536.jpg 2048w, https:\/\/bruxelles-pantheres.be\/wp-content\/uploads\/2015\/12\/FSCN7722-1320x990.jpg 1320w\" sizes=\"(max-width: 2560px) 100vw, 2560px\" \/><\/a>\n\t\t\t<\/div>\n\t\t\t\t<figcaption class='wp-caption-text gallery-caption' id='gallery-1-2647'>\n\t\t\t\tYoussef Boussoumah\n\t\t\t\t<\/figcaption><\/figure><figure class='gallery-item'>\n\t\t\t<div class='gallery-icon landscape'>\n\t\t\t\t<a href='https:\/\/bruxelles-pantheres.be\/?attachment_id=2648#main'><img decoding=\"async\" width=\"2560\" height=\"1920\" src=\"https:\/\/bruxelles-pantheres.be\/wp-content\/uploads\/2015\/12\/FSCN7735-scaled.jpg\" class=\"attachment-full size-full\" alt=\"\" aria-describedby=\"gallery-1-2648\" srcset=\"https:\/\/bruxelles-pantheres.be\/wp-content\/uploads\/2015\/12\/FSCN7735-scaled.jpg 2560w, https:\/\/bruxelles-pantheres.be\/wp-content\/uploads\/2015\/12\/FSCN7735-300x225.jpg 300w, https:\/\/bruxelles-pantheres.be\/wp-content\/uploads\/2015\/12\/FSCN7735-1024x768.jpg 1024w, https:\/\/bruxelles-pantheres.be\/wp-content\/uploads\/2015\/12\/FSCN7735-768x576.jpg 768w, https:\/\/bruxelles-pantheres.be\/wp-content\/uploads\/2015\/12\/FSCN7735-1536x1152.jpg 1536w, https:\/\/bruxelles-pantheres.be\/wp-content\/uploads\/2015\/12\/FSCN7735-2048x1536.jpg 2048w, https:\/\/bruxelles-pantheres.be\/wp-content\/uploads\/2015\/12\/FSCN7735-1320x990.jpg 1320w\" sizes=\"(max-width: 2560px) 100vw, 2560px\" \/><\/a>\n\t\t\t<\/div>\n\t\t\t\t<figcaption class='wp-caption-text gallery-caption' id='gallery-1-2648'>\n\t\t\t\tLuk Vervaet\n\t\t\t\t<\/figcaption><\/figure><figure class='gallery-item'>\n\t\t\t<div class='gallery-icon landscape'>\n\t\t\t\t<a href='https:\/\/bruxelles-pantheres.be\/?attachment_id=2649#main'><img decoding=\"async\" width=\"2560\" height=\"1920\" src=\"https:\/\/bruxelles-pantheres.be\/wp-content\/uploads\/2015\/12\/FSCN7738-scaled.jpg\" class=\"attachment-full size-full\" alt=\"\" aria-describedby=\"gallery-1-2649\" srcset=\"https:\/\/bruxelles-pantheres.be\/wp-content\/uploads\/2015\/12\/FSCN7738-scaled.jpg 2560w, https:\/\/bruxelles-pantheres.be\/wp-content\/uploads\/2015\/12\/FSCN7738-300x225.jpg 300w, https:\/\/bruxelles-pantheres.be\/wp-content\/uploads\/2015\/12\/FSCN7738-1024x768.jpg 1024w, https:\/\/bruxelles-pantheres.be\/wp-content\/uploads\/2015\/12\/FSCN7738-768x576.jpg 768w, https:\/\/bruxelles-pantheres.be\/wp-content\/uploads\/2015\/12\/FSCN7738-1536x1152.jpg 1536w, https:\/\/bruxelles-pantheres.be\/wp-content\/uploads\/2015\/12\/FSCN7738-2048x1536.jpg 2048w, https:\/\/bruxelles-pantheres.be\/wp-content\/uploads\/2015\/12\/FSCN7738-1320x990.jpg 1320w\" sizes=\"(max-width: 2560px) 100vw, 2560px\" \/><\/a>\n\t\t\t<\/div>\n\t\t\t\t<figcaption class='wp-caption-text gallery-caption' id='gallery-1-2649'>\n\t\t\t\tDans l&rsquo;esprit de La Tricontinental, Luis Mart\u00ednez Andrade, Soiresse Njall Kalvin, Youssef Boussoumah\n\t\t\t\t<\/figcaption><\/figure><figure class='gallery-item'>\n\t\t\t<div class='gallery-icon landscape'>\n\t\t\t\t<a href='https:\/\/bruxelles-pantheres.be\/?attachment_id=2650#main'><img decoding=\"async\" width=\"2560\" height=\"1920\" src=\"https:\/\/bruxelles-pantheres.be\/wp-content\/uploads\/2015\/12\/FSCN7752-scaled.jpg\" class=\"attachment-full size-full\" alt=\"\" aria-describedby=\"gallery-1-2650\" srcset=\"https:\/\/bruxelles-pantheres.be\/wp-content\/uploads\/2015\/12\/FSCN7752-scaled.jpg 2560w, https:\/\/bruxelles-pantheres.be\/wp-content\/uploads\/2015\/12\/FSCN7752-300x225.jpg 300w, https:\/\/bruxelles-pantheres.be\/wp-content\/uploads\/2015\/12\/FSCN7752-1024x768.jpg 1024w, https:\/\/bruxelles-pantheres.be\/wp-content\/uploads\/2015\/12\/FSCN7752-768x576.jpg 768w, https:\/\/bruxelles-pantheres.be\/wp-content\/uploads\/2015\/12\/FSCN7752-1536x1152.jpg 1536w, https:\/\/bruxelles-pantheres.be\/wp-content\/uploads\/2015\/12\/FSCN7752-2048x1536.jpg 2048w, https:\/\/bruxelles-pantheres.be\/wp-content\/uploads\/2015\/12\/FSCN7752-1320x990.jpg 1320w\" sizes=\"(max-width: 2560px) 100vw, 2560px\" \/><\/a>\n\t\t\t<\/div>\n\t\t\t\t<figcaption class='wp-caption-text gallery-caption' id='gallery-1-2650'>\n\t\t\t\t V\u00e9ronique Clette-Gakuba\n\t\t\t\t<\/figcaption><\/figure><figure class='gallery-item'>\n\t\t\t<div class='gallery-icon landscape'>\n\t\t\t\t<a href='https:\/\/bruxelles-pantheres.be\/?attachment_id=2652#main'><img decoding=\"async\" width=\"2560\" height=\"1920\" src=\"https:\/\/bruxelles-pantheres.be\/wp-content\/uploads\/2015\/12\/FSCN7754-scaled.jpg\" class=\"attachment-full size-full\" alt=\"\" aria-describedby=\"gallery-1-2652\" srcset=\"https:\/\/bruxelles-pantheres.be\/wp-content\/uploads\/2015\/12\/FSCN7754-scaled.jpg 2560w, https:\/\/bruxelles-pantheres.be\/wp-content\/uploads\/2015\/12\/FSCN7754-300x225.jpg 300w, https:\/\/bruxelles-pantheres.be\/wp-content\/uploads\/2015\/12\/FSCN7754-1024x768.jpg 1024w, https:\/\/bruxelles-pantheres.be\/wp-content\/uploads\/2015\/12\/FSCN7754-768x576.jpg 768w, https:\/\/bruxelles-pantheres.be\/wp-content\/uploads\/2015\/12\/FSCN7754-1536x1152.jpg 1536w, https:\/\/bruxelles-pantheres.be\/wp-content\/uploads\/2015\/12\/FSCN7754-2048x1536.jpg 2048w, https:\/\/bruxelles-pantheres.be\/wp-content\/uploads\/2015\/12\/FSCN7754-1320x990.jpg 1320w\" sizes=\"(max-width: 2560px) 100vw, 2560px\" \/><\/a>\n\t\t\t<\/div>\n\t\t\t\t<figcaption class='wp-caption-text gallery-caption' id='gallery-1-2652'>\n\t\t\t\tDans l&rsquo;esprit de La Tricontinental, Luis Mart\u00ednez Andrade, Soiresse Njall Kalvin, Youssef Boussoumah\n\t\t\t\t<\/figcaption><\/figure><figure class='gallery-item'>\n\t\t\t<div class='gallery-icon landscape'>\n\t\t\t\t<a href='https:\/\/bruxelles-pantheres.be\/?attachment_id=2653#main'><img decoding=\"async\" width=\"2560\" height=\"1920\" src=\"https:\/\/bruxelles-pantheres.be\/wp-content\/uploads\/2015\/12\/FSCN7755-scaled.jpg\" class=\"attachment-full size-full\" alt=\"\" aria-describedby=\"gallery-1-2653\" srcset=\"https:\/\/bruxelles-pantheres.be\/wp-content\/uploads\/2015\/12\/FSCN7755-scaled.jpg 2560w, https:\/\/bruxelles-pantheres.be\/wp-content\/uploads\/2015\/12\/FSCN7755-300x225.jpg 300w, https:\/\/bruxelles-pantheres.be\/wp-content\/uploads\/2015\/12\/FSCN7755-1024x768.jpg 1024w, https:\/\/bruxelles-pantheres.be\/wp-content\/uploads\/2015\/12\/FSCN7755-768x576.jpg 768w, https:\/\/bruxelles-pantheres.be\/wp-content\/uploads\/2015\/12\/FSCN7755-1536x1152.jpg 1536w, https:\/\/bruxelles-pantheres.be\/wp-content\/uploads\/2015\/12\/FSCN7755-2048x1536.jpg 2048w, https:\/\/bruxelles-pantheres.be\/wp-content\/uploads\/2015\/12\/FSCN7755-1320x990.jpg 1320w\" sizes=\"(max-width: 2560px) 100vw, 2560px\" \/><\/a>\n\t\t\t<\/div>\n\t\t\t\t<figcaption class='wp-caption-text gallery-caption' id='gallery-1-2653'>\n\t\t\t\tLuis Mart\u00ednez Andrade, Soiresse Njall Kalvin\n\t\t\t\t<\/figcaption><\/figure><figure class='gallery-item'>\n\t\t\t<div class='gallery-icon landscape'>\n\t\t\t\t<a href='https:\/\/bruxelles-pantheres.be\/?attachment_id=2654#main'><img decoding=\"async\" width=\"2560\" height=\"1920\" src=\"https:\/\/bruxelles-pantheres.be\/wp-content\/uploads\/2015\/12\/FSCN7756-scaled.jpg\" class=\"attachment-full size-full\" alt=\"\" aria-describedby=\"gallery-1-2654\" srcset=\"https:\/\/bruxelles-pantheres.be\/wp-content\/uploads\/2015\/12\/FSCN7756-scaled.jpg 2560w, https:\/\/bruxelles-pantheres.be\/wp-content\/uploads\/2015\/12\/FSCN7756-300x225.jpg 300w, https:\/\/bruxelles-pantheres.be\/wp-content\/uploads\/2015\/12\/FSCN7756-1024x768.jpg 1024w, https:\/\/bruxelles-pantheres.be\/wp-content\/uploads\/2015\/12\/FSCN7756-768x576.jpg 768w, https:\/\/bruxelles-pantheres.be\/wp-content\/uploads\/2015\/12\/FSCN7756-1536x1152.jpg 1536w, https:\/\/bruxelles-pantheres.be\/wp-content\/uploads\/2015\/12\/FSCN7756-2048x1536.jpg 2048w, https:\/\/bruxelles-pantheres.be\/wp-content\/uploads\/2015\/12\/FSCN7756-1320x990.jpg 1320w\" sizes=\"(max-width: 2560px) 100vw, 2560px\" \/><\/a>\n\t\t\t<\/div>\n\t\t\t\t<figcaption class='wp-caption-text gallery-caption' id='gallery-1-2654'>\n\t\t\t\tLuis Mart\u00ednez Andrade\n\t\t\t\t<\/figcaption><\/figure><figure class='gallery-item'>\n\t\t\t<div class='gallery-icon landscape'>\n\t\t\t\t<a href='https:\/\/bruxelles-pantheres.be\/?attachment_id=2655#main'><img decoding=\"async\" width=\"2560\" height=\"1920\" src=\"https:\/\/bruxelles-pantheres.be\/wp-content\/uploads\/2015\/12\/FSCN7758-scaled.jpg\" class=\"attachment-full size-full\" alt=\"\" srcset=\"https:\/\/bruxelles-pantheres.be\/wp-content\/uploads\/2015\/12\/FSCN7758-scaled.jpg 2560w, https:\/\/bruxelles-pantheres.be\/wp-content\/uploads\/2015\/12\/FSCN7758-300x225.jpg 300w, https:\/\/bruxelles-pantheres.be\/wp-content\/uploads\/2015\/12\/FSCN7758-1024x768.jpg 1024w, https:\/\/bruxelles-pantheres.be\/wp-content\/uploads\/2015\/12\/FSCN7758-768x576.jpg 768w, https:\/\/bruxelles-pantheres.be\/wp-content\/uploads\/2015\/12\/FSCN7758-1536x1152.jpg 1536w, https:\/\/bruxelles-pantheres.be\/wp-content\/uploads\/2015\/12\/FSCN7758-2048x1536.jpg 2048w, https:\/\/bruxelles-pantheres.be\/wp-content\/uploads\/2015\/12\/FSCN7758-1320x990.jpg 1320w\" sizes=\"(max-width: 2560px) 100vw, 2560px\" \/><\/a>\n\t\t\t<\/div><\/figure><figure class='gallery-item'>\n\t\t\t<div class='gallery-icon landscape'>\n\t\t\t\t<a href='https:\/\/bruxelles-pantheres.be\/?attachment_id=2656#main'><img decoding=\"async\" width=\"2560\" height=\"1920\" src=\"https:\/\/bruxelles-pantheres.be\/wp-content\/uploads\/2015\/12\/FSCN7759-scaled.jpg\" class=\"attachment-full size-full\" alt=\"\" srcset=\"https:\/\/bruxelles-pantheres.be\/wp-content\/uploads\/2015\/12\/FSCN7759-scaled.jpg 2560w, https:\/\/bruxelles-pantheres.be\/wp-content\/uploads\/2015\/12\/FSCN7759-300x225.jpg 300w, https:\/\/bruxelles-pantheres.be\/wp-content\/uploads\/2015\/12\/FSCN7759-1024x768.jpg 1024w, https:\/\/bruxelles-pantheres.be\/wp-content\/uploads\/2015\/12\/FSCN7759-768x576.jpg 768w, https:\/\/bruxelles-pantheres.be\/wp-content\/uploads\/2015\/12\/FSCN7759-1536x1152.jpg 1536w, https:\/\/bruxelles-pantheres.be\/wp-content\/uploads\/2015\/12\/FSCN7759-2048x1536.jpg 2048w, https:\/\/bruxelles-pantheres.be\/wp-content\/uploads\/2015\/12\/FSCN7759-1320x990.jpg 1320w\" sizes=\"(max-width: 2560px) 100vw, 2560px\" \/><\/a>\n\t\t\t<\/div><\/figure><figure class='gallery-item'>\n\t\t\t<div class='gallery-icon landscape'>\n\t\t\t\t<a href='https:\/\/bruxelles-pantheres.be\/?attachment_id=2657#main'><img decoding=\"async\" width=\"2560\" height=\"1920\" src=\"https:\/\/bruxelles-pantheres.be\/wp-content\/uploads\/2015\/12\/FSCN7760-scaled.jpg\" class=\"attachment-full size-full\" alt=\"\" aria-describedby=\"gallery-1-2657\" srcset=\"https:\/\/bruxelles-pantheres.be\/wp-content\/uploads\/2015\/12\/FSCN7760-scaled.jpg 2560w, https:\/\/bruxelles-pantheres.be\/wp-content\/uploads\/2015\/12\/FSCN7760-300x225.jpg 300w, https:\/\/bruxelles-pantheres.be\/wp-content\/uploads\/2015\/12\/FSCN7760-1024x768.jpg 1024w, https:\/\/bruxelles-pantheres.be\/wp-content\/uploads\/2015\/12\/FSCN7760-768x576.jpg 768w, https:\/\/bruxelles-pantheres.be\/wp-content\/uploads\/2015\/12\/FSCN7760-1536x1152.jpg 1536w, https:\/\/bruxelles-pantheres.be\/wp-content\/uploads\/2015\/12\/FSCN7760-2048x1536.jpg 2048w, https:\/\/bruxelles-pantheres.be\/wp-content\/uploads\/2015\/12\/FSCN7760-1320x990.jpg 1320w\" sizes=\"(max-width: 2560px) 100vw, 2560px\" \/><\/a>\n\t\t\t<\/div>\n\t\t\t\t<figcaption class='wp-caption-text gallery-caption' id='gallery-1-2657'>\n\t\t\t\tLuk Vervaet\n\t\t\t\t<\/figcaption><\/figure><figure class='gallery-item'>\n\t\t\t<div class='gallery-icon landscape'>\n\t\t\t\t<a href='https:\/\/bruxelles-pantheres.be\/?attachment_id=2658#main'><img decoding=\"async\" width=\"2560\" height=\"1920\" src=\"https:\/\/bruxelles-pantheres.be\/wp-content\/uploads\/2015\/12\/FSCN7766-scaled.jpg\" class=\"attachment-full size-full\" alt=\"\" srcset=\"https:\/\/bruxelles-pantheres.be\/wp-content\/uploads\/2015\/12\/FSCN7766-scaled.jpg 2560w, https:\/\/bruxelles-pantheres.be\/wp-content\/uploads\/2015\/12\/FSCN7766-300x225.jpg 300w, https:\/\/bruxelles-pantheres.be\/wp-content\/uploads\/2015\/12\/FSCN7766-1024x768.jpg 1024w, https:\/\/bruxelles-pantheres.be\/wp-content\/uploads\/2015\/12\/FSCN7766-768x576.jpg 768w, https:\/\/bruxelles-pantheres.be\/wp-content\/uploads\/2015\/12\/FSCN7766-1536x1152.jpg 1536w, https:\/\/bruxelles-pantheres.be\/wp-content\/uploads\/2015\/12\/FSCN7766-2048x1536.jpg 2048w, https:\/\/bruxelles-pantheres.be\/wp-content\/uploads\/2015\/12\/FSCN7766-1320x990.jpg 1320w\" sizes=\"(max-width: 2560px) 100vw, 2560px\" \/><\/a>\n\t\t\t<\/div><\/figure><figure class='gallery-item'>\n\t\t\t<div class='gallery-icon landscape'>\n\t\t\t\t<a href='https:\/\/bruxelles-pantheres.be\/?attachment_id=2659#main'><img decoding=\"async\" width=\"2560\" height=\"1920\" src=\"https:\/\/bruxelles-pantheres.be\/wp-content\/uploads\/2015\/12\/FSCN7767-scaled.jpg\" class=\"attachment-full size-full\" alt=\"\" aria-describedby=\"gallery-1-2659\" srcset=\"https:\/\/bruxelles-pantheres.be\/wp-content\/uploads\/2015\/12\/FSCN7767-scaled.jpg 2560w, https:\/\/bruxelles-pantheres.be\/wp-content\/uploads\/2015\/12\/FSCN7767-300x225.jpg 300w, https:\/\/bruxelles-pantheres.be\/wp-content\/uploads\/2015\/12\/FSCN7767-1024x768.jpg 1024w, https:\/\/bruxelles-pantheres.be\/wp-content\/uploads\/2015\/12\/FSCN7767-768x576.jpg 768w, https:\/\/bruxelles-pantheres.be\/wp-content\/uploads\/2015\/12\/FSCN7767-1536x1152.jpg 1536w, https:\/\/bruxelles-pantheres.be\/wp-content\/uploads\/2015\/12\/FSCN7767-2048x1536.jpg 2048w, https:\/\/bruxelles-pantheres.be\/wp-content\/uploads\/2015\/12\/FSCN7767-1320x990.jpg 1320w\" sizes=\"(max-width: 2560px) 100vw, 2560px\" \/><\/a>\n\t\t\t<\/div>\n\t\t\t\t<figcaption class='wp-caption-text gallery-caption' id='gallery-1-2659'>\n\t\t\t\tYamina Bounir Muslims Rights Belgium Rappel des faits d\u2019Islamophobie\n\t\t\t\t<\/figcaption><\/figure><figure class='gallery-item'>\n\t\t\t<div class='gallery-icon landscape'>\n\t\t\t\t<a href='https:\/\/bruxelles-pantheres.be\/?attachment_id=2660#main'><img decoding=\"async\" width=\"2560\" height=\"1920\" src=\"https:\/\/bruxelles-pantheres.be\/wp-content\/uploads\/2015\/12\/FSCN7776-scaled.jpg\" class=\"attachment-full size-full\" alt=\"\" srcset=\"https:\/\/bruxelles-pantheres.be\/wp-content\/uploads\/2015\/12\/FSCN7776-scaled.jpg 2560w, https:\/\/bruxelles-pantheres.be\/wp-content\/uploads\/2015\/12\/FSCN7776-300x225.jpg 300w, https:\/\/bruxelles-pantheres.be\/wp-content\/uploads\/2015\/12\/FSCN7776-1024x768.jpg 1024w, https:\/\/bruxelles-pantheres.be\/wp-content\/uploads\/2015\/12\/FSCN7776-768x576.jpg 768w, https:\/\/bruxelles-pantheres.be\/wp-content\/uploads\/2015\/12\/FSCN7776-1536x1152.jpg 1536w, https:\/\/bruxelles-pantheres.be\/wp-content\/uploads\/2015\/12\/FSCN7776-2048x1536.jpg 2048w, https:\/\/bruxelles-pantheres.be\/wp-content\/uploads\/2015\/12\/FSCN7776-1320x990.jpg 1320w\" sizes=\"(max-width: 2560px) 100vw, 2560px\" \/><\/a>\n\t\t\t<\/div><\/figure><figure class='gallery-item'>\n\t\t\t<div class='gallery-icon landscape'>\n\t\t\t\t<a href='https:\/\/bruxelles-pantheres.be\/?attachment_id=2661#main'><img decoding=\"async\" width=\"2560\" height=\"1920\" src=\"https:\/\/bruxelles-pantheres.be\/wp-content\/uploads\/2015\/12\/FSCN7801-scaled.jpg\" class=\"attachment-full size-full\" alt=\"\" aria-describedby=\"gallery-1-2661\" srcset=\"https:\/\/bruxelles-pantheres.be\/wp-content\/uploads\/2015\/12\/FSCN7801-scaled.jpg 2560w, https:\/\/bruxelles-pantheres.be\/wp-content\/uploads\/2015\/12\/FSCN7801-300x225.jpg 300w, https:\/\/bruxelles-pantheres.be\/wp-content\/uploads\/2015\/12\/FSCN7801-1024x768.jpg 1024w, https:\/\/bruxelles-pantheres.be\/wp-content\/uploads\/2015\/12\/FSCN7801-768x576.jpg 768w, https:\/\/bruxelles-pantheres.be\/wp-content\/uploads\/2015\/12\/FSCN7801-1536x1152.jpg 1536w, https:\/\/bruxelles-pantheres.be\/wp-content\/uploads\/2015\/12\/FSCN7801-2048x1536.jpg 2048w, https:\/\/bruxelles-pantheres.be\/wp-content\/uploads\/2015\/12\/FSCN7801-1320x990.jpg 1320w\" sizes=\"(max-width: 2560px) 100vw, 2560px\" \/><\/a>\n\t\t\t<\/div>\n\t\t\t\t<figcaption class='wp-caption-text gallery-caption' id='gallery-1-2661'>\n\t\t\t\tKhadija Senhadji \n\t\t\t\t<\/figcaption><\/figure><figure class='gallery-item'>\n\t\t\t<div class='gallery-icon landscape'>\n\t\t\t\t<a href='https:\/\/bruxelles-pantheres.be\/?attachment_id=2663#main'><img decoding=\"async\" width=\"2560\" height=\"1920\" src=\"https:\/\/bruxelles-pantheres.be\/wp-content\/uploads\/2015\/12\/FSCN7805-scaled.jpg\" class=\"attachment-full size-full\" alt=\"\" aria-describedby=\"gallery-1-2663\" srcset=\"https:\/\/bruxelles-pantheres.be\/wp-content\/uploads\/2015\/12\/FSCN7805-scaled.jpg 2560w, https:\/\/bruxelles-pantheres.be\/wp-content\/uploads\/2015\/12\/FSCN7805-300x225.jpg 300w, https:\/\/bruxelles-pantheres.be\/wp-content\/uploads\/2015\/12\/FSCN7805-1024x768.jpg 1024w, https:\/\/bruxelles-pantheres.be\/wp-content\/uploads\/2015\/12\/FSCN7805-768x576.jpg 768w, https:\/\/bruxelles-pantheres.be\/wp-content\/uploads\/2015\/12\/FSCN7805-1536x1152.jpg 1536w, https:\/\/bruxelles-pantheres.be\/wp-content\/uploads\/2015\/12\/FSCN7805-2048x1536.jpg 2048w, https:\/\/bruxelles-pantheres.be\/wp-content\/uploads\/2015\/12\/FSCN7805-1320x990.jpg 1320w\" sizes=\"(max-width: 2560px) 100vw, 2560px\" \/><\/a>\n\t\t\t<\/div>\n\t\t\t\t<figcaption class='wp-caption-text gallery-caption' id='gallery-1-2663'>\n\t\t\t\tSamyra Samy de  L&rsquo;Encre Des Voil\u00e9es\n\t\t\t\t<\/figcaption><\/figure><figure class='gallery-item'>\n\t\t\t<div class='gallery-icon landscape'>\n\t\t\t\t<a href='https:\/\/bruxelles-pantheres.be\/?attachment_id=2664#main'><img decoding=\"async\" width=\"2560\" height=\"1920\" src=\"https:\/\/bruxelles-pantheres.be\/wp-content\/uploads\/2015\/12\/FSCN7807-scaled.jpg\" class=\"attachment-full size-full\" alt=\"\" aria-describedby=\"gallery-1-2664\" srcset=\"https:\/\/bruxelles-pantheres.be\/wp-content\/uploads\/2015\/12\/FSCN7807-scaled.jpg 2560w, https:\/\/bruxelles-pantheres.be\/wp-content\/uploads\/2015\/12\/FSCN7807-300x225.jpg 300w, https:\/\/bruxelles-pantheres.be\/wp-content\/uploads\/2015\/12\/FSCN7807-1024x768.jpg 1024w, https:\/\/bruxelles-pantheres.be\/wp-content\/uploads\/2015\/12\/FSCN7807-768x576.jpg 768w, https:\/\/bruxelles-pantheres.be\/wp-content\/uploads\/2015\/12\/FSCN7807-1536x1152.jpg 1536w, https:\/\/bruxelles-pantheres.be\/wp-content\/uploads\/2015\/12\/FSCN7807-2048x1536.jpg 2048w, https:\/\/bruxelles-pantheres.be\/wp-content\/uploads\/2015\/12\/FSCN7807-1320x990.jpg 1320w\" sizes=\"(max-width: 2560px) 100vw, 2560px\" \/><\/a>\n\t\t\t<\/div>\n\t\t\t\t<figcaption class='wp-caption-text gallery-caption' id='gallery-1-2664'>\n\t\t\t\tSamyra Samy de L&rsquo;Encre Des Voil\u00e9es\n\t\t\t\t<\/figcaption><\/figure><figure class='gallery-item'>\n\t\t\t<div class='gallery-icon landscape'>\n\t\t\t\t<a href='https:\/\/bruxelles-pantheres.be\/?attachment_id=2665#main'><img decoding=\"async\" width=\"2560\" height=\"1920\" src=\"https:\/\/bruxelles-pantheres.be\/wp-content\/uploads\/2015\/12\/FSCN7818-scaled.jpg\" class=\"attachment-full size-full\" alt=\"\" aria-describedby=\"gallery-1-2665\" srcset=\"https:\/\/bruxelles-pantheres.be\/wp-content\/uploads\/2015\/12\/FSCN7818-scaled.jpg 2560w, https:\/\/bruxelles-pantheres.be\/wp-content\/uploads\/2015\/12\/FSCN7818-300x225.jpg 300w, https:\/\/bruxelles-pantheres.be\/wp-content\/uploads\/2015\/12\/FSCN7818-1024x768.jpg 1024w, https:\/\/bruxelles-pantheres.be\/wp-content\/uploads\/2015\/12\/FSCN7818-768x576.jpg 768w, https:\/\/bruxelles-pantheres.be\/wp-content\/uploads\/2015\/12\/FSCN7818-1536x1152.jpg 1536w, https:\/\/bruxelles-pantheres.be\/wp-content\/uploads\/2015\/12\/FSCN7818-2048x1536.jpg 2048w, https:\/\/bruxelles-pantheres.be\/wp-content\/uploads\/2015\/12\/FSCN7818-1320x990.jpg 1320w\" sizes=\"(max-width: 2560px) 100vw, 2560px\" \/><\/a>\n\t\t\t<\/div>\n\t\t\t\t<figcaption class='wp-caption-text gallery-caption' id='gallery-1-2665'>\n\t\t\t\tFarida Aarrass\n\t\t\t\t<\/figcaption><\/figure><figure class='gallery-item'>\n\t\t\t<div class='gallery-icon landscape'>\n\t\t\t\t<a href='https:\/\/bruxelles-pantheres.be\/?attachment_id=2666#main'><img decoding=\"async\" width=\"2560\" height=\"1920\" src=\"https:\/\/bruxelles-pantheres.be\/wp-content\/uploads\/2015\/12\/FSCN7819-scaled.jpg\" class=\"attachment-full size-full\" alt=\"\" aria-describedby=\"gallery-1-2666\" srcset=\"https:\/\/bruxelles-pantheres.be\/wp-content\/uploads\/2015\/12\/FSCN7819-scaled.jpg 2560w, https:\/\/bruxelles-pantheres.be\/wp-content\/uploads\/2015\/12\/FSCN7819-300x225.jpg 300w, https:\/\/bruxelles-pantheres.be\/wp-content\/uploads\/2015\/12\/FSCN7819-1024x768.jpg 1024w, https:\/\/bruxelles-pantheres.be\/wp-content\/uploads\/2015\/12\/FSCN7819-768x576.jpg 768w, https:\/\/bruxelles-pantheres.be\/wp-content\/uploads\/2015\/12\/FSCN7819-1536x1152.jpg 1536w, https:\/\/bruxelles-pantheres.be\/wp-content\/uploads\/2015\/12\/FSCN7819-2048x1536.jpg 2048w, https:\/\/bruxelles-pantheres.be\/wp-content\/uploads\/2015\/12\/FSCN7819-1320x990.jpg 1320w\" sizes=\"(max-width: 2560px) 100vw, 2560px\" \/><\/a>\n\t\t\t<\/div>\n\t\t\t\t<figcaption class='wp-caption-text gallery-caption' id='gallery-1-2666'>\n\t\t\t\tFarida Aarrass\n\t\t\t\t<\/figcaption><\/figure><figure class='gallery-item'>\n\t\t\t<div class='gallery-icon landscape'>\n\t\t\t\t<a href='https:\/\/bruxelles-pantheres.be\/?attachment_id=2667#main'><img decoding=\"async\" width=\"2560\" height=\"1920\" src=\"https:\/\/bruxelles-pantheres.be\/wp-content\/uploads\/2015\/12\/FSCN7820-scaled.jpg\" class=\"attachment-full size-full\" alt=\"\" aria-describedby=\"gallery-1-2667\" srcset=\"https:\/\/bruxelles-pantheres.be\/wp-content\/uploads\/2015\/12\/FSCN7820-scaled.jpg 2560w, https:\/\/bruxelles-pantheres.be\/wp-content\/uploads\/2015\/12\/FSCN7820-300x225.jpg 300w, https:\/\/bruxelles-pantheres.be\/wp-content\/uploads\/2015\/12\/FSCN7820-1024x768.jpg 1024w, https:\/\/bruxelles-pantheres.be\/wp-content\/uploads\/2015\/12\/FSCN7820-768x576.jpg 768w, https:\/\/bruxelles-pantheres.be\/wp-content\/uploads\/2015\/12\/FSCN7820-1536x1152.jpg 1536w, https:\/\/bruxelles-pantheres.be\/wp-content\/uploads\/2015\/12\/FSCN7820-2048x1536.jpg 2048w, https:\/\/bruxelles-pantheres.be\/wp-content\/uploads\/2015\/12\/FSCN7820-1320x990.jpg 1320w\" sizes=\"(max-width: 2560px) 100vw, 2560px\" \/><\/a>\n\t\t\t<\/div>\n\t\t\t\t<figcaption class='wp-caption-text gallery-caption' id='gallery-1-2667'>\n\t\t\t\tKhadija Senhadji a animer de mani\u00e8re remarquable la table ronde \u00ab Guerre &#038; Terrorisme \u00bb \n\t\t\t\t<\/figcaption><\/figure><figure class='gallery-item'>\n\t\t\t<div class='gallery-icon landscape'>\n\t\t\t\t<a href='https:\/\/bruxelles-pantheres.be\/?attachment_id=2669#main'><img decoding=\"async\" width=\"2560\" height=\"1920\" src=\"https:\/\/bruxelles-pantheres.be\/wp-content\/uploads\/2015\/12\/FSCN7828-scaled.jpg\" class=\"attachment-full size-full\" alt=\"\" aria-describedby=\"gallery-1-2669\" srcset=\"https:\/\/bruxelles-pantheres.be\/wp-content\/uploads\/2015\/12\/FSCN7828-scaled.jpg 2560w, https:\/\/bruxelles-pantheres.be\/wp-content\/uploads\/2015\/12\/FSCN7828-300x225.jpg 300w, https:\/\/bruxelles-pantheres.be\/wp-content\/uploads\/2015\/12\/FSCN7828-1024x768.jpg 1024w, https:\/\/bruxelles-pantheres.be\/wp-content\/uploads\/2015\/12\/FSCN7828-768x576.jpg 768w, https:\/\/bruxelles-pantheres.be\/wp-content\/uploads\/2015\/12\/FSCN7828-1536x1152.jpg 1536w, https:\/\/bruxelles-pantheres.be\/wp-content\/uploads\/2015\/12\/FSCN7828-2048x1536.jpg 2048w, https:\/\/bruxelles-pantheres.be\/wp-content\/uploads\/2015\/12\/FSCN7828-1320x990.jpg 1320w\" sizes=\"(max-width: 2560px) 100vw, 2560px\" \/><\/a>\n\t\t\t<\/div>\n\t\t\t\t<figcaption class='wp-caption-text gallery-caption' id='gallery-1-2669'>\n\t\t\t\tAicha Daoudi &#038; Samyra Samy\n\t\t\t\t<\/figcaption><\/figure><figure class='gallery-item'>\n\t\t\t<div class='gallery-icon landscape'>\n\t\t\t\t<a href='https:\/\/bruxelles-pantheres.be\/?attachment_id=2670#main'><img decoding=\"async\" width=\"2560\" height=\"1920\" src=\"https:\/\/bruxelles-pantheres.be\/wp-content\/uploads\/2015\/12\/FSCN7838-scaled.jpg\" class=\"attachment-full size-full\" alt=\"\" aria-describedby=\"gallery-1-2670\" srcset=\"https:\/\/bruxelles-pantheres.be\/wp-content\/uploads\/2015\/12\/FSCN7838-scaled.jpg 2560w, https:\/\/bruxelles-pantheres.be\/wp-content\/uploads\/2015\/12\/FSCN7838-300x225.jpg 300w, https:\/\/bruxelles-pantheres.be\/wp-content\/uploads\/2015\/12\/FSCN7838-1024x768.jpg 1024w, https:\/\/bruxelles-pantheres.be\/wp-content\/uploads\/2015\/12\/FSCN7838-768x576.jpg 768w, https:\/\/bruxelles-pantheres.be\/wp-content\/uploads\/2015\/12\/FSCN7838-1536x1152.jpg 1536w, https:\/\/bruxelles-pantheres.be\/wp-content\/uploads\/2015\/12\/FSCN7838-2048x1536.jpg 2048w, https:\/\/bruxelles-pantheres.be\/wp-content\/uploads\/2015\/12\/FSCN7838-1320x990.jpg 1320w\" sizes=\"(max-width: 2560px) 100vw, 2560px\" \/><\/a>\n\t\t\t<\/div>\n\t\t\t\t<figcaption class='wp-caption-text gallery-caption' id='gallery-1-2670'>\n\t\t\t\tAssociation Marocaine des Droits Humains \u00e0 Bruxelles.\n\t\t\t\t<\/figcaption><\/figure><figure class='gallery-item'>\n\t\t\t<div class='gallery-icon landscape'>\n\t\t\t\t<a href='https:\/\/bruxelles-pantheres.be\/?attachment_id=2672#main'><img decoding=\"async\" width=\"2560\" height=\"1920\" src=\"https:\/\/bruxelles-pantheres.be\/wp-content\/uploads\/2015\/12\/FSCN7852-scaled.jpg\" class=\"attachment-full size-full\" alt=\"\" aria-describedby=\"gallery-1-2672\" srcset=\"https:\/\/bruxelles-pantheres.be\/wp-content\/uploads\/2015\/12\/FSCN7852-scaled.jpg 2560w, https:\/\/bruxelles-pantheres.be\/wp-content\/uploads\/2015\/12\/FSCN7852-300x225.jpg 300w, https:\/\/bruxelles-pantheres.be\/wp-content\/uploads\/2015\/12\/FSCN7852-1024x768.jpg 1024w, https:\/\/bruxelles-pantheres.be\/wp-content\/uploads\/2015\/12\/FSCN7852-768x576.jpg 768w, https:\/\/bruxelles-pantheres.be\/wp-content\/uploads\/2015\/12\/FSCN7852-1536x1152.jpg 1536w, https:\/\/bruxelles-pantheres.be\/wp-content\/uploads\/2015\/12\/FSCN7852-2048x1536.jpg 2048w, https:\/\/bruxelles-pantheres.be\/wp-content\/uploads\/2015\/12\/FSCN7852-1320x990.jpg 1320w\" sizes=\"(max-width: 2560px) 100vw, 2560px\" \/><\/a>\n\t\t\t<\/div>\n\t\t\t\t<figcaption class='wp-caption-text gallery-caption' id='gallery-1-2672'>\n\t\t\t\tHouria Bouteldja\n\t\t\t\t<\/figcaption><\/figure><figure class='gallery-item'>\n\t\t\t<div class='gallery-icon landscape'>\n\t\t\t\t<a href='https:\/\/bruxelles-pantheres.be\/?attachment_id=2673#main'><img decoding=\"async\" width=\"2560\" height=\"1920\" src=\"https:\/\/bruxelles-pantheres.be\/wp-content\/uploads\/2015\/12\/FSCN7854-scaled.jpg\" class=\"attachment-full size-full\" alt=\"\" aria-describedby=\"gallery-1-2673\" srcset=\"https:\/\/bruxelles-pantheres.be\/wp-content\/uploads\/2015\/12\/FSCN7854-scaled.jpg 2560w, https:\/\/bruxelles-pantheres.be\/wp-content\/uploads\/2015\/12\/FSCN7854-300x225.jpg 300w, https:\/\/bruxelles-pantheres.be\/wp-content\/uploads\/2015\/12\/FSCN7854-1024x768.jpg 1024w, https:\/\/bruxelles-pantheres.be\/wp-content\/uploads\/2015\/12\/FSCN7854-768x576.jpg 768w, https:\/\/bruxelles-pantheres.be\/wp-content\/uploads\/2015\/12\/FSCN7854-1536x1152.jpg 1536w, https:\/\/bruxelles-pantheres.be\/wp-content\/uploads\/2015\/12\/FSCN7854-2048x1536.jpg 2048w, https:\/\/bruxelles-pantheres.be\/wp-content\/uploads\/2015\/12\/FSCN7854-1320x990.jpg 1320w\" sizes=\"(max-width: 2560px) 100vw, 2560px\" \/><\/a>\n\t\t\t<\/div>\n\t\t\t\t<figcaption class='wp-caption-text gallery-caption' id='gallery-1-2673'>\n\t\t\t\tAicha Daoudi\n\t\t\t\t<\/figcaption><\/figure>\n\t\t<\/div>\n\n<p><iframe src=\"https:\/\/www.youtube.com\/embed\/laxM7KmqC38\" width=\"560\" height=\"315\" frameborder=\"0\" allowfullscreen=\"allowfullscreen\"><\/iframe><\/p>\n<p><iframe src=\"https:\/\/www.youtube.com\/embed\/YH0G7v8tLvw\" width=\"560\" height=\"315\" frameborder=\"0\" allowfullscreen=\"allowfullscreen\"><\/iframe><\/p>\n<p><iframe src=\"https:\/\/www.youtube.com\/embed\/lviUzYCWJDs\" width=\"560\" height=\"315\" frameborder=\"0\" allowfullscreen=\"allowfullscreen\"><\/iframe><\/p>\n<p><iframe src=\"https:\/\/www.youtube.com\/embed\/xd-hjU8jJ5Y\" width=\"560\" height=\"315\" frameborder=\"0\" allowfullscreen=\"allowfullscreen\"><\/iframe><\/p>\n<p><iframe src=\"https:\/\/www.youtube.com\/embed\/yC1-uWhrPxM\" width=\"560\" height=\"315\" frameborder=\"0\" allowfullscreen=\"allowfullscreen\"><\/iframe><\/p>\n<p><iframe width=\"560\" height=\"315\" src=\"https:\/\/www.youtube.com\/embed\/YMvwZ3xobOU\" frameborder=\"0\" allowfullscreen><\/iframe><\/p>\n<p><iframe width=\"560\" height=\"315\" src=\"https:\/\/www.youtube.com\/embed\/_NOVgJchUeY\" frameborder=\"0\" allowfullscreen><\/iframe><\/p>\n<p><iframe width=\"560\" height=\"315\" src=\"https:\/\/www.youtube.com\/embed\/0e0omkwlPz8\" frameborder=\"0\" allowfullscreen><\/iframe><\/p>\n<p><iframe width=\"560\" height=\"315\" src=\"https:\/\/www.youtube.com\/embed\/HCBKCuIkp9Y\" frameborder=\"0\" allowfullscreen><\/iframe><\/p>\n<p><iframe width=\"560\" height=\"315\" src=\"https:\/\/www.youtube.com\/embed\/FG00qqFnQq0\" frameborder=\"0\" allowfullscreen><\/iframe><\/p>\n<p><iframe width=\"560\" height=\"315\" src=\"https:\/\/www.youtube.com\/embed\/Cv2D1twxq7Y\" frameborder=\"0\" allowfullscreen><\/iframe><\/p>\n<p><iframe width=\"560\" height=\"315\" src=\"https:\/\/www.youtube.com\/embed\/g_nAiikmrC0\" frameborder=\"0\" allowfullscreen><\/iframe><\/p>\n","protected":false},"excerpt":{"rendered":"<p>Merci \u00e0 tous les participants et intervenants ! Nous voulons vous remercier pour votre participation au Meeting: Contre l&rsquo;\u00e9tat d&rsquo;urgence, l&rsquo;islamophobie et la poursuite de la guerre, le 13 d\u00e9cembre dernier \u00e0 Bruxelles. Nous avons eu le plaisir d&rsquo;accueillir plus de 150 participants tout au long de la journ\u00e9e pour \u00e9couter les 16 intervenants, belges &#8230; <a title=\"Nous voulons vous remercier pour votre participation au Meeting: Contre l&rsquo;\u00e9tat d&rsquo;urgence, l&rsquo;islamophobie et la poursuite de la guerre\" class=\"read-more\" href=\"https:\/\/bruxelles-pantheres.be\/?p=2635\" aria-label=\"En savoir plus sur Nous voulons vous remercier pour votre participation au Meeting: Contre l&rsquo;\u00e9tat d&rsquo;urgence, l&rsquo;islamophobie et la poursuite de la guerre\">Lire la suite<\/a><\/p>\n","protected":false},"author":1,"featured_media":2637,"comment_status":"open","ping_status":"open","sticky":false,"template":"","format":"standard","meta":{"footnotes":""},"categories":[1,35,21,24,36,4,7,6,8,18,28,37,39,17,5],"tags":[31,14,23,75,38,30,15],"class_list":["post-2635","post","type-post","status-publish","format-standard","has-post-thumbnail","hentry","category-non-classe","category-amerique-du-sud","category-anti-imperialisme","category-belgique-maroc","category-europe","category-islamophobie","category-negrophobie","category-palestine-moyen-orient","category-prisons","category-resistance-bruxelles","category-racismes","category-romophobie","category-sans-papier","category-video","category-violence-policiere","tag-belgique","tag-bruxelles","tag-discrimination","tag-femmes","tag-guerre","tag-maroc","tag-resistance"],"_links":{"self":[{"href":"https:\/\/bruxelles-pantheres.be\/index.php?rest_route=\/wp\/v2\/posts\/2635","targetHints":{"allow":["GET"]}}],"collection":[{"href":"https:\/\/bruxelles-pantheres.be\/index.php?rest_route=\/wp\/v2\/posts"}],"about":[{"href":"https:\/\/bruxelles-pantheres.be\/index.php?rest_route=\/wp\/v2\/types\/post"}],"author":[{"embeddable":true,"href":"https:\/\/bruxelles-pantheres.be\/index.php?rest_route=\/wp\/v2\/users\/1"}],"replies":[{"embeddable":true,"href":"https:\/\/bruxelles-pantheres.be\/index.php?rest_route=%2Fwp%2Fv2%2Fcomments&post=2635"}],"version-history":[{"count":6,"href":"https:\/\/bruxelles-pantheres.be\/index.php?rest_route=\/wp\/v2\/posts\/2635\/revisions"}],"predecessor-version":[{"id":2686,"href":"https:\/\/bruxelles-pantheres.be\/index.php?rest_route=\/wp\/v2\/posts\/2635\/revisions\/2686"}],"wp:featuredmedia":[{"embeddable":true,"href":"https:\/\/bruxelles-pantheres.be\/index.php?rest_route=\/wp\/v2\/media\/2637"}],"wp:attachment":[{"href":"https:\/\/bruxelles-pantheres.be\/index.php?rest_route=%2Fwp%2Fv2%2Fmedia&parent=2635"}],"wp:term":[{"taxonomy":"category","embeddable":true,"href":"https:\/\/bruxelles-pantheres.be\/index.php?rest_route=%2Fwp%2Fv2%2Fcategories&post=2635"},{"taxonomy":"post_tag","embeddable":true,"href":"https:\/\/bruxelles-pantheres.be\/index.php?rest_route=%2Fwp%2Fv2%2Ftags&post=2635"}],"curies":[{"name":"wp","href":"https:\/\/api.w.org\/{rel}","templated":true}]}}