{"id":265,"date":"2013-06-19T01:04:25","date_gmt":"2013-06-19T00:04:25","guid":{"rendered":"https:\/\/bruxelles-pantheres.be\/?p=265"},"modified":"2013-11-10T01:07:04","modified_gmt":"2013-11-10T00:07:04","slug":"agressions-islamophobes-a-argenteuil-le-silence-tue","status":"publish","type":"post","link":"https:\/\/bruxelles-pantheres.be\/?p=265","title":{"rendered":"Agressions islamophobes \u00e0 Argenteuil : le silence tue"},"content":{"rendered":"<h3 itemprop=\"name\"><a href=\"http:\/\/www.egalite.be\/wp-content\/uploads\/2013\/04\/cible-islamophobie.png\"><img decoding=\"async\" alt=\"cible-islamophobie\" src=\"http:\/\/www.egalite.be\/wp-content\/uploads\/2013\/04\/cible-islamophobie.png\" width=\"576\" height=\"389\" \/><\/a><\/h3>\n<h3 itemprop=\"name\">Agressions islamophobes \u00e0 Argenteuil : le silence tue<\/h3>\n<div dir=\"ltr\">\n<p>Lorsqu\u2019elle entre dans un commissariat de banlieue parisienne pour d\u00e9noncer l\u2019agression dont elle vient d\u2019\u00eatre victime, la jeune femme est, selon les t\u00e9moins, sous le choc. Elle explique aux policiers qui enregistrent sa plainte qu\u2019elle vient d\u2019\u00eatre agress\u00e9e en plein jour, devant des t\u00e9moins, par plusieurs individus munis de couteaux, qui ont entre autres lac\u00e9r\u00e9 ses v\u00eatements et coup\u00e9 plusieurs m\u00e8ches de ses cheveux. Le caract\u00e8re raciste des violences semble en outre av\u00e9r\u00e9, l\u2019un des individus ayant, durant l\u2019agression, injuri\u00e9 la victime en raison de son appartenance religieuse (suppos\u00e9e). L\u2019indignation nationale qui va suivre est \u00e0 la hauteur du caract\u00e8re particuli\u00e8rement barbare de l\u2019agression. Ou pas.<!--more--><\/p>\n<div>L\u2019affaire est rapidement port\u00e9e \u00e0 la connaissance de la presse et du public, et les r\u00e9actions politiques s\u2019encha\u00eenent dans les heures qui suivent, qui d\u00e9noncent sans d\u00e9tour cette agression\u00a0:\u00a0\u00ab\u00a0le ministre de l\u2019Int\u00e9rieur [\u2026] a parl\u00e9 d\u2019une agression\u00a0<i>\u00ab\u00a0ignoble\u00a0\u00bb<\/i>, et a\u00a0<i>\u00ab\u00a0donn\u00e9 instructions aux services de police pour retrouver les auteurs dans les plus brefs d\u00e9lais\u00a0\u00bb<\/i>. Le pr\u00e9sident de la R\u00e9publique [\u2026] a exprim\u00e9 son\u00a0<i>\u00ab\u00a0effroi\u00a0\u00bb<\/i>\u00a0et demand\u00e9 \u00e0 ce que les auteurs de\u00a0<i>\u00ab\u00a0cet acte odieux\u00a0\u00bb<\/i>\u00a0soient retrouv\u00e9s,\u00a0<i>\u00ab\u00a0jug\u00e9s et condamn\u00e9s avec toute la s\u00e9v\u00e9rit\u00e9 qui s\u2019impose\u00a0\u00bb<\/i>. [\u2026] Le pr\u00e9sident de l\u2019Assembl\u00e9e Nationale [\u2026] a exprim\u00e9\u00a0<i>\u00ab\u00a0la r\u00e9volte devant ces actes ignobles\u00a0\u00bb<\/i>, concluant que\u00a0<i>\u00ab\u00a0la France ne peut accepter passivement de tels agissements parce que c\u2019est l\u2019\u00e2me et la tradition de notre pays qui est vis\u00e9e\u00a0\u00bb<\/i>. Le ministre de la Sant\u00e9 [\u2026] a d\u00e9clar\u00e9 :\u00a0<i>\u00ab\u00a0Au nom du gouvernement, je voudrais dire combien la haine, l\u2019antis\u00e9mitisme, le racisme et la x\u00e9nophobie sont certainement les pires d\u00e9rives mortelles pour notre d\u00e9mocratie\u00a0\u00bb<\/i>. [\u2026] [Le] d\u00e9put\u00e9 socialiste du Val d\u2019Oise et [le] maire socialiste de Sarcelles ont exprim\u00e9 dimanche soir dans un communiqu\u00e9 commun\u00a0<i>\u00ab\u00a0leur plus vive \u00e9motion et leur indignation\u00a0\u00bb<\/i>\u00a0[\u2026]. Ils ont d\u00e9nonc\u00e9\u00a0<i>\u00ab\u00a0la l\u00e2chet\u00e9 des agresseurs qui s\u2019en sont pris \u00e0 une m\u00e8re de famille sans d\u00e9fense\u00a0\u00bb<\/i>\u00a0[\u2026]. [La] secr\u00e9taire d\u2019\u00c9tat aux Droits des victimes [\u2026] a lanc\u00e9 un appel \u00e0 t\u00e9moins pour retrouver les agresseurs,\u00a0<i>\u00ab\u00a0j\u2019en appelle aux t\u00e9moins pour qu\u2019ils se manifestent et que l\u2019on puisse tr\u00e8s vite retrouver et sanctionner les auteurs de ces actes indignes\u00a0\u00bb\u00a0<\/i>\u00bb [1].<\/div>\n<div>Dans les 48 heures qui suivent, la quasi-totalit\u00e9 des organisations politiques, syndicales, cultuelles\u2026 condamnent \u00e0 leur tour l\u2019agression\u00a0: \u00ab\u00a0le maire de Paris, Bertrand Delano\u00eb, la Ligue des droits de l\u2019Homme (LDH), le Conseil repr\u00e9sentatif des institutions juives de France (CRIF), la LICRA (Ligue Internationale contre le racisme et l\u2019antis\u00e9mitisme), [\u2026] le MRAP (Mouvement contre le racisme et pour l\u2019amiti\u00e9 entre les peuples), l\u2019Union des \u00e9tudiants juifs de France (UEJF), la section fran\u00e7aise du congr\u00e8s juif mondial, SOS-Racisme, le conseil fran\u00e7ais du culte musulman (CFCM), la FSU (F\u00e9d\u00e9ration Syndicale Unitaire), cinq ob\u00e9diences ma\u00e7onniques (\u00e0 travers un communiqu\u00e9 commun du Grand orient de France, de la Grande Loge f\u00e9minine de France, de la Grande Loge traditionnelle et symbolique Op\u00e9ra, de la Grande Loge mixte universelle et de la Grande Loge mixte de France), ainsi que, parall\u00e8lement, de nombreuses personnalit\u00e9s politiques du Front national, de l\u2019UMP, de l\u2019UDF, du PS, des Verts, et de La Ligue communiste r\u00e9volutionnaire (LCR). [Le lendemain,] de nouvelles r\u00e9actions, essentiellement syndicales, s\u2019ajoutent \u00e0 ce concert d\u2019indignations. Apparaissent ainsi sur le\u00a0\u00a0\u00bbfil AFP\u00a0\u00bb, les condamnations [\u2026] de l\u2019Union r\u00e9gionale CFDT Ile-de-France, du consistoire isra\u00e9lite de Paris, de la F\u00e9d\u00e9ration Sud rail, de la CFDT, de l\u2019Union syndicale G10 Solidaires, du P\u00f4le de renaissance communiste en France (PRCF), de la CGT et de Lutte Ouvri\u00e8re (LO). C\u2019est, \u00e0 18h24, le mouvement\u00a0\u00a0\u00bbNi putes, ni soumises\u00a0\u00bb, qui cl\u00f4t ce d\u00e9fil\u00e9\u00a0\u00bb [2].<\/div>\n<div>Les lecteurs et lectrices attentif-ve-s auront relev\u00e9 deux \u00e9tranget\u00e9s dans les lignes qui pr\u00e9c\u00e8dent\u00a0: \u00ab\u00a0UDF\u00a0\u00bb et \u00ab\u00a0LCR\u00a0\u00bb, deux organisations politiques aujourd\u2019hui disparues. Et auront compris qu\u2019il ne s\u2019agit pas d\u2019un recensement des r\u00e9actions aux deux agressions islamophobes commises \u00e0 Argenteuil au cours des derni\u00e8res semaines contre des jeunes femmes voil\u00e9es dont l\u2019une, Le\u00efla O, \u00e2g\u00e9e de 21 ans et enceinte, a perdu son futur b\u00e9b\u00e9. Les r\u00e9actions ci-dessus datent en r\u00e9alit\u00e9 de juillet 2004, lors de \u00ab\u00a0l\u2019affaire du RER D\u00a0\u00bb. Une jeune femme de 23 ans, Marie L, avait alors d\u00e9clar\u00e9 avoir \u00e9t\u00e9 victime d\u2019une agression antis\u00e9mite perp\u00e9tr\u00e9e par <a title=\"Click to Continue &gt; by Browse to Save\" href=\"http:\/\/resisteralairdutemps.blogspot.fr\/p\/lorsquelle-entre-dans-un-commissariat.html#\">six<\/a> individus arm\u00e9s de couteaux, comme le rapporte cette d\u00e9p\u00eache AFP publi\u00e9e quelques heures apr\u00e8s la plainte de la \u00ab\u00a0victime\u00a0\u00bb\u00a0: \u00ab\u00a0les six agresseurs, d\u2019origine maghr\u00e9bine et arm\u00e9s de couteaux, ont coup\u00e9 les cheveux de la jeune femme, accompagn\u00e9e de son b\u00e9b\u00e9 de 13 mois, puis ont lac\u00e9r\u00e9 son tee-shirt et son pantalon, avant de dessiner au feutre noir trois croix gamm\u00e9es sur son ventre. \u2028Les six jeunes hommes, qui \u00e9taient mont\u00e9s dans le train \u00e0 la gare de Louvres, avaient commenc\u00e9 par bousculer la jeune m\u00e8re, puis lui avaient d\u00e9rob\u00e9 son sac \u00e0 dos, qui contenait ses papiers d\u2019identit\u00e9. \u2028C\u2019est en voyant qu\u2019elle avait une adresse dans le XVIe arrondissement de Paris \u2013 o\u00f9 elle n\u2019habite plus \u2013 qu\u2019ils auraient d\u00e9duit qu\u2019elle \u00e9tait juive\u00a0[\u2026]\u00a0\u00bb [3]. Quelques jours plus tard, il s\u2019est av\u00e9r\u00e9 que Marie L. \u00e9tait une affabulatrice, et qu\u2019elle avait tout invent\u00e9\u00a0: le feutre noir et les ciseaux seront m\u00eame retrouv\u00e9s au domicile de son compagnon.<\/div>\n<div>\u00c0 l\u2019exception du Nouveau Parti Anticapitaliste (NPA) [4],\u00a0<b>aucune des principales organisations politiques du pays n\u2019a, \u00e0 ce jour, publi\u00e9 ne serait-ce qu\u2019un communiqu\u00e9 national pour d\u00e9noncer les agressions islamophobes d\u2019Argenteuil <\/b>[5]. Et aucun dirigeant politique d\u2019envergure nationale, sans m\u00eame parler de la Pr\u00e9sidence ou du Gouvernement, n\u2019a condamn\u00e9 ces violences racistes. Les plus optimistes estimeront que c\u2019est parce que \u00ab\u00a0l\u2019affaire du RER D\u00a0\u00bb encourage les responsables politiques \u00e0 la prudence, et qu\u2019ils ne manqueront pas de s\u2019exprimer une fois que les circonstances des agressions auront \u00e9t\u00e9 pr\u00e9cis\u00e9es. Rien n\u2019est moins s\u00fbr. La (l\u00e9gitime) unanimit\u00e9 (du moins \u00e0 gauche) lors de la mort de Cl\u00e9ment M\u00e9ric tend en effet \u00e0 d\u00e9montrer que les organisations de gauche sont capables de s\u2019exprimer lorsqu\u2019elles sont indign\u00e9es par des violences \u00e0 caract\u00e8re politique, et ce sans attendre que les <a title=\"Click to Continue &gt; by Browse to Save\" href=\"http:\/\/resisteralairdutemps.blogspot.fr\/p\/lorsquelle-entre-dans-un-commissariat.html#\">enqu\u00eates<\/a> soient termin\u00e9es. Les agressions d\u2019Argenteuil s\u2019inscrivent en outre dans une longue s\u00e9rie de violences islamophobes, qui n\u2019ont pas suscit\u00e9 davantage de r\u00e9actions indign\u00e9es de la part des organisations politiques ou des pouvoirs publics. Force est de constater que les individus \u00ab\u00a0d\u2019origine maghr\u00e9bine\u00a0\u00bb ou \u00ab\u00a0musulmans d\u2019apparence\u00a0\u00bb provoquent l\u2019indignation lorsqu\u2019ils sont des agresseurs suppos\u00e9s, mais pas lorsqu\u2019ils sont des victimes av\u00e9r\u00e9es. La hi\u00e9rarchisation des r\u00e9actions politiques en fonction de l\u2019appartenance religieuse et\/ou de la couleur de la peau des agress\u00e9s et des agresseurs n\u2019est rien moins que raciste. Et tous ceux qui refusent de condamner les agressions islamophobes en pr\u00e9tendant, contre toute \u00e9vidence, que \u00ab\u00a0l\u2019islamophobie n\u2019existe pas\u00a0\u00bb, devront un jour rendre des comptes, car un jour il y aura des morts.<\/div>\n<div>Le silence assourdissant de ces derniers jours, dans un contexte d\u2019\u00e9vidente mont\u00e9e des violences racistes, notamment dirig\u00e9es contre les musulmans, est en effet particuli\u00e8rement inqui\u00e9tant et r\u00e9voltant. Car le silence tue.<\/div>\n<div>\n<p><strong>Julien Salingue<\/strong><\/p>\n<div>J\u2019ach\u00e8ve actuellement une th\u00e8se de Science politique \u00e0 l\u2019Universit\u00e9 Paris 8. Mes recherches, auxquelles un autre blog est consacr\u00e9 (www.juliensalingue.fr), portent sur la question palestinienne. Je suis en outre membre de l\u2019observatoire critique des m\u00e9dias Acrimed (www.acrimed.org), pour lequel j\u2019\u00e9cris des articles en partie reproduits ici. http:\/\/resisteralairdutemps.blogspot.fr<\/div>\n<\/div>\n<div>__<\/div>\n<div>[1]\u00a0<a href=\"http:\/\/www.fil-info-france.fr\/2004_juillet_12.htm\" target=\"_blank\">http:\/\/www.fil-info-france.fr\/2004_juillet_12.htm<\/a><\/div>\n<div>[2] \u00ab\u00a0RER D \u2013 Indignations et effets d\u2019aubaine, par m\u00e9dias interpos\u00e9s\u00a0\u00bb,\u00a0<a href=\"http:\/\/www.acrimed.org\/article1435.html\" target=\"_blank\">sur le site d\u2019Acrimed<\/a>.<\/div>\n<div>[3] Lire l\u2019analyse de cette d\u00e9p\u00eache AFP, et de ses effets,\u00a0<a href=\"http:\/\/www.acrimed.org\/article1706.html\" target=\"_blank\">sur le site d\u2019Acrimed<\/a>.<\/div>\n<div>[4] \u00ab\u00a0Halte aux agressions racistes islamophobes\u00a0\u00bb, 14 juin,\u00a0<a href=\"http:\/\/www.npa2009.org\/node\/37697\" target=\"_blank\">sur le site du NPA<\/a>.<br \/>\n[5] Ou alors de mani\u00e8re confidentielle.<\/div>\n<div><\/div>\n<\/div>\n<p><iframe src=\"\/\/www.youtube.com\/embed\/PnUjF7DpLxo\" height=\"315\" width=\"560\" allowfullscreen=\"\" frameborder=\"0\"><\/iframe><\/p>\n","protected":false},"excerpt":{"rendered":"<p>Agressions islamophobes \u00e0 Argenteuil : le silence tue Lorsqu\u2019elle entre dans un commissariat de banlieue parisienne pour d\u00e9noncer l\u2019agression dont elle vient d\u2019\u00eatre victime, la jeune femme est, selon les t\u00e9moins, sous le choc. Elle explique aux policiers qui enregistrent sa plainte qu\u2019elle vient d\u2019\u00eatre agress\u00e9e en plein jour, devant des t\u00e9moins, par plusieurs individus &#8230; <a title=\"Agressions islamophobes \u00e0 Argenteuil : le silence tue\" class=\"read-more\" href=\"https:\/\/bruxelles-pantheres.be\/?p=265\" aria-label=\"En savoir plus sur Agressions islamophobes \u00e0 Argenteuil : le silence tue\">Lire la suite<\/a><\/p>\n","protected":false},"author":1,"featured_media":222,"comment_status":"open","ping_status":"open","sticky":false,"template":"","format":"standard","meta":{"footnotes":""},"categories":[4,28],"tags":[],"class_list":["post-265","post","type-post","status-publish","format-standard","has-post-thumbnail","hentry","category-islamophobie","category-racismes"],"_links":{"self":[{"href":"https:\/\/bruxelles-pantheres.be\/index.php?rest_route=\/wp\/v2\/posts\/265","targetHints":{"allow":["GET"]}}],"collection":[{"href":"https:\/\/bruxelles-pantheres.be\/index.php?rest_route=\/wp\/v2\/posts"}],"about":[{"href":"https:\/\/bruxelles-pantheres.be\/index.php?rest_route=\/wp\/v2\/types\/post"}],"author":[{"embeddable":true,"href":"https:\/\/bruxelles-pantheres.be\/index.php?rest_route=\/wp\/v2\/users\/1"}],"replies":[{"embeddable":true,"href":"https:\/\/bruxelles-pantheres.be\/index.php?rest_route=%2Fwp%2Fv2%2Fcomments&post=265"}],"version-history":[{"count":1,"href":"https:\/\/bruxelles-pantheres.be\/index.php?rest_route=\/wp\/v2\/posts\/265\/revisions"}],"predecessor-version":[{"id":266,"href":"https:\/\/bruxelles-pantheres.be\/index.php?rest_route=\/wp\/v2\/posts\/265\/revisions\/266"}],"wp:featuredmedia":[{"embeddable":true,"href":"https:\/\/bruxelles-pantheres.be\/index.php?rest_route=\/wp\/v2\/media\/222"}],"wp:attachment":[{"href":"https:\/\/bruxelles-pantheres.be\/index.php?rest_route=%2Fwp%2Fv2%2Fmedia&parent=265"}],"wp:term":[{"taxonomy":"category","embeddable":true,"href":"https:\/\/bruxelles-pantheres.be\/index.php?rest_route=%2Fwp%2Fv2%2Fcategories&post=265"},{"taxonomy":"post_tag","embeddable":true,"href":"https:\/\/bruxelles-pantheres.be\/index.php?rest_route=%2Fwp%2Fv2%2Ftags&post=265"}],"curies":[{"name":"wp","href":"https:\/\/api.w.org\/{rel}","templated":true}]}}