{"id":267,"date":"2013-06-16T01:07:11","date_gmt":"2013-06-16T00:07:11","guid":{"rendered":"https:\/\/bruxelles-pantheres.be\/?p=267"},"modified":"2013-11-10T01:08:34","modified_gmt":"2013-11-10T00:08:34","slug":"communique-du-mouvement-pour-legalite-et-lemancipation-de-tou-te-s","status":"publish","type":"post","link":"https:\/\/bruxelles-pantheres.be\/?p=267","title":{"rendered":"Communiqu\u00e9 du Mouvement pour l\u2019Egalit\u00e9 et l\u2019Emancipation de Tou-te-s !"},"content":{"rendered":"<header><\/header>\n<p><img decoding=\"async\" alt=\"http:\/\/static.skynetblogs.be\/media\/134447\/foulard-bruxelles-1-500x332.jpg\" src=\"http:\/\/static.skynetblogs.be\/media\/134447\/foulard-bruxelles-1-500x332.jpg\" \/><\/p>\n<p><strong>Mouvement pour l\u2019Egalit\u00e9 et l\u2019Emancipation de Tou-te-s<\/strong>, le 13 juin 2013<\/p>\n<p>Suite \u00e0 l\u2019annonce de Madame l\u2019\u00e9chevine Faouzia Hariche, sur l\u2019avis du Conseil d\u2019Etat de ce 17 Avril autorisant le port du foulard pour les professeurs de religion, r\u00e8glement applicable aux communes de la R\u00e9gion bruxelloise, celle-ci refusant ainsi de l\u2019appliquer dans \u2013 sa circonscription \u2013 les limites de la Ville de Bruxelles : \u00abContrairement au cas de Gr\u00e2ce-Hollogne, nous appliquons les dispositions l\u00e9gales du d\u00e9cret neutralit\u00e9 de 1994 \u2013 qui insiste sur le fait de s\u2019abstenir de toutes formes de pros\u00e9lytisme \u2013 et le r\u00e8glement de travail de la Ville \u2013 qui interdit le port de signes philosophiques sur le lieu de travail\u00bb, r\u00e9torquait Faouzia Hariche (PS), \u00e9chevine de l\u2019Enseignement de la Ville de Bruxelles.<!--more--><\/p>\n<p>Le Mouvement MEET ! constate l\u2019urgence de condamner fermement cette d\u00e9cision de Madame l\u2019\u00e9chevine et lui rappelle par la m\u00eame occasion que ledit d\u00e9cret du 31 mars 1994 est tout d\u2019abord totalement d\u00e9suet et contraire au d\u00e9cret qui l\u2019a suivi (et donc qui l\u2019abroge) le 17 d\u00e9cembre 2003 qui impose certes aux enseignants \u00abd\u2019adopter une attitude r\u00e9serv\u00e9e, traiter les options religieuses en des termes qui ne peuvent froisser, s\u2019abstenir de tout propos partisan dans les probl\u00e8mes id\u00e9ologiques et refuser de t\u00e9moigner en faveur d\u2019un syst\u00e8me philosophique ou politique quel qu\u2019il soit\u00bb mais toutefois qui mentionne que \u00abrien n\u2019interdit aux professeurs de religions reconnues de porter tout signe d\u2019appartenance, y compris vestimentaire\u00bb.<\/p>\n<p>D\u2019ailleurs, Xavier Delgrange, membre du Conseil d\u2019Etat, dit \u00e0 propos de cet avis : \u00abl\u2019enseignement de la religion \u00e9chappe pratiquement totalement au contr\u00f4le des autorit\u00e9s publiques [\u2026] Les titulaires de cours de religions reconnues ne sont pas astreints au devoir deneutralit\u00e9 et m\u00eame, le pros\u00e9lytisme de leur part n\u2019est pas critiquable\u00bb.<\/p>\n<p>Nous voyons, dans ce cas-ci, qu\u2019alors m\u00eame que la plus haute instance juridique donne un avis favorable, l\u2019\u00e9chevine se prononce et refuse de l\u2019appliquer. En quoi un \u00e9lu politique se donne-t-il le pouvoir de refuser d\u2019appliquer un arr\u00eat promulgu\u00e9 par une instance juridique dans une d\u00e9mocratie o\u00f9 la loi est premi\u00e8re ?<\/p>\n<p>En ce qui concerne l\u2019emploi, beaucoup ne trouvent pas un emploi \u00e0 la hauteur de leurs comp\u00e9tences, et se voient accepter un travail tr\u00e8s souvent pr\u00e9caire, ou ne trouvant un travail que des ann\u00e9es apr\u00e8s, voire m\u00eame aucun travail. On ne cesse de parler de diversit\u00e9, de multiculturalit\u00e9, et bien cela fait partie de la libert\u00e9 de conscience de tout un chacun, de la diversit\u00e9 tant mise en avant par tous. Finalement, quelles sont les priorit\u00e9s de Bruxelles ? Investir dans l\u2019enseignement ? Former les jeunes ? Dans ce cas-ci, y\u2019a-t-il toujoursune place pour des jeunes femmes ? Eviter de leur mettre des obstacles ? Que le taux de ch\u00f4mage ne grimpe ou alors se pr\u00e9occuper de savoir qui porte un foulard, qui porte une longue jupe ou un pantalon large ?<\/p>\n<p>Alors m\u00eame que la Belgique traverse une crise sans pr\u00e9c\u00e9dents, o\u00f9 le d\u00e9crochage scolaire est au plus haut, o\u00f9 le taux de ch\u00f4mage des jeunes et moins jeunes explose, alors m\u00eame que la femme est d\u2019apr\u00e8s de nombreuses statistiques, toujours bien plus discrimin\u00e9e que l\u2019homme, l\u2019interdiction du port du foulard ne cesse de faire du tort aux femmes le portant. Celles-ci ne peuvent s\u2019inscrire dans les \u00e9coles qu\u2019elles d\u00e9sirent et faire un choix correct de leurs \u00e9tudes \u00e9tant donn\u00e9 que l\u2019acc\u00e8s \u00e0 la plupart des \u00e9coles sup\u00e9rieures ne leur est pas permis. Les filles \u00e9tant en secondaire se voient dans l\u2019obligation de le retirer pour continuer leur scolarit\u00e9. Alors m\u00eame que la grande majorit\u00e9 sont contraintes ill\u00e9galement de l\u2019enlever, beaucoup font l\u2019objet au sein de leur \u00e9cole de discriminations quant \u00e0 leur tenue vestimentaire, alors jusqu\u2019o\u00f9 comptons-nous les priver de leur libert\u00e9 ?<\/p>\n<p>Nous sommes conscients que ces d\u00e9rives de la part d\u2019\u00e9lus politiques ne sont pas des plus rares, c\u2019est la raison pour laquelle la lutte ne s\u2019arr\u00eatera pas aux v\u00eatements des professeurs de religion, mais \u00e9galement \u00e0 la tenue des \u00e9l\u00e8ves qui sont consid\u00e9r\u00e9s comme \u00e9gaux juridiquement aux professeurs d\u2019apr\u00e8s l\u2019article 24 de la Constitution belge organisant les principes de la neutralit\u00e9 applicables \u00e0 tous.<\/p>\n<p>Nous, membres du Mouvement pour l\u2019Egalit\u00e9 et l\u2019Emancipation de Tou-te-s !, appelons \u00e0 une coordination pour contester cette d\u00e9cision de Madame l\u2019\u00e9chevine Faouzia Hariche, ainsi qu\u2019\u00e0 une mobilisation large qui se fera tr\u00e8s prochainement.<\/p>\n<p><strong>Mouvement pour l\u2019Egalit\u00e9 et l\u2019Emancipation de Tou-te-s !<\/strong><\/p>\n<p>&nbsp;<\/p>\n<pre>Pas de foulard dans les \u00e9coles de la Ville<\/pre>\n<p><img decoding=\"async\" id=\"media-10211281\" title=\"\" alt=\"2. Faouzia Hariche.JPG\" src=\"http:\/\/static.skynetblogs.be\/media\/134447\/2598696966.JPG\" \/><\/p>\n<h3><strong>Echevine (PS) alg\u00e9ro-belge et islamophobe de l\u2019Instruction publique<\/strong><\/h3>\n<p><strong>Nathan Gonze<\/strong>, le 11 juin 2013<\/p>\n<p>L\u2019avis du Conseil d\u2019\u00c9tat, autorisant le voile aux professeurs de religion, ne fait pas jurisprudence, estime l\u2019\u00e9chevine<\/p>\n<p>Les professeurs de religion islamique ont-ils le droit de porter le foulard dans les \u00e9coles ? Le 17 avril dernier, le Conseil d\u2019\u00c9tat r\u00e9pondait par la positive \u00e0 la suite d\u2019un diff\u00e9rend entre une prof et la commune de Gr\u00e2ce-Hollogne. \u201cTout signe d\u2019appartenance religieuse, y compris vestimentaire, est inh\u00e9rent \u00e0 l\u2019enseignement des religions reconnues et n\u2019est pas limit\u00e9 aux heures de cours et aux locaux auxquels ils sont affect\u00e9s\u201d, estimait le Conseil d\u2019\u00c9tat dans son arr\u00eat.<\/p>\n<p>Un arr\u00eat qui porte, en th\u00e9orie, sur l\u2019ensemble du territoire de la F\u00e9d\u00e9ration Wallonie-Bruxelles et donc, qui est applicable aux communes de la R\u00e9gion bruxelloise. Mais pour la Ville de Bruxelles, la d\u00e9cision du Conseil d\u2019\u00c9tat ne fait pas jurisprudence : le foulard islamique \u2013 comme tous signes religieux ostentatoires \u2013 reste interdit aux \u00e9l\u00e8ves comme aux professeurs, fussent-ils de religion.<\/p>\n<p>\u201cContrairement au cas de Gr\u00e2ce-Hollogne, nous appliquons les dispositions l\u00e9gales du d\u00e9cret neutralit\u00e9 de 1994 \u2013 qui insiste sur le fait de s\u2019abstenir de toutes formes de pros\u00e9lytisme \u2013 et le r\u00e8glement de travail de la Ville \u2013 qui interdit le port de signes philosophiques sur le lieu de travail \u201d, justifie Faouzia Hariche (PS), \u00e9chevine de l\u2019Enseignement. Pas de d\u00e9rogation pour les profs de religion estime donc Mme Hariche car \u201cce serait cr\u00e9er un traitement discriminatoire entre les enseignants\u201d.<\/p>\n<p>Dommage, estime quant \u00e0 elle Zoubida Jellab (\u00c9colo), qui interpellait hier l\u2019\u00e9chevine \u00e0 ce sujet au conseil communal et qui craint que la ville ne s\u2019expose \u00e0 des recours. La jeune association Muslims Right Belgium \u2013 qui recense en ligne les actes antimusulmans \u2013 confirme d\u2019ailleurs avoir re\u00e7u des plaintes en ce sens \u00e0 Bruxelles mais que rien d\u2019officiel n\u2019a encore \u00e9t\u00e9 d\u00e9pos\u00e9.<\/p>\n<p>Autre point qui pose question selon la conseill\u00e8re \u00c9colo, le manque de mixit\u00e9 parmi les professeurs de religion islamique (seulement 1\/4 de femmes). \u201cC\u2019est l\u2019Ex\u00e9cutif des musulmans de Belgique qui propose les candidats. Dans la majorit\u00e9 des cas, ce sont des hommes. Comme cela, on \u00e9vite le d\u00e9bat sur le voile\u201d, d\u00e9plore Zoubida Jellab.<\/p>\n<p>Pour l\u2019\u00e9chevine de l\u2019Enseignement, le d\u00e9bat pose surtout la question de l\u2019opportunit\u00e9 des cours de religion. \u201cIls s\u00e9parent les \u00e9l\u00e8ves. La soci\u00e9t\u00e9 bruxelloise aurait beaucoup plus \u00e0 gagner d\u2019un cours de civisme et de vivre ensemble\u201d, conclut-elle.<\/p>\n<header><img decoding=\"async\" class=\"alignright\" alt=\"947140_157047211131649_1286390321_n\" src=\"http:\/\/www.egalite.be\/wp-content\/uploads\/2013\/05\/947140_157047211131649_1286390321_n.jpg\" width=\"624\" height=\"414\" \/><\/header>\n","protected":false},"excerpt":{"rendered":"<p>Mouvement pour l\u2019Egalit\u00e9 et l\u2019Emancipation de Tou-te-s, le 13 juin 2013 Suite \u00e0 l\u2019annonce de Madame l\u2019\u00e9chevine Faouzia Hariche, sur l\u2019avis du Conseil d\u2019Etat de ce 17 Avril autorisant le port du foulard pour les professeurs de religion, r\u00e8glement applicable aux communes de la R\u00e9gion bruxelloise, celle-ci refusant ainsi de l\u2019appliquer dans \u2013 sa circonscription &#8230; <a title=\"Communiqu\u00e9 du Mouvement pour l\u2019Egalit\u00e9 et l\u2019Emancipation de Tou-te-s !\" class=\"read-more\" href=\"https:\/\/bruxelles-pantheres.be\/?p=267\" aria-label=\"En savoir plus sur Communiqu\u00e9 du Mouvement pour l\u2019Egalit\u00e9 et l\u2019Emancipation de Tou-te-s !\">Lire la suite<\/a><\/p>\n","protected":false},"author":1,"featured_media":222,"comment_status":"open","ping_status":"open","sticky":false,"template":"","format":"standard","meta":{"footnotes":""},"categories":[22,25,4,20,18,28],"tags":[],"class_list":["post-267","post","type-post","status-publish","format-standard","has-post-thumbnail","hentry","category-emploi","category-enseignement","category-islamophobie","category-logement","category-resistance-bruxelles","category-racismes"],"_links":{"self":[{"href":"https:\/\/bruxelles-pantheres.be\/index.php?rest_route=\/wp\/v2\/posts\/267","targetHints":{"allow":["GET"]}}],"collection":[{"href":"https:\/\/bruxelles-pantheres.be\/index.php?rest_route=\/wp\/v2\/posts"}],"about":[{"href":"https:\/\/bruxelles-pantheres.be\/index.php?rest_route=\/wp\/v2\/types\/post"}],"author":[{"embeddable":true,"href":"https:\/\/bruxelles-pantheres.be\/index.php?rest_route=\/wp\/v2\/users\/1"}],"replies":[{"embeddable":true,"href":"https:\/\/bruxelles-pantheres.be\/index.php?rest_route=%2Fwp%2Fv2%2Fcomments&post=267"}],"version-history":[{"count":1,"href":"https:\/\/bruxelles-pantheres.be\/index.php?rest_route=\/wp\/v2\/posts\/267\/revisions"}],"predecessor-version":[{"id":268,"href":"https:\/\/bruxelles-pantheres.be\/index.php?rest_route=\/wp\/v2\/posts\/267\/revisions\/268"}],"wp:featuredmedia":[{"embeddable":true,"href":"https:\/\/bruxelles-pantheres.be\/index.php?rest_route=\/wp\/v2\/media\/222"}],"wp:attachment":[{"href":"https:\/\/bruxelles-pantheres.be\/index.php?rest_route=%2Fwp%2Fv2%2Fmedia&parent=267"}],"wp:term":[{"taxonomy":"category","embeddable":true,"href":"https:\/\/bruxelles-pantheres.be\/index.php?rest_route=%2Fwp%2Fv2%2Fcategories&post=267"},{"taxonomy":"post_tag","embeddable":true,"href":"https:\/\/bruxelles-pantheres.be\/index.php?rest_route=%2Fwp%2Fv2%2Ftags&post=267"}],"curies":[{"name":"wp","href":"https:\/\/api.w.org\/{rel}","templated":true}]}}