{"id":2680,"date":"2015-12-18T09:29:06","date_gmt":"2015-12-18T08:29:06","guid":{"rendered":"https:\/\/bruxelles-pantheres.be\/?p=2680"},"modified":"2015-12-18T09:31:21","modified_gmt":"2015-12-18T08:31:21","slug":"la-france-aime-jouer-a-se-faire-peur-mais-jusqua-quand","status":"publish","type":"post","link":"https:\/\/bruxelles-pantheres.be\/?p=2680","title":{"rendered":"La France aime jouer \u00e0 se faire peur\u2026 mais, jusqu\u2019\u00e0 quand ?"},"content":{"rendered":"<table id=\"table1\" border=\"0\" width=\"100%\" cellpadding=\"3\">\n<tbody>\n<tr>\n<td>\n<div class=\"postThumbnail wp-caption aligncenter\"><img decoding=\"async\" class=\"attachment-single-post-thumbnail wp-post-image\" title=\"r\u00e9gionales 2015\" src=\"http:\/\/www.globalresearch.ca\/wp-content\/uploads\/2015\/12\/r%C3%A9gionales-2015-400x225.png\" alt=\"r\u00e9gionales 2015\" width=\"400\" height=\"225\" \/><\/div>\n<div class=\"postThumbnail wp-caption aligncenter\"><\/div>\n<p>\u00c9lections r\u00e9gionales. La France aime jouer \u00e0 se faire peur\u2026 mais, jusqu\u2019\u00e0 quand ?<\/td>\n<\/tr>\n<tr>\n<td>Par Daniel Vanhove<\/td>\n<\/tr>\n<tr>\n<td><\/td>\n<\/tr>\n<tr>\n<td>Dimanche soir, 13 novembre, le verdict est tomb\u00e9. Le FN n\u2019obtient aucune r\u00e9gion. Presque tout le monde semble satisfait. Tant \u00e0 gauche qu\u2019\u00e0 droite. Comme si le parti bleu-marine avait perdu, alors qu\u2019il n\u2019aura jamais autant d\u2019\u00e9lus aux Conseils r\u00e9gionaux. Les PS &amp; LR ont r\u00e9cup\u00e9r\u00e9 p\u00eale-m\u00eale les votes de celles et ceux qui se pr\u00eatent \u00e0 leur jeu naus\u00e9eux\u00a0: on joue l\u2019\u00e9pouvante, et on rafle la mise\u00a0!<\/p>\n<p>Dans les bureaux des PS &amp; LR il y en a qui doivent d\u00e9j\u00e0 se dire qu\u2019au pire, au deuxi\u00e8me tour de la pr\u00e9sidentielle de 2017, ils pourront toujours agiter le m\u00eame spectre puisque la strat\u00e9gie qui avait d\u00e9j\u00e0 fonctionn\u00e9 lors de la pr\u00e9sidentielle de 2002 entre J. Chirac et J-M. Le Pen, vient de fonctionner \u00e0 nouveau. Ailleurs, on fait le d\u00e9compte des lourdes pertes et des rarissimes profits.<\/p>\n<p>Nombreux citoyens se sont donc mobilis\u00e9s et ont contre leur gr\u00e9, opt\u00e9 pour un vote utile, comme on dit\u2026 Utile \u00e0 quoi, ou\/et \u00e0 qui\u00a0!? A faire barrage au FN\u00a0? Un leurre\u2026<\/p>\n<p>Contradiction majeure\u00a0: beaucoup d\u2019\u00e9lecteurs, toujours aussi dociles, se sont une nouvelle fois fait voler leur vote. Pour eux, pas d\u2019autre alternative. Alors que le pays est dans cet \u00e9tat, \u00e0 cause de ceux-l\u00e0 m\u00eames pour lesquels ils ont vot\u00e9, pensent-ils vraiment que c\u2019est avec les m\u00eames \u00e9quipes que les choses vont changer\u00a0?! Nouveau leurre\u2026<\/p>\n<p>Ce matin, quel que soit le parti, les commentaires vont dans le m\u00eame sens. D\u2019aucuns jurent qu\u2019ils ont compris la le\u00e7on. Qu\u2019ils ne risquent pas d\u2019oublier. Qu\u2019ils ne pourront jamais plus faire de la politique comme avant. Que cette fois, ils ont entendu le vote sanction des \u00e9lecteurs\u2026 Pour les remercier de ce harakiri, le Smic sera augment\u00e9\u2026 de six centimes le 1<sup>er<\/sup> janvier prochain\u00a0! Bref, le r\u00e9sultat c\u2019est que les citoyens ont remis en place les m\u00eames voyous qui les bernent depuis des d\u00e9cennies, dans ce jeu de dupes. Autre leurre\u2026 qui ne changera rien et donc alimentera, \u00e0 coup s\u00fbr, la progression in\u00e9luctable de l\u2019extr\u00eame-droite.<\/p>\n<p>En fait, si notre <em>\u00ab\u00a0d\u00e9mocratie\u00a0\u00bb<\/em> en est \u00e0 ce point-l\u00e0 aujourd\u2019hui, c\u2019est de notre faute. Comme je ne cesse de le r\u00e9p\u00e9ter, nous avons le personnel politique que nous m\u00e9ritons. Dans leurs analyses et leurs commentaires, des internautes nous expliquent leur vision des choses mais ne proposent aucun moyen pratique \u2013 ou si peu \u2013 \u00e0 mettre en place pour en changer le cours. Nombreux sont ceux qui condamnent la politique n\u00e9olib\u00e9rale europ\u00e9enne et son corollaire l\u2019Otan\u2026 Mais comment faire <em>\u00ab\u00a0pratiquement\u00a0\u00bb<\/em> pour en sortir si tel est le souhait majoritaire de la population\u00a0? Sachant que le syst\u00e8me capitaliste qui les entretient est d\u2019une redoutable efficacit\u00e9, et qu\u2019il parvient \u00e0 r\u00e9cup\u00e9rer la plupart des entraves qui lui sont mises entre les pieds\u00a0? Le cas grec est \u00e9loquent et terrible \u00e0 ce sujet\u2026<\/p>\n<p>Je pense que c\u2019est en 2005 qu\u2019a eu lieu la premi\u00e8re d\u00e9flagration. Et qu\u2019il e\u00fbt fallu descendre dans les rues et manifester contre la confiscation du vote refusant majoritairement le Trait\u00e9 constitutionnel de l\u2019Europe, <strong>jusqu\u2019\u00e0 en obtenir le respect.<\/strong> Et non son copier-coller de Lisbonne. C\u2019est l\u00e0 qu\u2019a \u00e9t\u00e9 usurp\u00e9e la voix des citoyens. Sans qu\u2019il n\u2019y ait de r\u00e9elle protestation, \u00e0 la hauteur d\u2019un tel rapt. Et \u00e0 partir de cette date, les diff\u00e9rents niveaux de pouvoir \u2013 nationaux et europ\u00e9ens \u2013 ont compris que les citoyens vivaient tout cela de loin. Sans s\u2019en pr\u00e9occuper v\u00e9ritablement, parce que pour beaucoup, trop pr\u00e9occup\u00e9s par un quotidien difficile et harassant. Et m\u00eame chose en ce qui concerne les votes blancs, nuls ou les abstentions qui ne sont pas pris en compte lors des r\u00e9sultats. Alors qu\u2019ils sont majoritaires\u00a0! Au regard d\u2019une <em>\u00ab\u00a0d\u00e9mocratie\u00a0\u00bb<\/em> saine, il est inacceptable qu\u2019autant de votes (pr\u00e8s de 50% dans la plupart des pays) ne soient pas comptabilis\u00e9s.<\/p>\n<p>Quelques heures \u00e0 peine apr\u00e8s le scrutin r\u00e9gional, et un mois apr\u00e8s les attentats qui ont ensanglant\u00e9 Paris \u00e0 une deuxi\u00e8me reprise en moins d\u2019un an, ceux-l\u00e0 m\u00eames pour qui les citoyens fran\u00e7ais viennent de voter (PS \/ LR) se proposent dans les enceintes de Bruxelles, de relancer la proc\u00e9dure d\u2019adh\u00e9sion de la Turquie \u00e0 l\u2019UE\u2026 Est-ce vraiment la d\u00e9cision \u00e0 prendre et le moment appropri\u00e9\u00a0? Quand je vous dis qu\u2019ils ne font qu\u2019alimenter la propagation de la peste brune qui s\u2019infiltre telle une eau glauque dans les moindres interstices de la soci\u00e9t\u00e9\u2026<\/p>\n<p>Certains sceptiques me diront, mais que faire\u00a0?! Il y a une r\u00e9ponse, sous nos yeux, mais dont personne \u2013 et surtout pas nos responsables politiques \u2013 ne parle\u00a0: <a href=\"http:\/\/www.express.be\/business\/fr\/economy\/lislande-a-laisse-ses-banques-faire-faillite-et-jete-des-banquiers-en-prison-et-voici-ce-qui-sest-produit\/214182.htm\">l\u2019Islande qui se porte tr\u00e8s bien \u2013 alors qu\u2019elle \u00e9tait le premier pays touch\u00e9 par la crise bancaire en 2008 \u2013 depuis qu\u2019elle a tourn\u00e9 le dos \u00e0 l\u2019UE, \u00e0 l\u2019euro et aux banksters. <\/a><\/p>\n<p>&nbsp;<\/p>\n<p>Je ne peux, une fois encore, que conclure en donnant la parole \u00e0 L\u00e9o Ferr\u00e9\u00a0:<\/p>\n<p><em>\u00ab\u00a0Ils ont vot\u00e9 ils voteront <\/em><\/p>\n<p><em>Comme on prend un barbiturique<\/em><\/p>\n<p><em>Et ils ont mis la R\u00e9publique<\/em><\/p>\n<p><em>Au fond d\u2019un vase \u00e0 reposer<\/em><\/p>\n<p><em>Les experts ont analys\u00e9<\/em><\/p>\n<p><em>Ce qu\u2019il y avait au fond du vase<\/em><\/p>\n<p><em>Il n\u2019y avait rien qu\u2019un peu de vase\u00a0\u00bb<\/em>\u2026<\/p>\n<p><strong>\u00a0<\/strong><\/p>\n<p><strong>Daniel Vanhove<\/strong><\/p>\n<p>Observateur civil et auteur<\/p>\n<p>14.12.15<\/td>\n<\/tr>\n<\/tbody>\n<\/table>\n<p>&nbsp;<\/p>\n","protected":false},"excerpt":{"rendered":"<p>\u00c9lections r\u00e9gionales. La France aime jouer \u00e0 se faire peur\u2026 mais, jusqu\u2019\u00e0 quand ? Par Daniel Vanhove Dimanche soir, 13 novembre, le verdict est tomb\u00e9. Le FN n\u2019obtient aucune r\u00e9gion. Presque tout le monde semble satisfait. Tant \u00e0 gauche qu\u2019\u00e0 droite. Comme si le parti bleu-marine avait perdu, alors qu\u2019il n\u2019aura jamais autant d\u2019\u00e9lus aux &#8230; <a title=\"La France aime jouer \u00e0 se faire peur\u2026 mais, jusqu\u2019\u00e0 quand ?\" class=\"read-more\" href=\"https:\/\/bruxelles-pantheres.be\/?p=2680\" aria-label=\"En savoir plus sur La France aime jouer \u00e0 se faire peur\u2026 mais, jusqu\u2019\u00e0 quand ?\">Lire la suite<\/a><\/p>\n","protected":false},"author":1,"featured_media":2403,"comment_status":"open","ping_status":"open","sticky":false,"template":"","format":"standard","meta":{"footnotes":""},"categories":[36,28],"tags":[94],"class_list":["post-2680","post","type-post","status-publish","format-standard","has-post-thumbnail","hentry","category-europe","category-racismes","tag-daniel-vanhove"],"_links":{"self":[{"href":"https:\/\/bruxelles-pantheres.be\/index.php?rest_route=\/wp\/v2\/posts\/2680","targetHints":{"allow":["GET"]}}],"collection":[{"href":"https:\/\/bruxelles-pantheres.be\/index.php?rest_route=\/wp\/v2\/posts"}],"about":[{"href":"https:\/\/bruxelles-pantheres.be\/index.php?rest_route=\/wp\/v2\/types\/post"}],"author":[{"embeddable":true,"href":"https:\/\/bruxelles-pantheres.be\/index.php?rest_route=\/wp\/v2\/users\/1"}],"replies":[{"embeddable":true,"href":"https:\/\/bruxelles-pantheres.be\/index.php?rest_route=%2Fwp%2Fv2%2Fcomments&post=2680"}],"version-history":[{"count":1,"href":"https:\/\/bruxelles-pantheres.be\/index.php?rest_route=\/wp\/v2\/posts\/2680\/revisions"}],"predecessor-version":[{"id":2681,"href":"https:\/\/bruxelles-pantheres.be\/index.php?rest_route=\/wp\/v2\/posts\/2680\/revisions\/2681"}],"wp:featuredmedia":[{"embeddable":true,"href":"https:\/\/bruxelles-pantheres.be\/index.php?rest_route=\/wp\/v2\/media\/2403"}],"wp:attachment":[{"href":"https:\/\/bruxelles-pantheres.be\/index.php?rest_route=%2Fwp%2Fv2%2Fmedia&parent=2680"}],"wp:term":[{"taxonomy":"category","embeddable":true,"href":"https:\/\/bruxelles-pantheres.be\/index.php?rest_route=%2Fwp%2Fv2%2Fcategories&post=2680"},{"taxonomy":"post_tag","embeddable":true,"href":"https:\/\/bruxelles-pantheres.be\/index.php?rest_route=%2Fwp%2Fv2%2Ftags&post=2680"}],"curies":[{"name":"wp","href":"https:\/\/api.w.org\/{rel}","templated":true}]}}