{"id":269,"date":"2013-06-15T01:09:18","date_gmt":"2013-06-15T00:09:18","guid":{"rendered":"https:\/\/bruxelles-pantheres.be\/?p=269"},"modified":"2013-11-10T01:12:07","modified_gmt":"2013-11-10T00:12:07","slug":"caroline-fourest-contre-les-musulmanophobes","status":"publish","type":"post","link":"https:\/\/bruxelles-pantheres.be\/?p=269","title":{"rendered":"Caroline Fourest Contre Les \u00abMusulmanophobes\u00bb"},"content":{"rendered":"<div>\n<div>\n<div>\n<div>\n<p><span class=\"submitted\"> <span style=\"float: left;\">Par <\/span><\/span><\/p>\n<div class=\"field field-name-field-auteur field-type-taxonomy-term-reference field-label-hidden\">\n<div class=\"field-items\">\n<div class=\"field-item even\"><a href=\"http:\/\/www.bakchich.info\/auteur\/sebastien-fontenelle\">S\u00e9bastien Fontenelle<\/a><\/div>\n<\/div>\n<\/div>\n<p>Samedi, 15. Juin 2013<\/p><\/div>\n<\/div>\n<\/div>\n<p>Caroline Fourest n\u2019est pas du tout contente, apr\u00e8s qu\u2019une jeune femme voil\u00e9e a \u2013 encore \u2013 \u00e9t\u00e9 agress\u00e9e dans Argenteuil.<\/p>\n<p>Caroline Fourest fait donc un tweet pour d\u00e9noncer les auteurs <em>\u00abmusulmanophobes\u00bb<\/em> de cette agression.<\/p>\n<p><img decoding=\"async\" alt=\"\" src=\"http:\/\/www.bakchich.info\/sites\/bakchich.info\/files\/u344\/cliche_2013-06-15_11-03-52.jpg\" \/><\/p>\n<p>Mais elle limite son commentaire \u00e0 cette manifestation de son \u00e9motion, car elle ne dispose que de 140 signes, pour l\u2019exprimer.<!--more--><\/p>\n<p>Et c\u2019est un peu dommage, parce qu\u2019elle aurait pu, si elle n\u2019avait pas \u00e9t\u00e9 contrainte \u00e0 cette concision \u2013 et nous pouvons \u00eatre bien certain(e)s que c\u2019est ce qu\u2019elle aurait fait, car elle est d\u2019une exceptionnelle rigueur \u2013 d\u00e9velopper une m\u00e9ditation un peu soutenue sur cette musulmanophobie: la m\u00eame, que nous autres, qui sommes beaucoup moins exigeant(e)s qu\u2019elle, appelons depuis lurette islamophobie, par une facilit\u00e9 dont Caroline Fourest a de longue date d\u00e9montr\u00e9 qu\u2019elle faisait de nous les complices des vilenies des mollahs d\u2019Iran.<\/p>\n<p>D\u2019o\u00f9 vient, en effet, que les agressions antimusulmanes se multiplient?<\/p>\n<p>Cela vient notamment, d\u2019apr\u00e8s la Commission <a id=\"_GPLITA_0\" title=\"Click to Continue &gt; by Browse to Save\" href=\"http:\/\/www.bakchich.info\/blogs\/sebastien-fontenelle\/caroline-fourest-contre-les-musulmanophobes#\">nationale<\/a> consultative des Droits de l\u2019Homme (CNCDH), qui n\u2019est pas exactement un repaire de supp\u00f4ts de Ben Laden, mais qui d\u00e9sormais fait tous les ans ce m\u00eame d\u00e9sesp\u00e9rant constat, de la lib\u00e9ration, dans l\u2019espace public, d\u2019une logorrh\u00e9e \u00abd\u00e9complex\u00e9e\u00bb, o\u00f9 les musulman(e)s sont syst\u00e9matiquement \u2013 et maladivement \u2013 repr\u00e9sent\u00e9(e)s comme une <em>menace to society<\/em>, et dont la banalisation facilite la commission d\u2019agressions par des d\u00e9g\u00e9n\u00e9r\u00e9s qui voient dans ces fustigations \u00e0 r\u00e9p\u00e9tition la d\u00e9livrance tacite d\u2019un droit de ratonner.<\/p>\n<p>Car de fait \u2013 nous ne devrons jamais nous lasser de le r\u00e9p\u00e9ter, aussi longtemps que cette r\u00e9alit\u00e9 ne suscitera gu\u00e8re qu\u2019une indiff\u00e9rence m\u00e9prisante: depuis le d\u00e9but des ann\u00e9es 2000 (disons comme \u00e7a pour aller vite), il est du dernier chic d\u2019exhiber, dans les forgeries o\u00f9 se fabrique l\u2019opinion, un ressentiment antimusulman lib\u00e9r\u00e9 des urbanit\u00e9s qui emp\u00eachaient, auparavant, que ces d\u00e9gueulasseries-l\u00e0 soient trop dites ailleurs que dans les caves \u00e0 fafs.<\/p>\n<p>La droite r\u00e9actionnaire (pl\u00e9onasme) excelle, bien s\u00fbr, dans ce digne exercice \u2013 o\u00f9 transpara\u00eet, sous des formes actualis\u00e9es, l\u2019une de ses plus anciennes traditions: n\u2019oublions tout de m\u00eame pas que ce sont les m\u00eames dextres patriotes (contrairement \u00e0 ce qu\u2019assurent les n\u00e9gationnistes au petit pied qui vont depuis quelques ans caquetant que l\u2019antis\u00e9mitisme et le p\u00e9tainisme sont des affaires de la gauche), qui sont pass\u00e9(e)s en moins d\u2019un si\u00e8cle de la d\u00e9nonciation du jud\u00e9o-bolchevisme \u00e0 celle de l\u2019islamo-gauchisme \u2013 et demandons-nous si \u00e7a ne nous dirait pas quelque chose de leur personnalit\u00e9 profonde.<\/p>\n<p>C\u2019est donc des rangs de la \u00a0r\u00e9action (point tant nouvelle que rendue \u00e0 ses fondamentaux) que sont venues quelques-unes des plus remarquables expressions de cette d\u00e9complexion, quand, par exemple, l\u2019un de ses repr\u00e9sentants de m\u00e9dias, aur\u00e9ol\u00e9 de sa r\u00e9putation d\u2019iconoclaste, a publiquement prof\u00e9r\u00e9 qu\u2019il \u00e9tait <em>\u00ab\u00a0un peu islamophobe\u00a0\u00bb<\/em>.<\/p>\n<p>Ou quand plusieurs de ses penseurs de chevet \u2013 <em>\u00abphilosophes\u00bb<\/em> et <em>\u00abpolitologues\u00bb<\/em> pour plateaux de t\u00e9l\u00e9vision \u2013 ont consid\u00e9r\u00e9 que la pamphl\u00e9taire raciste Oriana Fallaci, nonobstant son style r\u00e2peux, avait bien du courage d\u2019oser dire un peu nettement, et d\u2019un <a id=\"_GPLITA_1\" title=\"Click to Continue &gt; by Browse to Save\" href=\"http:\/\/www.bakchich.info\/blogs\/sebastien-fontenelle\/caroline-fourest-contre-les-musulmanophobes#\">ton<\/a> tr\u00e8s nurembourgeois, que <em>\u00ables fils d\u2019Allah\u00bb<\/em> se reproduisaient<em> \u00abcomme des rats\u00bb<\/em>.<\/p>\n<p>Ou quand, tout r\u00e9cemment, l\u2019un de ses plus caricaturaux plumitifs de service a r\u00e9p\u00e9t\u00e9 pour la cent milli\u00e8me fois que l\u2019islam \u00e9tait selon lui \u2013 et par essence \u2013 <em>\u00abtotalitaire\u00bb<\/em>.<\/p>\n<p>Liste non exhaustive \u2013 et que chacun(e) d\u2019entre nous pourra, dans le cours des prochaines vingt-quatre heures, nourrir encore de nouvelles citations \u00abd\u00e9sinhib\u00e9es\u00bb que la presse de droite ne manquera pas de produire dans ce court laps de temps, conform\u00e9ment \u00e0 la loi, non \u00e9crite mais tr\u00e8s strictement observ\u00e9e, qui stipule qu\u2019elle ne doit jamais rester plus de deux jours sans confectionner quelque nouvelle impr\u00e9cation islamophobe.<\/p>\n<p>Mais une fois qu\u2019on a dit \u00e7a\u00a0: on n\u2019a parcouru qu\u2019une petite moiti\u00e9 du chemin.<\/p>\n<p>Car la \u00abgauche\u00bb a, elle aussi, assidument contribu\u00e9 \u00e0 la banalisation de la d\u00e9fiance antimusulmane o\u00f9 des tar\u00e9s peuvent \u00e9ventuellement justifier, selon la CNCDH, leurs profanations en tout genre.<\/p>\n<p>Et certes\u00a0: elle s\u2019est, le plus souvent \u2013 mais pas toujours \u2013, montr\u00e9e plus cauteleuse que la droite.<\/p>\n<p>Plut\u00f4t que d\u2019\u00e9noncer trop directement que les musulman(e)s en tant que tel(le)s l\u2019incommodaient, elle a proclam\u00e9 que l\u2019islam devait \u00eatre plac\u00e9 sous surveillance, car ses fid\u00e8les \u00e9taient, selon elle, ontologiquement suspect(e)s de fomenter des attentats au vivre ensemble.<\/p>\n<p>La \u00abgauche\u00bb ne dit jamais qu\u2019elle se sent un peu slimanophobe: c\u2019est pas dans sa culture, elle ne mange pas de ce pain rassis, elle laisse ces ind\u00e9licatesses aux supporteurs de MM. Pen, p\u00e8re <em>und<\/em> fille.<\/p>\n<p>La \u00abgauche\u00bb souligne plut\u00f4t qu\u2019elle aime beaucoup Slimane (et qu\u2019elle a d\u2019ailleurs pass\u00e9 plus d\u2019une fois de formidables vacances au Maroc), mais qu\u2019elle souhaite tout de m\u00eame s\u2019assurer qu\u2019il a pour de bon renonc\u00e9 \u00e0 la fr\u00e9quentation de son cousin Ahmed, car ce gar\u00e7on professe une orthodoxie religieuse qui n\u2019est pas sans rappeler parfois les pr\u00eaches de salafistes dont les liens avec les Talibans sont un secret de Polichinelle: c\u2019est pourquoi la \u00abgauche\u00bb se sent fond\u00e9e, durant m\u00eame qu\u2019elle assure Slimane de la sinc\u00e9rit\u00e9 de ses sentiments les meilleurs, \u00e0 lui demander quand m\u00eame (et par l\u2019entremise, le plus souvent, de l\u2019appliqu\u00e9 M. Valls) certaines garanties, du style, Slimane, est-ce que tu peux nous jurer, les yeux dans les yeux, \u00e0 la Cahuzac, que jamais tu n\u2019as s\u00e9journ\u00e9 dans les environs de Peshawar?<\/p>\n<p>Mais surtout, et nonobstant l\u2019estime progressiste qu\u2019elle a pour lui: la \u00abgauche\u00bb ne peut tout simplement pas blairer \u2013 c\u2019est visc\u00e9ral \u2013 la femme de Slimane<\/p>\n<p>Car en effet: Fatima \u2013 c\u2019est son pr\u00e9nom \u2013 porte un foulard.<\/p>\n<p>Et \u00e7a, pour la \u00abgauche\u00bb: \u00e7a va juste pas \u00eatre possible, Fatima.<\/p>\n<p>(Ou alors: chez toi.<\/p>\n<p>Mais nulle part ailleurs, parce que si les petits nenfants de la \u00abgauche\u00bb te voient ainsi attif\u00e9e dans des lieux publics: \u00e7a va leur traumatiser la la\u00efcit\u00e9 \u2013 qui est comme tu sais une reconnaissance \u00e9gale des droits de l\u2019ensemble des Fran\u00e7ai(se)s qui n\u2019ont pas le mauvais go\u00fbt de v\u00e9n\u00e9rer un Arabe \u00e0 beubar.<\/p>\n<p>Puis bon, Fatima.<\/p>\n<p>Entre nous.<\/p>\n<p>Est-ce qu\u2019\u00c9lisabeth Badinter n\u2019a pas un peu raison, quand elle sugg\u00e8re qu\u2019avec ce fichu que tu pr\u00e9tends porter jusque dans nos cr\u00e8ches tu es quelque chose comme le ver islamiste dans le fruit de nos entrailles?)<\/p>\n<p>Par cons\u00e9quent, la \u00abgauche\u00bb, depuis bien plus d\u2019ann\u00e9es que nous n\u2019en pourrions compter sur les doigts de nos deux mains (nonobstant que nous n\u2019avons pas eu la t\u00e9m\u00e9rit\u00e9 d\u2019essayer de gravir l\u2019Annapurna <em>circa <\/em>1950), n\u2019en finit jamais de restreindre l\u2019espace des libert\u00e9s qu\u2019elle veut bien consentir aux musulmanes \u2013 \u00e7\u2019a commenc\u00e9 dans un coll\u00e8ge, \u00e7\u2019a continu\u00e9 partout dans la fonction publique, et \u00e7a devrait bient\u00f4t se poursuivre, \u00e0 en croire M. D\u00e9sir et ses potes du gouvernement, dans de nouvelles interdictions l\u00e9gislatives: encore quelques ann\u00e9es de ce \u00absocialisme\u00bb \u00e9mancipateur, et les mahom\u00e9tanes seront enfin cantonn\u00e9es dans leurs cuisines, et libres \u00e0 elles d\u2019y psalmodier les versets qu\u2019elles voudront, qui serions-nous, pour en juger?<\/p>\n<p>Et si nous adoptons le point de vue de la CNCDH selon lequel la stigmatisation des <em>muslims<\/em> n\u2019est pas sans effets sur les d\u00e9c\u00e9r\u00e9br\u00e9s qui trouvent leur plaisir dans la commission d\u2019<em>\u00abactes antimusulmans\u00bb<\/em>: nous pouvons envisager de consid\u00e9rer qu\u2019il y a un lien de cause \u00e0 effet entre cet acharnement que la \u00abgauche\u00bb met dans son harassement des musulmanes voil\u00e9es et les agressions <em>\u00abmusulmanophobes\u00bb<\/em> dont plusieurs d\u2019entre elles ont r\u00e9cemment \u00e9t\u00e9 victimes, et qui scandalisent tant Caroline Fourest.<\/p>\n<p>Et c\u2019est l\u00e0 que\u00a0\u00e7a devient vraiment int\u00e9ressant, parce que, question: qui a \u00e9t\u00e9 de tous ces combats (pour les valeurs) de la \u00abgauche\u00bb antifoulard?<\/p>\n<p>Caroline Fourest.<\/p>\n<p>Qui a \u00e9t\u00e9 \u00e0 l\u2019avant-garde de chaque nouvelle p\u00e9tition \u2013 de fait ou de principe \u2013 pour la limitation des droits des musulmanes voil\u00e9es, genre, attention, si on les laisse nager seules dans une piscine, elles vont nous bouffer le la\u00efcisme?<\/p>\n<p>Caroline Fourest.<\/p>\n<p>Qui a \u00e9t\u00e9 de toutes les coteries o\u00f9 s\u2019\u00e9non\u00e7ait le cas \u00e9chant qu\u2019une mahom\u00e9tane coiff\u00e9e d\u2019un foulard \u00e9tait forc\u00e9ment <em>\u00abislamiste\u00bb<\/em> \u2013 avec toute la charge que porte ce mot depuis que des intellectuels de gros niveau ont d\u00e9cid\u00e9 que nous \u00e9tions en guerre des civilisations?<\/p>\n<p>Caroline Fourest.<\/p>\n<p>Qui a scand\u00e9 que celles et ceux qui pr\u00e9tendaient voir de l\u2019islamophobie dans cette stigmatisation maniaque des musulman(e)s \u00e9taient dans le meilleur des cas des idiots utiles de\u00a0l\u2019obscurantisme \u2013 ou du djihadisme?<\/p>\n<p>Caroline Fourest.<\/p>\n<p>Mais fichtre\u00a0: est-ce bien la m\u00eame, qu\u2019\u00e9meut tant l\u2019agression d\u2019une de ces femmes voil\u00e9es dont elle a si obsessionnellement contribu\u00e9 \u00e0\u00a0noircir les croyances?<\/p>\n<p>La m\u00eame, en effet.<\/p>\n<p>Boutefeue entre dans la grange o\u00f9 gr\u00e9sillent sous un soleil de plomb les foins de la derni\u00e8re r\u00e9colte.<\/p>\n<p>Boutefeue gratte une allumette, qui embrase tout le truc.<\/p>\n<p>Arrive Nazeau, qui rajoute au brasier quelques bidons de fuel: Boutefeue se r\u00e9crie, scandalis\u00e9e soudain par tant de foinophobie.<\/p>\n<p>Boutefeue est-elle sinc\u00e8re, dans cette offuscation?<\/p>\n<p>Ou si des fois elle chercherait \u00e0 d\u00e9tourner les soup\u00e7ons des enqu\u00eateurs de sa propre responsabilit\u00e9 dans le d\u00e9part de l\u2019incendie \u2013 genre elle se foutrait quelque peu de la gueule du monde?<\/p>\n<p>Je te laisse profiter que tu disposes de plus de 140 signes pour peaufiner ta r\u00e9ponse (1).<\/p>\n<p>(1) Caroline Fourest \u2013 dont la conscience professionnelle est d\u00e9cid\u00e9ment admirable \u2013 suit de pr\u00e8s l\u2019affaire qui l\u2019a, dans un premier temps, si fort \u00e9mue:<\/p>\n<p><img decoding=\"async\" alt=\"\" src=\"http:\/\/www.bakchich.info\/sites\/bakchich.info\/files\/u344\/cliche_2013-06-15_11-15-56.jpg\" \/><\/p>\n<p><a href=\"http:\/\/www.bakchich.info\/blogs\/sebastien-fontenelle\/caroline-fourest-contre-les-musulmanophobes\">Source<\/a><\/p>\n<\/div>\n","protected":false},"excerpt":{"rendered":"<p>Par S\u00e9bastien Fontenelle Samedi, 15. Juin 2013 Caroline Fourest n\u2019est pas du tout contente, apr\u00e8s qu\u2019une jeune femme voil\u00e9e a \u2013 encore \u2013 \u00e9t\u00e9 agress\u00e9e dans Argenteuil. Caroline Fourest fait donc un tweet pour d\u00e9noncer les auteurs \u00abmusulmanophobes\u00bb de cette agression. Mais elle limite son commentaire \u00e0 cette manifestation de son \u00e9motion, car elle ne &#8230; <a title=\"Caroline Fourest Contre Les \u00abMusulmanophobes\u00bb\" class=\"read-more\" href=\"https:\/\/bruxelles-pantheres.be\/?p=269\" aria-label=\"En savoir plus sur Caroline Fourest Contre Les \u00abMusulmanophobes\u00bb\">Lire la suite<\/a><\/p>\n","protected":false},"author":1,"featured_media":247,"comment_status":"open","ping_status":"open","sticky":false,"template":"","format":"standard","meta":{"footnotes":""},"categories":[4,28],"tags":[],"class_list":["post-269","post","type-post","status-publish","format-standard","has-post-thumbnail","hentry","category-islamophobie","category-racismes"],"_links":{"self":[{"href":"https:\/\/bruxelles-pantheres.be\/index.php?rest_route=\/wp\/v2\/posts\/269","targetHints":{"allow":["GET"]}}],"collection":[{"href":"https:\/\/bruxelles-pantheres.be\/index.php?rest_route=\/wp\/v2\/posts"}],"about":[{"href":"https:\/\/bruxelles-pantheres.be\/index.php?rest_route=\/wp\/v2\/types\/post"}],"author":[{"embeddable":true,"href":"https:\/\/bruxelles-pantheres.be\/index.php?rest_route=\/wp\/v2\/users\/1"}],"replies":[{"embeddable":true,"href":"https:\/\/bruxelles-pantheres.be\/index.php?rest_route=%2Fwp%2Fv2%2Fcomments&post=269"}],"version-history":[{"count":1,"href":"https:\/\/bruxelles-pantheres.be\/index.php?rest_route=\/wp\/v2\/posts\/269\/revisions"}],"predecessor-version":[{"id":270,"href":"https:\/\/bruxelles-pantheres.be\/index.php?rest_route=\/wp\/v2\/posts\/269\/revisions\/270"}],"wp:featuredmedia":[{"embeddable":true,"href":"https:\/\/bruxelles-pantheres.be\/index.php?rest_route=\/wp\/v2\/media\/247"}],"wp:attachment":[{"href":"https:\/\/bruxelles-pantheres.be\/index.php?rest_route=%2Fwp%2Fv2%2Fmedia&parent=269"}],"wp:term":[{"taxonomy":"category","embeddable":true,"href":"https:\/\/bruxelles-pantheres.be\/index.php?rest_route=%2Fwp%2Fv2%2Fcategories&post=269"},{"taxonomy":"post_tag","embeddable":true,"href":"https:\/\/bruxelles-pantheres.be\/index.php?rest_route=%2Fwp%2Fv2%2Ftags&post=269"}],"curies":[{"name":"wp","href":"https:\/\/api.w.org\/{rel}","templated":true}]}}