{"id":2694,"date":"2016-01-04T18:16:07","date_gmt":"2016-01-04T17:16:07","guid":{"rendered":"https:\/\/bruxelles-pantheres.be\/?p=2694"},"modified":"2016-01-22T14:30:43","modified_gmt":"2016-01-22T13:30:43","slug":"stop-a-letat-de-guerre-en-belgique-comme-a-letranger","status":"publish","type":"post","link":"https:\/\/bruxelles-pantheres.be\/?p=2694","title":{"rendered":"Stop \u00e0 l\u2019\u00e9tat de guerre, en Belgique comme \u00e0 l\u2019\u00e9tranger !"},"content":{"rendered":"<blockquote>\n<div data-canvas-width=\"800.86\"><em>Le texte de plateforme ci-joint constitue la base politique sur laquelle nous voulons, et nous vous invitons \u00e0, nous rassembler. Notre objectif est double. D&rsquo;une part pouvoir se rassembler et se communiquer les initiatives de chacun, se soutenir et s&rsquo;entraider la o\u00f9 s&rsquo;est possible et\/ou n\u00e9cessaire.<\/em><\/div>\n<div data-canvas-width=\"777.4\"><em>D&rsquo;autre part, construire une puissance collective ou les initiatives de chacun nourrisent le rapport de force g\u00e9n\u00e9ral dans la soci\u00e9t\u00e9. A cette fin nous vous annon\u00e7ons d\u00e9ja la tenue d&rsquo;un meeting le dimanche 14 f\u00e9vrier et notre volont\u00e9 d&rsquo;aller vers un moment revendicatif fort au printemps 2016.<\/em><\/div>\n<div data-canvas-width=\"440.7000000000001\"><em>Nous esp\u00e9rons que vous vous joindrez \u00e0 cette initiative en signant le texte d&rsquo;appel ci-joint mais aussi en joignant vos forces \u00e0 la dynamique collective.<\/em><\/div>\n<div data-canvas-width=\"440.7000000000001\"><em>E-mail : stopetatdeguerre@riseup.net<\/em><\/div>\n<\/blockquote>\n<div style=\"text-align: center;\" data-canvas-width=\"440.7000000000001\"><a href=\"https:\/\/bruxelles-pantheres.be\/wp-content\/uploads\/2013\/11\/544644_595560433787773_1072534057_n.jpg\" rel=\"attachment wp-att-597\"><img decoding=\"async\" class=\"alignnone size-full wp-image-597\" src=\"https:\/\/bruxelles-pantheres.be\/wp-content\/uploads\/2013\/11\/544644_595560433787773_1072534057_n.jpg\" alt=\"544644_595560433787773_1072534057_n\" width=\"800\" height=\"576\" srcset=\"https:\/\/bruxelles-pantheres.be\/wp-content\/uploads\/2013\/11\/544644_595560433787773_1072534057_n.jpg 800w, https:\/\/bruxelles-pantheres.be\/wp-content\/uploads\/2013\/11\/544644_595560433787773_1072534057_n-300x216.jpg 300w, https:\/\/bruxelles-pantheres.be\/wp-content\/uploads\/2013\/11\/544644_595560433787773_1072534057_n-768x553.jpg 768w\" sizes=\"(max-width: 800px) 100vw, 800px\" \/><\/a><\/div>\n<p><strong>Stop \u00e0 l\u2019\u00e9tat de guerre, en Belgique comme \u00e0 l\u2019\u00e9tranger !<\/strong><\/p>\n<p>Suite \u00e0 l&rsquo;indignation suscit\u00e9e par l&rsquo;horreur des attentats de Paris du 13 novembre dernier, nous nous devons de prendre position face \u00e0 la surench\u00e8re s\u00e9curitaire et guerri\u00e8re dans laquelle le gouvernement belge est engag\u00e9, appliquant inlassablement la logique qui guide les Etats occidentaux depuis le 11 septembre 2001 et qui nous a men\u00e9s \u00e0 la situation actuelle.<\/p>\n<p>D\u2019une part, les guerres men\u00e9es au Moyen-Orient et en Afrique, provoquent des milliers de morts au nom de la \u00ab d\u00e9mocratie \u00bb et de la \u00ab lutte contre le terrorisme \u00bb. Le chaos international actuel en est le seul r\u00e9sultat tangible.<\/p>\n<p>D&rsquo;autre part, nos libert\u00e9s et nos droits subissent de graves restrictions, discours s\u00e9curitaires et racistes \u00e0 l\u2019appui. Au nom de la d\u00e9fense du \u00ab front int\u00e9rieur \u00bb, on ronge tous les jours un peu plus la \u00ab d\u00e9mocratie \u00bb.<\/p>\n<p><strong>Une guerre ext\u00e9rieure<\/strong><\/p>\n<p>Les guerres en Afghanistan, en Irak, en Libye, au Mali et plus r\u00e9cemment en Syrie, dans lesquelles nos gouvernements nous entrainent n\u2019ont pas mis fin au \u00ab terrorisme \u00bb, bien au contraire. Il est clair qu&rsquo;elles servent d&rsquo;autres buts comme l&rsquo;exemple irakien l&rsquo;a bien montr\u00e9.<\/p>\n<p>Le juteux commerce des armes, parmi d&rsquo;autres, illustre bien que les discours sur la d\u00e9mocratie et la lutte contre le terrorisme cachent d&rsquo;autres int\u00e9r\u00eats. Au-del\u00e0 des profits directs, le soutien de nos gouvernements \u00e0 des r\u00e9gimes qui apportent une aide financi\u00e8re et logistique au terrorisme montre comment les int\u00e9r\u00eats g\u00e9opolitiques et commerciaux sont au centre de la logique de mort que nos ventes d&rsquo;armes et notre soif permanente de p\u00e9trole et\/ou de minerais \u00e0 bon prix nourrissent en permanence.<\/p>\n<p>La solution ne viendra pas de l\u2019imp\u00e9rialisme mais des peuples de la r\u00e9gion en lutte contre Daesh et contre tous les totalitarismes. Si nos gouvernements se refusent \u00e0 soutenir ces r\u00e9sistances nous affirmons pour notre part notre soutien \u00e0 leurs revendications.<\/p>\n<p><strong>Une guerre int\u00e9rieure<\/strong><\/p>\n<p>La lutte contre le terrorisme sert aujourd\u2019hui de pr\u00e9texte pour attaquer jour apr\u00e8s jour les libert\u00e9s publiques qu\u2019ils pr\u00e9tendent d\u00e9fendre. Les mesures s\u00e9curitaires mettent en danger les libert\u00e9s publiques sans pour autant garantir la s\u00e9curit\u00e9 des populations.<\/p>\n<p>Au nom de la s\u00e9curit\u00e9, les mesures \u00ab anti-terroristes \u00bb permettent l&rsquo;invasion de la vie priv\u00e9e de toute la population : mise sur \u00e9coute, cam\u00e9ras de s\u00e9curit\u00e9, tra\u00e7age des d\u00e9placements, etc.<\/p>\n<p>Au nom de la protection du citoyen, l&rsquo;Etat se donne plus de pouvoirs et d&rsquo;armes, alors que les droits d\u00e9mocratiques sont de plus en plus limit\u00e9s : garde \u00e0 vue de 72 heures, fusils automatiques, militaires dans les rues, etc.<\/p>\n<p>De l&rsquo;interdiction de rassemblements ou de conf\u00e9rences \u00e0 l&rsquo;interdiction des manifestations pour le climat en passant par la volont\u00e9 de limiter le droit de gr\u00e8ve : la politique de s\u00e9curit\u00e9 sert \u00e0 \u00e9touffer toute contestation. Des centaines de millions en moins pour l&rsquo;\u00e9ducation et la sant\u00e9 vont directement \u00e0 la guerre et \u00e0 la politique s\u00e9curitaire. Cette politique de destruction de la solidarit\u00e9 collective et du droit d\u2019expression d\u00e9mocratique alimente la pr\u00e9carit\u00e9, l&rsquo;exclusion et les dynamiques de division dans la soci\u00e9t\u00e9, autrement dit les causes profondes de ce qu&rsquo;on appelle le \u00ab radicalisme \u00bb et le \u00ab terrorisme \u00bb.<\/p>\n<p><strong>Racisme d\u2019\u00c9tat<br \/>\n<\/strong><\/p>\n<p>Le racisme, les contr\u00f4les au faci\u00e8s et les violences polici\u00e8res sont une r\u00e9alit\u00e9 quotidienne dans les quartiers populaires, tout particuli\u00e8rement pour les belges racis\u00e9.e.s et les migrant.e.s. Pour justifier cette violence permanente, les discours toujours plus islamophobes et racistes, des m\u00e9dias et des politiques, construisent depuis des ann\u00e9es l&rsquo;image de \u00ab l&rsquo;ennemi int\u00e9rieur \u00bb que seraient les musulman.e.s et les migrants. A chaque \u00e9tape, ils approfondissent donc les divisions et la banalisation de la haine.<\/p>\n<p>La lutte contre le terrorisme sert de pr\u00e9texte pour intensifier la pr\u00e9sence et la r\u00e9pression polici\u00e8re dans les quartiers. Perquisitions, contr\u00f4les d\u2019identit\u00e9, arrestations arbitraires, etc. Le renforcement de l\u2019\u00e9tat d\u2019alerte a permis \u00e0 l\u2019Etat d\u2019intensifier l\u2019islamophobie vis-\u00e0-vis des musulman.e.s et l\u2019exclusion des migrant.e.s.<\/p>\n<p>Les cons\u00e9quences politiques des attentats se font d\u00e9j\u00e0 clairement ressentir<\/p>\n<p>Les mesures s\u00e9curitaires ont un co\u00fbt, 400 millions d\u2019euros suppl\u00e9mentaires pour renforcer la s\u00e9curit\u00e9 \u00ab civile \u00bb et encore 18 millions de plus pour les militaires. Facture qui augmente lorsque l\u2019on rajoute les 14 millions par mois que co\u00fbtent les 6 avions de guerre belges en Irak.<\/p>\n<p>Alors que le budget pour le s\u00e9curitaire et la guerre augmente sans cesse, le gouvernement continue pourtant de pr\u00e9tendre qu\u2019il n\u2019y a plus d\u2019argent pour les politiques sociales (assurance-ch\u00f4mage, sant\u00e9, emploi, services publics, etc.). L\u2019\u00e9tat s\u00e9curitaire est abondamment financ\u00e9 pendant que les gouvernements successifs d\u00e9tricotent l\u2019Etat social. Alors que l\u2019ins\u00e9curit\u00e9 sociale est la premi\u00e8re source d\u2019ins\u00e9curit\u00e9 pour la majorit\u00e9 des citoyen.ne.s de ce pays, le gouvernement n\u2019entend pas lutter contre la pr\u00e9carit\u00e9, la pauvret\u00e9 et l\u2019exclusion<\/p>\n<p>On n\u2019am\u00e8ne pas la paix \u00e0 coups de bombardement depuis la mer ou le ciel. On ne d\u00e9fend pas la libert\u00e9 avec des lois qui la d\u00e9truisent. On ne combat pas la pr\u00e9carit\u00e9 et l\u2019exclusion avec des discours racistes. On ne nourrit pas la d\u00e9mocratie en rempla\u00e7ant les \u00e9coles et les soins de sant\u00e9, par des policier.e .s en armes dans les rues.<\/p>\n<p>Le gouvernement utilise la peur du terrorisme pour faire accepter \u00e0 la population les pires mesures s\u00e9curitaires et ainsi rogner les libert\u00e9s de toutes et tous. L\u2019\u00e9tat d\u2019alerte permet au gouvernement de se redonner une consistance politique alors qu\u2019il est contest\u00e9 depuis des mois pour ses politiques antisociales. Ne les laissons pas museler les mobilisations sociales !<\/p>\n<p><strong>Revendications :<\/strong><br \/>\n\uf02d Face aux discours racistes, aux punitions collectives et \u00e0 tous ceux qui tentent de nous diviser : solidarit\u00e9 avec les quartiers populaires, les belges racis\u00e9.e.s, les migrant.e.s. et les sans-papiers.<br \/>\n\uf02d Face aux d\u00e9cisions liberticides : Stop aux politiques s\u00e9curitaires et aux lois antiterroristes. Stop \u00e0 la criminalisation des mouvements sociaux.<br \/>\n\uf02d Pour notre droit \u00e0 tous partout de vivre en paix, stop aux guerres imp\u00e9rialistes de notre gouvernement qui nourrissent la spirale de la violence.<br \/>\n\uf02d Nous luttons pour que la richesse serve le bien-\u00eatre de la population, pas la r\u00e9pression et la guerre.<\/p>\n<p>Premiers signataires de la plateforme :<\/p>\n<p>&#8211; Agir pour la Paix<br \/>\n&#8211; Antifascisti Bruxelles<br \/>\n&#8211; Bruxelles Panth\u00e8res<span class=\"text_exposed_show\"><br \/>\n&#8211; CADTM<br \/>\n&#8211; Campagne Stop R\u00e9pression<br \/>\n&#8211; COEC Cellule d&rsquo;Observation et d&rsquo;Ecoute Citoyenne<br \/>\n&#8211; Collectif Alternative Libertaire Bruxelles<br \/>\n&#8211; Comit\u00e9 des Parents contre les violences polici\u00e8res \u00e0 Molenbeek<br \/>\n&#8211; Comit\u00e9 Free Ali<br \/>\n&#8211; ESG asbl<br \/>\n&#8211; F\u00e9d\u00e9ration des R\u00e9sistances<br \/>\n&#8211; Initiative Solidarite (Initiative de Solidarit\u00e9 avec la Gr\u00e8ce qui R\u00e9siste)<br \/>\n&#8211; Jeunes anticapitalistes (JAC)<br \/>\n&#8211; Jeunesses Libertaires Belgique<br \/>\n&#8211; JOC Bruxelles<br \/>\n&#8211; LCR \/ SAP<br \/>\n&#8211; Ligue Communiste des Travailleurs &#8211; Communistische Werkersbond<br \/>\n&#8211; Mouvement Citoyen Palestine<br \/>\n&#8211; Riposte Cte<\/span><span class=\"text_exposed_show\"><br \/>\n<\/span><\/p>\n","protected":false},"excerpt":{"rendered":"<p>Le texte de plateforme ci-joint constitue la base politique sur laquelle nous voulons, et nous vous invitons \u00e0, nous rassembler. Notre objectif est double. D&rsquo;une part pouvoir se rassembler et se communiquer les initiatives de chacun, se soutenir et s&rsquo;entraider la o\u00f9 s&rsquo;est possible et\/ou n\u00e9cessaire. D&rsquo;autre part, construire une puissance collective ou les initiatives &#8230; <a title=\"Stop \u00e0 l\u2019\u00e9tat de guerre, en Belgique comme \u00e0 l\u2019\u00e9tranger !\" class=\"read-more\" href=\"https:\/\/bruxelles-pantheres.be\/?p=2694\" aria-label=\"En savoir plus sur Stop \u00e0 l\u2019\u00e9tat de guerre, en Belgique comme \u00e0 l\u2019\u00e9tranger !\">Lire la suite<\/a><\/p>\n","protected":false},"author":1,"featured_media":66,"comment_status":"open","ping_status":"open","sticky":false,"template":"","format":"standard","meta":{"footnotes":""},"categories":[21,24,36,4,18,28,39,5],"tags":[31,14,38,15],"class_list":["post-2694","post","type-post","status-publish","format-standard","has-post-thumbnail","hentry","category-anti-imperialisme","category-belgique-maroc","category-europe","category-islamophobie","category-resistance-bruxelles","category-racismes","category-sans-papier","category-violence-policiere","tag-belgique","tag-bruxelles","tag-guerre","tag-resistance"],"_links":{"self":[{"href":"https:\/\/bruxelles-pantheres.be\/index.php?rest_route=\/wp\/v2\/posts\/2694","targetHints":{"allow":["GET"]}}],"collection":[{"href":"https:\/\/bruxelles-pantheres.be\/index.php?rest_route=\/wp\/v2\/posts"}],"about":[{"href":"https:\/\/bruxelles-pantheres.be\/index.php?rest_route=\/wp\/v2\/types\/post"}],"author":[{"embeddable":true,"href":"https:\/\/bruxelles-pantheres.be\/index.php?rest_route=\/wp\/v2\/users\/1"}],"replies":[{"embeddable":true,"href":"https:\/\/bruxelles-pantheres.be\/index.php?rest_route=%2Fwp%2Fv2%2Fcomments&post=2694"}],"version-history":[{"count":5,"href":"https:\/\/bruxelles-pantheres.be\/index.php?rest_route=\/wp\/v2\/posts\/2694\/revisions"}],"predecessor-version":[{"id":2704,"href":"https:\/\/bruxelles-pantheres.be\/index.php?rest_route=\/wp\/v2\/posts\/2694\/revisions\/2704"}],"wp:featuredmedia":[{"embeddable":true,"href":"https:\/\/bruxelles-pantheres.be\/index.php?rest_route=\/wp\/v2\/media\/66"}],"wp:attachment":[{"href":"https:\/\/bruxelles-pantheres.be\/index.php?rest_route=%2Fwp%2Fv2%2Fmedia&parent=2694"}],"wp:term":[{"taxonomy":"category","embeddable":true,"href":"https:\/\/bruxelles-pantheres.be\/index.php?rest_route=%2Fwp%2Fv2%2Fcategories&post=2694"},{"taxonomy":"post_tag","embeddable":true,"href":"https:\/\/bruxelles-pantheres.be\/index.php?rest_route=%2Fwp%2Fv2%2Ftags&post=2694"}],"curies":[{"name":"wp","href":"https:\/\/api.w.org\/{rel}","templated":true}]}}