{"id":27,"date":"2008-05-09T01:13:34","date_gmt":"2008-05-09T00:13:34","guid":{"rendered":"https:\/\/bruxelles-pantheres.be\/?p=27"},"modified":"2013-11-09T22:51:54","modified_gmt":"2013-11-09T21:51:54","slug":"une-jeunesse-privee-de-modeles-le-dialogue-necessaire","status":"publish","type":"post","link":"https:\/\/bruxelles-pantheres.be\/?p=27","title":{"rendered":"Une jeunesse priv\u00e9e de mod\u00e8les : Le dialogue n\u00e9cessaire"},"content":{"rendered":"<p><a href=\"http:\/\/lukvervaet.blogspot.com\/2008\/05\/une-jeunesse-prive-de-modles-le.html\">Une jeunesse priv\u00e9e de mod\u00e8les : Le dialogue n\u00e9cessaire<small title=\"Permanent Link to Une jeunesse priv\u00e9e de mod\u00e8les : Le dialogue n\u00e9cessaire\">\u00a0<\/small><\/a><\/p>\n<h3><small title=\"Permanent Link to Une jeunesse priv\u00e9e de mod\u00e8les : Le dialogue n\u00e9cessaire\">8 mai 2008<br \/>\n<\/small><\/h3>\n<p>&nbsp;<\/p>\n<div id=\"post-body-6369946644558838586\"><a href=\"http:\/\/bp0.blogger.com\/_XJbH0XrE-9g\/SCLNl07NoQI\/AAAAAAAAACA\/bFkLB4IWqxw\/s1600-h\/bpp.jpg\"><img decoding=\"async\" class=\"alignright\" id=\"BLOGGER_PHOTO_ID_5197942969684828418\" alt=\"\" src=\"http:\/\/bp0.blogger.com\/_XJbH0XrE-9g\/SCLNl07NoQI\/AAAAAAAAACA\/bFkLB4IWqxw\/s320\/bpp.jpg\" border=\"0\" \/><\/a><\/div>\n<div>Le 7, 8 et 9 novembre 1997 des incidents violents \u00e9clataient entre des jeunes et la police dans le quartier populaire de Cureghem \u00e0 Anderlecht, apr\u00e8s que des gendarmes y avaient abattu en pleine rue un jeune, suspect de trafic de drogues.<br \/>\nOnze ans apr\u00e8s et quelques gouvernements plus tard, malgr\u00e9 tous les contrats de s\u00e9curit\u00e9 et les promesses r\u00e9p\u00e9t\u00e9es \u00ab\u00a0d\u2019une meilleure int\u00e9gration des jeunes immigr\u00e9s\u00a0\u00bb, il semble que peu a chang\u00e9. <!--more-->Les semaines pass\u00e9es, l\u2019agression \u00e0 Anderlecht de quelques bus de la compagnie De Lijn et des tirs avec une carabine \u00e0 air contre deux voitures de police \u00e0 Anderlecht, a suscit\u00e9 de vives \u00e9motions.<br \/>\nPlus que les incidents m\u00eames, la lib\u00e9ration par le parquet bruxellois des trois jeunes, arr\u00eat\u00e9s \u00e0 la suite de l\u2019incident de tir et qui avaient pass\u00e9 une nuit en cellule, a provoqu\u00e9 l\u2019indignation. Protestations du syndicat de la police, d\u00e9bats t\u00e9l\u00e9vis\u00e9s et \u00e9ditoriaux dans les journaux sur \u00ab les rois de la rue \u00bb\u2026 Et dans la commission justice de la chambre, le socialiste Landuyt (SP-a), le d\u00e9mocrate-chr\u00e9tien Doomst (CD&amp;V) et Laeremans pour l\u2019extr\u00eame droite flamande s\u2019en sont pris au ministre de la Justice, Jo Vandeurzen.<br \/>\nQue le juge d\u2019instruction a jug\u00e9 que les jeunes n\u2019avaient pas \u00e9t\u00e9 impliqu\u00e9s dans la fusillade, qu\u2019ils n\u2019avaient pas de casier judiciaire, qu\u2019ils avaient \u00ab une situation sociale stable et travaillaient ou allaient \u00e0 l\u2019\u00e9cole \u00bb, qu\u2019ils ne pouvaient \u00eatre accus\u00e9s que de r\u00e9bellion et qu\u2019ils ne pouvaient donc pas \u00eatre arr\u00eat\u00e9s, n\u2019a rien fait \u00e0 l\u2019affaire. Laeremans a exig\u00e9 \u00ab le grand nettoyage \u00e0 Anderlecht \u00bb et demand\u00e9 \u00ab une proc\u00e9dure de sanction contre le magistrat qui avait ordonn\u00e9 la lib\u00e9ration des trois jeunes \u00bb. Doomst a d\u00e9clar\u00e9 que \u00ab les jeunes d\u00e9linquants ont \u00e9t\u00e9 lib\u00e9r\u00e9s trop vite \u00bb. Landuyt a affirm\u00e9 qu\u2019Anderlecht \u00e9tait \u00ab une t\u00e2che noire criminelle \u00bb et s\u2018est attaqu\u00e9 aux procureurs qui \u00ab par moments sont les meilleurs avocats des criminels de rue, parce qu\u2019ils sont plus soucieux d\u2019une virgule dans un texte de loi que d\u2019une attitude op\u00e9rationnelle \u00bb.<br \/>\nA tout le moins un d\u00e9veloppement inqui\u00e9tant sur le plan de la s\u00e9paration des pouvoirs !<br \/>\nQuant au contenu, le seul rem\u00e8de pour tout probl\u00e8me faisant surface est univoque et invariable : \u00ab arr\u00eater et enfermer \u00bb. Certains t\u00e9moignent cependant d\u2019une pr\u00e9occupation sociale et plaident pour une politique pr\u00e9ventive globale, avec le travail social, les travailleurs de rue, les \u00e9coles\u2026 Seulement, les jeunes savent tr\u00e8s bien que ces initiatives cadrent toutes dans une m\u00eame logique r\u00e9pressive et n\u2019ont pas d\u2019autre objectif que d\u2019assurer la s\u00e9curit\u00e9 et la tranquillit\u00e9.<br \/>\nForce est de constater que le clivage et l\u2019incompr\u00e9hension entre la communaut\u00e9 d\u2019origine immigr\u00e9e et \u00ab nous \u00bb devient de plus en plus grand. Trois ministres belges vont expliquer au Congo comment les choses devraient se passer, des avions et des troupes sont envoy\u00e9s en Afghanistan pour y imposer la d\u00e9mocratie, on exige du gouvernement chinois d\u2019entamer des n\u00e9gociations avec les rebelles tib\u00e9tains, mais nous ne sommes pas capables de formuler une solution positive pour les minorit\u00e9s dans notre propre pays et d\u2019y organiser un vrai dialogue. Un des \u00e9l\u00e9ments pour expliquer cette impasse est qu\u2019on d\u00e9nie aux jeunes le droit \u00e0 toute forme d\u2019organisation ind\u00e9pendante et \u00e0 une recherche propre et autonome d\u2019un monde meilleur et plus juste, pire on criminalise ceux qui s\u2019engagent dans cette voir.<br \/>\nDans la mesure o\u00f9 l\u2019on d\u00e9truit syst\u00e9matiquement les mouvements politiques militants, la r\u00e9volte sociale, les r\u00e9actions spontan\u00e9es pour d\u00e9fendre la communaut\u00e9, et qu\u2019on d\u00e9truit du m\u00eame coup des mod\u00e8les potentiellement positifs, on ne fera que contribuer \u00e0 l\u2019augmentation des comportements n\u00e9gatifs ou d\u00e9linquants des jeunes dans les quartiers populaires.<br \/>\nLa campagne de criminalisation et de diabolisation de la Ligue arabe europ\u00e9enne (AEL), et de son porte-parole, Dyab Abou Jahjah, dans les ann\u00e9es 2002-2003, est significative de cette tendance. Des campagnes m\u00e9diatiques, des interpellations au parlement et des d\u00e9clarations gouvernementales exigeant leur interdiction, leur enfermement et des poursuites judiciaires ont pratiquement r\u00e9duit \u00e0 n\u00e9ant cette organisation militante non religieuse. Cinq ans apr\u00e8s les incidents spontan\u00e9s qui ont suivi l\u2019assassinat d\u2019un jeune professeur de religion musulmane \u00e0 Borgerhout, Dyab Abou Jahjah est rappel\u00e9 du Liban pour compara\u00eetre, avec Ahmed A., en appel du jugement du 21 d\u00e9cembre 2007 qui les ont condamn\u00e9s \u00e0 un an de prison ferme et \u00e0 5 000 euros de d\u00e9dommagements.<br \/>\nLe proc\u00e8s passe en appel le 26 mai prochain devant la Cour d\u2019appel d\u2019Anvers.<br \/>\nC\u2019est devant la Cour d\u2019appel de Bruxelles qu\u2019a lieu en ce moment le proc\u00e8s des \u00ab\u00a0volontaires pour l\u2019Irak\u00a0\u00bb. En 2004 et 2005, quelques jeunes des quartiers populaires bruxellois sont partis pour l\u2019Irak afin d\u2019aider militairement la r\u00e9sistance irakienne dans sa lutte contre les occupants am\u00e9ricains. Younes y a perdu sa jambe lors du si\u00e8ge de Fallujah et a \u00e9t\u00e9 condamn\u00e9 par la justice belge \u00e0 cinq ann\u00e9es de prison. Bilal, qui serait l\u2019organisateur de l\u2019envoi des volontaires, a \u00e9cop\u00e9 d\u2019une peine de prison ferme de dix ann\u00e9es et se trouve toujours en cellule. Ni dans le cas de l\u2019AEL, ni dans celui des volontaires pour l\u2019Irak, pas la moindre tentative n\u2019a \u00e9t\u00e9 faite pour \u00e9couter ces jeunes et pour essayer au moins de comprendre leurs motivations.Puisqu\u2019on comm\u00e9more aujourd\u2019hui Mai 68, il peut \u00eatre utile de rappeler ce qui est arriv\u00e9 au Black Panther Party (BPP) \u00e0 la m\u00eame \u00e9poque. Et le lien qui existe r\u00e9ellement avec la d\u00e9linquance dans les quartiers.<\/div>\n<div><a href=\"http:\/\/bp2.blogger.com\/_XJbH0XrE-9g\/SCLOHU7NoRI\/AAAAAAAAACI\/WypusXS1wOI\/s1600-h\/geronimo.jpg\"><img decoding=\"async\" class=\"alignright\" id=\"BLOGGER_PHOTO_ID_5197943545210446098\" alt=\"\" src=\"http:\/\/bp2.blogger.com\/_XJbH0XrE-9g\/SCLOHU7NoRI\/AAAAAAAAACI\/WypusXS1wOI\/s320\/geronimo.jpg\" border=\"0\" \/><\/a>Geronimo Pratt, un dirigeant des Panthers qui a s\u00e9journ\u00e9 27 ans en prison, a d\u00e9clar\u00e9 \u00e0 ce propos : \u00a0\u00bb L\u2019assaut contre la direction du BPP commen\u00e7a \u00e0 la fin des ann\u00e9es 60 et dans le d\u00e9but des ann\u00e9e 70. Pour la g\u00e9n\u00e9ration montante dans les communaut\u00e9s noires et autres, les mod\u00e8les ont commenc\u00e9 \u00e0 changer. A notre place, vinrent les prox\u00e9n\u00e8tes, les trafiquants de drogue, les gangs, la mentalit\u00e9 de gangster\u2026, tout le contraire de la culture progressiste et r\u00e9volutionnaire que nous proposions aux jeunes.<br \/>\nLes autorit\u00e9s savaient que les jeunes des quartiers avaient beaucoup de respect pour nous, parce que nous n\u2019avions jamais trahi, parce que nous avions des principes. Mais le gouvernement a choisi les autres plut\u00f4t que des gens comme nous qui portions les principes de base de la lib\u00e9ration et de l\u2019humanisme. Nous sommes rest\u00e9s en prison parce qu\u2019ils savaient que des gens comme nous irions dans la rue et dirions la v\u00e9rit\u00e9 aux jeunes. Par l\u2019\u00e9limination de mod\u00e8les corrects, en nous laissant moisir dans les prisons, en nous faisant assassiner, on a abandonn\u00e9 les jeunes \u00e0 ce que le gouvernement voulait dans les faits pour eux \u00a0\u00bb (Heike Kleffner, interview with Geronimo Pratt and Mumia Abu-Jamal, Race and Class, 1993).<\/div>\n<p>&nbsp;<\/p>\n<p>Publi\u00e9 par Luk Vervaet<\/p>\n","protected":false},"excerpt":{"rendered":"<p>Une jeunesse priv\u00e9e de mod\u00e8les : Le dialogue n\u00e9cessaire\u00a0 8 mai 2008 &nbsp; Le 7, 8 et 9 novembre 1997 des incidents violents \u00e9clataient entre des jeunes et la police dans le quartier populaire de Cureghem \u00e0 Anderlecht, apr\u00e8s que des gendarmes y avaient abattu en pleine rue un jeune, suspect de trafic de drogues. &#8230; <a title=\"Une jeunesse priv\u00e9e de mod\u00e8les : Le dialogue n\u00e9cessaire\" class=\"read-more\" href=\"https:\/\/bruxelles-pantheres.be\/?p=27\" aria-label=\"En savoir plus sur Une jeunesse priv\u00e9e de mod\u00e8les : Le dialogue n\u00e9cessaire\">Lire la suite<\/a><\/p>\n","protected":false},"author":1,"featured_media":28,"comment_status":"open","ping_status":"open","sticky":false,"template":"","format":"standard","meta":{"footnotes":""},"categories":[5],"tags":[],"class_list":["post-27","post","type-post","status-publish","format-standard","has-post-thumbnail","hentry","category-violence-policiere"],"_links":{"self":[{"href":"https:\/\/bruxelles-pantheres.be\/index.php?rest_route=\/wp\/v2\/posts\/27","targetHints":{"allow":["GET"]}}],"collection":[{"href":"https:\/\/bruxelles-pantheres.be\/index.php?rest_route=\/wp\/v2\/posts"}],"about":[{"href":"https:\/\/bruxelles-pantheres.be\/index.php?rest_route=\/wp\/v2\/types\/post"}],"author":[{"embeddable":true,"href":"https:\/\/bruxelles-pantheres.be\/index.php?rest_route=\/wp\/v2\/users\/1"}],"replies":[{"embeddable":true,"href":"https:\/\/bruxelles-pantheres.be\/index.php?rest_route=%2Fwp%2Fv2%2Fcomments&post=27"}],"version-history":[{"count":3,"href":"https:\/\/bruxelles-pantheres.be\/index.php?rest_route=\/wp\/v2\/posts\/27\/revisions"}],"predecessor-version":[{"id":157,"href":"https:\/\/bruxelles-pantheres.be\/index.php?rest_route=\/wp\/v2\/posts\/27\/revisions\/157"}],"wp:featuredmedia":[{"embeddable":true,"href":"https:\/\/bruxelles-pantheres.be\/index.php?rest_route=\/wp\/v2\/media\/28"}],"wp:attachment":[{"href":"https:\/\/bruxelles-pantheres.be\/index.php?rest_route=%2Fwp%2Fv2%2Fmedia&parent=27"}],"wp:term":[{"taxonomy":"category","embeddable":true,"href":"https:\/\/bruxelles-pantheres.be\/index.php?rest_route=%2Fwp%2Fv2%2Fcategories&post=27"},{"taxonomy":"post_tag","embeddable":true,"href":"https:\/\/bruxelles-pantheres.be\/index.php?rest_route=%2Fwp%2Fv2%2Ftags&post=27"}],"curies":[{"name":"wp","href":"https:\/\/api.w.org\/{rel}","templated":true}]}}