{"id":2709,"date":"2016-01-22T14:55:59","date_gmt":"2016-01-22T13:55:59","guid":{"rendered":"https:\/\/bruxelles-pantheres.be\/?p=2709"},"modified":"2016-01-22T14:55:59","modified_gmt":"2016-01-22T13:55:59","slug":"etre-de-co-lo-nial","status":"publish","type":"post","link":"https:\/\/bruxelles-pantheres.be\/?p=2709","title":{"rendered":"\u00catre DE-CO-LO-NIAL"},"content":{"rendered":"<p>\u00catre DE-CO-LO-NIAL&#8230;Qu&rsquo;est ce que \u00e7a signifie pour vous? R\u00e9fl\u00e9chir et se poser des questions sur notre monde, sur l&rsquo;histoire des peuples jusqu&rsquo;\u00e0 nos agissements d&rsquo;aujourd&rsquo;hui..<\/p>\n<p>Le monde ne tourne pas rond? c&rsquo;est normal, c&rsquo;est \u00e0 cause du manque de d\u00e9colonialit\u00e9!<br \/>\n<iframe src=\"https:\/\/www.youtube.com\/embed\/MNXO6MfbGlc\" width=\"560\" height=\"315\" frameborder=\"0\" allowfullscreen=\"allowfullscreen\"><\/iframe><\/p>\n","protected":false},"excerpt":{"rendered":"<p>\u00catre DE-CO-LO-NIAL&#8230;Qu&rsquo;est ce que \u00e7a signifie pour vous? R\u00e9fl\u00e9chir et se poser des questions sur notre monde, sur l&rsquo;histoire des peuples jusqu&rsquo;\u00e0 nos agissements d&rsquo;aujourd&rsquo;hui.. Le monde ne tourne pas rond? c&rsquo;est normal, c&rsquo;est \u00e0 cause du manque de d\u00e9colonialit\u00e9!<\/p>\n","protected":false},"author":1,"featured_media":2691,"comment_status":"open","ping_status":"open","sticky":false,"template":"","format":"video","meta":{"footnotes":""},"categories":[1,35,21,6,18,28,17],"tags":[15],"class_list":["post-2709","post","type-post","status-publish","format-video","has-post-thumbnail","hentry","category-non-classe","category-amerique-du-sud","category-anti-imperialisme","category-palestine-moyen-orient","category-resistance-bruxelles","category-racismes","category-video","tag-resistance","post_format-post-format-video"],"_links":{"self":[{"href":"https:\/\/bruxelles-pantheres.be\/index.php?rest_route=\/wp\/v2\/posts\/2709","targetHints":{"allow":["GET"]}}],"collection":[{"href":"https:\/\/bruxelles-pantheres.be\/index.php?rest_route=\/wp\/v2\/posts"}],"about":[{"href":"https:\/\/bruxelles-pantheres.be\/index.php?rest_route=\/wp\/v2\/types\/post"}],"author":[{"embeddable":true,"href":"https:\/\/bruxelles-pantheres.be\/index.php?rest_route=\/wp\/v2\/users\/1"}],"replies":[{"embeddable":true,"href":"https:\/\/bruxelles-pantheres.be\/index.php?rest_route=%2Fwp%2Fv2%2Fcomments&post=2709"}],"version-history":[{"count":1,"href":"https:\/\/bruxelles-pantheres.be\/index.php?rest_route=\/wp\/v2\/posts\/2709\/revisions"}],"predecessor-version":[{"id":2710,"href":"https:\/\/bruxelles-pantheres.be\/index.php?rest_route=\/wp\/v2\/posts\/2709\/revisions\/2710"}],"wp:featuredmedia":[{"embeddable":true,"href":"https:\/\/bruxelles-pantheres.be\/index.php?rest_route=\/wp\/v2\/media\/2691"}],"wp:attachment":[{"href":"https:\/\/bruxelles-pantheres.be\/index.php?rest_route=%2Fwp%2Fv2%2Fmedia&parent=2709"}],"wp:term":[{"taxonomy":"category","embeddable":true,"href":"https:\/\/bruxelles-pantheres.be\/index.php?rest_route=%2Fwp%2Fv2%2Fcategories&post=2709"},{"taxonomy":"post_tag","embeddable":true,"href":"https:\/\/bruxelles-pantheres.be\/index.php?rest_route=%2Fwp%2Fv2%2Ftags&post=2709"}],"curies":[{"name":"wp","href":"https:\/\/api.w.org\/{rel}","templated":true}]}}