{"id":271,"date":"2013-06-15T01:12:51","date_gmt":"2013-06-15T00:12:51","guid":{"rendered":"https:\/\/bruxelles-pantheres.be\/?p=271"},"modified":"2013-11-10T01:15:10","modified_gmt":"2013-11-10T00:15:10","slug":"tout-le-monde-est-contre-les-sac-sauf-le-gouvernement","status":"publish","type":"post","link":"https:\/\/bruxelles-pantheres.be\/?p=271","title":{"rendered":"Tout le monde est contre les SAC sauf le gouvernement"},"content":{"rendered":"<div>\n<div>\n<div>\n<div>\n<div>\n<div>\n<p><img decoding=\"async\" alt=\"\" src=\"http:\/\/www.avanti4.be\/local\/cache-vignettes\/L467xH330\/logocampagnereduit2-188b7.jpg\" width=\"467\" height=\"330\" \/><\/p>\n<\/div>\n<p><strong>L\u2019abaissement de l\u2019\u00e2ge, pr\u00e9vu par la nouvelle loi sur les Sanctions Administratives Communales, a \u00e9t\u00e9 la goutte d\u2019eau qui a fait d\u00e9border le vase pour de nombreux acteurs de la soci\u00e9t\u00e9 civile. Suite \u00e0 cette nouvelle loi, pr\u00e8s de 1500 personnes se sont inscrites pour une manifestation spontan\u00e9e nationale contre les SAC. Pourtant le gouvernement tient bon et compte bien passer en force. La manifestation appelle donc toutes les diff\u00e9rentes oppositions \u00e0 se r\u00e9unir. Celles-ci peuvent se r\u00e9sumer \u00e0 5 grands points.<!--more--><\/strong><\/p>\n<p>Pour beaucoup, le point d\u2019attention principal est la criminalisation et le harc\u00e8lement des jeunes propre \u00e0 la nouvelle loi. Les sanctions pour avoir jou\u00e9 au foot sur un terrain de basket, s\u2019\u00eatre assis sur le dossier d\u2019un banc avoir lanc\u00e9 des boules de neige,\u2026 sont devenues possibles pour des enfants de 14 ans. De nombreux acteurs de terrain, organisations de jeunesse, parents, jeunes, etc. se mobilisent pour rappeler au monde politique qu\u2019\u00eatre jeune n\u2019est pas une incivilit\u00e9.<\/p>\n<p>Ensuite, il y a l\u2019arbitraire. Pour reprendre les mots de la ligue des droits de l\u2019homme le syst\u00e8me des SAC introduit une justice de Sh\u00e9rifs. Le syst\u00e8me expose le citoyen au bon vouloir des communes qui sont juges et parties. La s\u00e9paration des pouvoirs, les droits de la d\u00e9fense et toute une s\u00e9rie des droits fondamentaux des citoyens passent donc \u00e0 la trappe. Les citoyens ont droit \u00e0 une justice \u00e9quitable et de qualit\u00e9 pour tous\u00a0!<\/p>\n<p>On constate aussi que les SAC sont utilis\u00e9es comme un moyen de r\u00e9pression politique. R\u00e9cemment, \u00e0 Anvers, 80 personnes ont \u00e9t\u00e9 arr\u00eat\u00e9es pour avoir manifest\u00e9 devant le si\u00e8ge de Monsanto. Les SAC introduisent un outil qui permet aux communes de criminaliser les manifestations qui les d\u00e9rangent. La libert\u00e9 d\u2019expression et de manifestation sont remises en question. Manifester est un droit, non \u00e0 la r\u00e9pression\u00a0!<\/p>\n<p>Avec la crise, les d\u00e9penses des communes explosent, alors que leurs recettes s\u2019effondrent. Les SAC offrent la possibilit\u00e9 aux communes de combler les trous dans les budgets communaux de la fa\u00e7on la plus antisociale qui soit. Ainsi, Bruxelles ville compte investir 1\u2019253\u2019000\u20ac pour sanctionner le contribuable mais compte bien r\u00e9cup\u00e9rer 3\u2019000\u2019000 dans les poches de ce dernier. Le risque d\u2019une politique du chiffre et de l\u2019introduction de SAC pour des raisons budg\u00e9taires est donc plus que r\u00e9el.<\/p>\n<p>Le syst\u00e8me sac am\u00e8ne bien plus de probl\u00e8mes que de solutions. Les SAC ne r\u00e8glent absolument pas les probl\u00e8mes sociaux qu\u2019ils visent, le syst\u00e8me se contente de les criminaliser. La soci\u00e9t\u00e9 a besoin de solutions sociales aux probl\u00e8mes sociaux. Nous, jeunes, militants, travailleurs et citoyens, choisissons de nous engager pour un avenir d\u2019\u00e9mancipation pour tous, pas pour une soci\u00e9t\u00e9 qui criminalise tout et tous.<\/p>\n<p>C\u2019est pour ca que nous appelons tous ceux qui s\u2019opposent aux SAC pour une ou plusieurs raisons de nous rejoindre ce samedi 29 juin \u00e0 14h \u00e0 la gare centrale de Bruxelles.<\/p>\n<p><strong>Les organisateurs ne veulent pas s\u2019arr\u00eater \u00e0 une manif et annoncent de nouvelles action apr\u00e8s les vacances d\u2019\u00e9t\u00e9. Un prochain rendez-vous est d\u00e9j\u00e0 pris pour une manifestation nationale \u00e0 Bruxelles les 26 octobre 2013.<\/strong><\/p>\n<p><a href=\"http:\/\/www.stop-repression.be\/\" rel=\"nofollow external\">www.stop-repression.be\/<\/a><\/p>\n<blockquote>\n<pre><strong>\r\nR\u00e9pondre \u00e0 une amende administrative pour manifestation \u201cnon-autoris\u00e9e\u201d<\/strong><\/pre>\n<\/blockquote>\n<\/div>\n<\/div>\n<\/div>\n<\/div>\n<p><a href=\"http:\/\/www.stop-repression.be\/wp-content\/uploads\/2012\/12\/Nous-ne-payerons-pas.jpg\"><img decoding=\"async\" alt=\"Nous ne payerons pas\" src=\"http:\/\/www.stop-repression.be\/wp-content\/uploads\/2012\/12\/Nous-ne-payerons-pas-300x214.jpg\" width=\"300\" height=\"214\" \/><\/a>Lorsque vous recevez une amende administrative la premi\u00e8re lettre vous informe que vous \u00eates susceptibles de recevoir une amende jusqu\u2019\u00e0 250\u20ac . Vous avez 15 jours pour contester l\u2019amende.Nous vous proposons une lettre type que vous pouvez adapter \u00e0 votre cas concret \u00e0 t\u00e9l\u00e9charger en <strong><a title=\"contestation sac manif pacifique\" href=\"http:\/\/www.stop-repression.be\/wp-content\/uploads\/2013\/01\/Contestation-SAC-manif-pacifique.zip\" target=\"_blank\">cliquant ici<\/a><\/strong>.<\/p>\n<p>Soyez attentif \u00e0 v\u00e9rifier que les faits d\u00e9crits soient corrects. Sachez aussi que les autorit\u00e9s disposent de six mois pour vous adresser l\u2019amende (six mois \u00e0 partir du PV d\u2019arrestation original) si ce d\u00e9lai est d\u00e9pass\u00e9 l\u2019amende n\u2019est pas valide (contestez quand m\u00eame par s\u00e9curit\u00e9 mais le mettre en \u00e9vidence dans la lettre).<\/p>\n<div><img decoding=\"async\" title=\"Description\" alt=\"\" src=\"https:\/\/fbstatic-a.akamaihd.net\/rsrc.php\/v2\/yT\/r\/K6_TY47YS3x.png\" width=\"16\" height=\"16\" \/><\/div>\n<div id=\"id_51bc11e741bb41805988158\">FR (plus bas)Op spontaan initiatief van enkele verontwaardigde burgers zal er op 29 juni, exact 1 maand na de stemming van de nieuwe GAS-wet, een eerste nationale betoging doorgaan tegen GAS. Deze oproep wordt breed ondersteund door tientallen organisaties. Indien uw organisatie mee mobiliseert, gelieve ons dit te laten weten via:<br \/>\nemail: tegengasmanif@gmail.com<br \/>\ntel: Nl: 0483042208 Fr: 0479329541<\/p>\n<p>Roepen alvast mee op voor deze betoging:<strong>\u25caOrganisaties\u25ca<\/strong><\/p>\n<p>Vlaamse Jeugdraad<br \/>\nCEF (Comit\u00e9 des \u00e9l\u00e8ves francophones)<br \/>\nStopSAC<br \/>\nTegenGAS<br \/>\nVlaamse Dienst Speelpleinwerk<br \/>\nACV -Jongeren<br \/>\nABVV-jongeren<br \/>\nFederatie sociaal-cultureel werk<br \/>\nCOMAC<br \/>\nActief Linkse Studenten &amp; Scholieren<br \/>\nEtudiants de Gauche Actifs<br \/>\nIntal<br \/>\nJOC<br \/>\nStop-repression.be<br \/>\nOccupy Antwerp<br \/>\nLiga voor Mensenrechten<br \/>\nVictoria Deluxe<br \/>\n\u2026.<\/p>\n<p>\u25caArtiesten\u25ca<\/p>\n<p>Kapitein Winokio<br \/>\nNigel Williams<br \/>\n\u2026.<\/p>\n<p>\u25ca\u25ca\u25ca\u25ca\u25ca\u25ca\u25ca\u25ca\u25ca\u25ca\u25ca\u25ca\u25ca<\/p>\n<p><strong>De GAS-boetes als middel voor solidariteit<\/strong><br \/>\n\u2014\u2014\u2014\u2014\u2014\u2014\u2014\u2014\u2013<wbr \/>\u2014\u2014\u2014\u2014\u2014\u2014\u2014\u2014<\/p>\n<p>Niet het uitvoeren ervan, het protesteren ertegen.<br \/>\nJullie hoeven niet te denken dat hieronder zich de zoveelste aanval naar het politieke landschap zal voltrekken. Het gaat louter over de oproep naar gezond verstand.<\/p>\n<p>Vreedzaam protest zoals veel groten het ons voordeden lijkt de beste oplossing, is de beste oplossing. De politiekers gooien zo al voldoende met modder naar elkaar, toegegeven, het heeft veel geregend.<\/p>\n<p>Dit is een oproep naar een gezapig, ludiek en bovenal Belgisch protest. Allemaal samen (Vlamingen, Brusselaars, Walen en Duitstaligen) gaan we de straat op, met kinderen, met muziek, met randanimatie. Een groot familiefeest tegen de verzuring van ons land.<\/p>\n<p>Onderstaande paragrafen zullen hopelijk verklarend zijn en onze frustraties verstaanbaar maken.<\/p>\n<p><strong>Kinderen voor kinderen.<\/strong><br \/>\n*************************<br \/>\nKind zijn in een westers land is niet van de poes, adolescent zijn is zo mogelijk nog zwaarder. Dat de regering wil optreden tegen het nodige kattenkwaad om van jongen naar man en meisje naar vrouw te evolueren is niet juist. Opgroeien gaat gepaard met verkeerde keuzes maken. Het verhaal van de eieren en de omelet. Wij roepen hierbij alle spelende jongeren op om samen met ons te betogen tegen deze wet onder het motto: Jong zijn is geen misdaad!<\/p>\n<p><strong>Willekeur als fundament.<\/strong><br \/>\n*************************<br \/>\nDe GAS-wetgeving staat op fundamenten die onlosmakelijk verbonden zijn met het humeur van het Gemeentebestuur. De liga voor mensenrechten vergelijkt het graag met de lokale sheriffs van het wilde westen. U kan zeggen dat niet alle burgemeesters dezelfde bekrompen geest hebben, maar eerlijk. Wil u uw tuinfeest laten afhangen van een uitnodiging naar de burgemeester of niet? Het klinkt wat van de pot gerukt maar zo is het. Het zal niet gaan over wat \u00ab\u00a0overlast\u00a0\u00bb is, maar over wat \u00ab\u00a0het bestuur vindt dat overlast is\u00a0\u00bb een kleine doch belangrijke nuance. Wij willen eenduidige regels, geen gemoedsregels.<\/p>\n<p><strong>GAS legt het zwijgen op.<\/strong><br \/>\n*************************<br \/>\nHet verhaal van de MONSANTO protestactie. Een klaarblijkelijk vreedzame betoging kan eindigen in aanhoudingen en hoge boetes. De actuele GAS-wet kan het einde beteken voor het recht op vrije meningsuiting. Iedereen weet dat dat het begin is van het einde. Laat ons de mensen die hiervoor vochten eren door vreedzame acties. We laten de staat onze monden niet snoeren. Laat ons in naam van onze stemmen zacht revolteren.<\/p>\n<p><strong>Gas voor de gemeentekas.<\/strong><br \/>\n**************************<wbr \/>*<br \/>\nNet zoals iedereen hebben de gemeentes de gevolgen van de crisis kunnen ondervinden. De schatkisten lopen leeg. Omdat in de GAS-wetgeving staat dat de inning van boetes rechtstreeks naar de fondsen van de gemeentes gaan. Betekenen ze voor sommige gemeentes niet meer dan een bron van geld. Asociaal, willekeurig bekomen centen zijn nog steeds centen. Gemeentes gaan in onze portefeuilles komen graaien, in de portefeuilles van mensen die reeds belastingen betalen, dat zou voldoende moeten zijn.<\/p>\n<p>Kortom. GAS-boetes zijn verre van een menselijke oplossing. Er is overlast, overal, dat zal altijd zo zijn. Wat wij vragen zijn sociale oplossing voor sociale problemen. Mensen zijn totnogtoe maar mensen. Wij zijn geen robots. Wij willen vrijheid, om te spelen, om te protesteren en om te zijn en worden wie we willen zijn.<\/p>\n<p>Nogmaals! We komen op straat met het risico op GAS-boetes maar laat ons hen vooral geen reden geven. We maken er een mars van voor mensen van 0-99. Een sociale betoging tegen een asociale wet.<\/p>\n<p>Groeten.<\/p>\n<p>\u25ca\u25ca\u25ca\u25ca\u25ca\u25ca\u25ca\u25ca\u25ca\u25ca\u25ca\u25ca\u25ca<br \/>\nPERSCOMMUNIQUE 1<br \/>\n\u25ca\u25ca\u25ca\u25ca\u25ca\u25ca\u25ca\u25ca\u25ca\u25ca\u25ca\u25ca\u25ca<br \/>\n<strong>Iedereen is tegen de GAS-boetes\u2026 behalve de regering.<\/strong><\/p>\n<p>De verlaging van de leeftijd voor Gemeentelijke Administratieve Sancties in de nieuwe GAS-wet, was de druppel die de emmer deed overlopen voor talloze burgers en middenveldorganisaties. Al bijna 1500 Belgen schreven zich daags na de nieuwe wet via Facebook in op een spontane nationale betoging tegen GAS. Toch beslisten de politici te volharden en werd de wet niet ge\u00ebvoceerd door de senaat, hoewel onder andere de liga voor de mensenrechten hiervoor had gevraagd. De initiatiefnemers van de allereerste betoging tegen GAS roepen daarom iedereen op met bezwaren tegen GAS om de 29e juni samen op straat te komen.<\/p>\n<p>De belangrijkste bekommernis voor velen is de groeiende intolerantie naar jongerengedrag die eigen is aan de nieuwe wet. Sancties voor het spelen van voetbal op een basketbalterrein, niet correct op een bank zitten, belletje trek, sneeuwballen gooien, \u2026zijn vanaf nu mogelijk voor kinderen vanaf 14 jaar. Kattenkwaad uithalen wordt hierdoor crimineel gedrag en ieder kind een potenti\u00eble misdadiger. jongerenorganisaties, bezorgde ouders en jongeren willen daarom mobiliseren om de politieke wereld eraan te herinneren dat jong zijn geen misdaad is.<\/p>\n<p>Vervolgens is er de willekeur die eigen is aan het GAS-systeem. Volgens verschillende experts zoals de Liga voor Mensenrechten veranderen de gemeentebesturen door GAS in lokale sheriffs. Het systeem stelt de burgers bloot aan de goodwill van lokale besturen die zowel als rechter en partij optreden. De scheiding der machten, het vermoeden van onschuld en andere fundamentele rechten komen daarmee op de helling te staan. Iedere burger heeft volgens ons recht op een gelijke en democratische rechtspraak.<\/p>\n<p>We constateren ook dat GAS wordt ingezet als politiek repressiemiddel. Recent werden in Antwerpen 80 personen aangehouden omdat ze protesteerden voor de hoofdzetel van Monsanto. GAS introduceert een instrument die lokale besturen kunnen gebruiken om protest te criminaliseren wanneer het hen uitkomt. Het recht op vrije meningsuiting en organisatie krijgt daarmee een flinke deuk. Protesteren is voor ons een recht en daarvan zal op 29 juni ook massaal gebruik van worden gemaakt om op een vreedzame manier jong en oud op straat te brengen.<\/p>\n<p>Een andere bezorgdheid is dat door de crisis de gemeentelijke uitgaven sterk toenemen terwijl de inkomsten dalen. De GAS-boetes bieden een mogelijkheid aan de gemeenten om op een enorm asociale manier deze gaten te vullen. In Brussel stad werd in de recente begroting berekend een investering van 1 253 000\u20ac in het aanpakken van \u201coverlast\u201d 3 000 000\u20ac aan inkomsten kan genereren. Dit toont aan dat er een re\u00ebel risico bestaat dat GAS gebruikt zal worden om budgettaire tekorten op te lossen.<\/p>\n<p>Het GAS-systeem brengt meer problemen met zich mee dan oplossingen. GAS lost de bepaalde maatschappelijke problemen namelijk helemaal niet op, ze criminaliseert ze alleen. De samenleving heeft nood aan sociale oplossingen voor sociale problemen. Wij, jongeren, ouders, burgers en activisten kiezen voor een open en sociale samenleving waar de oorzaken preventief worden aangepakt, niet \u00e9\u00e9n van intolerantie, verzuring en repressie<\/p>\n<p>Iedereen die \u00e9\u00e9n van deze bekommernissen deelt, roepen we op om mee tegengas te geven op 29 juni, 14u aan het Centraal Station in Brussel.<\/p>\n<p>De initiatiefnemers willen het niet bij een eenmalige manifestatie laten en kondigen nieuwe acties aan na de zomervakantie. Een 2e nationale betoging is reeds gepland na de zomervakantie op 26 oktober.<\/p>\n<p>\u25ca\u25ca\u25ca\u25ca\u25ca\u25ca\u25ca\u25ca\u25ca\u25ca\u25ca\u25ca\u25ca\u25ca\u25ca\u25ca\u25ca\u25ca\u25ca\u25ca\u25ca\u25ca\u25ca\u25ca\u25ca\u25ca<wbr \/>\u25ca\u25ca\u25ca\u25ca\u25ca\u25ca\u25ca\u25ca<\/p>\n<p><strong>Tout le monde est contre les SAC\u2026 sauf le gouvernement.<\/strong><\/p>\n<p>L\u2019abaissement de l\u2019\u00e2ge, pr\u00e9vu par la nouvelle loi sur les Sanctions Administratives Communales, a \u00e9t\u00e9 la goutte d\u2019eau qui a fait d\u00e9border le vase pour de nombreux acteurs de la soci\u00e9t\u00e9 civile. Suite \u00e0 cette nouvelle loi, pr\u00e8s de 1500 personnes se sont inscrites pour une manifestation spontan\u00e9e nationale contre les SAC. Pourtant le gouvernement tient bon et compte bien passer en force. La manifestation appelle donc toutes les diff\u00e9rentes oppositions \u00e0 se r\u00e9unir. Celles-ci peuvent se r\u00e9sumer \u00e0 5 grands points.<\/p>\n<p>Pour beaucoup, le point d\u2019attention principal est la criminalisation et le harc\u00e8lement des jeunes propre \u00e0 la nouvelle loi. Les sanctions pour avoir jou\u00e9 au foot sur un terrain de basket, s\u2019\u00eatre assis sur le dossier d\u2019un banc avoir lanc\u00e9 des boules de neige,\u2026 sont devenues possibles pour des enfants de 14 ans. De nombreux acteurs de terrain, organisations de jeunesse, parents, jeunes, etc. se mobilisent pour rappeler au monde politique qu\u2019\u00eatre jeune n\u2019est pas une incivilit\u00e9.<\/p>\n<p>Ensuite, il y a l\u2019arbitraire. Pour reprendre les mots de la ligue des droits de l\u2019homme le syst\u00e8me des SAC introduit une justice de Sh\u00e9rifs. Le syst\u00e8me expose le citoyen au bon vouloir des communes qui sont juges et parties. La s\u00e9paration des pouvoirs, les droits de la d\u00e9fense et toute une s\u00e9rie des droits fondamentaux des citoyens passent donc \u00e0 la trappe. Les citoyens ont droit \u00e0 une justice \u00e9quitable et de qualit\u00e9 pour tous !<\/p>\n<p>On constate aussi que les SAC sont utilis\u00e9es comme un moyen de r\u00e9pression politique. R\u00e9cemment, \u00e0 Anvers, 80 personnes ont \u00e9t\u00e9 arr\u00eat\u00e9es pour avoir manifest\u00e9 devant le si\u00e8ge de Monsanto. Les SAC introduisent un outil qui permet aux communes de criminaliser les manifestations qui les d\u00e9rangent. La libert\u00e9 d\u2019expression et de manifestation sont remises en question. Manifester est un droit, non \u00e0 la r\u00e9pression !<\/p>\n<p>Avec la crise, les d\u00e9penses des communes explosent, alors que leurs recettes s\u2019effondrent. Les SAC offrent la possibilit\u00e9 aux communes de combler les trous dans les budgets communaux de la fa\u00e7on la plus antisociale qui soit. Ainsi, Bruxelles ville compte investir 1\u2019253\u2019000\u20ac pour sanctionner le contribuable mais compte bien r\u00e9cup\u00e9rer 3\u2019000\u2019000 dans les poches de ce dernier. Le risque d\u2019une politique du chiffre et de l\u2019introduction de SAC pour des raisons budg\u00e9taires est donc plus que r\u00e9el.<\/p>\n<p>Le syst\u00e8me sac am\u00e8ne bien plus de probl\u00e8mes que de solutions. Les SAC ne r\u00e8glent absolument pas les probl\u00e8mes sociaux qu\u2019ils visent, le syst\u00e8me se contente de les criminaliser. La soci\u00e9t\u00e9 a besoin de solutions sociales aux probl\u00e8mes sociaux. Nous, jeunes, militants, travailleurs et citoyens, choisissons de nous engager pour un avenir d\u2019\u00e9mancipation pour tous, pas pour une soci\u00e9t\u00e9 qui criminalise tout et tous.<\/p>\n<p>C\u2019est pour ca que nous appelons tous ceux qui s\u2019opposent aux SAC pour une ou plusieurs raisons de nous rejoindre ce samedi 29 juin \u00e0 14h \u00e0 la gare centrale de Bruxelles.<\/p>\n<p>Les organisateurs ne veulent pas s\u2019arr\u00eater \u00e0 une manif et annoncent de nouvelles action apr\u00e8s les vacances d\u2019\u00e9t\u00e9. Un prochain rendez-vous est d\u00e9j\u00e0 pris pour une manifestation nationale \u00e0 Bruxelles les 26 octobre 2013.<\/p>\n<p>Contact: tegengasmanif@gmail.com<\/p>\n<p><img decoding=\"async\" alt=\"15359\" src=\"http:\/\/www.egalite.be\/wp-content\/uploads\/2012\/09\/15359.jpg\" width=\"480\" height=\"360\" \/><\/p>\n<\/div>\n<\/div>\n","protected":false},"excerpt":{"rendered":"<p>L\u2019abaissement de l\u2019\u00e2ge, pr\u00e9vu par la nouvelle loi sur les Sanctions Administratives Communales, a \u00e9t\u00e9 la goutte d\u2019eau qui a fait d\u00e9border le vase pour de nombreux acteurs de la soci\u00e9t\u00e9 civile. Suite \u00e0 cette nouvelle loi, pr\u00e8s de 1500 personnes se sont inscrites pour une manifestation spontan\u00e9e nationale contre les SAC. Pourtant le gouvernement &#8230; <a title=\"Tout le monde est contre les SAC sauf le gouvernement\" class=\"read-more\" href=\"https:\/\/bruxelles-pantheres.be\/?p=271\" aria-label=\"En savoir plus sur Tout le monde est contre les SAC sauf le gouvernement\">Lire la suite<\/a><\/p>\n","protected":false},"author":1,"featured_media":272,"comment_status":"open","ping_status":"open","sticky":false,"template":"","format":"standard","meta":{"footnotes":""},"categories":[18,5],"tags":[],"class_list":["post-271","post","type-post","status-publish","format-standard","has-post-thumbnail","hentry","category-resistance-bruxelles","category-violence-policiere"],"_links":{"self":[{"href":"https:\/\/bruxelles-pantheres.be\/index.php?rest_route=\/wp\/v2\/posts\/271","targetHints":{"allow":["GET"]}}],"collection":[{"href":"https:\/\/bruxelles-pantheres.be\/index.php?rest_route=\/wp\/v2\/posts"}],"about":[{"href":"https:\/\/bruxelles-pantheres.be\/index.php?rest_route=\/wp\/v2\/types\/post"}],"author":[{"embeddable":true,"href":"https:\/\/bruxelles-pantheres.be\/index.php?rest_route=\/wp\/v2\/users\/1"}],"replies":[{"embeddable":true,"href":"https:\/\/bruxelles-pantheres.be\/index.php?rest_route=%2Fwp%2Fv2%2Fcomments&post=271"}],"version-history":[{"count":1,"href":"https:\/\/bruxelles-pantheres.be\/index.php?rest_route=\/wp\/v2\/posts\/271\/revisions"}],"predecessor-version":[{"id":273,"href":"https:\/\/bruxelles-pantheres.be\/index.php?rest_route=\/wp\/v2\/posts\/271\/revisions\/273"}],"wp:featuredmedia":[{"embeddable":true,"href":"https:\/\/bruxelles-pantheres.be\/index.php?rest_route=\/wp\/v2\/media\/272"}],"wp:attachment":[{"href":"https:\/\/bruxelles-pantheres.be\/index.php?rest_route=%2Fwp%2Fv2%2Fmedia&parent=271"}],"wp:term":[{"taxonomy":"category","embeddable":true,"href":"https:\/\/bruxelles-pantheres.be\/index.php?rest_route=%2Fwp%2Fv2%2Fcategories&post=271"},{"taxonomy":"post_tag","embeddable":true,"href":"https:\/\/bruxelles-pantheres.be\/index.php?rest_route=%2Fwp%2Fv2%2Ftags&post=271"}],"curies":[{"name":"wp","href":"https:\/\/api.w.org\/{rel}","templated":true}]}}