{"id":2716,"date":"2016-01-24T14:00:18","date_gmt":"2016-01-24T13:00:18","guid":{"rendered":"https:\/\/bruxelles-pantheres.be\/?p=2716"},"modified":"2016-01-24T14:00:18","modified_gmt":"2016-01-24T13:00:18","slug":"contre-la-guerre","status":"publish","type":"post","link":"https:\/\/bruxelles-pantheres.be\/?p=2716","title":{"rendered":"CONTRE LA GUERRE"},"content":{"rendered":"<div class=\"crayon article-chapo-1737 chapo\">\n<p>\u00ab\u00a0Ce serait la guerre, d\u00e9sormais. Auparavant, non\u00a0? Et la guerre pour quoi\u00a0: au nom des droits humains et de la civilisation\u00a0? En r\u00e9alit\u00e9, la spirale dans laquelle nous entra\u00eene l\u2019Etat pompier pyromane est infernale\u00a0\u00bb, peut-on lire dans une tribune <a class=\"spip_out\" href=\"http:\/\/www.liberation.fr\/planete\/2015\/11\/24\/a-qui-sert-leur-guerre_1415808\" target=\"_blank\" rel=\"external\">\u00ab\u00a0A qui sert leur guerre\u00a0\u00bb<\/a>, parue le 24 novembre dernier.<\/p>\n<p>Christine Delphy\u00a0 souligne que le combat contre l\u2019\u00e9tat d\u2019urgence et le combat contre la guerre ne sont qu\u2019un seul et m\u00eame combat\u2026<\/p>\n<\/div>\n<div class=\"crayon article-texte-1737 texte\">\n<p><span class=\"spip_document_2964 spip_documents spip_documents_right\"><a href=\"https:\/\/bruxelles-pantheres.be\/wp-content\/uploads\/2016\/01\/Stop-the-War-243x300-c0592.jpg\" rel=\"attachment wp-att-2717\"><img decoding=\"async\" class=\"size-full wp-image-2717 aligncenter\" src=\"https:\/\/bruxelles-pantheres.be\/wp-content\/uploads\/2016\/01\/Stop-the-War-243x300-c0592.jpg\" alt=\"Stop-the-War-243x300-c0592\" width=\"243\" height=\"300\" \/><\/a><\/span><\/p>\n<p>L\u2019\u00e9tat d\u2019urgence a \u00e9t\u00e9 d\u00e9clar\u00e9 parce que la France est en guerre depuis le 13 novembre \u2013 a dit le 13 novembre \u00e0 23h 45 le pr\u00e9sident de la R\u00e9publique fran\u00e7aise, Fran\u00e7ois Hollande.<\/p>\n<p>Or la France n\u2019est pas plus en guerre qu\u2019elle l\u2019\u00e9tait la veille, ou un an avant. Elle bombarde l\u2019Irak depuis 2014, et la Syrie depuis septembre 2015.<\/p>\n<p>Depuis le 13 novembre, l\u2019id\u00e9e de guerre est utilis\u00e9e comme un moyen de provoquer un \u00e9tat de panique g\u00e9n\u00e9rale \u2013 de panique calme, mais paniqu\u00e9e quand m\u00eame.<\/p>\n<p>Le pays a \u00e9t\u00e9 sid\u00e9r\u00e9 par les tueries\u00a0; il ne se savait pas menac\u00e9\u00a0; il ne savait m\u00eame pas que la France bombardait l\u2019Irak et la Syrie. Il a donc \u00e9t\u00e9 facile pour le pouvoir de lui faire prendre des vessies pour des lanternes et de pr\u00e9tendre que la France allait, \u00e0 cause de ces tueries, commencer \u00e0 bombarder Daech en repr\u00e9sailles\u00a0: parce que Daech nous avait attaqu\u00e9s.<\/p>\n<p>Mais aussi horrible soit Daech, ce n\u2019est pas Daech qui attaqu\u00e9 le premier la France. Or Hollande d\u00e9clare\u00a0: \u00ab\u00a0Puisque nous sommes en guerre, et surtout que nous y sommes parce que nous avons \u00e9t\u00e9 attaqu\u00e9s de fa\u00e7on \u00ab\u00a0l\u00e2che\u00a0\u00bb et \u00ab\u00a0barbare\u00a0\u00bb, et en plus, \u00ab\u00a0chez nous\u00a0\u00bb, nous allons \u00ab\u00a0r\u00e9torquer\u00a0\u00bb\u00a0\u00bb. Tous les qualificatifs utilis\u00e9s \u00e0 propos des tueries et de la guerre qui s\u2019ensuit, montrent un double standard \u2013 un 2 poids 2 mesures. Bien s\u00fbr les tueries \u00e9taient horribles. Il est difficile de trouver des tueries qui ne le soient pas.<\/p>\n<p>Mais apparemment, si. Celles auxquelles proc\u00e8de l\u2019aviation fran\u00e7aise, ne seraient pas des tueries, mais des<a class=\"spip_out\" href=\"http:\/\/lmsi.net\/La-langue-des-maitres-et-sa\" target=\"_blank\">\u00ab\u00a0dommages collat\u00e9raux\u00a0\u00bb<\/a>. L\u2019opinion avale qu\u2019il s\u2019agit de deux ph\u00e9nom\u00e8nes bien diff\u00e9rents.<\/p>\n<p>Car nous sommes encore impr\u00e9gn\u00e9s d\u2019une fa\u00e7on de penser coloniale\u00a0: de l\u2019id\u00e9e que nous avons le droit et le devoir de rendre la justice partout dans le monde. Et c\u2019est sur ce deux poids-deux mesure structurel, sur cette fa\u00e7on de penser que le gouvernement a tabl\u00e9.<\/p>\n<p>Et aussi sur le fait que, depuis le Vietnam, il n\u2019y a plus ni photos, ni r\u00e9cits, des tueries provoqu\u00e9es par nos bombardements. Pas d\u2019individus sous les bombes. Pas de preuves des meurtres. Pas m\u00eame de chiffres.<\/p>\n<p>En revanche les cons\u00e9quences des attaques du 13 novembre \u00ab\u00a0chez nous\u00a0\u00bb ont \u00e9t\u00e9 document\u00e9es du mieux qu\u2019on pouvait\u00a0; les r\u00e9cits des rescap\u00e9s, des SAMU, des pompiers, des policiers ont \u00e9t\u00e9 sollicit\u00e9s, enregistr\u00e9s, retransmis en boucle sur toutes les cha\u00eenes t\u00e9l\u00e9vis\u00e9es, imprim\u00e9s dans tous les journaux\u00a0; puis, quand tous les r\u00e9cits, tous les t\u00e9moignages furent \u00e9puis\u00e9s, ce sont les photos des morts, puis leur biographie, qui ont \u00e9t\u00e9 publi\u00e9es. Deux mois apr\u00e8s l\u2019\u00e9v\u00e9nement, ont commenc\u00e9 les comm\u00e9morations.<\/p>\n<p>Tout un pays a \u00e9t\u00e9 occup\u00e9, fascin\u00e9, hypnotis\u00e9, par le r\u00e9cit de cette violence, r\u00e9cit auquel s\u2019ajoutaient sans tr\u00eave de nouveaux d\u00e9tails qui tiraient les larmes des yeux. Le sentiment est devenu irr\u00e9pressible que nous devions quelque chose \u00e0 ces morts, ces pauvres morts que nous n\u2019avions pas pu sauver. Comme ceux qui avaient \u00e9t\u00e9 t\u00e9moins de leur mort et qui se demandaient tout haut, pourquoi ils \u00e9taient, eux, encore en vie, nous \u00e9prouvions la culpabilit\u00e9 des survivants. L\u2019esprit de vengeance, qui n\u2019a pas besoin d\u2019\u00eatre sollicit\u00e9 pour appara\u00eetre, a surgi. Et avec lui, en d\u00e9pit des objurgations \u00e0 \u00ab\u00a0pas d\u2019amalgame\u00a0\u00bb, a ressurgi l\u2019esprit de \u00ab\u00a0si ce n\u2019est toi, c\u2019est donc ton fr\u00e8re\u00a0\u00bb, exacerbant un <a class=\"spip_out\" href=\"http:\/\/lmsi.net\/Un-racisme-post-colonial\" target=\"_blank\">racisme post-colonial<\/a> d\u00e9j\u00e0 tr\u00e8s prosp\u00e8re.<\/p>\n<p>Le gouvernement a organis\u00e9 tout cela tr\u00e8s vite\u00a0: de \u00ab\u00a0on nous a d\u00e9clar\u00e9 la guerre\u00a0\u00bb, \u00e0 \u00ab\u00a0l\u2019\u00e9tat d\u2019urgence\u00a0\u00bb, il s\u2019est \u00e9coul\u00e9 \u00e0 peine quelques minutes. Du d\u00e9cret de l\u2019\u00e9tat d\u2019urgence au vote de sa prolongation par un Parlement quasi-unanime, \u00e0 peine quelques jours.<\/p>\n<p>Et pendant que le gouvernement allait \u00e0 toute vitesse, nous allions, nous, tr\u00e8s lentement. D\u00e9sempar\u00e9s, sonn\u00e9s, nous \u00e9tions devenus une population aux pieds de plomb. Nous n\u2019avons pas protest\u00e9 contre la prolongation de l\u2019\u00e9tat d\u2019urgence\u00a0: est-ce que contester sa n\u00e9cessit\u00e9, cela n\u2019aurait pas d\u00e9montr\u00e9 un manque de compassion, une froideur inacceptables dans ce moment de deuil\u00a0?<\/p>\n<p>La c\u00e9l\u00e9rit\u00e9 du pouvoir \u00e0 appliquer des changements dont on se demande comment ils ont pu \u00eatre pens\u00e9s si vite, contraste avec la lenteur de la population \u00e0 \u00ab\u00a0r\u00e9aliser\u00a0\u00bb\u00a0: r\u00e9aliser les attaques, r\u00e9aliser les morts, r\u00e9aliser l\u2019\u00e9tat d\u2019urgence, r\u00e9aliser l\u2019interdiction de se r\u00e9unir. Toutes ces \u00ab\u00a0r\u00e9alisations\u00a0\u00bb sont venues lentement, difficilement, et quand nous avons r\u00e9alis\u00e9 ce qu\u2019on nous faisait, il \u00e9tait trop tard pour manifester.<\/p>\n<p>Une frappe a\u00e9rienne contre Daech en Syrie a \u00e9t\u00e9 annonc\u00e9e le dimanche 15 novembre. Une autre le lendemain et une autre le surlendemain. Puis, plus rien. L\u2019aviation a-t-elle cess\u00e9 ses frappes\u00a0? On n\u2019en sait rien et personne ne proteste contre cette absence de nouvelles.<\/p>\n<p>Au d\u00e9part, le 13 novembre, Hollande a annonc\u00e9 les attentats comme des attaques terroristes de Daech\u00a0: \u00ab\u00a0Nous sommes attaqu\u00e9s\u00a0\u00bb a \u00e9t\u00e9 le premier mensonge, le mensonge fondateur de toute cette p\u00e9riode\u00a0: les victimes sont innocentes, nous sommes innocents, le pays est innocent, le gouvernement est innocent.<\/p>\n<p>Qui dira le contraire\u00a0? Le Dimanche 15, trois personnes parmi les intervenants \u00e0 la t\u00e9l\u00e9vision, l\u2019ont fait\u00a0: Fillon, Bayrou et Villepin. Ils mentionnent, comme allant de soi, que les attaques terroristes sont une r\u00e9ponse aux bombardements fran\u00e7ais sur l\u2019Irak et la Syrie. Car, oui, c\u2019est la France qui a commenc\u00e9. Depuis le 27 septembre tr\u00e8s exactement en Syrie, depuis l\u2019automne 2014 en Irak. La France bombarde, en tant que membre d\u2019une coalition comprenant les USA, l\u2019Arabie Saoudite, le Qatar et quelques autres \u00e9tats du Golfe.<\/p>\n<p>Or personne du gouvernement, ni le chef de l\u2019Etat ni le premier ministre, ni aucun socialiste ne l\u2019a dit ou laiss\u00e9 entendre.<\/p>\n<p>Certes on ne peut pas effacer compl\u00e8tement les mots que l\u2019un des t\u00e9moins de l\u2019attaque du Bataclan a entendu prononcer par un assaillant\u00a0: \u00ab\u00a0Nous sommes ici pour venger les gens que vous tuez en Syrie\u00a0\u00bb. Mais ce propos ne donne lieu \u00e0 aucun commentaire, ni d\u2019un politique, ni d\u2019un journaliste. Un propos de barbare n\u2019est pas une parole, c\u2019est un son inarticul\u00e9, un grognement de b\u00eate, un bruit.<\/p>\n<p>La presse a bien mentionn\u00e9 le d\u00e9but des bombardements de Daech par la France en septembre \u2013 mais comme un fait divers. Cela n\u2019a pas retenu l\u2019attention. \u00c0 cause de la fa\u00e7on discr\u00e8te de pr\u00e9senter ces bombardements mais aussi parce qu\u2019on s\u2019est habitu\u00e9s \u00e0 ce que la France fasse r\u00e9gner l\u2019ordre dans son ex-empire colonial. Et la France bombarde, et commet des \u00ab\u00a0homicides cibl\u00e9s\u00a0\u00bb dans tout le Sahel, depuis janvier 2013 sans que personne ne batte une paupi\u00e8re.<\/p>\n<p>Pour quoi\u00a0? Dans quel but\u00a0? Avec quelles justifications\u00a0? L\u00e0 est la question, non seulement en ce qui concerne la \u00ab\u00a0vengeance\u00a0\u00bb du Bataclan, mais toutes les autres \u00ab\u00a0opex\u00a0\u00bb \u2013 op\u00e9rations ext\u00e9rieures men\u00e9es depuis janvier 2013. Serval 1 puis Serval 2 au Mali, transform\u00e9 en \u00ab\u00a0Barkhane\u00a0\u00bb \u2013 pour faire croire qu\u2019il ne s\u2019agit pas de la m\u00eame chose, et cacher que, selon un militaire, \u00ab\u00a0on est l\u00e0 pour longtemps\u00a0\u00bb\u00a0; Sangaris en Centrafrique \u2013 une op\u00e9ration \u00ab\u00a0humanitaire\u00a0\u00bb cens\u00e9e \u00e9viter les massacres inter-religieux qui n\u2019\u00e9vite rien du tout\u00a0; Chammam \u00e0 Djibouti, dont personne n\u2019a entendu parler\u00a0; l\u2019entr\u00e9e dans la coalition anti-Daech en 2014, dont personne n\u2019a entendu parler non plus, car il faut pr\u00e9server le mensonge que la France agit seule, comme une grande.<\/p>\n<p>D\u2019apr\u00e8s le journaliste du Monde, David Revault d\u2019Allonnes, personne \u2013 y compris dans son gouvernement \u2013 ne comprend pourquoi Hollande est devenu un foudre de guerre. Quelques \u00e9l\u00e9ments \u00e9clairent cette transformation\u00a0:<\/p>\n<p>Deux r\u00e9sultats positifs \u00e9mergent de ces guerres\u00a0: pour la premi\u00e8re fois, l\u2019invendable avion Rafale, qui reste sur les rayons depuis plus d\u2019une d\u00e9cennie, a \u00e9t\u00e9 vendu. Le ministre de la guerre, Le Drian, en a fourgu\u00e9 25 \u00e0 l\u2019Egypte, puis 25 au Qatar, deux \u00e9tats d\u00e9mocratiques. L\u2019autre r\u00e9sultat, c\u2019est que \u00e0 chaque fois, la cote de Fran\u00e7ois Hollande remonte \u2013 (puis retombe presque aussit\u00f4t).<\/p>\n<p>Un autre mobile pro-guerre appara\u00eet selon ce m\u00eame journaliste\u00a0: Hollande appr\u00e9cie le fait que quand il appuie sur un bouton, les paras sautent sur la cible dans les 6 heures \u2013 ce qui a fait de la \u00ab\u00a0prise\u00a0\u00bb de Tombouctou en 2013 le \u00ab\u00a0plus beau jour de sa vie politique\u00a0\u00bb. Tandis que quand il enjoint aux autres ministres \u00ab\u00a0d\u2019inverser la courbe du ch\u00f4mage\u00a0\u00bb, \u00e7a ne marche pas si vite, et m\u00eame, \u00e7a ne marche pas du tout.<\/p>\n<p>Enfin, un quatri\u00e8me mobile appara\u00eet, incroyable tant il semble enfantin ou m\u00e9galomane. Pour Hollande, la posture louis-quatorzi\u00e8me de garder le \u00ab\u00a0rang\u00a0\u00bb de la France, celui d\u2019\u00ab\u00a0une puissance mondiale\u00a0\u00bb, joue autant que la volont\u00e9 de garder l\u2019uranium d\u2019Afrique pour Areva. Or, commente Hubert V\u00e9drine, \u00ab\u00a0nous sommes un pays chim\u00e9rique, qui est de plus en plus ridicule \u00e0 se pr\u00e9tendre universaliste alors que nous n\u2019en avons pas les moyens\u00a0\u00bb. Combien de morts faudra-t-il compter avant d\u2019abandonner cette chim\u00e8re\u00a0?<\/p>\n<p>Beaucoup d\u2019autres r\u00e9sultats sont \u00e0 porter au d\u00e9bit de cette guerre. Le premier \u00e9videmment, ce sont les attaques \u00ab\u00a0terroristes\u00a0\u00bb sur le sol fran\u00e7ais. Mais \u00ab\u00a0on ne s\u2019y attendait pas\u00a0\u00bb (le gouvernement, si). Car tous les pays du monde doivent accepter les incursions des puissances occidentales qui s\u2019arrogent le droit de changer les gouvernements des autres, de bombarder leurs populations, de les laisser en ruines et en guerres civiles tout en maintenant que leur propre sol, leurs propres populations sont des sanctuaires\u00a0; qu\u2019il est inconcevable que les \u00ab\u00a0autres\u00a0\u00bb osent les attaquer.<\/p>\n<p>Et pourtant cela arrive.<\/p>\n<p>Les attentats de novembre sont la cons\u00e9quence des bombardements sur la Syrie. Ce qui \u00e9tait le 15 novembre une \u00e9vidence pour Fillon, Bayrou et Villepin, bien qu\u2019ils se soient tus depuis lors, tout a \u00e9t\u00e9 fait pour le nier. Jusqu\u2019\u00e0 l\u2019absurde\u00a0; ainsi cette phrase\u00a0: \u00ab\u00a0Les attentats ne sont pas \u00e0 cause de ce que nous faisons, mais \u00e0 cause de ce que nous sommes\u00a0\u00bb. Ce qui nous a valu une d\u00e9finition de \u00ab\u00a0ce que nous sommes\u00a0\u00bb. La francit\u00e9 c\u2019est, depuis novembre, de \u00ab\u00a0boire des bi\u00e8res en terrasse\u00a0\u00bb. Boire des bi\u00e8res en terrasse n\u2019est plus une action, un comportement, un loisir, une d\u00e9pense\u00a0: c\u2019est une essence.<\/p>\n<p>Enfin, nous tenons ce que nous cherchons depuis des ann\u00e9es\u00a0: l\u2019identit\u00e9 nationale.<\/p>\n<p>Pour pouvoir continuer la guerre, il faut pr\u00e9tendre que c\u2019est une nouvelle guerre, pas une guerre qui dure depuis plus d\u2019un an dans sa partie syrienne, et qui a commenc\u00e9 depuis bien plus longtemps dans le Moyen-Orient.<\/p>\n<p>Une guerre plus grave, donc nouvelle. Qui change tout. Qui permet de tout changer. De justifier l\u2019\u00e9tat d\u2019urgence, et la d\u00e9molition programm\u00e9e de l\u2019Etat de droit. Tandis que l\u2019\u00e9tat d\u2019urgence devient \u00e0 son tour une preuve de l\u2019urgence et de la n\u00e9cessit\u00e9 de la guerre.<\/p>\n<p>Guerre et \u00e9tat d\u2019urgence sont les deux composantes indissociables de l\u2019\u00e9tat dans lequel l\u2019Etat nous a mis.<\/p>\n<\/div>\n<p><!--more--><\/p>\n<div><a href=\"https:\/\/delphysyllepse.wordpress.com\/2016\/01\/22\/contre-la-guerre\/\">Source<\/a><\/div>\n","protected":false},"excerpt":{"rendered":"<p>\u00ab\u00a0Ce serait la guerre, d\u00e9sormais. Auparavant, non\u00a0? Et la guerre pour quoi\u00a0: au nom des droits humains et de la civilisation\u00a0? En r\u00e9alit\u00e9, la spirale dans laquelle nous entra\u00eene l\u2019Etat pompier pyromane est infernale\u00a0\u00bb, peut-on lire dans une tribune \u00ab\u00a0A qui sert leur guerre\u00a0\u00bb, parue le 24 novembre dernier. Christine Delphy\u00a0 souligne que le combat &#8230; <a title=\"CONTRE LA GUERRE\" class=\"read-more\" href=\"https:\/\/bruxelles-pantheres.be\/?p=2716\" aria-label=\"En savoir plus sur CONTRE LA GUERRE\">Lire la suite<\/a><\/p>\n","protected":false},"author":1,"featured_media":2718,"comment_status":"open","ping_status":"open","sticky":false,"template":"","format":"standard","meta":{"footnotes":""},"categories":[1,35,21,36,4,28],"tags":[157,158,38],"class_list":["post-2716","post","type-post","status-publish","format-standard","has-post-thumbnail","hentry","category-non-classe","category-amerique-du-sud","category-anti-imperialisme","category-europe","category-islamophobie","category-racismes","tag-christine-delphy","tag-france","tag-guerre"],"_links":{"self":[{"href":"https:\/\/bruxelles-pantheres.be\/index.php?rest_route=\/wp\/v2\/posts\/2716","targetHints":{"allow":["GET"]}}],"collection":[{"href":"https:\/\/bruxelles-pantheres.be\/index.php?rest_route=\/wp\/v2\/posts"}],"about":[{"href":"https:\/\/bruxelles-pantheres.be\/index.php?rest_route=\/wp\/v2\/types\/post"}],"author":[{"embeddable":true,"href":"https:\/\/bruxelles-pantheres.be\/index.php?rest_route=\/wp\/v2\/users\/1"}],"replies":[{"embeddable":true,"href":"https:\/\/bruxelles-pantheres.be\/index.php?rest_route=%2Fwp%2Fv2%2Fcomments&post=2716"}],"version-history":[{"count":1,"href":"https:\/\/bruxelles-pantheres.be\/index.php?rest_route=\/wp\/v2\/posts\/2716\/revisions"}],"predecessor-version":[{"id":2719,"href":"https:\/\/bruxelles-pantheres.be\/index.php?rest_route=\/wp\/v2\/posts\/2716\/revisions\/2719"}],"wp:featuredmedia":[{"embeddable":true,"href":"https:\/\/bruxelles-pantheres.be\/index.php?rest_route=\/wp\/v2\/media\/2718"}],"wp:attachment":[{"href":"https:\/\/bruxelles-pantheres.be\/index.php?rest_route=%2Fwp%2Fv2%2Fmedia&parent=2716"}],"wp:term":[{"taxonomy":"category","embeddable":true,"href":"https:\/\/bruxelles-pantheres.be\/index.php?rest_route=%2Fwp%2Fv2%2Fcategories&post=2716"},{"taxonomy":"post_tag","embeddable":true,"href":"https:\/\/bruxelles-pantheres.be\/index.php?rest_route=%2Fwp%2Fv2%2Ftags&post=2716"}],"curies":[{"name":"wp","href":"https:\/\/api.w.org\/{rel}","templated":true}]}}