{"id":2729,"date":"2016-01-23T10:07:08","date_gmt":"2016-01-23T09:07:08","guid":{"rendered":"https:\/\/bruxelles-pantheres.be\/?p=2729"},"modified":"2016-02-01T10:10:11","modified_gmt":"2016-02-01T09:10:11","slug":"la-belgique-un-systeme-dapartheid","status":"publish","type":"post","link":"https:\/\/bruxelles-pantheres.be\/?p=2729","title":{"rendered":"La Belgique un syst\u00e8me d\u2019apartheid."},"content":{"rendered":"<h5 style=\"text-align: center;\"><a href=\"https:\/\/bruxelles-pantheres.be\/wp-content\/uploads\/2015\/01\/charlie-police.jpg\" rel=\"attachment wp-att-2394\"><img decoding=\"async\" class=\"alignnone size-full wp-image-2394\" src=\"https:\/\/bruxelles-pantheres.be\/wp-content\/uploads\/2015\/01\/charlie-police.jpg\" alt=\"charlie police\" width=\"423\" height=\"658\" srcset=\"https:\/\/bruxelles-pantheres.be\/wp-content\/uploads\/2015\/01\/charlie-police.jpg 423w, https:\/\/bruxelles-pantheres.be\/wp-content\/uploads\/2015\/01\/charlie-police-193x300.jpg 193w\" sizes=\"(max-width: 423px) 100vw, 423px\" \/><\/a><\/h5>\n<h5>La Belgique a-t-elle cr\u00e9\u00e9 un syst\u00e8me d\u2019apartheid?<\/h5>\n<p>Paul Jacobs, l\u2019ancien patron du Comit\u00e9 P (le comit\u00e9 permanent de contr\u00f4le des services de renseignement), craint un \u00ab\u00a0apartheid\u00a0\u00bb belge.\u00a0\u00ab\u00a0J\u2019ai un peu peur d\u2019utiliser ce terme, mais je pense que nous vivons dans un syst\u00e8me d\u2019apartheid. Il y a de v\u00e9ritables ghettos. Et ce qui est plus important et plus dangereux encore que l\u2019absence de vivre-ensemble, ce sont les ghettos mentaux.\u00a0\u00bb<\/p>\n<p>C\u2019est ce qu\u2019affirme Paul Jacobs, l\u2019ancien homme fort du Comit\u00e9 P, dans une interview \u00e0 BBC World. La cha\u00eene d\u2019information est venue en observation dans notre pays pour voir comment s\u2019y passe l\u2019int\u00e9gration des nouveaux arrivants.<\/p>\n<p><b>Une police blanche<\/b><\/p>\n<p>En visite d\u2019une formation de police, le reporter constate qu\u2019il n\u2019y a que des blancs. De fait, pour un Britannique, il y a de quoi \u00eatre surpris\u00a0: au Royaume-Uni, il n\u2019est pas anormal de voir un agent de police portant le turban sikh au lieu du casque traditionnel. Une seule polici\u00e8re en formation est d\u2019origine marocaine, et ses d\u00e9clarations causent de l\u2019agitation dans la classe quand elle dit comprendre que de jeunes musulmans se tournent vers le djihad.<\/p>\n<p>La BBC constate \u00e9galement que la Belgique est proportionnellement le pays d\u2019Europe d\u2019o\u00f9 partent le plus de combattants en Syrie. Paul Jacobs juge excessive la r\u00e9action du groupe aux d\u00e9clarations de la jeune femme, mais il en comprend la raison. \u00ab\u00a0C\u2019\u00e9tait la premi\u00e8re fois qu\u2019ils parlaient \u00e0 quelqu\u2019un d\u2019origine marocaine\u00a0\u00bb, dit-t-il. Nous ne savons pas si cette affirmation est exacte ou non, mais le journaliste de la BBC la trouve saisissante, \u00e9tant donn\u00e9 que plus d\u2019un quart de la population bruxelloise est musulmane. \u00c0 Anvers, une ville o\u00f9 un habitant sur six est de religion islamique, seuls 22 officiers de police sur 2\u00a0600 ne sont pas blancs.<\/p>\n<p><b>La faute de la fronti\u00e8re linguistique<\/b><\/p>\n<p>Selon Jacobs, la division communautaire est une des causes de cette situation.<\/p>\n<p>\u00ab\u00a0Nous parlons toujours les uns des autres en termes n\u00e9gatifs. \u2018Les Flamands travaillent dur, les Wallons sont paresseux\u00a0!\u2019 Nous pensons constamment dans une logique de nous face \u00e0 eux, m\u00eame entre Belges. C\u2019est aussi pour cela que nous consid\u00e9rons les blancs comme des vrais Belges et les autres comme des nouveaux venus, m\u00eame si les Marocains et les Turcs vivent ici depuis trois g\u00e9n\u00e9rations. L\u2019avenir de notre vivre-ensemble est un grand point d\u2019interrogation\u00a0\u00bb, conclut Jacobs.<\/p>\n<p><a href=\"http:\/\/doorbraak.be\/nl\/nieuws\/%E2%80%98apartheid%E2%80%99-belgi%C3%AB\" target=\"_blank\">L\u2019article en V.O de Harry De Paepe pour Doorbraak\u00a0<\/a><\/p>\n<p>Traduit du n\u00e9erlandais par Thomas lecloux<\/p>\n<p><a href=\"http:\/\/www.bbc.com\/news\/magazine-35311422\" target=\"_blank\">Consultez \u00e9galement l\u2019article de la BBC: \u00ab\u00a0Has Belgium created a system of apartheid?\u00a0\u00bb<\/a><\/p>\n<p><a href=\"http:\/\/daardaar.be\/rubriques\/la-belgique-a-t-elle-cree-un-systeme-dapartheid\/\">Source<\/a><\/p>\n","protected":false},"excerpt":{"rendered":"<p>La Belgique a-t-elle cr\u00e9\u00e9 un syst\u00e8me d\u2019apartheid? Paul Jacobs, l\u2019ancien patron du Comit\u00e9 P (le comit\u00e9 permanent de contr\u00f4le des services de renseignement), craint un \u00ab\u00a0apartheid\u00a0\u00bb belge.\u00a0\u00ab\u00a0J\u2019ai un peu peur d\u2019utiliser ce terme, mais je pense que nous vivons dans un syst\u00e8me d\u2019apartheid. Il y a de v\u00e9ritables ghettos. Et ce qui est plus important &#8230; <a title=\"La Belgique un syst\u00e8me d\u2019apartheid.\" class=\"read-more\" href=\"https:\/\/bruxelles-pantheres.be\/?p=2729\" aria-label=\"En savoir plus sur La Belgique un syst\u00e8me d\u2019apartheid.\">Lire la suite<\/a><\/p>\n","protected":false},"author":1,"featured_media":1059,"comment_status":"open","ping_status":"open","sticky":false,"template":"","format":"standard","meta":{"footnotes":""},"categories":[4,7,8,18,28,5],"tags":[31,14,23,54],"class_list":["post-2729","post","type-post","status-publish","format-standard","has-post-thumbnail","hentry","category-islamophobie","category-negrophobie","category-prisons","category-resistance-bruxelles","category-racismes","category-violence-policiere","tag-belgique","tag-bruxelles","tag-discrimination","tag-police"],"_links":{"self":[{"href":"https:\/\/bruxelles-pantheres.be\/index.php?rest_route=\/wp\/v2\/posts\/2729","targetHints":{"allow":["GET"]}}],"collection":[{"href":"https:\/\/bruxelles-pantheres.be\/index.php?rest_route=\/wp\/v2\/posts"}],"about":[{"href":"https:\/\/bruxelles-pantheres.be\/index.php?rest_route=\/wp\/v2\/types\/post"}],"author":[{"embeddable":true,"href":"https:\/\/bruxelles-pantheres.be\/index.php?rest_route=\/wp\/v2\/users\/1"}],"replies":[{"embeddable":true,"href":"https:\/\/bruxelles-pantheres.be\/index.php?rest_route=%2Fwp%2Fv2%2Fcomments&post=2729"}],"version-history":[{"count":1,"href":"https:\/\/bruxelles-pantheres.be\/index.php?rest_route=\/wp\/v2\/posts\/2729\/revisions"}],"predecessor-version":[{"id":2730,"href":"https:\/\/bruxelles-pantheres.be\/index.php?rest_route=\/wp\/v2\/posts\/2729\/revisions\/2730"}],"wp:featuredmedia":[{"embeddable":true,"href":"https:\/\/bruxelles-pantheres.be\/index.php?rest_route=\/wp\/v2\/media\/1059"}],"wp:attachment":[{"href":"https:\/\/bruxelles-pantheres.be\/index.php?rest_route=%2Fwp%2Fv2%2Fmedia&parent=2729"}],"wp:term":[{"taxonomy":"category","embeddable":true,"href":"https:\/\/bruxelles-pantheres.be\/index.php?rest_route=%2Fwp%2Fv2%2Fcategories&post=2729"},{"taxonomy":"post_tag","embeddable":true,"href":"https:\/\/bruxelles-pantheres.be\/index.php?rest_route=%2Fwp%2Fv2%2Ftags&post=2729"}],"curies":[{"name":"wp","href":"https:\/\/api.w.org\/{rel}","templated":true}]}}