{"id":2731,"date":"2016-02-02T19:26:12","date_gmt":"2016-02-02T18:26:12","guid":{"rendered":"https:\/\/bruxelles-pantheres.be\/?p=2731"},"modified":"2016-02-05T11:12:55","modified_gmt":"2016-02-05T10:12:55","slug":"2731","status":"publish","type":"post","link":"https:\/\/bruxelles-pantheres.be\/?p=2731","title":{"rendered":"Donald Trump s&rsquo;en prend \u00e0 Bruxelles, Arno lui r\u00e9pond"},"content":{"rendered":"<p>Texte int\u00e9gral de la lettre ouverte \u00e9crite par Arno (toujours \u00e9gal \u00e0 lui-m\u00eame) et adress\u00e9e \u00e0 Trump ci-dessous (en traduction libre FR &#8211; traduire du Arno comme il se doit est une mission impossible, mais essayons, ne fut-ce que pour partager son message). <a href=\"https:\/\/www.facebook.com\/liesbet.temmerman\/posts\/10153881472207878\">Source <\/a><\/p>\n<header class=\"article__header\">\n<blockquote>\n<h6>Arno schrijft open brief aan Donald Trump: \u00ab\u00a0We zijn hier met ons gat in de boter gevallen\u00a0\u00bb<\/h6>\n<h6><span class=\"author-info__source\"> Bron: Het Laatste Nieuws<\/span><\/h6>\n<h6>Een &lsquo;hellhole&rsquo;: dat vindt Donald Trump van onze hoofdstad. Arno, die sinds jaar en dag in Brussel woont, zet de presidentskandidaat &#8211; \u00ab\u00a0een gevaarlijk ventje\u00a0\u00bb &#8211; in een brief in Het Laatste Nieuws op zijn plaats. \u00ab\u00a0Eerlijk gezegd denk ik niet dat je al vaak in Brussel geweest bent. De stad is misschien wel lelijk, ja. Maar we zijn hier godverdomme met ons gat in de boter \u00adgevallen, vent.\u00a0\u00bb<\/h6>\n<h6>Arno kan niet lachen met de uitspraken van Republikeins presidentskandidaat Donald Trump. In de brief nuanceert hij het beeld dat Trump ophangt van Brussel. \u00ab\u00a0In gelijk welke grote Amerikaanse stad worden dagelijks meer mensen vermoord dan hier. Allemaal dankzij de wet op vrij wapenbezit die door de Republikeinen trouwens wordt gesteund. Als het gat van de hel ergens ligt, moet het daar zijn\u00a0\u00bb, aldus Arno.<\/h6>\n<h6>De zanger vindt de berichtgeving over Brussel en Molenbeek in de buitenlandse media flink overdreven. \u00ab\u00a0Momenteel doe ik veel interviews in het buitenland en iedereen vraagt me hoe het zit in Molenbeek. Molenbeek is bekender geworden dan Belgi\u00eb. En dan kijken ze raar als ik zeg dat ook daar gewoon warm water uit de kraan loopt.\u00a0\u00bb<\/h6>\n<h6>\u00ab\u00a0Nog \u00e9\u00e9n ding: je weet toch dat Jezus Christus een Brusselaar was? James Ensor heeft daar ooit een mooi schilderij over gemaakt: De blijde intrede van Christus in Brussel. Het hangt in Los Angeles in een museum. Je moet daar maar eens gaan naar kijken\u00a0\u00bb, besluit Arno.<\/h6>\n<\/blockquote>\n<\/header>\n<p style=\"text-align: center;\"><a href=\"https:\/\/bruxelles-pantheres.be\/wp-content\/uploads\/2016\/02\/dma-letiziacamboni-194.jpg\" rel=\"attachment wp-att-2732\"><img decoding=\"async\" class=\"alignnone size-full wp-image-2732\" src=\"https:\/\/bruxelles-pantheres.be\/wp-content\/uploads\/2016\/02\/dma-letiziacamboni-194.jpg\" alt=\"dma-letiziacamboni-194\" width=\"780\" height=\"521\" srcset=\"https:\/\/bruxelles-pantheres.be\/wp-content\/uploads\/2016\/02\/dma-letiziacamboni-194.jpg 780w, https:\/\/bruxelles-pantheres.be\/wp-content\/uploads\/2016\/02\/dma-letiziacamboni-194-300x200.jpg 300w, https:\/\/bruxelles-pantheres.be\/wp-content\/uploads\/2016\/02\/dma-letiziacamboni-194-768x513.jpg 768w\" sizes=\"(max-width: 780px) 100vw, 780px\" \/><\/a><\/p>\n<p>\u00ab\u00a0Monsieur Trump,<\/p>\n<p>Hier sur CNN, tu as catalogu\u00e9 Bruxelles de \u00abhellhole\u00bb. \u00c0 vrai dire, \u00e7a m\u2019a fait rire, parce que je n\u2019ai jamais fait l\u2019exp\u00e9rience d\u2019une telle fournaise. Cela fera bient\u00f4t 33 ans que j\u2019habite dans \u00abthe capital of Europe\u00bb, et je ne compte pas d\u00e9camper d\u2019aussit\u00f4t. M\u00eame un chien enrhum\u00e9 le sentirait \u00e0 des kilom\u00e8tres : Bruxelles, c\u2019est ma ville. Dans ma vie, j\u2019ai habit\u00e9 un peu partout : \u00e0 Londres, \u00e0 Amsterdam, \u00e0 Paris. Et en hiver, je m\u2019exile souvent \u00e0 la mer pour quelques jours. Mais la ville d\u2019Ostende n\u2019est rien d\u2019autre que la fille de Bruxelles. Difficile donc de dire que je m\u2019\u00e9loigne vraiment.<br \/>\nNous sommes plus d\u2019un million \u00e0 habiter dans cette ville o\u00f9 l\u2019on rencontre le monde entier et o\u00f9 toutes les nationalit\u00e9s se c\u00f4toient et s\u2019entrem\u00ealent. Parfois, je rentre chez moi le soir sans me souvenir dans quelle langue s\u2019est d\u00e9roul\u00e9e ma derni\u00e8re conversation. J\u2019\u00e9tais \u00e0 New York l\u2019ann\u00e9e pass\u00e9e d\u2019ailleurs. En terrasse \u00e0 la Meat Factory, le menu \u00e9tait bilingue anglais-fran\u00e7ais : je m\u2019y suis senti comme chez moi.<\/p>\n<p>Je ne pense pas que tu sois pass\u00e9 souvent par Bruxelles. Pour pas mal de Flamands et de Wallons, \u00e7a vaut \u00e9galement, en fait : ils pensent qu\u2019ils doivent \u00e9changer leurs billets contre une monnaie \u00e9trang\u00e8re quand ils descendent du train \u00e0 la Gare Centrale. Bruxelles est une ville qui en inspire plus d\u2019un : cela explique aussi pourquoi tant d\u2019artistes atterrissent ici. Lemmy de M\u00f6torhead y a habit\u00e9. Quand Edith Piaf voulait sortir, elle venait \u00e0 Bruxelles. Le chanteur de Joy Division y est tomb\u00e9 amoureux. On peut y \u00eatre connu ou c\u00e9l\u00e8bre et pourtant rester anonyme. En tout cas, on m\u2019adresse plus souvent la parole ici qu\u2019\u00e0 Paris. Il m\u2019est arriv\u00e9 de voir passer Madonna en v\u00e9lo Rue Dansaert, et de remarquer David Bowie assis tout seul \u00e0 une table en terrasse : personne ne le d\u00e9rangeait. Bryan Ferry donnait ses interviews \u00e0 l\u2019Archiduc, sans \u00eatre submerg\u00e9 par les foules. Faut l\u2019essayer ailleurs qu\u2019\u00e0 Bruxelles, \u00e7a. Nous n\u2019avons pas de \u00ab Star System \u00bb comme le v\u00f4tre aux Etats-Unis. Pour beaucoup de jeunes cr\u00e9atifs, Bruxelles est le nouveau Berlin : un lieu o\u00f9 ils peuvent s&rsquo;\u00e9panouir. Cin\u00e9ma, salles de concert, th\u00e9\u00e2tre, danse\u2026 toute la ville est culture.<\/p>\n<p>Autre chose : Bruxelles est une des rares villes au monde o\u00f9 l\u2019on peut consommer de l\u2019alcool d\u00e8s le petit matin. Pas dans un caf\u00e9, hein : dans une poissonnerie. Quand je sors avec des amis \u00e9trangers, ils n\u2019en croient pas leurs yeux : c\u2019est du jamais vu pour eux. Je connais des caf\u00e9s et des bars dont les propri\u00e9taires ont paum\u00e9 la cl\u00e9 de la porte d\u2019entr\u00e9e il y a des ann\u00e9es. Nous avons notre cul dans une \u00e9norme motte de beurre ici, mec.<\/p>\n<p>En m\u00eame temps, je ne mentirai pas : Bruxelles est probablement la ville la plus laide au monde. C\u2019est un gros bordel, et \u00e7a pue la merde. Mais c\u2019est l\u2019odeur d\u2019une bonne merde. Apr\u00e8s avoir d\u00e9m\u00e9nag\u00e9 vers Bruxelles, je me suis souvent r\u00e9veill\u00e9 avec un gros mal de t\u00eate \u2013 et ce n\u2019\u00e9tait pas \u00e0 cause de l\u2019alcool, parce qu\u2019\u00e0 l\u2019\u00e9poque, je ne buvais pas encore. C\u2019\u00e9tait \u00e0 cause de l\u2019odeur. Bruxelles est \u00abune sale beaut\u00e9\u00bb. Oui, il y a plein de trucs qui ne tournent pas rond ici, chaque grande ville a ses probl\u00e8mes. Il y a beaucoup de jeunes ch\u00f4meurs d\u2019origine \u00e9trang\u00e8re, il y a du racisme partout : chez les blancs-bleus belges, mais aussi dans d\u2019autres communaut\u00e9s. Des gros cons, on en trouve partout : aucune communaut\u00e9 ne pourra en revendiquer l\u2019exclusivit\u00e9. Pour moi, la rue appartient \u00e0 tous ceux qui ont deux narines, qu\u2019ils soient Juif, Arabe, Eskimo ou Africain. Peut-\u00eatre as-tu peur de tous ces gens, et est-ce pour cela que tu dis que Bruxelles est l\u2019enfer ?<\/p>\n<p>Car en toute franchise : je trouve que toi, tu es un bonhomme dangereux, un psychopathe. Un type qui se met \u00e0 bander d\u00e8s qu\u2019on lui accorde un peu d\u2019attention. Quelqu\u2019un qui verrait bien un retour aux ann\u00e9es 1930, aussi, une \u00e9poque \u00e0 laquelle il y avait une grosse crise et o\u00f9 tout le monde avait peur. S\u2019est alors profil\u00e9 un type moustachu en Allemagne, suivi d\u2019un autre avec une moustache plus impressionnante encore, en Russie. Hitler et Stalin : tu les connais, n\u2019est-ce pas ? Ta dr\u00f4le de chevelure montre selon moi clairement que tu as \u00e9t\u00e9 taill\u00e9 dans le m\u00eame bois. Les Am\u00e9ricains que je connais habitent New York, Los Angeles, Miami et Washington, et ils ne sont pas du tout impressionn\u00e9s par ton discours. Mais il y a apparemment aussi beaucoup d\u2019Am\u00e9ricains assez cr\u00e9dules que pour adh\u00e9rer \u00e0 tes propos ultraconservateurs. Quand les choses vont mal et que les gens ne sont pas rassur\u00e9s, il est beaucoup plus facile de leur faire croire que tout est de la faute de l\u2019autre. L\u2019Histoire se r\u00e9p\u00e8te, et on ne sait jamais comment une vache finira par attraper un li\u00e8vre. Mais ce que je sais, c\u2019est que beaucoup d\u2019Am\u00e9ricains ont assassin\u00e9 des populations enti\u00e8res de villages vietnamiens, et qu\u2019il y a eu plus d\u2019attentats \u00e0 Paris qu\u2019\u00e0 Bruxelles. Et aussi que dans n\u2019importe quelle grande ville am\u00e9ricaine, chaque jour, plus de personnes sont tu\u00e9es que chez nous. Tout \u00e7a \u00abgr\u00e2ce\u00bb \u00e0 la loi sur la possession d\u2019armes \u2013 soutenue par les R\u00e9publicains, d\u2019ailleurs. S\u2019il devait y avoir un \u00abhellhole\u00bb sur cette Terre, il serait bien l\u00e0 me semble-t-il.<\/p>\n<p>Tous les reportages sur Bruxelles et Molenbeek dans les m\u00e9dias \u00e9trangers sont d\u2019ailleurs s\u00e9rieusement sous influence. Il y a quelques semaines, un journaliste n\u00e9erlandais est venu faire un reportage dans ma rue. Il disait que tous les magasins ferment leur porte \u00e0 18h pour des raisons de s\u00e9curit\u00e9. C\u2019est du bullshit pure souche. \u00c0 la longue, on a l\u2019impression de vivre dans une zone de guerre. C\u2019est mauvais pour les caf\u00e9s et les restos. Juste apr\u00e8s les attentats \u00e0 Paris, le chiffre d\u2019affaires \u00e0 Bruxelles a chut\u00e9 de 85%. Je voulais donner une tourn\u00e9e g\u00e9n\u00e9rale dans un caf\u00e9, mais il n\u2019y avait personne \u2013 bizarre. Quand \u00e0 Bruxelles, il y a un truc qui merde, c\u2019est la faute aux politiques : des gens aux grosses moustaches et aux dr\u00f4les de chevelures.<\/p>\n<p>Pour le moment, je donne beaucoup d\u2019interviews \u00e0 l\u2019\u00e9tranger, et tout le monde me demande quelle est la situation \u00e0 Molenbeek. Molenbeek est devenue plus c\u00e9l\u00e8bre que la Belgique. Et quand je r\u00e9ponds que l\u00e0 aussi \u00abil y a de l\u2019eau qui sort des robinets, oui\u00bb, on me regarde bizarrement. S\u2019il y a des crapules qui se baladent \u00e0 Molenbeek, il ne faut pas avoir piti\u00e9 d\u2019eux, non. Mais 95% de la population est constitu\u00e9 de gens accueillants et propres sur eux-m\u00eames. On y trouve plein de chouettes coins.<\/p>\n<p>Juste une derni\u00e8re chose : j\u2019esp\u00e8re que tu sais que J\u00e9sus \u00e9tait Bruxellois ? James Ensor en a fait un beau petit tableau : la Joyeuse Entr\u00e9e du Christ \u00e0 Bruxelles. On peut l\u2019admirer dans un mus\u00e9e \u00e0 Los Angeles. Faudrait que t\u2019ailles voir \u00e7a.<\/p>\n<p>Salut en de kost,<br \/>\nArno.\u00a0\u00bb<\/p>\n","protected":false},"excerpt":{"rendered":"<p>Texte int\u00e9gral de la lettre ouverte \u00e9crite par Arno (toujours \u00e9gal \u00e0 lui-m\u00eame) et adress\u00e9e \u00e0 Trump ci-dessous (en traduction libre FR &#8211; traduire du Arno comme il se doit est une mission impossible, mais essayons, ne fut-ce que pour partager son message). Source Arno schrijft open brief aan Donald Trump: \u00ab\u00a0We zijn hier met &#8230; <a title=\"Donald Trump s&rsquo;en prend \u00e0 Bruxelles, Arno lui r\u00e9pond\" class=\"read-more\" href=\"https:\/\/bruxelles-pantheres.be\/?p=2731\" aria-label=\"En savoir plus sur Donald Trump s&rsquo;en prend \u00e0 Bruxelles, Arno lui r\u00e9pond\">Lire la suite<\/a><\/p>\n","protected":false},"author":1,"featured_media":2733,"comment_status":"open","ping_status":"open","sticky":false,"template":"","format":"standard","meta":{"footnotes":""},"categories":[21,18],"tags":[161,14,15],"class_list":["post-2731","post","type-post","status-publish","format-standard","has-post-thumbnail","hentry","category-anti-imperialisme","category-resistance-bruxelles","tag-arno","tag-bruxelles","tag-resistance"],"_links":{"self":[{"href":"https:\/\/bruxelles-pantheres.be\/index.php?rest_route=\/wp\/v2\/posts\/2731","targetHints":{"allow":["GET"]}}],"collection":[{"href":"https:\/\/bruxelles-pantheres.be\/index.php?rest_route=\/wp\/v2\/posts"}],"about":[{"href":"https:\/\/bruxelles-pantheres.be\/index.php?rest_route=\/wp\/v2\/types\/post"}],"author":[{"embeddable":true,"href":"https:\/\/bruxelles-pantheres.be\/index.php?rest_route=\/wp\/v2\/users\/1"}],"replies":[{"embeddable":true,"href":"https:\/\/bruxelles-pantheres.be\/index.php?rest_route=%2Fwp%2Fv2%2Fcomments&post=2731"}],"version-history":[{"count":2,"href":"https:\/\/bruxelles-pantheres.be\/index.php?rest_route=\/wp\/v2\/posts\/2731\/revisions"}],"predecessor-version":[{"id":2736,"href":"https:\/\/bruxelles-pantheres.be\/index.php?rest_route=\/wp\/v2\/posts\/2731\/revisions\/2736"}],"wp:featuredmedia":[{"embeddable":true,"href":"https:\/\/bruxelles-pantheres.be\/index.php?rest_route=\/wp\/v2\/media\/2733"}],"wp:attachment":[{"href":"https:\/\/bruxelles-pantheres.be\/index.php?rest_route=%2Fwp%2Fv2%2Fmedia&parent=2731"}],"wp:term":[{"taxonomy":"category","embeddable":true,"href":"https:\/\/bruxelles-pantheres.be\/index.php?rest_route=%2Fwp%2Fv2%2Fcategories&post=2731"},{"taxonomy":"post_tag","embeddable":true,"href":"https:\/\/bruxelles-pantheres.be\/index.php?rest_route=%2Fwp%2Fv2%2Ftags&post=2731"}],"curies":[{"name":"wp","href":"https:\/\/api.w.org\/{rel}","templated":true}]}}